{"id":121506,"date":"2019-02-11T02:13:37","date_gmt":"2019-02-11T01:13:37","guid":{"rendered":"https:\/\/www.prijedordanas.com\/?p=121506"},"modified":"2019-02-11T02:13:37","modified_gmt":"2019-02-11T01:13:37","slug":"sudenje-milojici-i-rivicu-odgodeno-zbog-bolesti-optuzenog","status":"publish","type":"post","link":"https:\/\/www.prijedordanas.com\/?p=121506","title":{"rendered":"SU\u0110ENJE MILOJICI I RIVI\u0106U ODGO\u0110ENO ZBOG BOLESTI OPTU\u017dENOG"},"content":{"rendered":"<p><a href=\"https:\/\/www.prijedordanas.com\/wp-content\/uploads\/2018\/09\/sud-bih-16-1.jpg\"><img loading=\"lazy\" decoding=\"async\" src=\"https:\/\/www.prijedordanas.com\/wp-content\/uploads\/2018\/09\/sud-bih-16-1-300x233.jpg\" alt=\"\" width=\"300\" height=\"233\" class=\"alignleft size-medium wp-image-113180\" srcset=\"https:\/\/www.prijedordanas.com\/wp-content\/uploads\/2018\/09\/sud-bih-16-1-300x233.jpg 300w, https:\/\/www.prijedordanas.com\/wp-content\/uploads\/2018\/09\/sud-bih-16-1-100x78.jpg 100w, https:\/\/www.prijedordanas.com\/wp-content\/uploads\/2018\/09\/sud-bih-16-1.jpg 643w\" sizes=\"(max-width: 300px) 100vw, 300px\" \/><\/a>Su\u0111enje za zlo\u010dine po\u010dinjene na podru\u010dju Prijedora odgo\u0111eno je zbog bolesti optu\u017eenog Bore Milojice.<\/p>\n<p>Branilac Ranko Daki\u0107 je kazao da Milojica nije mogao pristupiti ro\u010di\u0161tu jer je ozbiljno bolestan i da je na tu okolnost Sudu dostavio medicinsku dokumentaciju.<\/p>\n<p>Predsjedavaju\u0107i Sudskog vije\u0107a Davorin Juki\u0107 je za ubudu\u0107e Odbrani nalo\u017eio da dostavi ljekarski nalaz s navodima da li optu\u017eeni mo\u017ee pristupiti ro\u010di\u0161tu ili ne mo\u017ee.<\/p>\n<p>Milojicu i \u017delislava Rivi\u0107a, biv\u0161e pripadnike \u0160estog ljubijskog bataljona 43. prijedorske brigade Vojske Republike Srpske (VRS), optu\u017enica tereti za ubistva 19 civila bo\u0161nja\u010dke, hrvatske i romske nacionalnosti po\u010dinjena u junu i julu 1992. godine.<\/p>\n<p>Su\u0111enje se nastavlja 21. februara, kada je planiran nastavak saslu\u0161anja svjedoka Milojicine Odbrane.<\/p>\n<p>BIRN<\/p>\n","protected":false},"excerpt":{"rendered":"<p>Su\u0111enje za zlo\u010dine po\u010dinjene na podru\u010dju Prijedora odgo\u0111eno je zbog bolesti optu\u017eenog Bore Milojice. Branilac Ranko Daki\u0107 je kazao da Milojica nije mogao pristupiti ro\u010di\u0161tu jer je ozbiljno bolestan i [&hellip;]<\/p>\n","protected":false},"author":1,"featured_media":0,"comment_status":"closed","ping_status":"open","sticky":false,"template":"","format":"standard","meta":{"_monsterinsights_skip_tracking":false,"_monsterinsights_sitenote_active":false,"_monsterinsights_sitenote_note":"","_monsterinsights_sitenote_category":0,"footnotes":""},"categories":[5],"tags":[531],"yoast_head":"<!-- This site is optimized with the Yoast SEO plugin v21.6 - https:\/\/yoast.com\/wordpress\/plugins\/seo\/ -->\n<title>SU\u0110ENJE MILOJICI I RIVI\u0106U ODGO\u0110ENO ZBOG BOLESTI OPTU\u017dENOG - PrijedorDanas.com - Prijedorski gradski portal<\/title>\n<meta name=\"robots\" content=\"index, follow, max-snippet:-1, max-image-preview:large, max-video-preview:-1\" \/>\n<link rel=\"canonical\" href=\"https:\/\/www.prijedordanas.com\/?p=121506\" \/>\n<meta property=\"og:locale\" content=\"en_US\" \/>\n<meta property=\"og:type\" content=\"article\" \/>\n<meta property=\"og:title\" content=\"SU\u0110ENJE MILOJICI I RIVI\u0106U ODGO\u0110ENO ZBOG BOLESTI OPTU\u017dENOG - PrijedorDanas.com - Prijedorski gradski portal\" \/>\n<meta property=\"og:description\" content=\"Su\u0111enje za zlo\u010dine po\u010dinjene na podru\u010dju Prijedora odgo\u0111eno je zbog bolesti optu\u017eenog Bore Milojice. Branilac Ranko Daki\u0107 je kazao da Milojica nije mogao pristupiti ro\u010di\u0161tu jer je ozbiljno bolestan i [&hellip;]\" \/>\n<meta property=\"og:url\" content=\"https:\/\/www.prijedordanas.com\/?p=121506\" \/>\n<meta property=\"og:site_name\" content=\"PrijedorDanas.com - Prijedorski gradski portal\" \/>\n<meta property=\"article:publisher\" content=\"https:\/\/www.facebook.com\/PrijedorDanasCom\/\" \/>\n<meta property=\"article:published_time\" content=\"2019-02-11T01:13:37+00:00\" \/>\n<meta property=\"og:image\" content=\"https:\/\/www.prijedordanas.com\/wp-content\/uploads\/2018\/09\/sud-bih-16-1-300x233.jpg\" \/>\n<meta name=\"author\" content=\"admin\" \/>\n<meta name=\"twitter:card\" content=\"summary_large_image\" \/>\n<meta name=\"twitter:label1\" content=\"Written by\" \/>\n\t<meta name=\"twitter:data1\" content=\"admin\" \/>\n\t<meta name=\"twitter:label2\" content=\"Est. reading time\" \/>\n\t<meta name=\"twitter:data2\" content=\"1 minute\" \/>\n<script type=\"application\/ld+json\" class=\"yoast-schema-graph\">{\"@context\":\"https:\/\/schema.org\",\"@graph\":[{\"@type\":\"Article\",\"@id\":\"https:\/\/www.prijedordanas.com\/?p=121506#article\",\"isPartOf\":{\"@id\":\"https:\/\/www.prijedordanas.com\/?p=121506\"},\"author\":{\"name\":\"admin\",\"@id\":\"https:\/\/www.prijedordanas.com\/#\/schema\/person\/4e08ccf29b506ca916ff86d46bb700e6\"},\"headline\":\"SU\u0110ENJE MILOJICI I RIVI\u0106U ODGO\u0110ENO ZBOG BOLESTI OPTU\u017dENOG\",\"datePublished\":\"2019-02-11T01:13:37+00:00\",\"dateModified\":\"2019-02-11T01:13:37+00:00\",\"mainEntityOfPage\":{\"@id\":\"https:\/\/www.prijedordanas.com\/?p=121506\"},\"wordCount\":145,\"publisher\":{\"@id\":\"https:\/\/www.prijedordanas.com\/#organization\"},\"keywords\":[\"Sud BiH\"],\"articleSection\":[\"Hronika\"],\"inLanguage\":\"en-US\"},{\"@type\":\"WebPage\",\"@id\":\"https:\/\/www.prijedordanas.com\/?p=121506\",\"url\":\"https:\/\/www.prijedordanas.com\/?p=121506\",\"name\":\"SU\u0110ENJE MILOJICI I RIVI\u0106U ODGO\u0110ENO ZBOG BOLESTI OPTU\u017dENOG - PrijedorDanas.com - Prijedorski gradski portal\",\"isPartOf\":{\"@id\":\"https:\/\/www.prijedordanas.com\/#website\"},\"datePublished\":\"2019-02-11T01:13:37+00:00\",\"dateModified\":\"2019-02-11T01:13:37+00:00\",\"breadcrumb\":{\"@id\":\"https:\/\/www.prijedordanas.com\/?p=121506#breadcrumb\"},\"inLanguage\":\"en-US\",\"potentialAction\":[{\"@type\":\"ReadAction\",\"target\":[\"https:\/\/www.prijedordanas.com\/?p=121506\"]}]},{\"@type\":\"BreadcrumbList\",\"@id\":\"https:\/\/www.prijedordanas.com\/?p=121506#breadcrumb\",\"itemListElement\":[{\"@type\":\"ListItem\",\"position\":1,\"name\":\"Home\",\"item\":\"https:\/\/www.prijedordanas.com\/\"},{\"@type\":\"ListItem\",\"position\":2,\"name\":\"SU\u0110ENJE MILOJICI I RIVI\u0106U ODGO\u0110ENO ZBOG BOLESTI OPTU\u017dENOG\"}]},{\"@type\":\"WebSite\",\"@id\":\"https:\/\/www.prijedordanas.com\/#website\",\"url\":\"https:\/\/www.prijedordanas.com\/\",\"name\":\"PrijedorDanas.com - Prijedorski gradski portal\",\"description\":\"Portal o doga\u0111anjima u gradu Prijedoru\",\"publisher\":{\"@id\":\"https:\/\/www.prijedordanas.com\/#organization\"},\"potentialAction\":[{\"@type\":\"SearchAction\",\"target\":{\"@type\":\"EntryPoint\",\"urlTemplate\":\"https:\/\/www.prijedordanas.com\/?s={search_term_string}\"},\"query-input\":\"required name=search_term_string\"}],\"inLanguage\":\"en-US\"},{\"@type\":\"Organization\",\"@id\":\"https:\/\/www.prijedordanas.com\/#organization\",\"name\":\"PrijedorDanas.com\",\"url\":\"https:\/\/www.prijedordanas.com\/\",\"logo\":{\"@type\":\"ImageObject\",\"inLanguage\":\"en-US\",\"@id\":\"https:\/\/www.prijedordanas.com\/#\/schema\/logo\/image\/\",\"url\":\"http:\/\/www.prijedordanas.com\/wp-content\/uploads\/2021\/12\/logopng.png\",\"contentUrl\":\"http:\/\/www.prijedordanas.com\/wp-content\/uploads\/2021\/12\/logopng.png\",\"width\":1019,\"height\":776,\"caption\":\"PrijedorDanas.com\"},\"image\":{\"@id\":\"https:\/\/www.prijedordanas.com\/#\/schema\/logo\/image\/\"},\"sameAs\":[\"https:\/\/www.facebook.com\/PrijedorDanasCom\/\"]},{\"@type\":\"Person\",\"@id\":\"https:\/\/www.prijedordanas.com\/#\/schema\/person\/4e08ccf29b506ca916ff86d46bb700e6\",\"name\":\"admin\",\"image\":{\"@type\":\"ImageObject\",\"inLanguage\":\"en-US\",\"@id\":\"https:\/\/www.prijedordanas.com\/#\/schema\/person\/image\/\",\"url\":\"https:\/\/secure.gravatar.com\/avatar\/1d3fc949d550f0b53a5f0d51e06dfd79?s=96&d=mm&r=g\",\"contentUrl\":\"https:\/\/secure.gravatar.com\/avatar\/1d3fc949d550f0b53a5f0d51e06dfd79?s=96&d=mm&r=g\",\"caption\":\"admin\"},\"url\":\"https:\/\/www.prijedordanas.com\/?author=1\"}]}<\/script>\n<!-- \/ Yoast SEO plugin. -->","yoast_head_json":{"title":"SU\u0110ENJE MILOJICI I RIVI\u0106U ODGO\u0110ENO ZBOG BOLESTI OPTU\u017dENOG - PrijedorDanas.com - Prijedorski gradski portal","robots":{"index":"index","follow":"follow","max-snippet":"max-snippet:-1","max-image-preview":"max-image-preview:large","max-video-preview":"max-video-preview:-1"},"canonical":"https:\/\/www.prijedordanas.com\/?p=121506","og_locale":"en_US","og_type":"article","og_title":"SU\u0110ENJE MILOJICI I RIVI\u0106U ODGO\u0110ENO ZBOG BOLESTI OPTU\u017dENOG - PrijedorDanas.com - Prijedorski gradski portal","og_description":"Su\u0111enje za zlo\u010dine po\u010dinjene na podru\u010dju Prijedora odgo\u0111eno je zbog bolesti optu\u017eenog Bore Milojice. Branilac Ranko Daki\u0107 je kazao da Milojica nije mogao pristupiti ro\u010di\u0161tu jer je ozbiljno bolestan i [&hellip;]","og_url":"https:\/\/www.prijedordanas.com\/?p=121506","og_site_name":"PrijedorDanas.com - Prijedorski gradski portal","article_publisher":"https:\/\/www.facebook.com\/PrijedorDanasCom\/","article_published_time":"2019-02-11T01:13:37+00:00","og_image":[{"url":"https:\/\/www.prijedordanas.com\/wp-content\/uploads\/2018\/09\/sud-bih-16-1-300x233.jpg"}],"author":"admin","twitter_card":"summary_large_image","twitter_misc":{"Written by":"admin","Est. reading time":"1 minute"},"schema":{"@context":"https:\/\/schema.org","@graph":[{"@type":"Article","@id":"https:\/\/www.prijedordanas.com\/?p=121506#article","isPartOf":{"@id":"https:\/\/www.prijedordanas.com\/?p=121506"},"author":{"name":"admin","@id":"https:\/\/www.prijedordanas.com\/#\/schema\/person\/4e08ccf29b506ca916ff86d46bb700e6"},"headline":"SU\u0110ENJE MILOJICI I RIVI\u0106U ODGO\u0110ENO ZBOG BOLESTI OPTU\u017dENOG","datePublished":"2019-02-11T01:13:37+00:00","dateModified":"2019-02-11T01:13:37+00:00","mainEntityOfPage":{"@id":"https:\/\/www.prijedordanas.com\/?p=121506"},"wordCount":145,"publisher":{"@id":"https:\/\/www.prijedordanas.com\/#organization"},"keywords":["Sud BiH"],"articleSection":["Hronika"],"inLanguage":"en-US"},{"@type":"WebPage","@id":"https:\/\/www.prijedordanas.com\/?p=121506","url":"https:\/\/www.prijedordanas.com\/?p=121506","name":"SU\u0110ENJE MILOJICI I RIVI\u0106U ODGO\u0110ENO ZBOG BOLESTI OPTU\u017dENOG - PrijedorDanas.com - Prijedorski gradski portal","isPartOf":{"@id":"https:\/\/www.prijedordanas.com\/#website"},"datePublished":"2019-02-11T01:13:37+00:00","dateModified":"2019-02-11T01:13:37+00:00","breadcrumb":{"@id":"https:\/\/www.prijedordanas.com\/?p=121506#breadcrumb"},"inLanguage":"en-US","potentialAction":[{"@type":"ReadAction","target":["https:\/\/www.prijedordanas.com\/?p=121506"]}]},{"@type":"BreadcrumbList","@id":"https:\/\/www.prijedordanas.com\/?p=121506#breadcrumb","itemListElement":[{"@type":"ListItem","position":1,"name":"Home","item":"https:\/\/www.prijedordanas.com\/"},{"@type":"ListItem","position":2,"name":"SU\u0110ENJE MILOJICI I RIVI\u0106U ODGO\u0110ENO ZBOG BOLESTI OPTU\u017dENOG"}]},{"@type":"WebSite","@id":"https:\/\/www.prijedordanas.com\/#website","url":"https:\/\/www.prijedordanas.com\/","name":"PrijedorDanas.com - Prijedorski gradski portal","description":"Portal o doga\u0111anjima u gradu Prijedoru","publisher":{"@id":"https:\/\/www.prijedordanas.com\/#organization"},"potentialAction":[{"@type":"SearchAction","target":{"@type":"EntryPoint","urlTemplate":"https:\/\/www.prijedordanas.com\/?s={search_term_string}"},"query-input":"required name=search_term_string"}],"inLanguage":"en-US"},{"@type":"Organization","@id":"https:\/\/www.prijedordanas.com\/#organization","name":"PrijedorDanas.com","url":"https:\/\/www.prijedordanas.com\/","logo":{"@type":"ImageObject","inLanguage":"en-US","@id":"https:\/\/www.prijedordanas.com\/#\/schema\/logo\/image\/","url":"http:\/\/www.prijedordanas.com\/wp-content\/uploads\/2021\/12\/logopng.png","contentUrl":"http:\/\/www.prijedordanas.com\/wp-content\/uploads\/2021\/12\/logopng.png","width":1019,"height":776,"caption":"PrijedorDanas.com"},"image":{"@id":"https:\/\/www.prijedordanas.com\/#\/schema\/logo\/image\/"},"sameAs":["https:\/\/www.facebook.com\/PrijedorDanasCom\/"]},{"@type":"Person","@id":"https:\/\/www.prijedordanas.com\/#\/schema\/person\/4e08ccf29b506ca916ff86d46bb700e6","name":"admin","image":{"@type":"ImageObject","inLanguage":"en-US","@id":"https:\/\/www.prijedordanas.com\/#\/schema\/person\/image\/","url":"https:\/\/secure.gravatar.com\/avatar\/1d3fc949d550f0b53a5f0d51e06dfd79?s=96&d=mm&r=g","contentUrl":"https:\/\/secure.gravatar.com\/avatar\/1d3fc949d550f0b53a5f0d51e06dfd79?s=96&d=mm&r=g","caption":"admin"},"url":"https:\/\/www.prijedordanas.com\/?author=1"}]}},"_links":{"self":[{"href":"https:\/\/www.prijedordanas.com\/index.php?rest_route=\/wp\/v2\/posts\/121506"}],"collection":[{"href":"https:\/\/www.prijedordanas.com\/index.php?rest_route=\/wp\/v2\/posts"}],"about":[{"href":"https:\/\/www.prijedordanas.com\/index.php?rest_route=\/wp\/v2\/types\/post"}],"author":[{"embeddable":true,"href":"https:\/\/www.prijedordanas.com\/index.php?rest_route=\/wp\/v2\/users\/1"}],"replies":[{"embeddable":true,"href":"https:\/\/www.prijedordanas.com\/index.php?rest_route=%2Fwp%2Fv2%2Fcomments&post=121506"}],"version-history":[{"count":1,"href":"https:\/\/www.prijedordanas.com\/index.php?rest_route=\/wp\/v2\/posts\/121506\/revisions"}],"predecessor-version":[{"id":121507,"href":"https:\/\/www.prijedordanas.com\/index.php?rest_route=\/wp\/v2\/posts\/121506\/revisions\/121507"}],"wp:attachment":[{"href":"https:\/\/www.prijedordanas.com\/index.php?rest_route=%2Fwp%2Fv2%2Fmedia&parent=121506"}],"wp:term":[{"taxonomy":"category","embeddable":true,"href":"https:\/\/www.prijedordanas.com\/index.php?rest_route=%2Fwp%2Fv2%2Fcategories&post=121506"},{"taxonomy":"post_tag","embeddable":true,"href":"https:\/\/www.prijedordanas.com\/index.php?rest_route=%2Fwp%2Fv2%2Ftags&post=121506"}],"curies":[{"name":"wp","href":"https:\/\/api.w.org\/{rel}","templated":true}]}}