{"id":121303,"date":"2019-02-08T13:01:19","date_gmt":"2019-02-08T12:01:19","guid":{"rendered":"https:\/\/www.prijedordanas.com\/?p=121303"},"modified":"2019-02-08T13:38:44","modified_gmt":"2019-02-08T12:38:44","slug":"odrzan-koncert-pokloni-mi-osmijeh-za-mladena-paukovica-prikupljeno-oko-3-000-km-foto-video","status":"publish","type":"post","link":"https:\/\/www.prijedordanas.com\/?p=121303","title":{"rendered":"ODR\u017dAN KONCERT \u201ePOKLONI MI OSMIJEH\u201c: ZA MLADENA PAUKOVI\u0106A PRIKUPLJENO OKO 3.000 KM \u2013 FOTO\/VIDEO"},"content":{"rendered":"<p><a href=\"https:\/\/www.prijedordanas.com\/wp-content\/uploads\/2019\/02\/pokloni-mi-osmijeh-koncert-1.jpg\"><img loading=\"lazy\" decoding=\"async\" src=\"https:\/\/www.prijedordanas.com\/wp-content\/uploads\/2019\/02\/pokloni-mi-osmijeh-koncert-1-300x217.jpg\" alt=\"\" width=\"300\" height=\"217\" class=\"alignleft size-medium wp-image-121304\" srcset=\"https:\/\/www.prijedordanas.com\/wp-content\/uploads\/2019\/02\/pokloni-mi-osmijeh-koncert-1-300x217.jpg 300w, https:\/\/www.prijedordanas.com\/wp-content\/uploads\/2019\/02\/pokloni-mi-osmijeh-koncert-1-100x72.jpg 100w, https:\/\/www.prijedordanas.com\/wp-content\/uploads\/2019\/02\/pokloni-mi-osmijeh-koncert-1.jpg 690w\" sizes=\"(max-width: 300px) 100vw, 300px\" \/><\/a>Na sino\u0107 odr\u017eanom koncertu \u201cPokloni mi osmijeh\u201d prikupljeno je oko 3.000 KM kao pomo\u0107 za lije\u010denje na\u0161eg sugra\u0111anina Mladena Paukovi\u0107a Pauka.<\/p>\n<p>U Pozori\u0161tu Prijedor su nastupili u\u010denici Muzi\u010dke \u0161kole \u201cSavo Balaban\u201d Prijedor okupljeni u grupu The Bachs.<\/p>\n<p>Prema rije\u010dima organizatora koncerta, Mladenovih prijatelja, prodano je vi\u0161e od 300 karata, prodavani su bed\u017eevi i naljepnice \u201ePokloni mi osmijeh\u201c a Prijedor\u010dani su svoje dobrovoljne priloge ubacivali i u kutiju namijenjenu za te svrhe.<\/p>\n<p>Ina\u010de, sam Mladen trenutno se nalazi u jednoj klinici u Turskoj na pretragama i pregledima, pa nije bio u mogu\u0107nosti da prisustvuje koncertu.<\/p>\n<p><a href=\"https:\/\/www.prijedordanas.com\/wp-content\/uploads\/2019\/02\/pokloni-mi-osmijeh-koncert-8.jpg\"><img loading=\"lazy\" decoding=\"async\" src=\"https:\/\/www.prijedordanas.com\/wp-content\/uploads\/2019\/02\/pokloni-mi-osmijeh-koncert-8-300x217.jpg\" alt=\"\" width=\"300\" height=\"217\" class=\"alignleft size-medium wp-image-121305\" srcset=\"https:\/\/www.prijedordanas.com\/wp-content\/uploads\/2019\/02\/pokloni-mi-osmijeh-koncert-8-300x217.jpg 300w, https:\/\/www.prijedordanas.com\/wp-content\/uploads\/2019\/02\/pokloni-mi-osmijeh-koncert-8-100x72.jpg 100w, https:\/\/www.prijedordanas.com\/wp-content\/uploads\/2019\/02\/pokloni-mi-osmijeh-koncert-8.jpg 690w\" sizes=\"(max-width: 300px) 100vw, 300px\" \/><\/a>Organizatori koncerta se zahvaljuju svima koji su omogu\u0107ili njegovu realizaciju a naro\u010dito onima lpko si svpkom prisustvom, nov\u010danim donacijama ili na bilo koji drugi na\u010din pru\u017eili pomo\u0107 na\u0161em sugra\u0111aninu Mladenu Paukovi\u0107u Pauku.<\/p>\n<p>Mladen Paukovi\u0107 (28) od ro\u0111enja boluje od bulozne epidermolize.<\/p>\n<p>Rije\u010d je o rijetkom ko\u017enom oboljenju od kojeg boluje samo nekoliko osoba u RS.<\/p>\n<p>Zbog izuzetne osjetljivosti ko\u017ee, oboljele od ove bolesti nazivaju \u201cdjeca leptiri\u201d.<\/p>\n<p>Pokloni mi osmijeh<\/p>\n<p>Tekst i foto \u2013 Aleksandar Drakuli\u0107 \u2013 <a href=\"https:\/\/www.prijedordanas.com\" target=\"_blank\" rel=\"noopener noreferrer\">www.prijedordanas.com<\/a><\/p>\n<p><iframe loading=\"lazy\" width=\"500\" height=\"281\" src=\"https:\/\/www.youtube.com\/embed\/1hCl_kWEyAw?feature=oembed\" frameborder=\"0\" allow=\"accelerometer; autoplay; encrypted-media; gyroscope; picture-in-picture\" allowfullscreen><\/iframe><\/p>\n<p><iframe loading=\"lazy\" width=\"500\" height=\"281\" src=\"https:\/\/www.youtube.com\/embed\/FaeayORDafA?feature=oembed\" frameborder=\"0\" allow=\"accelerometer; autoplay; encrypted-media; gyroscope; picture-in-picture\" allowfullscreen><\/iframe><\/p>\n<p><a href=\"https:\/\/www.prijedordanas.com\/wp-content\/uploads\/2019\/02\/pokloni-mi-osmijeh-koncert-2.jpg\"><img loading=\"lazy\" decoding=\"async\" src=\"https:\/\/www.prijedordanas.com\/wp-content\/uploads\/2019\/02\/pokloni-mi-osmijeh-koncert-2-300x199.jpg\" alt=\"\" width=\"300\" height=\"199\" class=\"alignleft size-medium wp-image-121306\" srcset=\"https:\/\/www.prijedordanas.com\/wp-content\/uploads\/2019\/02\/pokloni-mi-osmijeh-koncert-2-300x199.jpg 300w, https:\/\/www.prijedordanas.com\/wp-content\/uploads\/2019\/02\/pokloni-mi-osmijeh-koncert-2-100x66.jpg 100w, https:\/\/www.prijedordanas.com\/wp-content\/uploads\/2019\/02\/pokloni-mi-osmijeh-koncert-2-480x320.jpg 480w, https:\/\/www.prijedordanas.com\/wp-content\/uploads\/2019\/02\/pokloni-mi-osmijeh-koncert-2.jpg 600w\" sizes=\"(max-width: 300px) 100vw, 300px\" \/><\/a> <a href=\"https:\/\/www.prijedordanas.com\/wp-content\/uploads\/2019\/02\/pokloni-mi-osmijeh-koncert-3.jpg\"><img loading=\"lazy\" decoding=\"async\" src=\"https:\/\/www.prijedordanas.com\/wp-content\/uploads\/2019\/02\/pokloni-mi-osmijeh-koncert-3-300x199.jpg\" alt=\"\" width=\"300\" height=\"199\" class=\"alignleft size-medium wp-image-121307\" srcset=\"https:\/\/www.prijedordanas.com\/wp-content\/uploads\/2019\/02\/pokloni-mi-osmijeh-koncert-3-300x199.jpg 300w, https:\/\/www.prijedordanas.com\/wp-content\/uploads\/2019\/02\/pokloni-mi-osmijeh-koncert-3-100x66.jpg 100w, https:\/\/www.prijedordanas.com\/wp-content\/uploads\/2019\/02\/pokloni-mi-osmijeh-koncert-3-480x320.jpg 480w, https:\/\/www.prijedordanas.com\/wp-content\/uploads\/2019\/02\/pokloni-mi-osmijeh-koncert-3.jpg 600w\" sizes=\"(max-width: 300px) 100vw, 300px\" \/><\/a> <a href=\"https:\/\/www.prijedordanas.com\/wp-content\/uploads\/2019\/02\/pokloni-mi-osmijeh-koncert-4.jpg\"><img loading=\"lazy\" decoding=\"async\" src=\"https:\/\/www.prijedordanas.com\/wp-content\/uploads\/2019\/02\/pokloni-mi-osmijeh-koncert-4-300x199.jpg\" alt=\"\" width=\"300\" height=\"199\" class=\"alignleft size-medium wp-image-121308\" srcset=\"https:\/\/www.prijedordanas.com\/wp-content\/uploads\/2019\/02\/pokloni-mi-osmijeh-koncert-4-300x199.jpg 300w, https:\/\/www.prijedordanas.com\/wp-content\/uploads\/2019\/02\/pokloni-mi-osmijeh-koncert-4-100x66.jpg 100w, https:\/\/www.prijedordanas.com\/wp-content\/uploads\/2019\/02\/pokloni-mi-osmijeh-koncert-4-480x320.jpg 480w, https:\/\/www.prijedordanas.com\/wp-content\/uploads\/2019\/02\/pokloni-mi-osmijeh-koncert-4.jpg 600w\" sizes=\"(max-width: 300px) 100vw, 300px\" \/><\/a> <a href=\"https:\/\/www.prijedordanas.com\/wp-content\/uploads\/2019\/02\/pokloni-mi-osmijeh-koncert-5.jpg\"><img loading=\"lazy\" decoding=\"async\" src=\"https:\/\/www.prijedordanas.com\/wp-content\/uploads\/2019\/02\/pokloni-mi-osmijeh-koncert-5-300x199.jpg\" alt=\"\" width=\"300\" height=\"199\" class=\"alignleft size-medium wp-image-121309\" srcset=\"https:\/\/www.prijedordanas.com\/wp-content\/uploads\/2019\/02\/pokloni-mi-osmijeh-koncert-5-300x199.jpg 300w, https:\/\/www.prijedordanas.com\/wp-content\/uploads\/2019\/02\/pokloni-mi-osmijeh-koncert-5-100x66.jpg 100w, https:\/\/www.prijedordanas.com\/wp-content\/uploads\/2019\/02\/pokloni-mi-osmijeh-koncert-5-480x320.jpg 480w, https:\/\/www.prijedordanas.com\/wp-content\/uploads\/2019\/02\/pokloni-mi-osmijeh-koncert-5.jpg 600w\" sizes=\"(max-width: 300px) 100vw, 300px\" \/><\/a> <a href=\"https:\/\/www.prijedordanas.com\/wp-content\/uploads\/2019\/02\/pokloni-mi-osmijeh-koncert-6.jpg\"><img loading=\"lazy\" decoding=\"async\" src=\"https:\/\/www.prijedordanas.com\/wp-content\/uploads\/2019\/02\/pokloni-mi-osmijeh-koncert-6-300x199.jpg\" alt=\"\" width=\"300\" height=\"199\" class=\"alignleft size-medium wp-image-121310\" srcset=\"https:\/\/www.prijedordanas.com\/wp-content\/uploads\/2019\/02\/pokloni-mi-osmijeh-koncert-6-300x199.jpg 300w, https:\/\/www.prijedordanas.com\/wp-content\/uploads\/2019\/02\/pokloni-mi-osmijeh-koncert-6-100x66.jpg 100w, https:\/\/www.prijedordanas.com\/wp-content\/uploads\/2019\/02\/pokloni-mi-osmijeh-koncert-6-480x320.jpg 480w, https:\/\/www.prijedordanas.com\/wp-content\/uploads\/2019\/02\/pokloni-mi-osmijeh-koncert-6.jpg 600w\" sizes=\"(max-width: 300px) 100vw, 300px\" \/><\/a> <a href=\"https:\/\/www.prijedordanas.com\/wp-content\/uploads\/2019\/02\/pokloni-mi-osmijeh-koncert-7.jpg\"><img loading=\"lazy\" decoding=\"async\" src=\"https:\/\/www.prijedordanas.com\/wp-content\/uploads\/2019\/02\/pokloni-mi-osmijeh-koncert-7-300x199.jpg\" alt=\"\" width=\"300\" height=\"199\" class=\"alignleft size-medium wp-image-121311\" srcset=\"https:\/\/www.prijedordanas.com\/wp-content\/uploads\/2019\/02\/pokloni-mi-osmijeh-koncert-7-300x199.jpg 300w, https:\/\/www.prijedordanas.com\/wp-content\/uploads\/2019\/02\/pokloni-mi-osmijeh-koncert-7-100x66.jpg 100w, https:\/\/www.prijedordanas.com\/wp-content\/uploads\/2019\/02\/pokloni-mi-osmijeh-koncert-7-480x320.jpg 480w, https:\/\/www.prijedordanas.com\/wp-content\/uploads\/2019\/02\/pokloni-mi-osmijeh-koncert-7.jpg 600w\" sizes=\"(max-width: 300px) 100vw, 300px\" \/><\/a> <a href=\"https:\/\/www.prijedordanas.com\/wp-content\/uploads\/2019\/02\/pokloni-mi-osmijeh.jpg\"><img loading=\"lazy\" decoding=\"async\" src=\"https:\/\/www.prijedordanas.com\/wp-content\/uploads\/2019\/02\/pokloni-mi-osmijeh-241x300.jpg\" alt=\"\" width=\"241\" height=\"300\" class=\"alignleft size-medium wp-image-121200\" srcset=\"https:\/\/www.prijedordanas.com\/wp-content\/uploads\/2019\/02\/pokloni-mi-osmijeh-241x300.jpg 241w, https:\/\/www.prijedordanas.com\/wp-content\/uploads\/2019\/02\/pokloni-mi-osmijeh-80x100.jpg 80w, https:\/\/www.prijedordanas.com\/wp-content\/uploads\/2019\/02\/pokloni-mi-osmijeh.jpg 482w\" sizes=\"(max-width: 241px) 100vw, 241px\" \/><\/a><\/p>\n","protected":false},"excerpt":{"rendered":"<p>Na sino\u0107 odr\u017eanom koncertu \u201cPokloni mi osmijeh\u201d prikupljeno je oko 3.000 KM kao pomo\u0107 za lije\u010denje na\u0161eg sugra\u0111anina Mladena Paukovi\u0107a Pauka. U Pozori\u0161tu Prijedor su nastupili u\u010denici Muzi\u010dke \u0161kole \u201cSavo [&hellip;]<\/p>\n","protected":false},"author":1,"featured_media":0,"comment_status":"closed","ping_status":"open","sticky":false,"template":"","format":"standard","meta":{"_monsterinsights_skip_tracking":false,"_monsterinsights_sitenote_active":false,"_monsterinsights_sitenote_note":"","_monsterinsights_sitenote_category":0,"footnotes":""},"categories":[4,7515],"tags":[6937,10690],"yoast_head":"<!-- This site is optimized with the Yoast SEO plugin v21.6 - https:\/\/yoast.com\/wordpress\/plugins\/seo\/ -->\n<title>ODR\u017dAN KONCERT \u201ePOKLONI MI OSMIJEH\u201c: ZA MLADENA PAUKOVI\u0106A PRIKUPLJENO OKO 3.000 KM \u2013 FOTO\/VIDEO - PrijedorDanas.com - Prijedorski gradski portal<\/title>\n<meta name=\"robots\" content=\"index, follow, max-snippet:-1, max-image-preview:large, max-video-preview:-1\" \/>\n<link rel=\"canonical\" href=\"https:\/\/www.prijedordanas.com\/?p=121303\" \/>\n<meta property=\"og:locale\" content=\"en_US\" \/>\n<meta property=\"og:type\" content=\"article\" \/>\n<meta property=\"og:title\" content=\"ODR\u017dAN KONCERT \u201ePOKLONI MI OSMIJEH\u201c: ZA MLADENA PAUKOVI\u0106A PRIKUPLJENO OKO 3.000 KM \u2013 FOTO\/VIDEO - PrijedorDanas.com - Prijedorski gradski portal\" \/>\n<meta property=\"og:description\" content=\"Na sino\u0107 odr\u017eanom koncertu \u201cPokloni mi osmijeh\u201d prikupljeno je oko 3.000 KM kao pomo\u0107 za lije\u010denje na\u0161eg sugra\u0111anina Mladena Paukovi\u0107a Pauka. U Pozori\u0161tu Prijedor su nastupili u\u010denici Muzi\u010dke \u0161kole \u201cSavo [&hellip;]\" \/>\n<meta property=\"og:url\" content=\"https:\/\/www.prijedordanas.com\/?p=121303\" \/>\n<meta property=\"og:site_name\" content=\"PrijedorDanas.com - Prijedorski gradski portal\" \/>\n<meta property=\"article:publisher\" content=\"https:\/\/www.facebook.com\/PrijedorDanasCom\/\" \/>\n<meta property=\"article:published_time\" content=\"2019-02-08T12:01:19+00:00\" \/>\n<meta property=\"article:modified_time\" content=\"2019-02-08T12:38:44+00:00\" \/>\n<meta property=\"og:image\" content=\"https:\/\/www.prijedordanas.com\/wp-content\/uploads\/2019\/02\/pokloni-mi-osmijeh-koncert-1-300x217.jpg\" \/>\n<meta name=\"author\" content=\"admin\" \/>\n<meta name=\"twitter:card\" content=\"summary_large_image\" \/>\n<meta name=\"twitter:label1\" content=\"Written by\" \/>\n\t<meta name=\"twitter:data1\" content=\"admin\" \/>\n\t<meta name=\"twitter:label2\" content=\"Est. reading time\" \/>\n\t<meta name=\"twitter:data2\" content=\"1 minute\" \/>\n<script type=\"application\/ld+json\" class=\"yoast-schema-graph\">{\"@context\":\"https:\/\/schema.org\",\"@graph\":[{\"@type\":\"Article\",\"@id\":\"https:\/\/www.prijedordanas.com\/?p=121303#article\",\"isPartOf\":{\"@id\":\"https:\/\/www.prijedordanas.com\/?p=121303\"},\"author\":{\"name\":\"admin\",\"@id\":\"https:\/\/www.prijedordanas.com\/#\/schema\/person\/4e08ccf29b506ca916ff86d46bb700e6\"},\"headline\":\"ODR\u017dAN KONCERT \u201ePOKLONI MI OSMIJEH\u201c: ZA MLADENA PAUKOVI\u0106A PRIKUPLJENO OKO 3.000 KM \u2013 FOTO\/VIDEO\",\"datePublished\":\"2019-02-08T12:01:19+00:00\",\"dateModified\":\"2019-02-08T12:38:44+00:00\",\"mainEntityOfPage\":{\"@id\":\"https:\/\/www.prijedordanas.com\/?p=121303\"},\"wordCount\":217,\"publisher\":{\"@id\":\"https:\/\/www.prijedordanas.com\/#organization\"},\"keywords\":[\"Mladen Paukovi\u0107\",\"Pokloni mi osmijeh\"],\"articleSection\":[\"Dru\u0161tvo\",\"Foto dana\"],\"inLanguage\":\"en-US\"},{\"@type\":\"WebPage\",\"@id\":\"https:\/\/www.prijedordanas.com\/?p=121303\",\"url\":\"https:\/\/www.prijedordanas.com\/?p=121303\",\"name\":\"ODR\u017dAN KONCERT \u201ePOKLONI MI OSMIJEH\u201c: ZA MLADENA PAUKOVI\u0106A PRIKUPLJENO OKO 3.000 KM \u2013 FOTO\/VIDEO - PrijedorDanas.com - Prijedorski gradski portal\",\"isPartOf\":{\"@id\":\"https:\/\/www.prijedordanas.com\/#website\"},\"datePublished\":\"2019-02-08T12:01:19+00:00\",\"dateModified\":\"2019-02-08T12:38:44+00:00\",\"breadcrumb\":{\"@id\":\"https:\/\/www.prijedordanas.com\/?p=121303#breadcrumb\"},\"inLanguage\":\"en-US\",\"potentialAction\":[{\"@type\":\"ReadAction\",\"target\":[\"https:\/\/www.prijedordanas.com\/?p=121303\"]}]},{\"@type\":\"BreadcrumbList\",\"@id\":\"https:\/\/www.prijedordanas.com\/?p=121303#breadcrumb\",\"itemListElement\":[{\"@type\":\"ListItem\",\"position\":1,\"name\":\"Home\",\"item\":\"https:\/\/www.prijedordanas.com\/\"},{\"@type\":\"ListItem\",\"position\":2,\"name\":\"ODR\u017dAN KONCERT \u201ePOKLONI MI OSMIJEH\u201c: ZA MLADENA PAUKOVI\u0106A PRIKUPLJENO OKO 3.000 KM \u2013 FOTO\/VIDEO\"}]},{\"@type\":\"WebSite\",\"@id\":\"https:\/\/www.prijedordanas.com\/#website\",\"url\":\"https:\/\/www.prijedordanas.com\/\",\"name\":\"PrijedorDanas.com - Prijedorski gradski portal\",\"description\":\"Portal o doga\u0111anjima u gradu Prijedoru\",\"publisher\":{\"@id\":\"https:\/\/www.prijedordanas.com\/#organization\"},\"potentialAction\":[{\"@type\":\"SearchAction\",\"target\":{\"@type\":\"EntryPoint\",\"urlTemplate\":\"https:\/\/www.prijedordanas.com\/?s={search_term_string}\"},\"query-input\":\"required name=search_term_string\"}],\"inLanguage\":\"en-US\"},{\"@type\":\"Organization\",\"@id\":\"https:\/\/www.prijedordanas.com\/#organization\",\"name\":\"PrijedorDanas.com\",\"url\":\"https:\/\/www.prijedordanas.com\/\",\"logo\":{\"@type\":\"ImageObject\",\"inLanguage\":\"en-US\",\"@id\":\"https:\/\/www.prijedordanas.com\/#\/schema\/logo\/image\/\",\"url\":\"http:\/\/www.prijedordanas.com\/wp-content\/uploads\/2021\/12\/logopng.png\",\"contentUrl\":\"http:\/\/www.prijedordanas.com\/wp-content\/uploads\/2021\/12\/logopng.png\",\"width\":1019,\"height\":776,\"caption\":\"PrijedorDanas.com\"},\"image\":{\"@id\":\"https:\/\/www.prijedordanas.com\/#\/schema\/logo\/image\/\"},\"sameAs\":[\"https:\/\/www.facebook.com\/PrijedorDanasCom\/\"]},{\"@type\":\"Person\",\"@id\":\"https:\/\/www.prijedordanas.com\/#\/schema\/person\/4e08ccf29b506ca916ff86d46bb700e6\",\"name\":\"admin\",\"image\":{\"@type\":\"ImageObject\",\"inLanguage\":\"en-US\",\"@id\":\"https:\/\/www.prijedordanas.com\/#\/schema\/person\/image\/\",\"url\":\"https:\/\/secure.gravatar.com\/avatar\/1d3fc949d550f0b53a5f0d51e06dfd79?s=96&d=mm&r=g\",\"contentUrl\":\"https:\/\/secure.gravatar.com\/avatar\/1d3fc949d550f0b53a5f0d51e06dfd79?s=96&d=mm&r=g\",\"caption\":\"admin\"},\"url\":\"https:\/\/www.prijedordanas.com\/?author=1\"}]}<\/script>\n<!-- \/ Yoast SEO plugin. -->","yoast_head_json":{"title":"ODR\u017dAN KONCERT \u201ePOKLONI MI OSMIJEH\u201c: ZA MLADENA PAUKOVI\u0106A PRIKUPLJENO OKO 3.000 KM \u2013 FOTO\/VIDEO - PrijedorDanas.com - Prijedorski gradski portal","robots":{"index":"index","follow":"follow","max-snippet":"max-snippet:-1","max-image-preview":"max-image-preview:large","max-video-preview":"max-video-preview:-1"},"canonical":"https:\/\/www.prijedordanas.com\/?p=121303","og_locale":"en_US","og_type":"article","og_title":"ODR\u017dAN KONCERT \u201ePOKLONI MI OSMIJEH\u201c: ZA MLADENA PAUKOVI\u0106A PRIKUPLJENO OKO 3.000 KM \u2013 FOTO\/VIDEO - PrijedorDanas.com - Prijedorski gradski portal","og_description":"Na sino\u0107 odr\u017eanom koncertu \u201cPokloni mi osmijeh\u201d prikupljeno je oko 3.000 KM kao pomo\u0107 za lije\u010denje na\u0161eg sugra\u0111anina Mladena Paukovi\u0107a Pauka. U Pozori\u0161tu Prijedor su nastupili u\u010denici Muzi\u010dke \u0161kole \u201cSavo [&hellip;]","og_url":"https:\/\/www.prijedordanas.com\/?p=121303","og_site_name":"PrijedorDanas.com - Prijedorski gradski portal","article_publisher":"https:\/\/www.facebook.com\/PrijedorDanasCom\/","article_published_time":"2019-02-08T12:01:19+00:00","article_modified_time":"2019-02-08T12:38:44+00:00","og_image":[{"url":"https:\/\/www.prijedordanas.com\/wp-content\/uploads\/2019\/02\/pokloni-mi-osmijeh-koncert-1-300x217.jpg"}],"author":"admin","twitter_card":"summary_large_image","twitter_misc":{"Written by":"admin","Est. reading time":"1 minute"},"schema":{"@context":"https:\/\/schema.org","@graph":[{"@type":"Article","@id":"https:\/\/www.prijedordanas.com\/?p=121303#article","isPartOf":{"@id":"https:\/\/www.prijedordanas.com\/?p=121303"},"author":{"name":"admin","@id":"https:\/\/www.prijedordanas.com\/#\/schema\/person\/4e08ccf29b506ca916ff86d46bb700e6"},"headline":"ODR\u017dAN KONCERT \u201ePOKLONI MI OSMIJEH\u201c: ZA MLADENA PAUKOVI\u0106A PRIKUPLJENO OKO 3.000 KM \u2013 FOTO\/VIDEO","datePublished":"2019-02-08T12:01:19+00:00","dateModified":"2019-02-08T12:38:44+00:00","mainEntityOfPage":{"@id":"https:\/\/www.prijedordanas.com\/?p=121303"},"wordCount":217,"publisher":{"@id":"https:\/\/www.prijedordanas.com\/#organization"},"keywords":["Mladen Paukovi\u0107","Pokloni mi osmijeh"],"articleSection":["Dru\u0161tvo","Foto dana"],"inLanguage":"en-US"},{"@type":"WebPage","@id":"https:\/\/www.prijedordanas.com\/?p=121303","url":"https:\/\/www.prijedordanas.com\/?p=121303","name":"ODR\u017dAN KONCERT \u201ePOKLONI MI OSMIJEH\u201c: ZA MLADENA PAUKOVI\u0106A PRIKUPLJENO OKO 3.000 KM \u2013 FOTO\/VIDEO - PrijedorDanas.com - Prijedorski gradski portal","isPartOf":{"@id":"https:\/\/www.prijedordanas.com\/#website"},"datePublished":"2019-02-08T12:01:19+00:00","dateModified":"2019-02-08T12:38:44+00:00","breadcrumb":{"@id":"https:\/\/www.prijedordanas.com\/?p=121303#breadcrumb"},"inLanguage":"en-US","potentialAction":[{"@type":"ReadAction","target":["https:\/\/www.prijedordanas.com\/?p=121303"]}]},{"@type":"BreadcrumbList","@id":"https:\/\/www.prijedordanas.com\/?p=121303#breadcrumb","itemListElement":[{"@type":"ListItem","position":1,"name":"Home","item":"https:\/\/www.prijedordanas.com\/"},{"@type":"ListItem","position":2,"name":"ODR\u017dAN KONCERT \u201ePOKLONI MI OSMIJEH\u201c: ZA MLADENA PAUKOVI\u0106A PRIKUPLJENO OKO 3.000 KM \u2013 FOTO\/VIDEO"}]},{"@type":"WebSite","@id":"https:\/\/www.prijedordanas.com\/#website","url":"https:\/\/www.prijedordanas.com\/","name":"PrijedorDanas.com - Prijedorski gradski portal","description":"Portal o doga\u0111anjima u gradu Prijedoru","publisher":{"@id":"https:\/\/www.prijedordanas.com\/#organization"},"potentialAction":[{"@type":"SearchAction","target":{"@type":"EntryPoint","urlTemplate":"https:\/\/www.prijedordanas.com\/?s={search_term_string}"},"query-input":"required name=search_term_string"}],"inLanguage":"en-US"},{"@type":"Organization","@id":"https:\/\/www.prijedordanas.com\/#organization","name":"PrijedorDanas.com","url":"https:\/\/www.prijedordanas.com\/","logo":{"@type":"ImageObject","inLanguage":"en-US","@id":"https:\/\/www.prijedordanas.com\/#\/schema\/logo\/image\/","url":"http:\/\/www.prijedordanas.com\/wp-content\/uploads\/2021\/12\/logopng.png","contentUrl":"http:\/\/www.prijedordanas.com\/wp-content\/uploads\/2021\/12\/logopng.png","width":1019,"height":776,"caption":"PrijedorDanas.com"},"image":{"@id":"https:\/\/www.prijedordanas.com\/#\/schema\/logo\/image\/"},"sameAs":["https:\/\/www.facebook.com\/PrijedorDanasCom\/"]},{"@type":"Person","@id":"https:\/\/www.prijedordanas.com\/#\/schema\/person\/4e08ccf29b506ca916ff86d46bb700e6","name":"admin","image":{"@type":"ImageObject","inLanguage":"en-US","@id":"https:\/\/www.prijedordanas.com\/#\/schema\/person\/image\/","url":"https:\/\/secure.gravatar.com\/avatar\/1d3fc949d550f0b53a5f0d51e06dfd79?s=96&d=mm&r=g","contentUrl":"https:\/\/secure.gravatar.com\/avatar\/1d3fc949d550f0b53a5f0d51e06dfd79?s=96&d=mm&r=g","caption":"admin"},"url":"https:\/\/www.prijedordanas.com\/?author=1"}]}},"_links":{"self":[{"href":"https:\/\/www.prijedordanas.com\/index.php?rest_route=\/wp\/v2\/posts\/121303"}],"collection":[{"href":"https:\/\/www.prijedordanas.com\/index.php?rest_route=\/wp\/v2\/posts"}],"about":[{"href":"https:\/\/www.prijedordanas.com\/index.php?rest_route=\/wp\/v2\/types\/post"}],"author":[{"embeddable":true,"href":"https:\/\/www.prijedordanas.com\/index.php?rest_route=\/wp\/v2\/users\/1"}],"replies":[{"embeddable":true,"href":"https:\/\/www.prijedordanas.com\/index.php?rest_route=%2Fwp%2Fv2%2Fcomments&post=121303"}],"version-history":[{"count":3,"href":"https:\/\/www.prijedordanas.com\/index.php?rest_route=\/wp\/v2\/posts\/121303\/revisions"}],"predecessor-version":[{"id":121314,"href":"https:\/\/www.prijedordanas.com\/index.php?rest_route=\/wp\/v2\/posts\/121303\/revisions\/121314"}],"wp:attachment":[{"href":"https:\/\/www.prijedordanas.com\/index.php?rest_route=%2Fwp%2Fv2%2Fmedia&parent=121303"}],"wp:term":[{"taxonomy":"category","embeddable":true,"href":"https:\/\/www.prijedordanas.com\/index.php?rest_route=%2Fwp%2Fv2%2Fcategories&post=121303"},{"taxonomy":"post_tag","embeddable":true,"href":"https:\/\/www.prijedordanas.com\/index.php?rest_route=%2Fwp%2Fv2%2Ftags&post=121303"}],"curies":[{"name":"wp","href":"https:\/\/api.w.org\/{rel}","templated":true}]}}