{"id":121276,"date":"2019-02-07T21:59:21","date_gmt":"2019-02-07T20:59:21","guid":{"rendered":"https:\/\/www.prijedordanas.com\/?p=121276"},"modified":"2019-02-07T21:59:21","modified_gmt":"2019-02-07T20:59:21","slug":"pomoc-za-prijedorcanina-mladena-paukovica-stize-sa-svih-strana-video","status":"publish","type":"post","link":"https:\/\/www.prijedordanas.com\/?p=121276","title":{"rendered":"POMO\u0106 ZA PRIJEDOR\u010cANINA MLADENA PAUKOVI\u0106A STI\u017dE SA SVIH STRANA \u2013 VIDEO"},"content":{"rendered":"<p><a href=\"https:\/\/www.prijedordanas.com\/wp-content\/uploads\/2019\/02\/pokloni-mi-osmijeh.jpg\"><img loading=\"lazy\" decoding=\"async\" src=\"https:\/\/www.prijedordanas.com\/wp-content\/uploads\/2019\/02\/pokloni-mi-osmijeh-241x300.jpg\" alt=\"\" width=\"241\" height=\"300\" class=\"alignleft size-medium wp-image-121200\" srcset=\"https:\/\/www.prijedordanas.com\/wp-content\/uploads\/2019\/02\/pokloni-mi-osmijeh-241x300.jpg 241w, https:\/\/www.prijedordanas.com\/wp-content\/uploads\/2019\/02\/pokloni-mi-osmijeh-80x100.jpg 80w, https:\/\/www.prijedordanas.com\/wp-content\/uploads\/2019\/02\/pokloni-mi-osmijeh.jpg 482w\" sizes=\"(max-width: 241px) 100vw, 241px\" \/><\/a>Prilog emitovan u na\u0161em Dnevniku 2 o Prijedor\u010daninu Mladenu Paukovi\u0107u, &#8220;djetetu leptiru&#8221; oboljelom od bulozne epidermolize, odjeknuo je \u0161irom Srpske ali i svijeta. Podr\u0161ka i pomo\u0107 za lije\u010denje ovom te\u0161ko bolesnom mladi\u0107u sti\u017ee sa svih strana, a najvi\u0161e od Mladenovih prijatelja, koji su organizovali humanitarne koncerte i prikupljanje novca za njegovo lije\u010denje.<\/p>\n<p>Bolest ko\u017ee sa kojom se Mladen Paukovi\u0107 borio od ro\u0111enja, i zbog koje nije mogao da priu\u0161ti \u010dak ni obi\u010dni stisak ruke, niti zagrljaj, pro\u0161irila se na grlo. Prije \u0161est mjeseci mu je ugra\u0111ena kanila.<\/p>\n<p>Kako bi pre\u017eivio trebala mu je pomo\u0107 dobrih ljudi. Odjek njegovih rije\u010di \u010duo se daleko, i nikoga nije ostavio ravnodu\u0161nim.<\/p>\n<p>Mladenovi prijatelji odmah su pokrenuli akciju prikupljanja pomo\u0107i za njegovo lije\u010denje. Otvoreni su \u017eiro ra\u010duni za doma\u0107e i inostrane uplate, a \u0161irom Prijedora postavljene su kutije za prikupljanje novca. U akciju su se uklju\u010dili i ugostiteljski objekti, u kojima se prodaju naljepnice i bed\u017eevi sa jednostavnom porukom &#8220;Pokloni mi osmijeh&#8221;. Sve sa \u017eeljom da se Mladenu omogu\u0107i lije\u010denje.<\/p>\n<p>Na fejsbuk stranicu istog naziva podr\u0161ka Mladenu sti\u017ee sa svih strana svijeta \u2013 od Osla i Moskve pa do Sidneja i Havane. U akciju su se uklju\u010dili i u\u010denici prijedorske Muzi\u010dke \u0161kole i \u010dlanovi sve popularnijeg benda \u201cD Bahs\u201c, koji su organizovali humanitarni koncert.<\/p>\n<p>Ubrzo su skupljena sredstva za Mladenov odlazak na jednu kliniku u Turskoj i on je trenutno tamo na pretragama. Svjesni da \u0107e lije\u010denje biti veoma skupo, njegovi prijatelji planiraju i nove akcije prikupljanja pomo\u0107i.<\/p>\n<p>&#8220;Mladen je bio vrlo usamljen u svojoj borbi dugi niz godina, misle\u0107i da je na margini dru\u0161tva i da se ljudi suzdr\u017eavaju od kontakta s njim. Mi ustvari \u017eelimo da poka\u017eemo da nije sam u toj borbi, da je on dio na\u0161eg dru\u0161tva i da ga ono prihvata&#8221;, ka\u017ee Mladenova prijateljica Ina Ritan.<\/p>\n<p>Ono \u0161to je najbitnije, akcija &#8220;Pokloni mi osmijeh&#8221; vratila je osmijeh na Mladenovo lice. Ipak, svi oni koji \u017eele da pomognu Mladenu u njegovoj borbi sa bole\u0161\u0107u, osim kupovine bed\u017eeva i naljepnica, to i dalje mogu da urade uplatama na neki od \u017eiro ra\u010duna.<\/p>\n<p>RTRS<\/p>\n<div style=\"width: 640px;\" class=\"wp-video\"><!--[if lt IE 9]><script>document.createElement('video');<\/script><![endif]-->\n<video class=\"wp-video-shortcode\" id=\"video-121276-1\" width=\"640\" height=\"360\" preload=\"metadata\" controls=\"controls\"><source type=\"video\/mp4\" src=\"https:\/\/arh3.rtrs.tv\/arhiva\/2019\/02\/07\/tvclip033803.mp4?_=1\" \/><a href=\"https:\/\/arh3.rtrs.tv\/arhiva\/2019\/02\/07\/tvclip033803.mp4\">https:\/\/arh3.rtrs.tv\/arhiva\/2019\/02\/07\/tvclip033803.mp4<\/a><\/video><\/div>\n","protected":false},"excerpt":{"rendered":"<p>Prilog emitovan u na\u0161em Dnevniku 2 o Prijedor\u010daninu Mladenu Paukovi\u0107u, &#8220;djetetu leptiru&#8221; oboljelom od bulozne epidermolize, odjeknuo je \u0161irom Srpske ali i svijeta. Podr\u0161ka i pomo\u0107 za lije\u010denje ovom te\u0161ko [&hellip;]<\/p>\n","protected":false},"author":1,"featured_media":0,"comment_status":"closed","ping_status":"open","sticky":false,"template":"","format":"standard","meta":{"_monsterinsights_skip_tracking":false,"_monsterinsights_sitenote_active":false,"_monsterinsights_sitenote_note":"","_monsterinsights_sitenote_category":0,"footnotes":""},"categories":[3],"tags":[6937],"yoast_head":"<!-- This site is optimized with the Yoast SEO plugin v21.6 - https:\/\/yoast.com\/wordpress\/plugins\/seo\/ -->\n<title>POMO\u0106 ZA PRIJEDOR\u010cANINA MLADENA PAUKOVI\u0106A STI\u017dE SA SVIH STRANA \u2013 VIDEO - PrijedorDanas.com - Prijedorski gradski portal<\/title>\n<meta name=\"robots\" content=\"index, follow, max-snippet:-1, max-image-preview:large, max-video-preview:-1\" \/>\n<link rel=\"canonical\" href=\"https:\/\/www.prijedordanas.com\/?p=121276\" \/>\n<meta property=\"og:locale\" content=\"en_US\" \/>\n<meta property=\"og:type\" content=\"article\" \/>\n<meta property=\"og:title\" content=\"POMO\u0106 ZA PRIJEDOR\u010cANINA MLADENA PAUKOVI\u0106A STI\u017dE SA SVIH STRANA \u2013 VIDEO - PrijedorDanas.com - Prijedorski gradski portal\" \/>\n<meta property=\"og:description\" content=\"Prilog emitovan u na\u0161em Dnevniku 2 o Prijedor\u010daninu Mladenu Paukovi\u0107u, &#8220;djetetu leptiru&#8221; oboljelom od bulozne epidermolize, odjeknuo je \u0161irom Srpske ali i svijeta. Podr\u0161ka i pomo\u0107 za lije\u010denje ovom te\u0161ko [&hellip;]\" \/>\n<meta property=\"og:url\" content=\"https:\/\/www.prijedordanas.com\/?p=121276\" \/>\n<meta property=\"og:site_name\" content=\"PrijedorDanas.com - Prijedorski gradski portal\" \/>\n<meta property=\"article:publisher\" content=\"https:\/\/www.facebook.com\/PrijedorDanasCom\/\" \/>\n<meta property=\"article:published_time\" content=\"2019-02-07T20:59:21+00:00\" \/>\n<meta property=\"og:image\" content=\"https:\/\/www.prijedordanas.com\/wp-content\/uploads\/2019\/02\/pokloni-mi-osmijeh-241x300.jpg\" \/>\n<meta name=\"author\" content=\"admin\" \/>\n<meta name=\"twitter:card\" content=\"summary_large_image\" \/>\n<meta name=\"twitter:label1\" content=\"Written by\" \/>\n\t<meta name=\"twitter:data1\" content=\"admin\" \/>\n\t<meta name=\"twitter:label2\" content=\"Est. reading time\" \/>\n\t<meta name=\"twitter:data2\" content=\"2 minutes\" \/>\n<script type=\"application\/ld+json\" class=\"yoast-schema-graph\">{\"@context\":\"https:\/\/schema.org\",\"@graph\":[{\"@type\":\"Article\",\"@id\":\"https:\/\/www.prijedordanas.com\/?p=121276#article\",\"isPartOf\":{\"@id\":\"https:\/\/www.prijedordanas.com\/?p=121276\"},\"author\":{\"name\":\"admin\",\"@id\":\"https:\/\/www.prijedordanas.com\/#\/schema\/person\/4e08ccf29b506ca916ff86d46bb700e6\"},\"headline\":\"POMO\u0106 ZA PRIJEDOR\u010cANINA MLADENA PAUKOVI\u0106A STI\u017dE SA SVIH STRANA \u2013 VIDEO\",\"datePublished\":\"2019-02-07T20:59:21+00:00\",\"dateModified\":\"2019-02-07T20:59:21+00:00\",\"mainEntityOfPage\":{\"@id\":\"https:\/\/www.prijedordanas.com\/?p=121276\"},\"wordCount\":403,\"publisher\":{\"@id\":\"https:\/\/www.prijedordanas.com\/#organization\"},\"keywords\":[\"Mladen Paukovi\u0107\"],\"articleSection\":[\"\u017divot\"],\"inLanguage\":\"en-US\"},{\"@type\":\"WebPage\",\"@id\":\"https:\/\/www.prijedordanas.com\/?p=121276\",\"url\":\"https:\/\/www.prijedordanas.com\/?p=121276\",\"name\":\"POMO\u0106 ZA PRIJEDOR\u010cANINA MLADENA PAUKOVI\u0106A STI\u017dE SA SVIH STRANA \u2013 VIDEO - PrijedorDanas.com - Prijedorski gradski portal\",\"isPartOf\":{\"@id\":\"https:\/\/www.prijedordanas.com\/#website\"},\"datePublished\":\"2019-02-07T20:59:21+00:00\",\"dateModified\":\"2019-02-07T20:59:21+00:00\",\"breadcrumb\":{\"@id\":\"https:\/\/www.prijedordanas.com\/?p=121276#breadcrumb\"},\"inLanguage\":\"en-US\",\"potentialAction\":[{\"@type\":\"ReadAction\",\"target\":[\"https:\/\/www.prijedordanas.com\/?p=121276\"]}]},{\"@type\":\"BreadcrumbList\",\"@id\":\"https:\/\/www.prijedordanas.com\/?p=121276#breadcrumb\",\"itemListElement\":[{\"@type\":\"ListItem\",\"position\":1,\"name\":\"Home\",\"item\":\"https:\/\/www.prijedordanas.com\/\"},{\"@type\":\"ListItem\",\"position\":2,\"name\":\"POMO\u0106 ZA PRIJEDOR\u010cANINA MLADENA PAUKOVI\u0106A STI\u017dE SA SVIH STRANA \u2013 VIDEO\"}]},{\"@type\":\"WebSite\",\"@id\":\"https:\/\/www.prijedordanas.com\/#website\",\"url\":\"https:\/\/www.prijedordanas.com\/\",\"name\":\"PrijedorDanas.com - Prijedorski gradski portal\",\"description\":\"Portal o doga\u0111anjima u gradu Prijedoru\",\"publisher\":{\"@id\":\"https:\/\/www.prijedordanas.com\/#organization\"},\"potentialAction\":[{\"@type\":\"SearchAction\",\"target\":{\"@type\":\"EntryPoint\",\"urlTemplate\":\"https:\/\/www.prijedordanas.com\/?s={search_term_string}\"},\"query-input\":\"required name=search_term_string\"}],\"inLanguage\":\"en-US\"},{\"@type\":\"Organization\",\"@id\":\"https:\/\/www.prijedordanas.com\/#organization\",\"name\":\"PrijedorDanas.com\",\"url\":\"https:\/\/www.prijedordanas.com\/\",\"logo\":{\"@type\":\"ImageObject\",\"inLanguage\":\"en-US\",\"@id\":\"https:\/\/www.prijedordanas.com\/#\/schema\/logo\/image\/\",\"url\":\"http:\/\/www.prijedordanas.com\/wp-content\/uploads\/2021\/12\/logopng.png\",\"contentUrl\":\"http:\/\/www.prijedordanas.com\/wp-content\/uploads\/2021\/12\/logopng.png\",\"width\":1019,\"height\":776,\"caption\":\"PrijedorDanas.com\"},\"image\":{\"@id\":\"https:\/\/www.prijedordanas.com\/#\/schema\/logo\/image\/\"},\"sameAs\":[\"https:\/\/www.facebook.com\/PrijedorDanasCom\/\"]},{\"@type\":\"Person\",\"@id\":\"https:\/\/www.prijedordanas.com\/#\/schema\/person\/4e08ccf29b506ca916ff86d46bb700e6\",\"name\":\"admin\",\"image\":{\"@type\":\"ImageObject\",\"inLanguage\":\"en-US\",\"@id\":\"https:\/\/www.prijedordanas.com\/#\/schema\/person\/image\/\",\"url\":\"https:\/\/secure.gravatar.com\/avatar\/1d3fc949d550f0b53a5f0d51e06dfd79?s=96&d=mm&r=g\",\"contentUrl\":\"https:\/\/secure.gravatar.com\/avatar\/1d3fc949d550f0b53a5f0d51e06dfd79?s=96&d=mm&r=g\",\"caption\":\"admin\"},\"url\":\"https:\/\/www.prijedordanas.com\/?author=1\"}]}<\/script>\n<!-- \/ Yoast SEO plugin. -->","yoast_head_json":{"title":"POMO\u0106 ZA PRIJEDOR\u010cANINA MLADENA PAUKOVI\u0106A STI\u017dE SA SVIH STRANA \u2013 VIDEO - PrijedorDanas.com - Prijedorski gradski portal","robots":{"index":"index","follow":"follow","max-snippet":"max-snippet:-1","max-image-preview":"max-image-preview:large","max-video-preview":"max-video-preview:-1"},"canonical":"https:\/\/www.prijedordanas.com\/?p=121276","og_locale":"en_US","og_type":"article","og_title":"POMO\u0106 ZA PRIJEDOR\u010cANINA MLADENA PAUKOVI\u0106A STI\u017dE SA SVIH STRANA \u2013 VIDEO - PrijedorDanas.com - Prijedorski gradski portal","og_description":"Prilog emitovan u na\u0161em Dnevniku 2 o Prijedor\u010daninu Mladenu Paukovi\u0107u, &#8220;djetetu leptiru&#8221; oboljelom od bulozne epidermolize, odjeknuo je \u0161irom Srpske ali i svijeta. Podr\u0161ka i pomo\u0107 za lije\u010denje ovom te\u0161ko [&hellip;]","og_url":"https:\/\/www.prijedordanas.com\/?p=121276","og_site_name":"PrijedorDanas.com - Prijedorski gradski portal","article_publisher":"https:\/\/www.facebook.com\/PrijedorDanasCom\/","article_published_time":"2019-02-07T20:59:21+00:00","og_image":[{"url":"https:\/\/www.prijedordanas.com\/wp-content\/uploads\/2019\/02\/pokloni-mi-osmijeh-241x300.jpg"}],"author":"admin","twitter_card":"summary_large_image","twitter_misc":{"Written by":"admin","Est. reading time":"2 minutes"},"schema":{"@context":"https:\/\/schema.org","@graph":[{"@type":"Article","@id":"https:\/\/www.prijedordanas.com\/?p=121276#article","isPartOf":{"@id":"https:\/\/www.prijedordanas.com\/?p=121276"},"author":{"name":"admin","@id":"https:\/\/www.prijedordanas.com\/#\/schema\/person\/4e08ccf29b506ca916ff86d46bb700e6"},"headline":"POMO\u0106 ZA PRIJEDOR\u010cANINA MLADENA PAUKOVI\u0106A STI\u017dE SA SVIH STRANA \u2013 VIDEO","datePublished":"2019-02-07T20:59:21+00:00","dateModified":"2019-02-07T20:59:21+00:00","mainEntityOfPage":{"@id":"https:\/\/www.prijedordanas.com\/?p=121276"},"wordCount":403,"publisher":{"@id":"https:\/\/www.prijedordanas.com\/#organization"},"keywords":["Mladen Paukovi\u0107"],"articleSection":["\u017divot"],"inLanguage":"en-US"},{"@type":"WebPage","@id":"https:\/\/www.prijedordanas.com\/?p=121276","url":"https:\/\/www.prijedordanas.com\/?p=121276","name":"POMO\u0106 ZA PRIJEDOR\u010cANINA MLADENA PAUKOVI\u0106A STI\u017dE SA SVIH STRANA \u2013 VIDEO - PrijedorDanas.com - Prijedorski gradski portal","isPartOf":{"@id":"https:\/\/www.prijedordanas.com\/#website"},"datePublished":"2019-02-07T20:59:21+00:00","dateModified":"2019-02-07T20:59:21+00:00","breadcrumb":{"@id":"https:\/\/www.prijedordanas.com\/?p=121276#breadcrumb"},"inLanguage":"en-US","potentialAction":[{"@type":"ReadAction","target":["https:\/\/www.prijedordanas.com\/?p=121276"]}]},{"@type":"BreadcrumbList","@id":"https:\/\/www.prijedordanas.com\/?p=121276#breadcrumb","itemListElement":[{"@type":"ListItem","position":1,"name":"Home","item":"https:\/\/www.prijedordanas.com\/"},{"@type":"ListItem","position":2,"name":"POMO\u0106 ZA PRIJEDOR\u010cANINA MLADENA PAUKOVI\u0106A STI\u017dE SA SVIH STRANA \u2013 VIDEO"}]},{"@type":"WebSite","@id":"https:\/\/www.prijedordanas.com\/#website","url":"https:\/\/www.prijedordanas.com\/","name":"PrijedorDanas.com - Prijedorski gradski portal","description":"Portal o doga\u0111anjima u gradu Prijedoru","publisher":{"@id":"https:\/\/www.prijedordanas.com\/#organization"},"potentialAction":[{"@type":"SearchAction","target":{"@type":"EntryPoint","urlTemplate":"https:\/\/www.prijedordanas.com\/?s={search_term_string}"},"query-input":"required name=search_term_string"}],"inLanguage":"en-US"},{"@type":"Organization","@id":"https:\/\/www.prijedordanas.com\/#organization","name":"PrijedorDanas.com","url":"https:\/\/www.prijedordanas.com\/","logo":{"@type":"ImageObject","inLanguage":"en-US","@id":"https:\/\/www.prijedordanas.com\/#\/schema\/logo\/image\/","url":"http:\/\/www.prijedordanas.com\/wp-content\/uploads\/2021\/12\/logopng.png","contentUrl":"http:\/\/www.prijedordanas.com\/wp-content\/uploads\/2021\/12\/logopng.png","width":1019,"height":776,"caption":"PrijedorDanas.com"},"image":{"@id":"https:\/\/www.prijedordanas.com\/#\/schema\/logo\/image\/"},"sameAs":["https:\/\/www.facebook.com\/PrijedorDanasCom\/"]},{"@type":"Person","@id":"https:\/\/www.prijedordanas.com\/#\/schema\/person\/4e08ccf29b506ca916ff86d46bb700e6","name":"admin","image":{"@type":"ImageObject","inLanguage":"en-US","@id":"https:\/\/www.prijedordanas.com\/#\/schema\/person\/image\/","url":"https:\/\/secure.gravatar.com\/avatar\/1d3fc949d550f0b53a5f0d51e06dfd79?s=96&d=mm&r=g","contentUrl":"https:\/\/secure.gravatar.com\/avatar\/1d3fc949d550f0b53a5f0d51e06dfd79?s=96&d=mm&r=g","caption":"admin"},"url":"https:\/\/www.prijedordanas.com\/?author=1"}]}},"_links":{"self":[{"href":"https:\/\/www.prijedordanas.com\/index.php?rest_route=\/wp\/v2\/posts\/121276"}],"collection":[{"href":"https:\/\/www.prijedordanas.com\/index.php?rest_route=\/wp\/v2\/posts"}],"about":[{"href":"https:\/\/www.prijedordanas.com\/index.php?rest_route=\/wp\/v2\/types\/post"}],"author":[{"embeddable":true,"href":"https:\/\/www.prijedordanas.com\/index.php?rest_route=\/wp\/v2\/users\/1"}],"replies":[{"embeddable":true,"href":"https:\/\/www.prijedordanas.com\/index.php?rest_route=%2Fwp%2Fv2%2Fcomments&post=121276"}],"version-history":[{"count":1,"href":"https:\/\/www.prijedordanas.com\/index.php?rest_route=\/wp\/v2\/posts\/121276\/revisions"}],"predecessor-version":[{"id":121277,"href":"https:\/\/www.prijedordanas.com\/index.php?rest_route=\/wp\/v2\/posts\/121276\/revisions\/121277"}],"wp:attachment":[{"href":"https:\/\/www.prijedordanas.com\/index.php?rest_route=%2Fwp%2Fv2%2Fmedia&parent=121276"}],"wp:term":[{"taxonomy":"category","embeddable":true,"href":"https:\/\/www.prijedordanas.com\/index.php?rest_route=%2Fwp%2Fv2%2Fcategories&post=121276"},{"taxonomy":"post_tag","embeddable":true,"href":"https:\/\/www.prijedordanas.com\/index.php?rest_route=%2Fwp%2Fv2%2Ftags&post=121276"}],"curies":[{"name":"wp","href":"https:\/\/api.w.org\/{rel}","templated":true}]}}