{"id":121250,"date":"2019-02-07T16:40:16","date_gmt":"2019-02-07T15:40:16","guid":{"rendered":"https:\/\/www.prijedordanas.com\/?p=121250"},"modified":"2019-02-07T16:40:16","modified_gmt":"2019-02-07T15:40:16","slug":"prijedor-preteska-sudbina-redzica-jasmin-umro-u-23-godini-siromastvo-i-bolest-pritisli-porodicu","status":"publish","type":"post","link":"https:\/\/www.prijedordanas.com\/?p=121250","title":{"rendered":"PRIJEDOR-PRETE\u0160KA SUDBINA RED\u017dI\u0106A: JASMIN UMRO U 23.GODINI, SIROMA\u0160TVO I BOLEST PRITISLI PORODICU"},"content":{"rendered":"<p><a href=\"https:\/\/www.prijedordanas.com\/wp-content\/uploads\/2019\/02\/teska-sudbina-redzica-1.jpg\"><img loading=\"lazy\" decoding=\"async\" class=\"alignleft size-medium wp-image-121251\" src=\"https:\/\/www.prijedordanas.com\/wp-content\/uploads\/2019\/02\/teska-sudbina-redzica-1-300x225.jpg\" alt=\"\" width=\"300\" height=\"225\" srcset=\"https:\/\/www.prijedordanas.com\/wp-content\/uploads\/2019\/02\/teska-sudbina-redzica-1-300x225.jpg 300w, https:\/\/www.prijedordanas.com\/wp-content\/uploads\/2019\/02\/teska-sudbina-redzica-1-100x75.jpg 100w, https:\/\/www.prijedordanas.com\/wp-content\/uploads\/2019\/02\/teska-sudbina-redzica-1-640x480.jpg 640w, https:\/\/www.prijedordanas.com\/wp-content\/uploads\/2019\/02\/teska-sudbina-redzica-1.jpg 667w\" sizes=\"(max-width: 300px) 100vw, 300px\" \/><\/a>Jasmin Red\u017ei\u0107 (23), mje\u0161tanin Gornje Puharske u Prijedoru, umro je nakon kra\u0107e bolesti, koja je iznenadila sve one koji su poznavali ovog mladi\u0107a. Tragedijom shrvana porodica, kom\u0161ije i prijatelji, koji \u0107e prerarno preminulog mladi\u0107a pamtiti po dobroti i kao nekoga ko je uvijek, i pored te\u0161ke porodi\u010dne situacije, bio spreman na \u0161alu, oprostili su se od njega na d\u017eenazi u ponedjeljak na mjesnom mezarju u Gornjoj Puharskoj.<\/p>\n<p>Stra\u0161no ka\u0161ljao Kako nam je ispri\u010dala njegova sestra Arnela Red\u017ei\u0107, Jasmin je podlegao od jake upale mozga nedugo nakon bolni\u010dkog zbrinjavanja u Univerzitetskom klini\u010dkom centru u Banjoj Luci.<\/p>\n<p>Vi\u0161e detalja zna\u0107e kad stignu nalazi, ali Arnela ka\u017ee da se njen brat, koji je ranije bio potpuno zdrav, posljednji mjesec i po lije\u010dio od upale plu\u0107a, pra\u0107ene te\u0161kim i upornim ka\u0161ljem.<\/p>\n<p><a href=\"https:\/\/www.prijedordanas.com\/wp-content\/uploads\/2019\/02\/teska-sudbina-redzica-2.jpg\"><img loading=\"lazy\" decoding=\"async\" class=\"alignleft size-medium wp-image-121252\" src=\"https:\/\/www.prijedordanas.com\/wp-content\/uploads\/2019\/02\/teska-sudbina-redzica-2-234x300.jpg\" alt=\"\" width=\"234\" height=\"300\" srcset=\"https:\/\/www.prijedordanas.com\/wp-content\/uploads\/2019\/02\/teska-sudbina-redzica-2-234x300.jpg 234w, https:\/\/www.prijedordanas.com\/wp-content\/uploads\/2019\/02\/teska-sudbina-redzica-2-78x100.jpg 78w, https:\/\/www.prijedordanas.com\/wp-content\/uploads\/2019\/02\/teska-sudbina-redzica-2.jpg 468w\" sizes=\"(max-width: 234px) 100vw, 234px\" \/><\/a>&#8211; Nije imao temperaturu, ali je stra\u0161no ka\u0161ljao. Uzimao je antibiotike, bio nekoliko puta na slikanju plu\u0107a, na inhalaciji, infuziji, ali ka\u0161alj nije prestajao \u2013 govori Arnela i dodaje da je, nakon posljednje kontrole u \u010detvrtak, upu\u0107en u bolnicu u Prijedoru.<\/p>\n<p>Trebao je to, prema Arnelinim rije\u010dima, biti jedan rutinski pregled, ali su ga u bolnici zadr\u017eali zbog ka\u0161lja i odatle iste ve\u010deri oko pono\u0107i, u stanju vje\u0161ta\u010dke kome, hitno prebacili na daljnje lije\u010denje u Banju Luku, gdje je preminuo 2. februara.<\/p>\n<p>O\u010dajni smo<\/p>\n<p>Da sve bude gore, nad porodicom se nadvila te\u0161ka sirotinja. \u017dive u nedovr\u0161enoj ku\u0107i, odnosno u samo dvije opremljene sobe borave roditelji preminulog Jasmina, majka Fatima i otac Enver, bra\u0107a Senad i Enel, sestra Arnela i brati\u0107 Anel. Sestra Jasmina sa suprugom \u017eivi u Zagrebu.<\/p>\n<p><a href=\"https:\/\/www.prijedordanas.com\/wp-content\/uploads\/2019\/02\/teska-sudbina-redzica-3.jpg\"><img loading=\"lazy\" decoding=\"async\" class=\"alignleft size-medium wp-image-121253\" src=\"https:\/\/www.prijedordanas.com\/wp-content\/uploads\/2019\/02\/teska-sudbina-redzica-3-300x225.jpg\" alt=\"\" width=\"300\" height=\"225\" srcset=\"https:\/\/www.prijedordanas.com\/wp-content\/uploads\/2019\/02\/teska-sudbina-redzica-3-300x225.jpg 300w, https:\/\/www.prijedordanas.com\/wp-content\/uploads\/2019\/02\/teska-sudbina-redzica-3-100x75.jpg 100w, https:\/\/www.prijedordanas.com\/wp-content\/uploads\/2019\/02\/teska-sudbina-redzica-3.jpg 600w\" sizes=\"(max-width: 300px) 100vw, 300px\" \/><\/a>&#8211; O\u010dajni smo, cijela porodica. Otac, koji je bio najvi\u0161e vezan za njega, ne progovara. Jednostavno, nije isti, majka guta suze i potpuno je izgubljena, ni bra\u0107i nije lako. On je bio na\u0161a dobrica, na\u0161a nada i nismo vjerovali da \u0107e se to tako zavr\u0161iti &#8211; ka\u017ee Arnela.<\/p>\n<p>Tiha i skromna, dostojanstvena u boli koja je sna\u0161la njenu porodicu, ne moli za pomo\u0107, ali Red\u017ei\u0107ima pomo\u0107 zaista treba. Prepoznali su to ve\u0107 neki dobri ljudi, poput Almire Red\u017eanovi\u0107, koja je putem Nijaza Huremovi\u0107a inicirala akciju pomo\u0107i Red\u017ei\u0107ima, kao i Irfana Cepi\u0107a i njegove porodice, kom\u0161ija i drugih ljudi, koji, saznav\u0161i za tragediju, zovu i nude pomo\u0107, a kojima je ova nesretna porodica neizmjerno zahvalna.<\/p>\n<p><a href=\"https:\/\/www.prijedordanas.com\/wp-content\/uploads\/2019\/02\/teska-sudbina-redzica-4.jpg\"><img loading=\"lazy\" decoding=\"async\" src=\"https:\/\/www.prijedordanas.com\/wp-content\/uploads\/2019\/02\/teska-sudbina-redzica-4-300x193.jpg\" alt=\"\" width=\"300\" height=\"193\" class=\"alignleft size-medium wp-image-121254\" srcset=\"https:\/\/www.prijedordanas.com\/wp-content\/uploads\/2019\/02\/teska-sudbina-redzica-4-300x193.jpg 300w, https:\/\/www.prijedordanas.com\/wp-content\/uploads\/2019\/02\/teska-sudbina-redzica-4-100x64.jpg 100w, https:\/\/www.prijedordanas.com\/wp-content\/uploads\/2019\/02\/teska-sudbina-redzica-4.jpg 600w\" sizes=\"(max-width: 300px) 100vw, 300px\" \/><\/a>Majka imala meningitis, brat sa 13 godina do\u017eivio mo\u017edani udar<\/p>\n<p>&#8211; Majka Fatima prele\u017eala je prije godinu meningitis i ostale su posljedice. Velikih problema sa zdravljem ima i sestra Jasmina, koja se lije\u010di u Zagrebu. Otac Enver je pre\u017eivjeli logora\u0161 i od trauma potpuno nesposoban za bilo kakav rad. Brat Senad imao je kao 13-godi\u0161njak mo\u017edani udar &#8211; opisuje Arnela Red\u017ei\u0107 prete\u0161ku sudbinu svoje porodice.<\/p>\n<p>Kako pomo\u0107i<\/p>\n<p>Pomo\u0107 u adaptaciji potkrovlja ovoj porodici najavili su i iz Humanitarne organizacije \u201cHumano brdo 2010\u201d. Svi oni koji se \u017eele uklju\u010diti u akciju pomo\u0107i Red\u017ei\u0107ima u ovim najte\u017eim trenucima, mogu pozvati Arnelu na broj telefona 065\/742-340<\/p>\n<p>Dnevni avaz<br \/>\nFoto \u2013 Nijaz Huremovi\u0107<\/p>\n<p><a href=\"https:\/\/www.prijedordanas.com\/wp-content\/uploads\/2019\/02\/teska-sudbina-redzica-5.jpg\"><img loading=\"lazy\" decoding=\"async\" src=\"https:\/\/www.prijedordanas.com\/wp-content\/uploads\/2019\/02\/teska-sudbina-redzica-5-300x160.jpg\" alt=\"\" width=\"300\" height=\"160\" class=\"alignleft size-medium wp-image-121255\" srcset=\"https:\/\/www.prijedordanas.com\/wp-content\/uploads\/2019\/02\/teska-sudbina-redzica-5-300x160.jpg 300w, https:\/\/www.prijedordanas.com\/wp-content\/uploads\/2019\/02\/teska-sudbina-redzica-5-100x53.jpg 100w, https:\/\/www.prijedordanas.com\/wp-content\/uploads\/2019\/02\/teska-sudbina-redzica-5.jpg 600w\" sizes=\"(max-width: 300px) 100vw, 300px\" \/><\/a><\/p>\n","protected":false},"excerpt":{"rendered":"<p>Jasmin Red\u017ei\u0107 (23), mje\u0161tanin Gornje Puharske u Prijedoru, umro je nakon kra\u0107e bolesti, koja je iznenadila sve one koji su poznavali ovog mladi\u0107a. Tragedijom shrvana porodica, kom\u0161ije i prijatelji, koji [&hellip;]<\/p>\n","protected":false},"author":1,"featured_media":0,"comment_status":"closed","ping_status":"open","sticky":false,"template":"","format":"standard","meta":{"_monsterinsights_skip_tracking":false,"_monsterinsights_sitenote_active":false,"_monsterinsights_sitenote_note":"","_monsterinsights_sitenote_category":0,"footnotes":""},"categories":[3],"tags":[10692],"yoast_head":"<!-- This site is optimized with the Yoast SEO plugin v21.6 - https:\/\/yoast.com\/wordpress\/plugins\/seo\/ -->\n<title>PRIJEDOR-PRETE\u0160KA SUDBINA RED\u017dI\u0106A: JASMIN UMRO U 23.GODINI, SIROMA\u0160TVO I BOLEST PRITISLI PORODICU - PrijedorDanas.com - Prijedorski gradski portal<\/title>\n<meta name=\"robots\" content=\"index, follow, max-snippet:-1, max-image-preview:large, max-video-preview:-1\" \/>\n<link rel=\"canonical\" href=\"https:\/\/www.prijedordanas.com\/?p=121250\" \/>\n<meta property=\"og:locale\" content=\"en_US\" \/>\n<meta property=\"og:type\" content=\"article\" \/>\n<meta property=\"og:title\" content=\"PRIJEDOR-PRETE\u0160KA SUDBINA RED\u017dI\u0106A: JASMIN UMRO U 23.GODINI, SIROMA\u0160TVO I BOLEST PRITISLI PORODICU - PrijedorDanas.com - Prijedorski gradski portal\" \/>\n<meta property=\"og:description\" content=\"Jasmin Red\u017ei\u0107 (23), mje\u0161tanin Gornje Puharske u Prijedoru, umro je nakon kra\u0107e bolesti, koja je iznenadila sve one koji su poznavali ovog mladi\u0107a. Tragedijom shrvana porodica, kom\u0161ije i prijatelji, koji [&hellip;]\" \/>\n<meta property=\"og:url\" content=\"https:\/\/www.prijedordanas.com\/?p=121250\" \/>\n<meta property=\"og:site_name\" content=\"PrijedorDanas.com - Prijedorski gradski portal\" \/>\n<meta property=\"article:publisher\" content=\"https:\/\/www.facebook.com\/PrijedorDanasCom\/\" \/>\n<meta property=\"article:published_time\" content=\"2019-02-07T15:40:16+00:00\" \/>\n<meta property=\"og:image\" content=\"https:\/\/www.prijedordanas.com\/wp-content\/uploads\/2019\/02\/teska-sudbina-redzica-1-300x225.jpg\" \/>\n<meta name=\"author\" content=\"admin\" \/>\n<meta name=\"twitter:card\" content=\"summary_large_image\" \/>\n<meta name=\"twitter:label1\" content=\"Written by\" \/>\n\t<meta name=\"twitter:data1\" content=\"admin\" \/>\n\t<meta name=\"twitter:label2\" content=\"Est. reading time\" \/>\n\t<meta name=\"twitter:data2\" content=\"3 minutes\" \/>\n<script type=\"application\/ld+json\" class=\"yoast-schema-graph\">{\"@context\":\"https:\/\/schema.org\",\"@graph\":[{\"@type\":\"Article\",\"@id\":\"https:\/\/www.prijedordanas.com\/?p=121250#article\",\"isPartOf\":{\"@id\":\"https:\/\/www.prijedordanas.com\/?p=121250\"},\"author\":{\"name\":\"admin\",\"@id\":\"https:\/\/www.prijedordanas.com\/#\/schema\/person\/4e08ccf29b506ca916ff86d46bb700e6\"},\"headline\":\"PRIJEDOR-PRETE\u0160KA SUDBINA RED\u017dI\u0106A: JASMIN UMRO U 23.GODINI, SIROMA\u0160TVO I BOLEST PRITISLI PORODICU\",\"datePublished\":\"2019-02-07T15:40:16+00:00\",\"dateModified\":\"2019-02-07T15:40:16+00:00\",\"mainEntityOfPage\":{\"@id\":\"https:\/\/www.prijedordanas.com\/?p=121250\"},\"wordCount\":563,\"publisher\":{\"@id\":\"https:\/\/www.prijedordanas.com\/#organization\"},\"keywords\":[\"Jasmin Red\u017ei\u0107\"],\"articleSection\":[\"\u017divot\"],\"inLanguage\":\"en-US\"},{\"@type\":\"WebPage\",\"@id\":\"https:\/\/www.prijedordanas.com\/?p=121250\",\"url\":\"https:\/\/www.prijedordanas.com\/?p=121250\",\"name\":\"PRIJEDOR-PRETE\u0160KA SUDBINA RED\u017dI\u0106A: JASMIN UMRO U 23.GODINI, SIROMA\u0160TVO I BOLEST PRITISLI PORODICU - PrijedorDanas.com - Prijedorski gradski portal\",\"isPartOf\":{\"@id\":\"https:\/\/www.prijedordanas.com\/#website\"},\"datePublished\":\"2019-02-07T15:40:16+00:00\",\"dateModified\":\"2019-02-07T15:40:16+00:00\",\"breadcrumb\":{\"@id\":\"https:\/\/www.prijedordanas.com\/?p=121250#breadcrumb\"},\"inLanguage\":\"en-US\",\"potentialAction\":[{\"@type\":\"ReadAction\",\"target\":[\"https:\/\/www.prijedordanas.com\/?p=121250\"]}]},{\"@type\":\"BreadcrumbList\",\"@id\":\"https:\/\/www.prijedordanas.com\/?p=121250#breadcrumb\",\"itemListElement\":[{\"@type\":\"ListItem\",\"position\":1,\"name\":\"Home\",\"item\":\"https:\/\/www.prijedordanas.com\/\"},{\"@type\":\"ListItem\",\"position\":2,\"name\":\"PRIJEDOR-PRETE\u0160KA SUDBINA RED\u017dI\u0106A: JASMIN UMRO U 23.GODINI, SIROMA\u0160TVO I BOLEST PRITISLI PORODICU\"}]},{\"@type\":\"WebSite\",\"@id\":\"https:\/\/www.prijedordanas.com\/#website\",\"url\":\"https:\/\/www.prijedordanas.com\/\",\"name\":\"PrijedorDanas.com - Prijedorski gradski portal\",\"description\":\"Portal o doga\u0111anjima u gradu Prijedoru\",\"publisher\":{\"@id\":\"https:\/\/www.prijedordanas.com\/#organization\"},\"potentialAction\":[{\"@type\":\"SearchAction\",\"target\":{\"@type\":\"EntryPoint\",\"urlTemplate\":\"https:\/\/www.prijedordanas.com\/?s={search_term_string}\"},\"query-input\":\"required name=search_term_string\"}],\"inLanguage\":\"en-US\"},{\"@type\":\"Organization\",\"@id\":\"https:\/\/www.prijedordanas.com\/#organization\",\"name\":\"PrijedorDanas.com\",\"url\":\"https:\/\/www.prijedordanas.com\/\",\"logo\":{\"@type\":\"ImageObject\",\"inLanguage\":\"en-US\",\"@id\":\"https:\/\/www.prijedordanas.com\/#\/schema\/logo\/image\/\",\"url\":\"http:\/\/www.prijedordanas.com\/wp-content\/uploads\/2021\/12\/logopng.png\",\"contentUrl\":\"http:\/\/www.prijedordanas.com\/wp-content\/uploads\/2021\/12\/logopng.png\",\"width\":1019,\"height\":776,\"caption\":\"PrijedorDanas.com\"},\"image\":{\"@id\":\"https:\/\/www.prijedordanas.com\/#\/schema\/logo\/image\/\"},\"sameAs\":[\"https:\/\/www.facebook.com\/PrijedorDanasCom\/\"]},{\"@type\":\"Person\",\"@id\":\"https:\/\/www.prijedordanas.com\/#\/schema\/person\/4e08ccf29b506ca916ff86d46bb700e6\",\"name\":\"admin\",\"image\":{\"@type\":\"ImageObject\",\"inLanguage\":\"en-US\",\"@id\":\"https:\/\/www.prijedordanas.com\/#\/schema\/person\/image\/\",\"url\":\"https:\/\/secure.gravatar.com\/avatar\/1d3fc949d550f0b53a5f0d51e06dfd79?s=96&d=mm&r=g\",\"contentUrl\":\"https:\/\/secure.gravatar.com\/avatar\/1d3fc949d550f0b53a5f0d51e06dfd79?s=96&d=mm&r=g\",\"caption\":\"admin\"},\"url\":\"https:\/\/www.prijedordanas.com\/?author=1\"}]}<\/script>\n<!-- \/ Yoast SEO plugin. -->","yoast_head_json":{"title":"PRIJEDOR-PRETE\u0160KA SUDBINA RED\u017dI\u0106A: JASMIN UMRO U 23.GODINI, SIROMA\u0160TVO I BOLEST PRITISLI PORODICU - PrijedorDanas.com - Prijedorski gradski portal","robots":{"index":"index","follow":"follow","max-snippet":"max-snippet:-1","max-image-preview":"max-image-preview:large","max-video-preview":"max-video-preview:-1"},"canonical":"https:\/\/www.prijedordanas.com\/?p=121250","og_locale":"en_US","og_type":"article","og_title":"PRIJEDOR-PRETE\u0160KA SUDBINA RED\u017dI\u0106A: JASMIN UMRO U 23.GODINI, SIROMA\u0160TVO I BOLEST PRITISLI PORODICU - PrijedorDanas.com - Prijedorski gradski portal","og_description":"Jasmin Red\u017ei\u0107 (23), mje\u0161tanin Gornje Puharske u Prijedoru, umro je nakon kra\u0107e bolesti, koja je iznenadila sve one koji su poznavali ovog mladi\u0107a. Tragedijom shrvana porodica, kom\u0161ije i prijatelji, koji [&hellip;]","og_url":"https:\/\/www.prijedordanas.com\/?p=121250","og_site_name":"PrijedorDanas.com - Prijedorski gradski portal","article_publisher":"https:\/\/www.facebook.com\/PrijedorDanasCom\/","article_published_time":"2019-02-07T15:40:16+00:00","og_image":[{"url":"https:\/\/www.prijedordanas.com\/wp-content\/uploads\/2019\/02\/teska-sudbina-redzica-1-300x225.jpg"}],"author":"admin","twitter_card":"summary_large_image","twitter_misc":{"Written by":"admin","Est. reading time":"3 minutes"},"schema":{"@context":"https:\/\/schema.org","@graph":[{"@type":"Article","@id":"https:\/\/www.prijedordanas.com\/?p=121250#article","isPartOf":{"@id":"https:\/\/www.prijedordanas.com\/?p=121250"},"author":{"name":"admin","@id":"https:\/\/www.prijedordanas.com\/#\/schema\/person\/4e08ccf29b506ca916ff86d46bb700e6"},"headline":"PRIJEDOR-PRETE\u0160KA SUDBINA RED\u017dI\u0106A: JASMIN UMRO U 23.GODINI, SIROMA\u0160TVO I BOLEST PRITISLI PORODICU","datePublished":"2019-02-07T15:40:16+00:00","dateModified":"2019-02-07T15:40:16+00:00","mainEntityOfPage":{"@id":"https:\/\/www.prijedordanas.com\/?p=121250"},"wordCount":563,"publisher":{"@id":"https:\/\/www.prijedordanas.com\/#organization"},"keywords":["Jasmin Red\u017ei\u0107"],"articleSection":["\u017divot"],"inLanguage":"en-US"},{"@type":"WebPage","@id":"https:\/\/www.prijedordanas.com\/?p=121250","url":"https:\/\/www.prijedordanas.com\/?p=121250","name":"PRIJEDOR-PRETE\u0160KA SUDBINA RED\u017dI\u0106A: JASMIN UMRO U 23.GODINI, SIROMA\u0160TVO I BOLEST PRITISLI PORODICU - PrijedorDanas.com - Prijedorski gradski portal","isPartOf":{"@id":"https:\/\/www.prijedordanas.com\/#website"},"datePublished":"2019-02-07T15:40:16+00:00","dateModified":"2019-02-07T15:40:16+00:00","breadcrumb":{"@id":"https:\/\/www.prijedordanas.com\/?p=121250#breadcrumb"},"inLanguage":"en-US","potentialAction":[{"@type":"ReadAction","target":["https:\/\/www.prijedordanas.com\/?p=121250"]}]},{"@type":"BreadcrumbList","@id":"https:\/\/www.prijedordanas.com\/?p=121250#breadcrumb","itemListElement":[{"@type":"ListItem","position":1,"name":"Home","item":"https:\/\/www.prijedordanas.com\/"},{"@type":"ListItem","position":2,"name":"PRIJEDOR-PRETE\u0160KA SUDBINA RED\u017dI\u0106A: JASMIN UMRO U 23.GODINI, SIROMA\u0160TVO I BOLEST PRITISLI PORODICU"}]},{"@type":"WebSite","@id":"https:\/\/www.prijedordanas.com\/#website","url":"https:\/\/www.prijedordanas.com\/","name":"PrijedorDanas.com - Prijedorski gradski portal","description":"Portal o doga\u0111anjima u gradu Prijedoru","publisher":{"@id":"https:\/\/www.prijedordanas.com\/#organization"},"potentialAction":[{"@type":"SearchAction","target":{"@type":"EntryPoint","urlTemplate":"https:\/\/www.prijedordanas.com\/?s={search_term_string}"},"query-input":"required name=search_term_string"}],"inLanguage":"en-US"},{"@type":"Organization","@id":"https:\/\/www.prijedordanas.com\/#organization","name":"PrijedorDanas.com","url":"https:\/\/www.prijedordanas.com\/","logo":{"@type":"ImageObject","inLanguage":"en-US","@id":"https:\/\/www.prijedordanas.com\/#\/schema\/logo\/image\/","url":"http:\/\/www.prijedordanas.com\/wp-content\/uploads\/2021\/12\/logopng.png","contentUrl":"http:\/\/www.prijedordanas.com\/wp-content\/uploads\/2021\/12\/logopng.png","width":1019,"height":776,"caption":"PrijedorDanas.com"},"image":{"@id":"https:\/\/www.prijedordanas.com\/#\/schema\/logo\/image\/"},"sameAs":["https:\/\/www.facebook.com\/PrijedorDanasCom\/"]},{"@type":"Person","@id":"https:\/\/www.prijedordanas.com\/#\/schema\/person\/4e08ccf29b506ca916ff86d46bb700e6","name":"admin","image":{"@type":"ImageObject","inLanguage":"en-US","@id":"https:\/\/www.prijedordanas.com\/#\/schema\/person\/image\/","url":"https:\/\/secure.gravatar.com\/avatar\/1d3fc949d550f0b53a5f0d51e06dfd79?s=96&d=mm&r=g","contentUrl":"https:\/\/secure.gravatar.com\/avatar\/1d3fc949d550f0b53a5f0d51e06dfd79?s=96&d=mm&r=g","caption":"admin"},"url":"https:\/\/www.prijedordanas.com\/?author=1"}]}},"_links":{"self":[{"href":"https:\/\/www.prijedordanas.com\/index.php?rest_route=\/wp\/v2\/posts\/121250"}],"collection":[{"href":"https:\/\/www.prijedordanas.com\/index.php?rest_route=\/wp\/v2\/posts"}],"about":[{"href":"https:\/\/www.prijedordanas.com\/index.php?rest_route=\/wp\/v2\/types\/post"}],"author":[{"embeddable":true,"href":"https:\/\/www.prijedordanas.com\/index.php?rest_route=\/wp\/v2\/users\/1"}],"replies":[{"embeddable":true,"href":"https:\/\/www.prijedordanas.com\/index.php?rest_route=%2Fwp%2Fv2%2Fcomments&post=121250"}],"version-history":[{"count":1,"href":"https:\/\/www.prijedordanas.com\/index.php?rest_route=\/wp\/v2\/posts\/121250\/revisions"}],"predecessor-version":[{"id":121256,"href":"https:\/\/www.prijedordanas.com\/index.php?rest_route=\/wp\/v2\/posts\/121250\/revisions\/121256"}],"wp:attachment":[{"href":"https:\/\/www.prijedordanas.com\/index.php?rest_route=%2Fwp%2Fv2%2Fmedia&parent=121250"}],"wp:term":[{"taxonomy":"category","embeddable":true,"href":"https:\/\/www.prijedordanas.com\/index.php?rest_route=%2Fwp%2Fv2%2Fcategories&post=121250"},{"taxonomy":"post_tag","embeddable":true,"href":"https:\/\/www.prijedordanas.com\/index.php?rest_route=%2Fwp%2Fv2%2Ftags&post=121250"}],"curies":[{"name":"wp","href":"https:\/\/api.w.org\/{rel}","templated":true}]}}