{"id":121128,"date":"2019-02-05T01:28:45","date_gmt":"2019-02-05T00:28:45","guid":{"rendered":"https:\/\/www.prijedordanas.com\/?p=121128"},"modified":"2019-02-05T01:28:45","modified_gmt":"2019-02-05T00:28:45","slug":"ministarka-golic-sa-radojicicem-i-dakovicem-neuskladenost-zk-evidencija-uzrok-velikog-broja-bespravno-izgradenih-objekata","status":"publish","type":"post","link":"https:\/\/www.prijedordanas.com\/?p=121128","title":{"rendered":"MINISTARKA GOLI\u0106 SA RADOJI\u010cI\u0106EM I \u0110AKOVI\u0106EM: NEUSKLA\u0110ENOST ZK EVIDENCIJA UZROK VELIKOG BROJA BESPRAVNO IZGRA\u0110ENIH OBJEKATA"},"content":{"rendered":"<p><a href=\"https:\/\/www.prijedordanas.com\/wp-content\/uploads\/2019\/02\/vlada-rs-srebrenka-golic-gradonacelnici.jpg\"><img loading=\"lazy\" decoding=\"async\" src=\"https:\/\/www.prijedordanas.com\/wp-content\/uploads\/2019\/02\/vlada-rs-srebrenka-golic-gradonacelnici-300x234.jpg\" alt=\"\" width=\"300\" height=\"234\" class=\"alignleft size-medium wp-image-121129\" srcset=\"https:\/\/www.prijedordanas.com\/wp-content\/uploads\/2019\/02\/vlada-rs-srebrenka-golic-gradonacelnici-300x234.jpg 300w, https:\/\/www.prijedordanas.com\/wp-content\/uploads\/2019\/02\/vlada-rs-srebrenka-golic-gradonacelnici-100x78.jpg 100w, https:\/\/www.prijedordanas.com\/wp-content\/uploads\/2019\/02\/vlada-rs-srebrenka-golic-gradonacelnici.jpg 642w\" sizes=\"(max-width: 300px) 100vw, 300px\" \/><\/a>Ministarka za prostorno ure\u0111enje, gra\u0111evinarstvo i ekologiju RS Srebrenka Goli\u0107 kazala je da je ohrabruje informacija iz Republi\u010dke uprave za geodetske i imovinsko-pravne odnose da \u0107e javna izlaganja u svim katastarskim op\u0161tinama na podru\u010dju grada Banjaluka i usagla\u0161avanje zemlji\u0161no-knji\u017enih evidencija biti zavr\u0161ena najkasnije do kraja 2020. godine.<\/p>\n<p>\u2013 To \u0107e u mnogome olak\u0161ati i ubrzati postupke izdavanja gra\u0111evinskih dozvola, jer je neuskla\u0111enost zemlji\u0161no-knji\u017enih evidencija do sada predstavljala ko\u010dnicu u vo\u0111enju postupaka, ali i ozbiljan razlog za veliki broj bespravno sagra\u0111enih objekata. Jedinstvenom zemlji\u0161no-knji\u017enom (ZK) evidencijom omogu\u0107i\u0107emo i lak\u0161i prelazak na elektronsko izdavanje gra\u0111evinskih dozvola \u2013 rekla je Goli\u0107eva nakon sastanka sa gradona\u010delnicima Banjaluke i Prijedora, Igorom Radoji\u010di\u0107em i Milenkom \u0110akovi\u0107em, te direktorkom Republi\u010dke uprave za geodetske i imovinsko-pravne odnose Bosiljkom Predragovi\u0107 i predstavnikom Pravobranila\u0161tva RS, radi nastavka realizacije projekta izgradnje vodovodnog sistema \u201cCrno vrelo\u201d.<\/p>\n<p>Predragovi\u0107eva je informisala u\u010desnike sastanka da su zavr\u0161ena javna izlaganja u svima katastarskim op\u0161tinama u obuhvatu regionalnog vodovodnog sistema, \u0161to \u0107e omogu\u0107iti nastavak izgradnje sekundarne mre\u017ee u  tri pravca, i to prema \u0161iroj zoni Bronzanog Majdana sa vi\u0161e sela i zaselaka, zatim u pravcu Slavi\u0107ka-Radosavska i prema Gornjoj i Donjoj Piskavici.<\/p>\n<p>Izgradnjom regionalnog vodovodnog sistema \u201cCrno vrelo\u201d oko 13.000 doma\u0107instava u Banjaluci i Prijedoru ima\u0107e kvalitetno snabdijevanje vodom.<\/p>\n<p>Na sastanku se razgovaralo i o kapitalnim projektima iz oblasti saobra\u0107ajne infrastrukture na podru\u010dju grada Banjaluka i o na\u010dinima rje\u0161avanja imovinsko-pravnih odnosa koji mogu biti smetnja za izdavanje gra\u0111evinskih dozvola.<\/p>\n<p>EuroBlic-srpskainfo.com<\/p>\n","protected":false},"excerpt":{"rendered":"<p>Ministarka za prostorno ure\u0111enje, gra\u0111evinarstvo i ekologiju RS Srebrenka Goli\u0107 kazala je da je ohrabruje informacija iz Republi\u010dke uprave za geodetske i imovinsko-pravne odnose da \u0107e javna izlaganja u svim [&hellip;]<\/p>\n","protected":false},"author":1,"featured_media":0,"comment_status":"closed","ping_status":"open","sticky":false,"template":"","format":"standard","meta":{"_monsterinsights_skip_tracking":false,"_monsterinsights_sitenote_active":false,"_monsterinsights_sitenote_note":"","_monsterinsights_sitenote_category":0,"footnotes":""},"categories":[8],"tags":[2790],"yoast_head":"<!-- This site is optimized with the Yoast SEO plugin v21.6 - https:\/\/yoast.com\/wordpress\/plugins\/seo\/ -->\n<title>MINISTARKA GOLI\u0106 SA RADOJI\u010cI\u0106EM I \u0110AKOVI\u0106EM: NEUSKLA\u0110ENOST ZK EVIDENCIJA UZROK VELIKOG BROJA BESPRAVNO IZGRA\u0110ENIH OBJEKATA - PrijedorDanas.com - Prijedorski gradski portal<\/title>\n<meta name=\"robots\" content=\"index, follow, max-snippet:-1, max-image-preview:large, max-video-preview:-1\" \/>\n<link rel=\"canonical\" href=\"https:\/\/www.prijedordanas.com\/?p=121128\" \/>\n<meta property=\"og:locale\" content=\"en_US\" \/>\n<meta property=\"og:type\" content=\"article\" \/>\n<meta property=\"og:title\" content=\"MINISTARKA GOLI\u0106 SA RADOJI\u010cI\u0106EM I \u0110AKOVI\u0106EM: NEUSKLA\u0110ENOST ZK EVIDENCIJA UZROK VELIKOG BROJA BESPRAVNO IZGRA\u0110ENIH OBJEKATA - PrijedorDanas.com - Prijedorski gradski portal\" \/>\n<meta property=\"og:description\" content=\"Ministarka za prostorno ure\u0111enje, gra\u0111evinarstvo i ekologiju RS Srebrenka Goli\u0107 kazala je da je ohrabruje informacija iz Republi\u010dke uprave za geodetske i imovinsko-pravne odnose da \u0107e javna izlaganja u svim [&hellip;]\" \/>\n<meta property=\"og:url\" content=\"https:\/\/www.prijedordanas.com\/?p=121128\" \/>\n<meta property=\"og:site_name\" content=\"PrijedorDanas.com - Prijedorski gradski portal\" \/>\n<meta property=\"article:publisher\" content=\"https:\/\/www.facebook.com\/PrijedorDanasCom\/\" \/>\n<meta property=\"article:published_time\" content=\"2019-02-05T00:28:45+00:00\" \/>\n<meta property=\"og:image\" content=\"https:\/\/www.prijedordanas.com\/wp-content\/uploads\/2019\/02\/vlada-rs-srebrenka-golic-gradonacelnici-300x234.jpg\" \/>\n<meta name=\"author\" content=\"admin\" \/>\n<meta name=\"twitter:card\" content=\"summary_large_image\" \/>\n<meta name=\"twitter:label1\" content=\"Written by\" \/>\n\t<meta name=\"twitter:data1\" content=\"admin\" \/>\n\t<meta name=\"twitter:label2\" content=\"Est. reading time\" \/>\n\t<meta name=\"twitter:data2\" content=\"1 minute\" \/>\n<script type=\"application\/ld+json\" class=\"yoast-schema-graph\">{\"@context\":\"https:\/\/schema.org\",\"@graph\":[{\"@type\":\"Article\",\"@id\":\"https:\/\/www.prijedordanas.com\/?p=121128#article\",\"isPartOf\":{\"@id\":\"https:\/\/www.prijedordanas.com\/?p=121128\"},\"author\":{\"name\":\"admin\",\"@id\":\"https:\/\/www.prijedordanas.com\/#\/schema\/person\/4e08ccf29b506ca916ff86d46bb700e6\"},\"headline\":\"MINISTARKA GOLI\u0106 SA RADOJI\u010cI\u0106EM I \u0110AKOVI\u0106EM: NEUSKLA\u0110ENOST ZK EVIDENCIJA UZROK VELIKOG BROJA BESPRAVNO IZGRA\u0110ENIH OBJEKATA\",\"datePublished\":\"2019-02-05T00:28:45+00:00\",\"dateModified\":\"2019-02-05T00:28:45+00:00\",\"mainEntityOfPage\":{\"@id\":\"https:\/\/www.prijedordanas.com\/?p=121128\"},\"wordCount\":295,\"publisher\":{\"@id\":\"https:\/\/www.prijedordanas.com\/#organization\"},\"keywords\":[\"sastanak\"],\"articleSection\":[\"Svakodnevno\"],\"inLanguage\":\"en-US\"},{\"@type\":\"WebPage\",\"@id\":\"https:\/\/www.prijedordanas.com\/?p=121128\",\"url\":\"https:\/\/www.prijedordanas.com\/?p=121128\",\"name\":\"MINISTARKA GOLI\u0106 SA RADOJI\u010cI\u0106EM I \u0110AKOVI\u0106EM: NEUSKLA\u0110ENOST ZK EVIDENCIJA UZROK VELIKOG BROJA BESPRAVNO IZGRA\u0110ENIH OBJEKATA - PrijedorDanas.com - Prijedorski gradski portal\",\"isPartOf\":{\"@id\":\"https:\/\/www.prijedordanas.com\/#website\"},\"datePublished\":\"2019-02-05T00:28:45+00:00\",\"dateModified\":\"2019-02-05T00:28:45+00:00\",\"breadcrumb\":{\"@id\":\"https:\/\/www.prijedordanas.com\/?p=121128#breadcrumb\"},\"inLanguage\":\"en-US\",\"potentialAction\":[{\"@type\":\"ReadAction\",\"target\":[\"https:\/\/www.prijedordanas.com\/?p=121128\"]}]},{\"@type\":\"BreadcrumbList\",\"@id\":\"https:\/\/www.prijedordanas.com\/?p=121128#breadcrumb\",\"itemListElement\":[{\"@type\":\"ListItem\",\"position\":1,\"name\":\"Home\",\"item\":\"https:\/\/www.prijedordanas.com\/\"},{\"@type\":\"ListItem\",\"position\":2,\"name\":\"MINISTARKA GOLI\u0106 SA RADOJI\u010cI\u0106EM I \u0110AKOVI\u0106EM: NEUSKLA\u0110ENOST ZK EVIDENCIJA UZROK VELIKOG BROJA BESPRAVNO IZGRA\u0110ENIH OBJEKATA\"}]},{\"@type\":\"WebSite\",\"@id\":\"https:\/\/www.prijedordanas.com\/#website\",\"url\":\"https:\/\/www.prijedordanas.com\/\",\"name\":\"PrijedorDanas.com - Prijedorski gradski portal\",\"description\":\"Portal o doga\u0111anjima u gradu Prijedoru\",\"publisher\":{\"@id\":\"https:\/\/www.prijedordanas.com\/#organization\"},\"potentialAction\":[{\"@type\":\"SearchAction\",\"target\":{\"@type\":\"EntryPoint\",\"urlTemplate\":\"https:\/\/www.prijedordanas.com\/?s={search_term_string}\"},\"query-input\":\"required name=search_term_string\"}],\"inLanguage\":\"en-US\"},{\"@type\":\"Organization\",\"@id\":\"https:\/\/www.prijedordanas.com\/#organization\",\"name\":\"PrijedorDanas.com\",\"url\":\"https:\/\/www.prijedordanas.com\/\",\"logo\":{\"@type\":\"ImageObject\",\"inLanguage\":\"en-US\",\"@id\":\"https:\/\/www.prijedordanas.com\/#\/schema\/logo\/image\/\",\"url\":\"http:\/\/www.prijedordanas.com\/wp-content\/uploads\/2021\/12\/logopng.png\",\"contentUrl\":\"http:\/\/www.prijedordanas.com\/wp-content\/uploads\/2021\/12\/logopng.png\",\"width\":1019,\"height\":776,\"caption\":\"PrijedorDanas.com\"},\"image\":{\"@id\":\"https:\/\/www.prijedordanas.com\/#\/schema\/logo\/image\/\"},\"sameAs\":[\"https:\/\/www.facebook.com\/PrijedorDanasCom\/\"]},{\"@type\":\"Person\",\"@id\":\"https:\/\/www.prijedordanas.com\/#\/schema\/person\/4e08ccf29b506ca916ff86d46bb700e6\",\"name\":\"admin\",\"image\":{\"@type\":\"ImageObject\",\"inLanguage\":\"en-US\",\"@id\":\"https:\/\/www.prijedordanas.com\/#\/schema\/person\/image\/\",\"url\":\"https:\/\/secure.gravatar.com\/avatar\/1d3fc949d550f0b53a5f0d51e06dfd79?s=96&d=mm&r=g\",\"contentUrl\":\"https:\/\/secure.gravatar.com\/avatar\/1d3fc949d550f0b53a5f0d51e06dfd79?s=96&d=mm&r=g\",\"caption\":\"admin\"},\"url\":\"https:\/\/www.prijedordanas.com\/?author=1\"}]}<\/script>\n<!-- \/ Yoast SEO plugin. -->","yoast_head_json":{"title":"MINISTARKA GOLI\u0106 SA RADOJI\u010cI\u0106EM I \u0110AKOVI\u0106EM: NEUSKLA\u0110ENOST ZK EVIDENCIJA UZROK VELIKOG BROJA BESPRAVNO IZGRA\u0110ENIH OBJEKATA - PrijedorDanas.com - Prijedorski gradski portal","robots":{"index":"index","follow":"follow","max-snippet":"max-snippet:-1","max-image-preview":"max-image-preview:large","max-video-preview":"max-video-preview:-1"},"canonical":"https:\/\/www.prijedordanas.com\/?p=121128","og_locale":"en_US","og_type":"article","og_title":"MINISTARKA GOLI\u0106 SA RADOJI\u010cI\u0106EM I \u0110AKOVI\u0106EM: NEUSKLA\u0110ENOST ZK EVIDENCIJA UZROK VELIKOG BROJA BESPRAVNO IZGRA\u0110ENIH OBJEKATA - PrijedorDanas.com - Prijedorski gradski portal","og_description":"Ministarka za prostorno ure\u0111enje, gra\u0111evinarstvo i ekologiju RS Srebrenka Goli\u0107 kazala je da je ohrabruje informacija iz Republi\u010dke uprave za geodetske i imovinsko-pravne odnose da \u0107e javna izlaganja u svim [&hellip;]","og_url":"https:\/\/www.prijedordanas.com\/?p=121128","og_site_name":"PrijedorDanas.com - Prijedorski gradski portal","article_publisher":"https:\/\/www.facebook.com\/PrijedorDanasCom\/","article_published_time":"2019-02-05T00:28:45+00:00","og_image":[{"url":"https:\/\/www.prijedordanas.com\/wp-content\/uploads\/2019\/02\/vlada-rs-srebrenka-golic-gradonacelnici-300x234.jpg"}],"author":"admin","twitter_card":"summary_large_image","twitter_misc":{"Written by":"admin","Est. reading time":"1 minute"},"schema":{"@context":"https:\/\/schema.org","@graph":[{"@type":"Article","@id":"https:\/\/www.prijedordanas.com\/?p=121128#article","isPartOf":{"@id":"https:\/\/www.prijedordanas.com\/?p=121128"},"author":{"name":"admin","@id":"https:\/\/www.prijedordanas.com\/#\/schema\/person\/4e08ccf29b506ca916ff86d46bb700e6"},"headline":"MINISTARKA GOLI\u0106 SA RADOJI\u010cI\u0106EM I \u0110AKOVI\u0106EM: NEUSKLA\u0110ENOST ZK EVIDENCIJA UZROK VELIKOG BROJA BESPRAVNO IZGRA\u0110ENIH OBJEKATA","datePublished":"2019-02-05T00:28:45+00:00","dateModified":"2019-02-05T00:28:45+00:00","mainEntityOfPage":{"@id":"https:\/\/www.prijedordanas.com\/?p=121128"},"wordCount":295,"publisher":{"@id":"https:\/\/www.prijedordanas.com\/#organization"},"keywords":["sastanak"],"articleSection":["Svakodnevno"],"inLanguage":"en-US"},{"@type":"WebPage","@id":"https:\/\/www.prijedordanas.com\/?p=121128","url":"https:\/\/www.prijedordanas.com\/?p=121128","name":"MINISTARKA GOLI\u0106 SA RADOJI\u010cI\u0106EM I \u0110AKOVI\u0106EM: NEUSKLA\u0110ENOST ZK EVIDENCIJA UZROK VELIKOG BROJA BESPRAVNO IZGRA\u0110ENIH OBJEKATA - PrijedorDanas.com - Prijedorski gradski portal","isPartOf":{"@id":"https:\/\/www.prijedordanas.com\/#website"},"datePublished":"2019-02-05T00:28:45+00:00","dateModified":"2019-02-05T00:28:45+00:00","breadcrumb":{"@id":"https:\/\/www.prijedordanas.com\/?p=121128#breadcrumb"},"inLanguage":"en-US","potentialAction":[{"@type":"ReadAction","target":["https:\/\/www.prijedordanas.com\/?p=121128"]}]},{"@type":"BreadcrumbList","@id":"https:\/\/www.prijedordanas.com\/?p=121128#breadcrumb","itemListElement":[{"@type":"ListItem","position":1,"name":"Home","item":"https:\/\/www.prijedordanas.com\/"},{"@type":"ListItem","position":2,"name":"MINISTARKA GOLI\u0106 SA RADOJI\u010cI\u0106EM I \u0110AKOVI\u0106EM: NEUSKLA\u0110ENOST ZK EVIDENCIJA UZROK VELIKOG BROJA BESPRAVNO IZGRA\u0110ENIH OBJEKATA"}]},{"@type":"WebSite","@id":"https:\/\/www.prijedordanas.com\/#website","url":"https:\/\/www.prijedordanas.com\/","name":"PrijedorDanas.com - Prijedorski gradski portal","description":"Portal o doga\u0111anjima u gradu Prijedoru","publisher":{"@id":"https:\/\/www.prijedordanas.com\/#organization"},"potentialAction":[{"@type":"SearchAction","target":{"@type":"EntryPoint","urlTemplate":"https:\/\/www.prijedordanas.com\/?s={search_term_string}"},"query-input":"required name=search_term_string"}],"inLanguage":"en-US"},{"@type":"Organization","@id":"https:\/\/www.prijedordanas.com\/#organization","name":"PrijedorDanas.com","url":"https:\/\/www.prijedordanas.com\/","logo":{"@type":"ImageObject","inLanguage":"en-US","@id":"https:\/\/www.prijedordanas.com\/#\/schema\/logo\/image\/","url":"http:\/\/www.prijedordanas.com\/wp-content\/uploads\/2021\/12\/logopng.png","contentUrl":"http:\/\/www.prijedordanas.com\/wp-content\/uploads\/2021\/12\/logopng.png","width":1019,"height":776,"caption":"PrijedorDanas.com"},"image":{"@id":"https:\/\/www.prijedordanas.com\/#\/schema\/logo\/image\/"},"sameAs":["https:\/\/www.facebook.com\/PrijedorDanasCom\/"]},{"@type":"Person","@id":"https:\/\/www.prijedordanas.com\/#\/schema\/person\/4e08ccf29b506ca916ff86d46bb700e6","name":"admin","image":{"@type":"ImageObject","inLanguage":"en-US","@id":"https:\/\/www.prijedordanas.com\/#\/schema\/person\/image\/","url":"https:\/\/secure.gravatar.com\/avatar\/1d3fc949d550f0b53a5f0d51e06dfd79?s=96&d=mm&r=g","contentUrl":"https:\/\/secure.gravatar.com\/avatar\/1d3fc949d550f0b53a5f0d51e06dfd79?s=96&d=mm&r=g","caption":"admin"},"url":"https:\/\/www.prijedordanas.com\/?author=1"}]}},"_links":{"self":[{"href":"https:\/\/www.prijedordanas.com\/index.php?rest_route=\/wp\/v2\/posts\/121128"}],"collection":[{"href":"https:\/\/www.prijedordanas.com\/index.php?rest_route=\/wp\/v2\/posts"}],"about":[{"href":"https:\/\/www.prijedordanas.com\/index.php?rest_route=\/wp\/v2\/types\/post"}],"author":[{"embeddable":true,"href":"https:\/\/www.prijedordanas.com\/index.php?rest_route=\/wp\/v2\/users\/1"}],"replies":[{"embeddable":true,"href":"https:\/\/www.prijedordanas.com\/index.php?rest_route=%2Fwp%2Fv2%2Fcomments&post=121128"}],"version-history":[{"count":1,"href":"https:\/\/www.prijedordanas.com\/index.php?rest_route=\/wp\/v2\/posts\/121128\/revisions"}],"predecessor-version":[{"id":121130,"href":"https:\/\/www.prijedordanas.com\/index.php?rest_route=\/wp\/v2\/posts\/121128\/revisions\/121130"}],"wp:attachment":[{"href":"https:\/\/www.prijedordanas.com\/index.php?rest_route=%2Fwp%2Fv2%2Fmedia&parent=121128"}],"wp:term":[{"taxonomy":"category","embeddable":true,"href":"https:\/\/www.prijedordanas.com\/index.php?rest_route=%2Fwp%2Fv2%2Fcategories&post=121128"},{"taxonomy":"post_tag","embeddable":true,"href":"https:\/\/www.prijedordanas.com\/index.php?rest_route=%2Fwp%2Fv2%2Ftags&post=121128"}],"curies":[{"name":"wp","href":"https:\/\/api.w.org\/{rel}","templated":true}]}}