{"id":121118,"date":"2019-02-04T20:43:33","date_gmt":"2019-02-04T19:43:33","guid":{"rendered":"https:\/\/www.prijedordanas.com\/?p=121118"},"modified":"2019-02-04T20:43:33","modified_gmt":"2019-02-04T19:43:33","slug":"prijedor-neobican-primjer-razred-sa-tri-vjeroucitelja-video","status":"publish","type":"post","link":"https:\/\/www.prijedordanas.com\/?p=121118","title":{"rendered":"PRIJEDOR-NEOBI\u010cAN PRIMJER: RAZRED SA TRI VJEROU\u010cITELJA &#8211; VIDEO"},"content":{"rendered":"<p><a href=\"https:\/\/www.prijedordanas.com\/wp-content\/uploads\/2019\/02\/rtrs-vjeroucitelji.jpg\"><img loading=\"lazy\" decoding=\"async\" src=\"https:\/\/www.prijedordanas.com\/wp-content\/uploads\/2019\/02\/rtrs-vjeroucitelji-300x225.jpg\" alt=\"\" width=\"300\" height=\"225\" class=\"alignleft size-medium wp-image-121119\" srcset=\"https:\/\/www.prijedordanas.com\/wp-content\/uploads\/2019\/02\/rtrs-vjeroucitelji-300x225.jpg 300w, https:\/\/www.prijedordanas.com\/wp-content\/uploads\/2019\/02\/rtrs-vjeroucitelji-100x75.jpg 100w, https:\/\/www.prijedordanas.com\/wp-content\/uploads\/2019\/02\/rtrs-vjeroucitelji-640x480.jpg 640w, https:\/\/www.prijedordanas.com\/wp-content\/uploads\/2019\/02\/rtrs-vjeroucitelji.jpg 666w\" sizes=\"(max-width: 300px) 100vw, 300px\" \/><\/a>Iako su uvo\u0111enje vjeronauke, kao obaveznog izbornog predmeta u srednjo\u0161kolski program u Srpskoj, od ove \u0161kolske godine pratili razli\u010diti stavovi, iz prijedorske Ugostiteljsko-ekonomske \u0161kole sti\u017ee neobi\u010dan primjer. Razred Prvi \u010detiri ima tri vjerou\u010ditelja: pravoslavnog, islamskog i katoli\u010dkog. \u0110aci ka\u017eu da su, zahvaljuju\u0107i vjeronauci, mnogo nau\u010dili o drugim vjerama, a profesori &#8211; da je interesantno i u zbornici, jer su dobili nove kolege.<\/p>\n<p>Prvi \u010detiri prijedorske Ugostiteljsko-ekonomske \u0161kole, kombinovan je razred u svakom smislu. Rije\u010d je o kombinaciji odjeljenja konobara i kuvara, ali i razredu sa \u010dak tri vjerou\u010ditelja, pravoslavnog, islamskog i katoli\u010dkog. Iako je tako, \u0111aci ka\u017eu da to ne pravi barijeru me\u0111u njima, ve\u0107 upravo suprotno. Na \u010dasovima vjeronauke, osim o svojoj, u\u010de i o vjeri prijatelja iz klupe, zbog \u010dega se, ka\u017eu, vi\u0161e po\u0161tuju.<\/p>\n<p>&#8220;U mom razredu imaju tri vjeroispovijesti, ja poha\u0111am katoli\u010dku vjeroispovijest. Dosta sam nau\u010dila o drugim vjerama i jako je zanimljivo ne\u0161to drugo \u010duti novo&#8221;, rekla je u\u010denica Ugostiteljsko \u2013 ekonomske \u0161kole Prijedor Vera Mati\u0107.<\/p>\n<p>&#8220;\u010cas je veoma zanimljiv i pou\u010dan, jer vjera nas ustvari prati kroz \u010ditav \u017eivot, \u0161to nam u srednjoj \u0161koli omogu\u0107ava da nau\u010dimo ne\u0161to novo. \u0408ednoistavno saznajemo ne\u0161to o drugim vjerama&#8221;, dodala je u\u010denica Milica Boji\u0107.<\/p>\n<p>Vjerou\u010ditelji tvrde samo pravi vjernik po\u0161tova\u0107e drugog i druga\u010dijeg. Ka\u017eu, \u010dasovi vjeronauke ne razdvajaju srednjo\u0161kolce, ve\u0107 je to upravno ono \u0161to ih \u010dini boljim ljudima.<\/p>\n<p>&#8220;Nijedan vjerou\u010ditelj ne\u0107e ili vjeronauka ne\u0107e djeci predavati ono znanje koje \u0107e i\u0107i na \u0161tetu drugih, dakle, u\u010de se univerzalne vrijednosti koje oplemenjuju \u010dovjeka i kao takve one uti\u010du pozitivno na cjelokupna odjeljenja&#8221;, istakao je vjerou\u010ditelj Islamske vjeronauke efendija Mustafa Mu\u0161i\u0107.<\/p>\n<p>&#8220;Zadivljen sam jer su ovo ipak ljudi intelektualci, par ekselans. Sigurno na vjeronauci ne\u0107e nau\u010diti ni\u0161ta lo\u0161e&#8221;, ka\u017ee vjerou\u010ditelj Katoli\u010dne vjerounauke \u017eupnik Marko Vidovi\u0107.<\/p>\n<p>&#8220;Vjeronauka mo\u017ee tu da pomogne da se bolje upoznamo. Na svakom \u010dasu vjeronauke doti\u010demo se tema iz drugih vjeroispovijesti, religija i tako. U svakom slu\u010daju to je ne\u0161to \u0161to mo\u017ee u\u010denicima pomo\u0107i u \u0161irem sagledavanju, op\u0161te obrazovnom i humanisti\u010dkom&#8221;, naveo je vjerou\u010ditelj Pravoslavne vjeronauke Dejan Kragulj.<\/p>\n<p>U \u0161koli ka\u017eu, su\u017eivot je neminovan, a \u010dasovi vjeronauke doprinose boljem me\u0111usobnom razumijevanju. Profesori tvrde zanimljivo je i u zbornici.<\/p>\n<p>&#8220;Zaista nismo imali nikakvih problema prilikom uvo\u0111enja vjeronauke. Svima nama je interesantno, mogu re\u0107i da je interesantno i nama u zbornici, dobili smo nove kolege, obogatili iskustva i jedni i drugi&#8221;, izjavila je direktorka Ekonomske \u0161kole Prijedor Valentina Sovilj.<\/p>\n<p>Vjeru\u010ditelji ka\u017eu da nijedan predmet ne nudi ono \u0161to nudi vjeronauka, a to je odgoj du\u0161e i da vi\u0161e treba da brine ono \u010demu djecu u\u010de izvan \u0161kolskih ustanova.<\/p>\n<p>RTRS<\/p>\n<div style=\"width: 640px;\" class=\"wp-video\"><!--[if lt IE 9]><script>document.createElement('video');<\/script><![endif]-->\n<video class=\"wp-video-shortcode\" id=\"video-121118-1\" width=\"640\" height=\"360\" preload=\"metadata\" controls=\"controls\"><source type=\"video\/mp4\" src=\"https:\/\/arh3.rtrs.tv\/arhiva\/2019\/02\/04\/tvclip033719.mp4?_=1\" \/><a href=\"https:\/\/arh3.rtrs.tv\/arhiva\/2019\/02\/04\/tvclip033719.mp4\">https:\/\/arh3.rtrs.tv\/arhiva\/2019\/02\/04\/tvclip033719.mp4<\/a><\/video><\/div>\n","protected":false},"excerpt":{"rendered":"<p>Iako su uvo\u0111enje vjeronauke, kao obaveznog izbornog predmeta u srednjo\u0161kolski program u Srpskoj, od ove \u0161kolske godine pratili razli\u010diti stavovi, iz prijedorske Ugostiteljsko-ekonomske \u0161kole sti\u017ee neobi\u010dan primjer. Razred Prvi \u010detiri [&hellip;]<\/p>\n","protected":false},"author":1,"featured_media":0,"comment_status":"closed","ping_status":"open","sticky":false,"template":"","format":"standard","meta":{"_monsterinsights_skip_tracking":false,"_monsterinsights_sitenote_active":false,"_monsterinsights_sitenote_note":"","_monsterinsights_sitenote_category":0,"footnotes":""},"categories":[8],"tags":[10687],"yoast_head":"<!-- This site is optimized with the Yoast SEO plugin v21.6 - https:\/\/yoast.com\/wordpress\/plugins\/seo\/ -->\n<title>PRIJEDOR-NEOBI\u010cAN PRIMJER: RAZRED SA TRI VJEROU\u010cITELJA - VIDEO - PrijedorDanas.com - Prijedorski gradski portal<\/title>\n<meta name=\"robots\" content=\"index, follow, max-snippet:-1, max-image-preview:large, max-video-preview:-1\" \/>\n<link rel=\"canonical\" href=\"https:\/\/www.prijedordanas.com\/?p=121118\" \/>\n<meta property=\"og:locale\" content=\"en_US\" \/>\n<meta property=\"og:type\" content=\"article\" \/>\n<meta property=\"og:title\" content=\"PRIJEDOR-NEOBI\u010cAN PRIMJER: RAZRED SA TRI VJEROU\u010cITELJA - VIDEO - PrijedorDanas.com - Prijedorski gradski portal\" \/>\n<meta property=\"og:description\" content=\"Iako su uvo\u0111enje vjeronauke, kao obaveznog izbornog predmeta u srednjo\u0161kolski program u Srpskoj, od ove \u0161kolske godine pratili razli\u010diti stavovi, iz prijedorske Ugostiteljsko-ekonomske \u0161kole sti\u017ee neobi\u010dan primjer. Razred Prvi \u010detiri [&hellip;]\" \/>\n<meta property=\"og:url\" content=\"https:\/\/www.prijedordanas.com\/?p=121118\" \/>\n<meta property=\"og:site_name\" content=\"PrijedorDanas.com - Prijedorski gradski portal\" \/>\n<meta property=\"article:publisher\" content=\"https:\/\/www.facebook.com\/PrijedorDanasCom\/\" \/>\n<meta property=\"article:published_time\" content=\"2019-02-04T19:43:33+00:00\" \/>\n<meta property=\"og:image\" content=\"https:\/\/www.prijedordanas.com\/wp-content\/uploads\/2019\/02\/rtrs-vjeroucitelji-300x225.jpg\" \/>\n<meta name=\"author\" content=\"admin\" \/>\n<meta name=\"twitter:card\" content=\"summary_large_image\" \/>\n<meta name=\"twitter:label1\" content=\"Written by\" \/>\n\t<meta name=\"twitter:data1\" content=\"admin\" \/>\n\t<meta name=\"twitter:label2\" content=\"Est. reading time\" \/>\n\t<meta name=\"twitter:data2\" content=\"2 minutes\" \/>\n<script type=\"application\/ld+json\" class=\"yoast-schema-graph\">{\"@context\":\"https:\/\/schema.org\",\"@graph\":[{\"@type\":\"Article\",\"@id\":\"https:\/\/www.prijedordanas.com\/?p=121118#article\",\"isPartOf\":{\"@id\":\"https:\/\/www.prijedordanas.com\/?p=121118\"},\"author\":{\"name\":\"admin\",\"@id\":\"https:\/\/www.prijedordanas.com\/#\/schema\/person\/4e08ccf29b506ca916ff86d46bb700e6\"},\"headline\":\"PRIJEDOR-NEOBI\u010cAN PRIMJER: RAZRED SA TRI VJEROU\u010cITELJA &#8211; VIDEO\",\"datePublished\":\"2019-02-04T19:43:33+00:00\",\"dateModified\":\"2019-02-04T19:43:33+00:00\",\"mainEntityOfPage\":{\"@id\":\"https:\/\/www.prijedordanas.com\/?p=121118\"},\"wordCount\":506,\"publisher\":{\"@id\":\"https:\/\/www.prijedordanas.com\/#organization\"},\"keywords\":[\"vjerou\u010ditelj\"],\"articleSection\":[\"Svakodnevno\"],\"inLanguage\":\"en-US\"},{\"@type\":\"WebPage\",\"@id\":\"https:\/\/www.prijedordanas.com\/?p=121118\",\"url\":\"https:\/\/www.prijedordanas.com\/?p=121118\",\"name\":\"PRIJEDOR-NEOBI\u010cAN PRIMJER: RAZRED SA TRI VJEROU\u010cITELJA - VIDEO - PrijedorDanas.com - Prijedorski gradski portal\",\"isPartOf\":{\"@id\":\"https:\/\/www.prijedordanas.com\/#website\"},\"datePublished\":\"2019-02-04T19:43:33+00:00\",\"dateModified\":\"2019-02-04T19:43:33+00:00\",\"breadcrumb\":{\"@id\":\"https:\/\/www.prijedordanas.com\/?p=121118#breadcrumb\"},\"inLanguage\":\"en-US\",\"potentialAction\":[{\"@type\":\"ReadAction\",\"target\":[\"https:\/\/www.prijedordanas.com\/?p=121118\"]}]},{\"@type\":\"BreadcrumbList\",\"@id\":\"https:\/\/www.prijedordanas.com\/?p=121118#breadcrumb\",\"itemListElement\":[{\"@type\":\"ListItem\",\"position\":1,\"name\":\"Home\",\"item\":\"https:\/\/www.prijedordanas.com\/\"},{\"@type\":\"ListItem\",\"position\":2,\"name\":\"PRIJEDOR-NEOBI\u010cAN PRIMJER: RAZRED SA TRI VJEROU\u010cITELJA &#8211; VIDEO\"}]},{\"@type\":\"WebSite\",\"@id\":\"https:\/\/www.prijedordanas.com\/#website\",\"url\":\"https:\/\/www.prijedordanas.com\/\",\"name\":\"PrijedorDanas.com - Prijedorski gradski portal\",\"description\":\"Portal o doga\u0111anjima u gradu Prijedoru\",\"publisher\":{\"@id\":\"https:\/\/www.prijedordanas.com\/#organization\"},\"potentialAction\":[{\"@type\":\"SearchAction\",\"target\":{\"@type\":\"EntryPoint\",\"urlTemplate\":\"https:\/\/www.prijedordanas.com\/?s={search_term_string}\"},\"query-input\":\"required name=search_term_string\"}],\"inLanguage\":\"en-US\"},{\"@type\":\"Organization\",\"@id\":\"https:\/\/www.prijedordanas.com\/#organization\",\"name\":\"PrijedorDanas.com\",\"url\":\"https:\/\/www.prijedordanas.com\/\",\"logo\":{\"@type\":\"ImageObject\",\"inLanguage\":\"en-US\",\"@id\":\"https:\/\/www.prijedordanas.com\/#\/schema\/logo\/image\/\",\"url\":\"http:\/\/www.prijedordanas.com\/wp-content\/uploads\/2021\/12\/logopng.png\",\"contentUrl\":\"http:\/\/www.prijedordanas.com\/wp-content\/uploads\/2021\/12\/logopng.png\",\"width\":1019,\"height\":776,\"caption\":\"PrijedorDanas.com\"},\"image\":{\"@id\":\"https:\/\/www.prijedordanas.com\/#\/schema\/logo\/image\/\"},\"sameAs\":[\"https:\/\/www.facebook.com\/PrijedorDanasCom\/\"]},{\"@type\":\"Person\",\"@id\":\"https:\/\/www.prijedordanas.com\/#\/schema\/person\/4e08ccf29b506ca916ff86d46bb700e6\",\"name\":\"admin\",\"image\":{\"@type\":\"ImageObject\",\"inLanguage\":\"en-US\",\"@id\":\"https:\/\/www.prijedordanas.com\/#\/schema\/person\/image\/\",\"url\":\"https:\/\/secure.gravatar.com\/avatar\/1d3fc949d550f0b53a5f0d51e06dfd79?s=96&d=mm&r=g\",\"contentUrl\":\"https:\/\/secure.gravatar.com\/avatar\/1d3fc949d550f0b53a5f0d51e06dfd79?s=96&d=mm&r=g\",\"caption\":\"admin\"},\"url\":\"https:\/\/www.prijedordanas.com\/?author=1\"}]}<\/script>\n<!-- \/ Yoast SEO plugin. -->","yoast_head_json":{"title":"PRIJEDOR-NEOBI\u010cAN PRIMJER: RAZRED SA TRI VJEROU\u010cITELJA - VIDEO - PrijedorDanas.com - Prijedorski gradski portal","robots":{"index":"index","follow":"follow","max-snippet":"max-snippet:-1","max-image-preview":"max-image-preview:large","max-video-preview":"max-video-preview:-1"},"canonical":"https:\/\/www.prijedordanas.com\/?p=121118","og_locale":"en_US","og_type":"article","og_title":"PRIJEDOR-NEOBI\u010cAN PRIMJER: RAZRED SA TRI VJEROU\u010cITELJA - VIDEO - PrijedorDanas.com - Prijedorski gradski portal","og_description":"Iako su uvo\u0111enje vjeronauke, kao obaveznog izbornog predmeta u srednjo\u0161kolski program u Srpskoj, od ove \u0161kolske godine pratili razli\u010diti stavovi, iz prijedorske Ugostiteljsko-ekonomske \u0161kole sti\u017ee neobi\u010dan primjer. Razred Prvi \u010detiri [&hellip;]","og_url":"https:\/\/www.prijedordanas.com\/?p=121118","og_site_name":"PrijedorDanas.com - Prijedorski gradski portal","article_publisher":"https:\/\/www.facebook.com\/PrijedorDanasCom\/","article_published_time":"2019-02-04T19:43:33+00:00","og_image":[{"url":"https:\/\/www.prijedordanas.com\/wp-content\/uploads\/2019\/02\/rtrs-vjeroucitelji-300x225.jpg"}],"author":"admin","twitter_card":"summary_large_image","twitter_misc":{"Written by":"admin","Est. reading time":"2 minutes"},"schema":{"@context":"https:\/\/schema.org","@graph":[{"@type":"Article","@id":"https:\/\/www.prijedordanas.com\/?p=121118#article","isPartOf":{"@id":"https:\/\/www.prijedordanas.com\/?p=121118"},"author":{"name":"admin","@id":"https:\/\/www.prijedordanas.com\/#\/schema\/person\/4e08ccf29b506ca916ff86d46bb700e6"},"headline":"PRIJEDOR-NEOBI\u010cAN PRIMJER: RAZRED SA TRI VJEROU\u010cITELJA &#8211; VIDEO","datePublished":"2019-02-04T19:43:33+00:00","dateModified":"2019-02-04T19:43:33+00:00","mainEntityOfPage":{"@id":"https:\/\/www.prijedordanas.com\/?p=121118"},"wordCount":506,"publisher":{"@id":"https:\/\/www.prijedordanas.com\/#organization"},"keywords":["vjerou\u010ditelj"],"articleSection":["Svakodnevno"],"inLanguage":"en-US"},{"@type":"WebPage","@id":"https:\/\/www.prijedordanas.com\/?p=121118","url":"https:\/\/www.prijedordanas.com\/?p=121118","name":"PRIJEDOR-NEOBI\u010cAN PRIMJER: RAZRED SA TRI VJEROU\u010cITELJA - VIDEO - PrijedorDanas.com - Prijedorski gradski portal","isPartOf":{"@id":"https:\/\/www.prijedordanas.com\/#website"},"datePublished":"2019-02-04T19:43:33+00:00","dateModified":"2019-02-04T19:43:33+00:00","breadcrumb":{"@id":"https:\/\/www.prijedordanas.com\/?p=121118#breadcrumb"},"inLanguage":"en-US","potentialAction":[{"@type":"ReadAction","target":["https:\/\/www.prijedordanas.com\/?p=121118"]}]},{"@type":"BreadcrumbList","@id":"https:\/\/www.prijedordanas.com\/?p=121118#breadcrumb","itemListElement":[{"@type":"ListItem","position":1,"name":"Home","item":"https:\/\/www.prijedordanas.com\/"},{"@type":"ListItem","position":2,"name":"PRIJEDOR-NEOBI\u010cAN PRIMJER: RAZRED SA TRI VJEROU\u010cITELJA &#8211; VIDEO"}]},{"@type":"WebSite","@id":"https:\/\/www.prijedordanas.com\/#website","url":"https:\/\/www.prijedordanas.com\/","name":"PrijedorDanas.com - Prijedorski gradski portal","description":"Portal o doga\u0111anjima u gradu Prijedoru","publisher":{"@id":"https:\/\/www.prijedordanas.com\/#organization"},"potentialAction":[{"@type":"SearchAction","target":{"@type":"EntryPoint","urlTemplate":"https:\/\/www.prijedordanas.com\/?s={search_term_string}"},"query-input":"required name=search_term_string"}],"inLanguage":"en-US"},{"@type":"Organization","@id":"https:\/\/www.prijedordanas.com\/#organization","name":"PrijedorDanas.com","url":"https:\/\/www.prijedordanas.com\/","logo":{"@type":"ImageObject","inLanguage":"en-US","@id":"https:\/\/www.prijedordanas.com\/#\/schema\/logo\/image\/","url":"http:\/\/www.prijedordanas.com\/wp-content\/uploads\/2021\/12\/logopng.png","contentUrl":"http:\/\/www.prijedordanas.com\/wp-content\/uploads\/2021\/12\/logopng.png","width":1019,"height":776,"caption":"PrijedorDanas.com"},"image":{"@id":"https:\/\/www.prijedordanas.com\/#\/schema\/logo\/image\/"},"sameAs":["https:\/\/www.facebook.com\/PrijedorDanasCom\/"]},{"@type":"Person","@id":"https:\/\/www.prijedordanas.com\/#\/schema\/person\/4e08ccf29b506ca916ff86d46bb700e6","name":"admin","image":{"@type":"ImageObject","inLanguage":"en-US","@id":"https:\/\/www.prijedordanas.com\/#\/schema\/person\/image\/","url":"https:\/\/secure.gravatar.com\/avatar\/1d3fc949d550f0b53a5f0d51e06dfd79?s=96&d=mm&r=g","contentUrl":"https:\/\/secure.gravatar.com\/avatar\/1d3fc949d550f0b53a5f0d51e06dfd79?s=96&d=mm&r=g","caption":"admin"},"url":"https:\/\/www.prijedordanas.com\/?author=1"}]}},"_links":{"self":[{"href":"https:\/\/www.prijedordanas.com\/index.php?rest_route=\/wp\/v2\/posts\/121118"}],"collection":[{"href":"https:\/\/www.prijedordanas.com\/index.php?rest_route=\/wp\/v2\/posts"}],"about":[{"href":"https:\/\/www.prijedordanas.com\/index.php?rest_route=\/wp\/v2\/types\/post"}],"author":[{"embeddable":true,"href":"https:\/\/www.prijedordanas.com\/index.php?rest_route=\/wp\/v2\/users\/1"}],"replies":[{"embeddable":true,"href":"https:\/\/www.prijedordanas.com\/index.php?rest_route=%2Fwp%2Fv2%2Fcomments&post=121118"}],"version-history":[{"count":1,"href":"https:\/\/www.prijedordanas.com\/index.php?rest_route=\/wp\/v2\/posts\/121118\/revisions"}],"predecessor-version":[{"id":121120,"href":"https:\/\/www.prijedordanas.com\/index.php?rest_route=\/wp\/v2\/posts\/121118\/revisions\/121120"}],"wp:attachment":[{"href":"https:\/\/www.prijedordanas.com\/index.php?rest_route=%2Fwp%2Fv2%2Fmedia&parent=121118"}],"wp:term":[{"taxonomy":"category","embeddable":true,"href":"https:\/\/www.prijedordanas.com\/index.php?rest_route=%2Fwp%2Fv2%2Fcategories&post=121118"},{"taxonomy":"post_tag","embeddable":true,"href":"https:\/\/www.prijedordanas.com\/index.php?rest_route=%2Fwp%2Fv2%2Ftags&post=121118"}],"curies":[{"name":"wp","href":"https:\/\/api.w.org\/{rel}","templated":true}]}}