{"id":120893,"date":"2019-01-31T12:52:03","date_gmt":"2019-01-31T11:52:03","guid":{"rendered":"https:\/\/www.prijedordanas.com\/?p=120893"},"modified":"2019-01-31T12:52:03","modified_gmt":"2019-01-31T11:52:03","slug":"odrzano-vece-kulturnog-stvaralastva-u-bistrici-foto-2","status":"publish","type":"post","link":"https:\/\/www.prijedordanas.com\/?p=120893","title":{"rendered":"ODR\u017dANO \u201eVE\u010cE KULTURNOG STVARALA\u0160TVA\u201c U BISTRICI \u2013 FOTO"},"content":{"rendered":"<p><a href=\"https:\/\/www.prijedordanas.com\/wp-content\/uploads\/2019\/01\/vece-kulturnog-stvaralastva-bistrica-2019-1.jpg\"><img loading=\"lazy\" decoding=\"async\" class=\"alignleft size-medium wp-image-120894\" src=\"https:\/\/www.prijedordanas.com\/wp-content\/uploads\/2019\/01\/vece-kulturnog-stvaralastva-bistrica-2019-1-300x230.jpg\" alt=\"\" width=\"300\" height=\"230\" srcset=\"https:\/\/www.prijedordanas.com\/wp-content\/uploads\/2019\/01\/vece-kulturnog-stvaralastva-bistrica-2019-1-300x230.jpg 300w, https:\/\/www.prijedordanas.com\/wp-content\/uploads\/2019\/01\/vece-kulturnog-stvaralastva-bistrica-2019-1-100x77.jpg 100w, https:\/\/www.prijedordanas.com\/wp-content\/uploads\/2019\/01\/vece-kulturnog-stvaralastva-bistrica-2019-1.jpg 651w\" sizes=\"(max-width: 300px) 100vw, 300px\" \/><\/a>U prepunoj sali dru\u0161tvenog doma u Bistrici, u srijedu 30. januara, odr\u017eano je \u201eVe\u010de kulturnog stvarala\u0161tva\u201c.<\/p>\n<p>U programu su u\u010destvovali: Rosana Lazic\u0301, Mihailo Ivic\u0301, David Grabovica i Nik\u0161a Vu\u010dkovac, u\u010denici O\u0160 \u201eJovan Du\u010dic\u0301\u201c Gornja Lamovita &#8211; Podru\u010dno odjeljenje Bistrica, folklorne grupe Sekcije Bistrica-Veric\u0301i, Stefan Lazic\u0301, Luka Vu\u010dkovac i Benjamin Stanojevic\u0301, u\u010denici Muzi\u010dke \u0161kole \u201eSavo Balaban\u201c- Podru\u010dno odjeljenje Omarska, Martina Sekulic\u0301 u\u010desnica Dje\u010dijeg festivala \u201eNovogodi\u0161nje karaoke\u201c, Tanja Piljic\u0301 glumica Dramskog studija \u201e\u017divko Desnica\u201c i \u017eenska pjeva\u010dka grupa KUD \u201ePiskavica\u201c.<\/p>\n<p>Brojne posjetioce u ime Grada Prijedora, pokrovitelja manifestacije, pozdravio je zamjenik gradona\u010delnika Aleksandar Milju\u0161.<\/p>\n<p><a href=\"https:\/\/www.prijedordanas.com\/wp-content\/uploads\/2019\/01\/vece-kulturnog-stvaralastva-bistrica-2019-2.jpg\"><img loading=\"lazy\" decoding=\"async\" src=\"https:\/\/www.prijedordanas.com\/wp-content\/uploads\/2019\/01\/vece-kulturnog-stvaralastva-bistrica-2019-2-300x217.jpg\" alt=\"\" width=\"300\" height=\"217\" class=\"alignleft size-medium wp-image-120895\" srcset=\"https:\/\/www.prijedordanas.com\/wp-content\/uploads\/2019\/01\/vece-kulturnog-stvaralastva-bistrica-2019-2-300x217.jpg 300w, https:\/\/www.prijedordanas.com\/wp-content\/uploads\/2019\/01\/vece-kulturnog-stvaralastva-bistrica-2019-2-100x72.jpg 100w, https:\/\/www.prijedordanas.com\/wp-content\/uploads\/2019\/01\/vece-kulturnog-stvaralastva-bistrica-2019-2.jpg 690w\" sizes=\"(max-width: 300px) 100vw, 300px\" \/><\/a>Na tradicionalnom zimskom kulturnom karavanu, i ovoga puta, na\u0161i mladi, ali i oni ne\u0161to stariji sugra\u0111ani, pokazali su svoj talenat, odnosno \u0161ta su vrijedno u\u010dili i pripremali u proteklom periodu.<\/p>\n<p>S ciljem o\u017eivljavanja i unapre\u0111enja dru\u0161tvenog \u017eivota u na\u0161im selima, Grad Prijedor je proteklih godina, izgradnjom ili obnavljanjem objekata dru\u0161tvenih domova, obezbjedio veoma dobre uslove u mnogim mjesnim zajednicama.<\/p>\n<p>Prijatelji manifestacije su \u201eAutotransport\u201d Prijedor i Tvornica keksa MIRA, \u010dlanica KRA\u0160 grupe.<\/p>\n<p>Sa\u0161a Goronja<\/p>\n<p><a href=\"https:\/\/www.prijedordanas.com\/wp-content\/uploads\/2019\/01\/vece-kulturnog-stvaralastva-bistrica-2019-3.jpg\"><img loading=\"lazy\" decoding=\"async\" src=\"https:\/\/www.prijedordanas.com\/wp-content\/uploads\/2019\/01\/vece-kulturnog-stvaralastva-bistrica-2019-3-300x169.jpg\" alt=\"\" width=\"300\" height=\"169\" class=\"alignleft size-medium wp-image-120896\" srcset=\"https:\/\/www.prijedordanas.com\/wp-content\/uploads\/2019\/01\/vece-kulturnog-stvaralastva-bistrica-2019-3-300x169.jpg 300w, https:\/\/www.prijedordanas.com\/wp-content\/uploads\/2019\/01\/vece-kulturnog-stvaralastva-bistrica-2019-3-100x56.jpg 100w, https:\/\/www.prijedordanas.com\/wp-content\/uploads\/2019\/01\/vece-kulturnog-stvaralastva-bistrica-2019-3.jpg 600w\" sizes=\"(max-width: 300px) 100vw, 300px\" \/><\/a> <a href=\"https:\/\/www.prijedordanas.com\/wp-content\/uploads\/2019\/01\/vece-kulturnog-stvaralastva-bistrica-2019-4.jpg\"><img loading=\"lazy\" decoding=\"async\" src=\"https:\/\/www.prijedordanas.com\/wp-content\/uploads\/2019\/01\/vece-kulturnog-stvaralastva-bistrica-2019-4-300x169.jpg\" alt=\"\" width=\"300\" height=\"169\" class=\"alignleft size-medium wp-image-120897\" srcset=\"https:\/\/www.prijedordanas.com\/wp-content\/uploads\/2019\/01\/vece-kulturnog-stvaralastva-bistrica-2019-4-300x169.jpg 300w, https:\/\/www.prijedordanas.com\/wp-content\/uploads\/2019\/01\/vece-kulturnog-stvaralastva-bistrica-2019-4-100x56.jpg 100w, https:\/\/www.prijedordanas.com\/wp-content\/uploads\/2019\/01\/vece-kulturnog-stvaralastva-bistrica-2019-4.jpg 600w\" sizes=\"(max-width: 300px) 100vw, 300px\" \/><\/a> <a href=\"https:\/\/www.prijedordanas.com\/wp-content\/uploads\/2019\/01\/vece-kulturnog-stvaralastva-bistrica-2019-6.jpg\"><img loading=\"lazy\" decoding=\"async\" src=\"https:\/\/www.prijedordanas.com\/wp-content\/uploads\/2019\/01\/vece-kulturnog-stvaralastva-bistrica-2019-6-169x300.jpg\" alt=\"\" width=\"169\" height=\"300\" class=\"alignleft size-medium wp-image-120898\" srcset=\"https:\/\/www.prijedordanas.com\/wp-content\/uploads\/2019\/01\/vece-kulturnog-stvaralastva-bistrica-2019-6-169x300.jpg 169w, https:\/\/www.prijedordanas.com\/wp-content\/uploads\/2019\/01\/vece-kulturnog-stvaralastva-bistrica-2019-6-56x100.jpg 56w, https:\/\/www.prijedordanas.com\/wp-content\/uploads\/2019\/01\/vece-kulturnog-stvaralastva-bistrica-2019-6.jpg 338w\" sizes=\"(max-width: 169px) 100vw, 169px\" \/><\/a> <a href=\"https:\/\/www.prijedordanas.com\/wp-content\/uploads\/2019\/01\/vece-kulturnog-stvaralastva-bistrica-2019-7.jpg\"><img loading=\"lazy\" decoding=\"async\" src=\"https:\/\/www.prijedordanas.com\/wp-content\/uploads\/2019\/01\/vece-kulturnog-stvaralastva-bistrica-2019-7-169x300.jpg\" alt=\"\" width=\"169\" height=\"300\" class=\"alignleft size-medium wp-image-120899\" srcset=\"https:\/\/www.prijedordanas.com\/wp-content\/uploads\/2019\/01\/vece-kulturnog-stvaralastva-bistrica-2019-7-169x300.jpg 169w, https:\/\/www.prijedordanas.com\/wp-content\/uploads\/2019\/01\/vece-kulturnog-stvaralastva-bistrica-2019-7-56x100.jpg 56w, https:\/\/www.prijedordanas.com\/wp-content\/uploads\/2019\/01\/vece-kulturnog-stvaralastva-bistrica-2019-7.jpg 338w\" sizes=\"(max-width: 169px) 100vw, 169px\" \/><\/a> <a href=\"https:\/\/www.prijedordanas.com\/wp-content\/uploads\/2019\/01\/vece-kulturnog-stvaralastva-bistrica-2019-8.jpg\"><img loading=\"lazy\" decoding=\"async\" src=\"https:\/\/www.prijedordanas.com\/wp-content\/uploads\/2019\/01\/vece-kulturnog-stvaralastva-bistrica-2019-8-169x300.jpg\" alt=\"\" width=\"169\" height=\"300\" class=\"alignleft size-medium wp-image-120900\" srcset=\"https:\/\/www.prijedordanas.com\/wp-content\/uploads\/2019\/01\/vece-kulturnog-stvaralastva-bistrica-2019-8-169x300.jpg 169w, https:\/\/www.prijedordanas.com\/wp-content\/uploads\/2019\/01\/vece-kulturnog-stvaralastva-bistrica-2019-8-56x100.jpg 56w, https:\/\/www.prijedordanas.com\/wp-content\/uploads\/2019\/01\/vece-kulturnog-stvaralastva-bistrica-2019-8.jpg 338w\" sizes=\"(max-width: 169px) 100vw, 169px\" \/><\/a> <a href=\"https:\/\/www.prijedordanas.com\/wp-content\/uploads\/2019\/01\/vece-kulturnog-stvaralastva-bistrica-2019-9.jpg\"><img loading=\"lazy\" decoding=\"async\" src=\"https:\/\/www.prijedordanas.com\/wp-content\/uploads\/2019\/01\/vece-kulturnog-stvaralastva-bistrica-2019-9-169x300.jpg\" alt=\"\" width=\"169\" height=\"300\" class=\"alignleft size-medium wp-image-120901\" srcset=\"https:\/\/www.prijedordanas.com\/wp-content\/uploads\/2019\/01\/vece-kulturnog-stvaralastva-bistrica-2019-9-169x300.jpg 169w, https:\/\/www.prijedordanas.com\/wp-content\/uploads\/2019\/01\/vece-kulturnog-stvaralastva-bistrica-2019-9-56x100.jpg 56w, https:\/\/www.prijedordanas.com\/wp-content\/uploads\/2019\/01\/vece-kulturnog-stvaralastva-bistrica-2019-9.jpg 338w\" sizes=\"(max-width: 169px) 100vw, 169px\" \/><\/a> <a href=\"https:\/\/www.prijedordanas.com\/wp-content\/uploads\/2019\/01\/vece-kulturnog-stvaralastva-bistrica-2019-10.jpg\"><img loading=\"lazy\" decoding=\"async\" src=\"https:\/\/www.prijedordanas.com\/wp-content\/uploads\/2019\/01\/vece-kulturnog-stvaralastva-bistrica-2019-10-169x300.jpg\" alt=\"\" width=\"169\" height=\"300\" class=\"alignleft size-medium wp-image-120902\" srcset=\"https:\/\/www.prijedordanas.com\/wp-content\/uploads\/2019\/01\/vece-kulturnog-stvaralastva-bistrica-2019-10-169x300.jpg 169w, https:\/\/www.prijedordanas.com\/wp-content\/uploads\/2019\/01\/vece-kulturnog-stvaralastva-bistrica-2019-10-56x100.jpg 56w, https:\/\/www.prijedordanas.com\/wp-content\/uploads\/2019\/01\/vece-kulturnog-stvaralastva-bistrica-2019-10.jpg 338w\" sizes=\"(max-width: 169px) 100vw, 169px\" \/><\/a> <a href=\"https:\/\/www.prijedordanas.com\/wp-content\/uploads\/2019\/01\/vece-kulturnog-stvaralastva-bistrica-2019-11.jpg\"><img loading=\"lazy\" decoding=\"async\" src=\"https:\/\/www.prijedordanas.com\/wp-content\/uploads\/2019\/01\/vece-kulturnog-stvaralastva-bistrica-2019-11-169x300.jpg\" alt=\"\" width=\"169\" height=\"300\" class=\"alignleft size-medium wp-image-120903\" srcset=\"https:\/\/www.prijedordanas.com\/wp-content\/uploads\/2019\/01\/vece-kulturnog-stvaralastva-bistrica-2019-11-169x300.jpg 169w, https:\/\/www.prijedordanas.com\/wp-content\/uploads\/2019\/01\/vece-kulturnog-stvaralastva-bistrica-2019-11-56x100.jpg 56w, https:\/\/www.prijedordanas.com\/wp-content\/uploads\/2019\/01\/vece-kulturnog-stvaralastva-bistrica-2019-11.jpg 338w\" sizes=\"(max-width: 169px) 100vw, 169px\" \/><\/a> <a href=\"https:\/\/www.prijedordanas.com\/wp-content\/uploads\/2019\/01\/vece-kulturnog-stvaralastva-bistrica-2019-12.jpg\"><img loading=\"lazy\" decoding=\"async\" src=\"https:\/\/www.prijedordanas.com\/wp-content\/uploads\/2019\/01\/vece-kulturnog-stvaralastva-bistrica-2019-12-169x300.jpg\" alt=\"\" width=\"169\" height=\"300\" class=\"alignleft size-medium wp-image-120904\" srcset=\"https:\/\/www.prijedordanas.com\/wp-content\/uploads\/2019\/01\/vece-kulturnog-stvaralastva-bistrica-2019-12-169x300.jpg 169w, https:\/\/www.prijedordanas.com\/wp-content\/uploads\/2019\/01\/vece-kulturnog-stvaralastva-bistrica-2019-12-56x100.jpg 56w, https:\/\/www.prijedordanas.com\/wp-content\/uploads\/2019\/01\/vece-kulturnog-stvaralastva-bistrica-2019-12.jpg 338w\" sizes=\"(max-width: 169px) 100vw, 169px\" \/><\/a> <a href=\"https:\/\/www.prijedordanas.com\/wp-content\/uploads\/2019\/01\/vece-kulturnog-stvaralastva-bistrica-2019-13.jpg\"><img loading=\"lazy\" decoding=\"async\" src=\"https:\/\/www.prijedordanas.com\/wp-content\/uploads\/2019\/01\/vece-kulturnog-stvaralastva-bistrica-2019-13-169x300.jpg\" alt=\"\" width=\"169\" height=\"300\" class=\"alignleft size-medium wp-image-120905\" srcset=\"https:\/\/www.prijedordanas.com\/wp-content\/uploads\/2019\/01\/vece-kulturnog-stvaralastva-bistrica-2019-13-169x300.jpg 169w, https:\/\/www.prijedordanas.com\/wp-content\/uploads\/2019\/01\/vece-kulturnog-stvaralastva-bistrica-2019-13-56x100.jpg 56w, https:\/\/www.prijedordanas.com\/wp-content\/uploads\/2019\/01\/vece-kulturnog-stvaralastva-bistrica-2019-13.jpg 338w\" sizes=\"(max-width: 169px) 100vw, 169px\" \/><\/a> <a href=\"https:\/\/www.prijedordanas.com\/wp-content\/uploads\/2019\/01\/vece-kulturnog-stvaralastva-bistrica-2019-5.jpg\"><img loading=\"lazy\" decoding=\"async\" src=\"https:\/\/www.prijedordanas.com\/wp-content\/uploads\/2019\/01\/vece-kulturnog-stvaralastva-bistrica-2019-5-300x169.jpg\" alt=\"\" width=\"300\" height=\"169\" class=\"alignleft size-medium wp-image-120906\" srcset=\"https:\/\/www.prijedordanas.com\/wp-content\/uploads\/2019\/01\/vece-kulturnog-stvaralastva-bistrica-2019-5-300x169.jpg 300w, https:\/\/www.prijedordanas.com\/wp-content\/uploads\/2019\/01\/vece-kulturnog-stvaralastva-bistrica-2019-5-100x56.jpg 100w, https:\/\/www.prijedordanas.com\/wp-content\/uploads\/2019\/01\/vece-kulturnog-stvaralastva-bistrica-2019-5.jpg 600w\" sizes=\"(max-width: 300px) 100vw, 300px\" \/><\/a><\/p>\n","protected":false},"excerpt":{"rendered":"<p>U prepunoj sali dru\u0161tvenog doma u Bistrici, u srijedu 30. januara, odr\u017eano je \u201eVe\u010de kulturnog stvarala\u0161tva\u201c. U programu su u\u010destvovali: Rosana Lazic\u0301, Mihailo Ivic\u0301, David Grabovica i Nik\u0161a Vu\u010dkovac, u\u010denici [&hellip;]<\/p>\n","protected":false},"author":1,"featured_media":0,"comment_status":"closed","ping_status":"open","sticky":false,"template":"","format":"standard","meta":{"_monsterinsights_skip_tracking":false,"_monsterinsights_sitenote_active":false,"_monsterinsights_sitenote_note":"","_monsterinsights_sitenote_category":0,"footnotes":""},"categories":[6],"tags":[27,5845],"yoast_head":"<!-- This site is optimized with the Yoast SEO plugin v21.6 - https:\/\/yoast.com\/wordpress\/plugins\/seo\/ -->\n<title>ODR\u017dANO \u201eVE\u010cE KULTURNOG STVARALA\u0160TVA\u201c U BISTRICI \u2013 FOTO - PrijedorDanas.com - Prijedorski gradski portal<\/title>\n<meta name=\"robots\" content=\"index, follow, max-snippet:-1, max-image-preview:large, max-video-preview:-1\" \/>\n<link rel=\"canonical\" href=\"https:\/\/www.prijedordanas.com\/?p=120893\" \/>\n<meta property=\"og:locale\" content=\"en_US\" \/>\n<meta property=\"og:type\" content=\"article\" \/>\n<meta property=\"og:title\" content=\"ODR\u017dANO \u201eVE\u010cE KULTURNOG STVARALA\u0160TVA\u201c U BISTRICI \u2013 FOTO - PrijedorDanas.com - Prijedorski gradski portal\" \/>\n<meta property=\"og:description\" content=\"U prepunoj sali dru\u0161tvenog doma u Bistrici, u srijedu 30. januara, odr\u017eano je \u201eVe\u010de kulturnog stvarala\u0161tva\u201c. U programu su u\u010destvovali: Rosana Lazic\u0301, Mihailo Ivic\u0301, David Grabovica i Nik\u0161a Vu\u010dkovac, u\u010denici [&hellip;]\" \/>\n<meta property=\"og:url\" content=\"https:\/\/www.prijedordanas.com\/?p=120893\" \/>\n<meta property=\"og:site_name\" content=\"PrijedorDanas.com - Prijedorski gradski portal\" \/>\n<meta property=\"article:publisher\" content=\"https:\/\/www.facebook.com\/PrijedorDanasCom\/\" \/>\n<meta property=\"article:published_time\" content=\"2019-01-31T11:52:03+00:00\" \/>\n<meta property=\"og:image\" content=\"https:\/\/www.prijedordanas.com\/wp-content\/uploads\/2019\/01\/vece-kulturnog-stvaralastva-bistrica-2019-1-300x230.jpg\" \/>\n<meta name=\"author\" content=\"admin\" \/>\n<meta name=\"twitter:card\" content=\"summary_large_image\" \/>\n<meta name=\"twitter:label1\" content=\"Written by\" \/>\n\t<meta name=\"twitter:data1\" content=\"admin\" \/>\n\t<meta name=\"twitter:label2\" content=\"Est. reading time\" \/>\n\t<meta name=\"twitter:data2\" content=\"1 minute\" \/>\n<script type=\"application\/ld+json\" class=\"yoast-schema-graph\">{\"@context\":\"https:\/\/schema.org\",\"@graph\":[{\"@type\":\"Article\",\"@id\":\"https:\/\/www.prijedordanas.com\/?p=120893#article\",\"isPartOf\":{\"@id\":\"https:\/\/www.prijedordanas.com\/?p=120893\"},\"author\":{\"name\":\"admin\",\"@id\":\"https:\/\/www.prijedordanas.com\/#\/schema\/person\/4e08ccf29b506ca916ff86d46bb700e6\"},\"headline\":\"ODR\u017dANO \u201eVE\u010cE KULTURNOG STVARALA\u0160TVA\u201c U BISTRICI \u2013 FOTO\",\"datePublished\":\"2019-01-31T11:52:03+00:00\",\"dateModified\":\"2019-01-31T11:52:03+00:00\",\"mainEntityOfPage\":{\"@id\":\"https:\/\/www.prijedordanas.com\/?p=120893\"},\"wordCount\":205,\"publisher\":{\"@id\":\"https:\/\/www.prijedordanas.com\/#organization\"},\"keywords\":[\"Bistrica\",\"Ve\u010de kulturnog stvarala\u0161tva\"],\"articleSection\":[\"Kultura\"],\"inLanguage\":\"en-US\"},{\"@type\":\"WebPage\",\"@id\":\"https:\/\/www.prijedordanas.com\/?p=120893\",\"url\":\"https:\/\/www.prijedordanas.com\/?p=120893\",\"name\":\"ODR\u017dANO \u201eVE\u010cE KULTURNOG STVARALA\u0160TVA\u201c U BISTRICI \u2013 FOTO - PrijedorDanas.com - Prijedorski gradski portal\",\"isPartOf\":{\"@id\":\"https:\/\/www.prijedordanas.com\/#website\"},\"datePublished\":\"2019-01-31T11:52:03+00:00\",\"dateModified\":\"2019-01-31T11:52:03+00:00\",\"breadcrumb\":{\"@id\":\"https:\/\/www.prijedordanas.com\/?p=120893#breadcrumb\"},\"inLanguage\":\"en-US\",\"potentialAction\":[{\"@type\":\"ReadAction\",\"target\":[\"https:\/\/www.prijedordanas.com\/?p=120893\"]}]},{\"@type\":\"BreadcrumbList\",\"@id\":\"https:\/\/www.prijedordanas.com\/?p=120893#breadcrumb\",\"itemListElement\":[{\"@type\":\"ListItem\",\"position\":1,\"name\":\"Home\",\"item\":\"https:\/\/www.prijedordanas.com\/\"},{\"@type\":\"ListItem\",\"position\":2,\"name\":\"ODR\u017dANO \u201eVE\u010cE KULTURNOG STVARALA\u0160TVA\u201c U BISTRICI \u2013 FOTO\"}]},{\"@type\":\"WebSite\",\"@id\":\"https:\/\/www.prijedordanas.com\/#website\",\"url\":\"https:\/\/www.prijedordanas.com\/\",\"name\":\"PrijedorDanas.com - Prijedorski gradski portal\",\"description\":\"Portal o doga\u0111anjima u gradu Prijedoru\",\"publisher\":{\"@id\":\"https:\/\/www.prijedordanas.com\/#organization\"},\"potentialAction\":[{\"@type\":\"SearchAction\",\"target\":{\"@type\":\"EntryPoint\",\"urlTemplate\":\"https:\/\/www.prijedordanas.com\/?s={search_term_string}\"},\"query-input\":\"required name=search_term_string\"}],\"inLanguage\":\"en-US\"},{\"@type\":\"Organization\",\"@id\":\"https:\/\/www.prijedordanas.com\/#organization\",\"name\":\"PrijedorDanas.com\",\"url\":\"https:\/\/www.prijedordanas.com\/\",\"logo\":{\"@type\":\"ImageObject\",\"inLanguage\":\"en-US\",\"@id\":\"https:\/\/www.prijedordanas.com\/#\/schema\/logo\/image\/\",\"url\":\"http:\/\/www.prijedordanas.com\/wp-content\/uploads\/2021\/12\/logopng.png\",\"contentUrl\":\"http:\/\/www.prijedordanas.com\/wp-content\/uploads\/2021\/12\/logopng.png\",\"width\":1019,\"height\":776,\"caption\":\"PrijedorDanas.com\"},\"image\":{\"@id\":\"https:\/\/www.prijedordanas.com\/#\/schema\/logo\/image\/\"},\"sameAs\":[\"https:\/\/www.facebook.com\/PrijedorDanasCom\/\"]},{\"@type\":\"Person\",\"@id\":\"https:\/\/www.prijedordanas.com\/#\/schema\/person\/4e08ccf29b506ca916ff86d46bb700e6\",\"name\":\"admin\",\"image\":{\"@type\":\"ImageObject\",\"inLanguage\":\"en-US\",\"@id\":\"https:\/\/www.prijedordanas.com\/#\/schema\/person\/image\/\",\"url\":\"https:\/\/secure.gravatar.com\/avatar\/1d3fc949d550f0b53a5f0d51e06dfd79?s=96&d=mm&r=g\",\"contentUrl\":\"https:\/\/secure.gravatar.com\/avatar\/1d3fc949d550f0b53a5f0d51e06dfd79?s=96&d=mm&r=g\",\"caption\":\"admin\"},\"url\":\"https:\/\/www.prijedordanas.com\/?author=1\"}]}<\/script>\n<!-- \/ Yoast SEO plugin. -->","yoast_head_json":{"title":"ODR\u017dANO \u201eVE\u010cE KULTURNOG STVARALA\u0160TVA\u201c U BISTRICI \u2013 FOTO - PrijedorDanas.com - Prijedorski gradski portal","robots":{"index":"index","follow":"follow","max-snippet":"max-snippet:-1","max-image-preview":"max-image-preview:large","max-video-preview":"max-video-preview:-1"},"canonical":"https:\/\/www.prijedordanas.com\/?p=120893","og_locale":"en_US","og_type":"article","og_title":"ODR\u017dANO \u201eVE\u010cE KULTURNOG STVARALA\u0160TVA\u201c U BISTRICI \u2013 FOTO - PrijedorDanas.com - Prijedorski gradski portal","og_description":"U prepunoj sali dru\u0161tvenog doma u Bistrici, u srijedu 30. januara, odr\u017eano je \u201eVe\u010de kulturnog stvarala\u0161tva\u201c. U programu su u\u010destvovali: Rosana Lazic\u0301, Mihailo Ivic\u0301, David Grabovica i Nik\u0161a Vu\u010dkovac, u\u010denici [&hellip;]","og_url":"https:\/\/www.prijedordanas.com\/?p=120893","og_site_name":"PrijedorDanas.com - Prijedorski gradski portal","article_publisher":"https:\/\/www.facebook.com\/PrijedorDanasCom\/","article_published_time":"2019-01-31T11:52:03+00:00","og_image":[{"url":"https:\/\/www.prijedordanas.com\/wp-content\/uploads\/2019\/01\/vece-kulturnog-stvaralastva-bistrica-2019-1-300x230.jpg"}],"author":"admin","twitter_card":"summary_large_image","twitter_misc":{"Written by":"admin","Est. reading time":"1 minute"},"schema":{"@context":"https:\/\/schema.org","@graph":[{"@type":"Article","@id":"https:\/\/www.prijedordanas.com\/?p=120893#article","isPartOf":{"@id":"https:\/\/www.prijedordanas.com\/?p=120893"},"author":{"name":"admin","@id":"https:\/\/www.prijedordanas.com\/#\/schema\/person\/4e08ccf29b506ca916ff86d46bb700e6"},"headline":"ODR\u017dANO \u201eVE\u010cE KULTURNOG STVARALA\u0160TVA\u201c U BISTRICI \u2013 FOTO","datePublished":"2019-01-31T11:52:03+00:00","dateModified":"2019-01-31T11:52:03+00:00","mainEntityOfPage":{"@id":"https:\/\/www.prijedordanas.com\/?p=120893"},"wordCount":205,"publisher":{"@id":"https:\/\/www.prijedordanas.com\/#organization"},"keywords":["Bistrica","Ve\u010de kulturnog stvarala\u0161tva"],"articleSection":["Kultura"],"inLanguage":"en-US"},{"@type":"WebPage","@id":"https:\/\/www.prijedordanas.com\/?p=120893","url":"https:\/\/www.prijedordanas.com\/?p=120893","name":"ODR\u017dANO \u201eVE\u010cE KULTURNOG STVARALA\u0160TVA\u201c U BISTRICI \u2013 FOTO - PrijedorDanas.com - Prijedorski gradski portal","isPartOf":{"@id":"https:\/\/www.prijedordanas.com\/#website"},"datePublished":"2019-01-31T11:52:03+00:00","dateModified":"2019-01-31T11:52:03+00:00","breadcrumb":{"@id":"https:\/\/www.prijedordanas.com\/?p=120893#breadcrumb"},"inLanguage":"en-US","potentialAction":[{"@type":"ReadAction","target":["https:\/\/www.prijedordanas.com\/?p=120893"]}]},{"@type":"BreadcrumbList","@id":"https:\/\/www.prijedordanas.com\/?p=120893#breadcrumb","itemListElement":[{"@type":"ListItem","position":1,"name":"Home","item":"https:\/\/www.prijedordanas.com\/"},{"@type":"ListItem","position":2,"name":"ODR\u017dANO \u201eVE\u010cE KULTURNOG STVARALA\u0160TVA\u201c U BISTRICI \u2013 FOTO"}]},{"@type":"WebSite","@id":"https:\/\/www.prijedordanas.com\/#website","url":"https:\/\/www.prijedordanas.com\/","name":"PrijedorDanas.com - Prijedorski gradski portal","description":"Portal o doga\u0111anjima u gradu Prijedoru","publisher":{"@id":"https:\/\/www.prijedordanas.com\/#organization"},"potentialAction":[{"@type":"SearchAction","target":{"@type":"EntryPoint","urlTemplate":"https:\/\/www.prijedordanas.com\/?s={search_term_string}"},"query-input":"required name=search_term_string"}],"inLanguage":"en-US"},{"@type":"Organization","@id":"https:\/\/www.prijedordanas.com\/#organization","name":"PrijedorDanas.com","url":"https:\/\/www.prijedordanas.com\/","logo":{"@type":"ImageObject","inLanguage":"en-US","@id":"https:\/\/www.prijedordanas.com\/#\/schema\/logo\/image\/","url":"http:\/\/www.prijedordanas.com\/wp-content\/uploads\/2021\/12\/logopng.png","contentUrl":"http:\/\/www.prijedordanas.com\/wp-content\/uploads\/2021\/12\/logopng.png","width":1019,"height":776,"caption":"PrijedorDanas.com"},"image":{"@id":"https:\/\/www.prijedordanas.com\/#\/schema\/logo\/image\/"},"sameAs":["https:\/\/www.facebook.com\/PrijedorDanasCom\/"]},{"@type":"Person","@id":"https:\/\/www.prijedordanas.com\/#\/schema\/person\/4e08ccf29b506ca916ff86d46bb700e6","name":"admin","image":{"@type":"ImageObject","inLanguage":"en-US","@id":"https:\/\/www.prijedordanas.com\/#\/schema\/person\/image\/","url":"https:\/\/secure.gravatar.com\/avatar\/1d3fc949d550f0b53a5f0d51e06dfd79?s=96&d=mm&r=g","contentUrl":"https:\/\/secure.gravatar.com\/avatar\/1d3fc949d550f0b53a5f0d51e06dfd79?s=96&d=mm&r=g","caption":"admin"},"url":"https:\/\/www.prijedordanas.com\/?author=1"}]}},"_links":{"self":[{"href":"https:\/\/www.prijedordanas.com\/index.php?rest_route=\/wp\/v2\/posts\/120893"}],"collection":[{"href":"https:\/\/www.prijedordanas.com\/index.php?rest_route=\/wp\/v2\/posts"}],"about":[{"href":"https:\/\/www.prijedordanas.com\/index.php?rest_route=\/wp\/v2\/types\/post"}],"author":[{"embeddable":true,"href":"https:\/\/www.prijedordanas.com\/index.php?rest_route=\/wp\/v2\/users\/1"}],"replies":[{"embeddable":true,"href":"https:\/\/www.prijedordanas.com\/index.php?rest_route=%2Fwp%2Fv2%2Fcomments&post=120893"}],"version-history":[{"count":1,"href":"https:\/\/www.prijedordanas.com\/index.php?rest_route=\/wp\/v2\/posts\/120893\/revisions"}],"predecessor-version":[{"id":120907,"href":"https:\/\/www.prijedordanas.com\/index.php?rest_route=\/wp\/v2\/posts\/120893\/revisions\/120907"}],"wp:attachment":[{"href":"https:\/\/www.prijedordanas.com\/index.php?rest_route=%2Fwp%2Fv2%2Fmedia&parent=120893"}],"wp:term":[{"taxonomy":"category","embeddable":true,"href":"https:\/\/www.prijedordanas.com\/index.php?rest_route=%2Fwp%2Fv2%2Fcategories&post=120893"},{"taxonomy":"post_tag","embeddable":true,"href":"https:\/\/www.prijedordanas.com\/index.php?rest_route=%2Fwp%2Fv2%2Ftags&post=120893"}],"curies":[{"name":"wp","href":"https:\/\/api.w.org\/{rel}","templated":true}]}}