{"id":120879,"date":"2019-01-31T11:19:48","date_gmt":"2019-01-31T10:19:48","guid":{"rendered":"https:\/\/www.prijedordanas.com\/?p=120879"},"modified":"2019-01-31T11:19:48","modified_gmt":"2019-01-31T10:19:48","slug":"fudbalski-savez-rs-bira-najbolje-na-manifestaciji-dan-fudbala-prijedorcanin-ognjen-davidovic-medu-kandidatima","status":"publish","type":"post","link":"https:\/\/www.prijedordanas.com\/?p=120879","title":{"rendered":"FUDBALSKI SAVEZ RS BIRA NAJBOLJE NA MANIFESTACIJI \u201cDAN FUDBALA\u201d: PRIJEDOR\u010cANIN OGNJEN DAVIDOVI\u0106 ME\u0110U KANDIDATIMA"},"content":{"rendered":"<p><a href=\"https:\/\/www.prijedordanas.com\/wp-content\/uploads\/2019\/01\/rudarprijedor-ognjen-davidovic-1.jpg\"><img loading=\"lazy\" decoding=\"async\" src=\"https:\/\/www.prijedordanas.com\/wp-content\/uploads\/2019\/01\/rudarprijedor-ognjen-davidovic-1-300x231.jpg\" alt=\"\" width=\"300\" height=\"231\" class=\"alignleft size-medium wp-image-120880\" srcset=\"https:\/\/www.prijedordanas.com\/wp-content\/uploads\/2019\/01\/rudarprijedor-ognjen-davidovic-1-300x231.jpg 300w, https:\/\/www.prijedordanas.com\/wp-content\/uploads\/2019\/01\/rudarprijedor-ognjen-davidovic-1-100x77.jpg 100w, https:\/\/www.prijedordanas.com\/wp-content\/uploads\/2019\/01\/rudarprijedor-ognjen-davidovic-1.jpg 650w\" sizes=\"(max-width: 300px) 100vw, 300px\" \/><\/a>Stru\u010dni \u017eiri manifestacije &#8220;Dan fudbala&#8221; odabrao je kandidate za priznanja Fudbalskog saveza Republike Srpske na manifestaciji \u201cDan fudbala\u201d koja se odr\u017eava danas u Banjaluci.<\/p>\n<p>Me\u0111u nominovanima, u kategoriji za najperspektivnijeg fudbalera i nagradu &#8220;Sr\u0111an Ka\u010dar&#8221;, nalazi se i Ognjen Davidovi\u0107, kapiten FK Rudar-Prijedor.<\/p>\n<p>Za najboljeg fudbalera u 2018. godini i nagradu &#8220;Velimir Sombolac&#8221; nominovani su:<br \/>\n&#8211; Demir Peco (FK Radnik)<br \/>\n&#8211; Vladan Danilovi\u0107 (FK Borac)<br \/>\n&#8211; Bojan Markovi\u0107 (FK \u017deljezni\u010dar Sport tim)<\/p>\n<p>Za najperspektivnijeg fudbalera i nagradu &#8220;Sr\u0111an Ka\u010dar&#8221; u 2018.godini nominovani su:<br \/>\n&#8211; Marko Brki\u0107 (FK Zvijezda 09)<br \/>\n&#8211; Ognjen Davidovi\u0107 (FK Rudar-Prijedor)<br \/>\n&#8211; Stefan Arbinja (FK Slavija)<\/p>\n<p>Za najboljeg trenera i nagradu &#8220;Ilija Milju\u0161&#8221; u 2018.godini nominovani su:<br \/>\n&#8211; Mladen \u017di\u017eovi\u0107 (FK Radnik)<br \/>\n&#8211; Darko Vojvodi\u0107 (FK Borac)<br \/>\n&#8211; Dragan Mi\u0107i\u0107 (FK Sloga Gornje Crnjelovo)<\/p>\n<p>Za fudbalskog radnika godine u 2018.godini  i nagradu &#8220;Ilija Panteli\u0107&#8221; u konkurenciji su:<br \/>\n&#8211; Bojan Stani\u0161i\u0107 (FK Zvijezda 09)<br \/>\n&#8211; Vico Zeljkovi\u0107 (FK Borac)<br \/>\n&#8211; Zoran Deket (FK Ljubi\u0107)<\/p>\n<p>Za najboljeg sudiju u 2018.godini u konkurenciji su:<br \/>\n-Aleksandar Njegomirovi\u0107 (Prnjavor)<br \/>\n-Jovo Kari\u0107 (Trebinje)<br \/>\n-Dra\u017een Mari\u0107 (Bijeljina)<\/p>\n<p>Priredio \u2013 Aleksandar Drakuli\u0107 \u2013 <a href=\"https:\/\/www.prijedordanas.com\" target=\"_blank\" rel=\"noopener noreferrer\">www.prijedordanas.com<\/a><\/p>\n","protected":false},"excerpt":{"rendered":"<p>Stru\u010dni \u017eiri manifestacije &#8220;Dan fudbala&#8221; odabrao je kandidate za priznanja Fudbalskog saveza Republike Srpske na manifestaciji \u201cDan fudbala\u201d koja se odr\u017eava danas u Banjaluci. Me\u0111u nominovanima, u kategoriji za najperspektivnijeg [&hellip;]<\/p>\n","protected":false},"author":1,"featured_media":0,"comment_status":"closed","ping_status":"open","sticky":false,"template":"","format":"standard","meta":{"_monsterinsights_skip_tracking":false,"_monsterinsights_sitenote_active":false,"_monsterinsights_sitenote_note":"","_monsterinsights_sitenote_category":0,"footnotes":""},"categories":[7],"tags":[9444,934],"yoast_head":"<!-- This site is optimized with the Yoast SEO plugin v21.6 - https:\/\/yoast.com\/wordpress\/plugins\/seo\/ -->\n<title>FUDBALSKI SAVEZ RS BIRA NAJBOLJE NA MANIFESTACIJI \u201cDAN FUDBALA\u201d: PRIJEDOR\u010cANIN OGNJEN DAVIDOVI\u0106 ME\u0110U KANDIDATIMA - PrijedorDanas.com - Prijedorski gradski portal<\/title>\n<meta name=\"robots\" content=\"index, follow, max-snippet:-1, max-image-preview:large, max-video-preview:-1\" \/>\n<link rel=\"canonical\" href=\"https:\/\/www.prijedordanas.com\/?p=120879\" \/>\n<meta property=\"og:locale\" content=\"en_US\" \/>\n<meta property=\"og:type\" content=\"article\" \/>\n<meta property=\"og:title\" content=\"FUDBALSKI SAVEZ RS BIRA NAJBOLJE NA MANIFESTACIJI \u201cDAN FUDBALA\u201d: PRIJEDOR\u010cANIN OGNJEN DAVIDOVI\u0106 ME\u0110U KANDIDATIMA - PrijedorDanas.com - Prijedorski gradski portal\" \/>\n<meta property=\"og:description\" content=\"Stru\u010dni \u017eiri manifestacije &#8220;Dan fudbala&#8221; odabrao je kandidate za priznanja Fudbalskog saveza Republike Srpske na manifestaciji \u201cDan fudbala\u201d koja se odr\u017eava danas u Banjaluci. Me\u0111u nominovanima, u kategoriji za najperspektivnijeg [&hellip;]\" \/>\n<meta property=\"og:url\" content=\"https:\/\/www.prijedordanas.com\/?p=120879\" \/>\n<meta property=\"og:site_name\" content=\"PrijedorDanas.com - Prijedorski gradski portal\" \/>\n<meta property=\"article:publisher\" content=\"https:\/\/www.facebook.com\/PrijedorDanasCom\/\" \/>\n<meta property=\"article:published_time\" content=\"2019-01-31T10:19:48+00:00\" \/>\n<meta property=\"og:image\" content=\"https:\/\/www.prijedordanas.com\/wp-content\/uploads\/2019\/01\/rudarprijedor-ognjen-davidovic-1-300x231.jpg\" \/>\n<meta name=\"author\" content=\"admin\" \/>\n<meta name=\"twitter:card\" content=\"summary_large_image\" \/>\n<meta name=\"twitter:label1\" content=\"Written by\" \/>\n\t<meta name=\"twitter:data1\" content=\"admin\" \/>\n\t<meta name=\"twitter:label2\" content=\"Est. reading time\" \/>\n\t<meta name=\"twitter:data2\" content=\"1 minute\" \/>\n<script type=\"application\/ld+json\" class=\"yoast-schema-graph\">{\"@context\":\"https:\/\/schema.org\",\"@graph\":[{\"@type\":\"Article\",\"@id\":\"https:\/\/www.prijedordanas.com\/?p=120879#article\",\"isPartOf\":{\"@id\":\"https:\/\/www.prijedordanas.com\/?p=120879\"},\"author\":{\"name\":\"admin\",\"@id\":\"https:\/\/www.prijedordanas.com\/#\/schema\/person\/4e08ccf29b506ca916ff86d46bb700e6\"},\"headline\":\"FUDBALSKI SAVEZ RS BIRA NAJBOLJE NA MANIFESTACIJI \u201cDAN FUDBALA\u201d: PRIJEDOR\u010cANIN OGNJEN DAVIDOVI\u0106 ME\u0110U KANDIDATIMA\",\"datePublished\":\"2019-01-31T10:19:48+00:00\",\"dateModified\":\"2019-01-31T10:19:48+00:00\",\"mainEntityOfPage\":{\"@id\":\"https:\/\/www.prijedordanas.com\/?p=120879\"},\"wordCount\":204,\"publisher\":{\"@id\":\"https:\/\/www.prijedordanas.com\/#organization\"},\"keywords\":[\"Dan fudbala Republike Srpske\",\"Ognjen Davidovi\u0107\"],\"articleSection\":[\"Sport\"],\"inLanguage\":\"en-US\"},{\"@type\":\"WebPage\",\"@id\":\"https:\/\/www.prijedordanas.com\/?p=120879\",\"url\":\"https:\/\/www.prijedordanas.com\/?p=120879\",\"name\":\"FUDBALSKI SAVEZ RS BIRA NAJBOLJE NA MANIFESTACIJI \u201cDAN FUDBALA\u201d: PRIJEDOR\u010cANIN OGNJEN DAVIDOVI\u0106 ME\u0110U KANDIDATIMA - PrijedorDanas.com - Prijedorski gradski portal\",\"isPartOf\":{\"@id\":\"https:\/\/www.prijedordanas.com\/#website\"},\"datePublished\":\"2019-01-31T10:19:48+00:00\",\"dateModified\":\"2019-01-31T10:19:48+00:00\",\"breadcrumb\":{\"@id\":\"https:\/\/www.prijedordanas.com\/?p=120879#breadcrumb\"},\"inLanguage\":\"en-US\",\"potentialAction\":[{\"@type\":\"ReadAction\",\"target\":[\"https:\/\/www.prijedordanas.com\/?p=120879\"]}]},{\"@type\":\"BreadcrumbList\",\"@id\":\"https:\/\/www.prijedordanas.com\/?p=120879#breadcrumb\",\"itemListElement\":[{\"@type\":\"ListItem\",\"position\":1,\"name\":\"Home\",\"item\":\"https:\/\/www.prijedordanas.com\/\"},{\"@type\":\"ListItem\",\"position\":2,\"name\":\"FUDBALSKI SAVEZ RS BIRA NAJBOLJE NA MANIFESTACIJI \u201cDAN FUDBALA\u201d: PRIJEDOR\u010cANIN OGNJEN DAVIDOVI\u0106 ME\u0110U KANDIDATIMA\"}]},{\"@type\":\"WebSite\",\"@id\":\"https:\/\/www.prijedordanas.com\/#website\",\"url\":\"https:\/\/www.prijedordanas.com\/\",\"name\":\"PrijedorDanas.com - Prijedorski gradski portal\",\"description\":\"Portal o doga\u0111anjima u gradu Prijedoru\",\"publisher\":{\"@id\":\"https:\/\/www.prijedordanas.com\/#organization\"},\"potentialAction\":[{\"@type\":\"SearchAction\",\"target\":{\"@type\":\"EntryPoint\",\"urlTemplate\":\"https:\/\/www.prijedordanas.com\/?s={search_term_string}\"},\"query-input\":\"required name=search_term_string\"}],\"inLanguage\":\"en-US\"},{\"@type\":\"Organization\",\"@id\":\"https:\/\/www.prijedordanas.com\/#organization\",\"name\":\"PrijedorDanas.com\",\"url\":\"https:\/\/www.prijedordanas.com\/\",\"logo\":{\"@type\":\"ImageObject\",\"inLanguage\":\"en-US\",\"@id\":\"https:\/\/www.prijedordanas.com\/#\/schema\/logo\/image\/\",\"url\":\"http:\/\/www.prijedordanas.com\/wp-content\/uploads\/2021\/12\/logopng.png\",\"contentUrl\":\"http:\/\/www.prijedordanas.com\/wp-content\/uploads\/2021\/12\/logopng.png\",\"width\":1019,\"height\":776,\"caption\":\"PrijedorDanas.com\"},\"image\":{\"@id\":\"https:\/\/www.prijedordanas.com\/#\/schema\/logo\/image\/\"},\"sameAs\":[\"https:\/\/www.facebook.com\/PrijedorDanasCom\/\"]},{\"@type\":\"Person\",\"@id\":\"https:\/\/www.prijedordanas.com\/#\/schema\/person\/4e08ccf29b506ca916ff86d46bb700e6\",\"name\":\"admin\",\"image\":{\"@type\":\"ImageObject\",\"inLanguage\":\"en-US\",\"@id\":\"https:\/\/www.prijedordanas.com\/#\/schema\/person\/image\/\",\"url\":\"https:\/\/secure.gravatar.com\/avatar\/1d3fc949d550f0b53a5f0d51e06dfd79?s=96&d=mm&r=g\",\"contentUrl\":\"https:\/\/secure.gravatar.com\/avatar\/1d3fc949d550f0b53a5f0d51e06dfd79?s=96&d=mm&r=g\",\"caption\":\"admin\"},\"url\":\"https:\/\/www.prijedordanas.com\/?author=1\"}]}<\/script>\n<!-- \/ Yoast SEO plugin. -->","yoast_head_json":{"title":"FUDBALSKI SAVEZ RS BIRA NAJBOLJE NA MANIFESTACIJI \u201cDAN FUDBALA\u201d: PRIJEDOR\u010cANIN OGNJEN DAVIDOVI\u0106 ME\u0110U KANDIDATIMA - PrijedorDanas.com - Prijedorski gradski portal","robots":{"index":"index","follow":"follow","max-snippet":"max-snippet:-1","max-image-preview":"max-image-preview:large","max-video-preview":"max-video-preview:-1"},"canonical":"https:\/\/www.prijedordanas.com\/?p=120879","og_locale":"en_US","og_type":"article","og_title":"FUDBALSKI SAVEZ RS BIRA NAJBOLJE NA MANIFESTACIJI \u201cDAN FUDBALA\u201d: PRIJEDOR\u010cANIN OGNJEN DAVIDOVI\u0106 ME\u0110U KANDIDATIMA - PrijedorDanas.com - Prijedorski gradski portal","og_description":"Stru\u010dni \u017eiri manifestacije &#8220;Dan fudbala&#8221; odabrao je kandidate za priznanja Fudbalskog saveza Republike Srpske na manifestaciji \u201cDan fudbala\u201d koja se odr\u017eava danas u Banjaluci. Me\u0111u nominovanima, u kategoriji za najperspektivnijeg [&hellip;]","og_url":"https:\/\/www.prijedordanas.com\/?p=120879","og_site_name":"PrijedorDanas.com - Prijedorski gradski portal","article_publisher":"https:\/\/www.facebook.com\/PrijedorDanasCom\/","article_published_time":"2019-01-31T10:19:48+00:00","og_image":[{"url":"https:\/\/www.prijedordanas.com\/wp-content\/uploads\/2019\/01\/rudarprijedor-ognjen-davidovic-1-300x231.jpg"}],"author":"admin","twitter_card":"summary_large_image","twitter_misc":{"Written by":"admin","Est. reading time":"1 minute"},"schema":{"@context":"https:\/\/schema.org","@graph":[{"@type":"Article","@id":"https:\/\/www.prijedordanas.com\/?p=120879#article","isPartOf":{"@id":"https:\/\/www.prijedordanas.com\/?p=120879"},"author":{"name":"admin","@id":"https:\/\/www.prijedordanas.com\/#\/schema\/person\/4e08ccf29b506ca916ff86d46bb700e6"},"headline":"FUDBALSKI SAVEZ RS BIRA NAJBOLJE NA MANIFESTACIJI \u201cDAN FUDBALA\u201d: PRIJEDOR\u010cANIN OGNJEN DAVIDOVI\u0106 ME\u0110U KANDIDATIMA","datePublished":"2019-01-31T10:19:48+00:00","dateModified":"2019-01-31T10:19:48+00:00","mainEntityOfPage":{"@id":"https:\/\/www.prijedordanas.com\/?p=120879"},"wordCount":204,"publisher":{"@id":"https:\/\/www.prijedordanas.com\/#organization"},"keywords":["Dan fudbala Republike Srpske","Ognjen Davidovi\u0107"],"articleSection":["Sport"],"inLanguage":"en-US"},{"@type":"WebPage","@id":"https:\/\/www.prijedordanas.com\/?p=120879","url":"https:\/\/www.prijedordanas.com\/?p=120879","name":"FUDBALSKI SAVEZ RS BIRA NAJBOLJE NA MANIFESTACIJI \u201cDAN FUDBALA\u201d: PRIJEDOR\u010cANIN OGNJEN DAVIDOVI\u0106 ME\u0110U KANDIDATIMA - PrijedorDanas.com - Prijedorski gradski portal","isPartOf":{"@id":"https:\/\/www.prijedordanas.com\/#website"},"datePublished":"2019-01-31T10:19:48+00:00","dateModified":"2019-01-31T10:19:48+00:00","breadcrumb":{"@id":"https:\/\/www.prijedordanas.com\/?p=120879#breadcrumb"},"inLanguage":"en-US","potentialAction":[{"@type":"ReadAction","target":["https:\/\/www.prijedordanas.com\/?p=120879"]}]},{"@type":"BreadcrumbList","@id":"https:\/\/www.prijedordanas.com\/?p=120879#breadcrumb","itemListElement":[{"@type":"ListItem","position":1,"name":"Home","item":"https:\/\/www.prijedordanas.com\/"},{"@type":"ListItem","position":2,"name":"FUDBALSKI SAVEZ RS BIRA NAJBOLJE NA MANIFESTACIJI \u201cDAN FUDBALA\u201d: PRIJEDOR\u010cANIN OGNJEN DAVIDOVI\u0106 ME\u0110U KANDIDATIMA"}]},{"@type":"WebSite","@id":"https:\/\/www.prijedordanas.com\/#website","url":"https:\/\/www.prijedordanas.com\/","name":"PrijedorDanas.com - Prijedorski gradski portal","description":"Portal o doga\u0111anjima u gradu Prijedoru","publisher":{"@id":"https:\/\/www.prijedordanas.com\/#organization"},"potentialAction":[{"@type":"SearchAction","target":{"@type":"EntryPoint","urlTemplate":"https:\/\/www.prijedordanas.com\/?s={search_term_string}"},"query-input":"required name=search_term_string"}],"inLanguage":"en-US"},{"@type":"Organization","@id":"https:\/\/www.prijedordanas.com\/#organization","name":"PrijedorDanas.com","url":"https:\/\/www.prijedordanas.com\/","logo":{"@type":"ImageObject","inLanguage":"en-US","@id":"https:\/\/www.prijedordanas.com\/#\/schema\/logo\/image\/","url":"http:\/\/www.prijedordanas.com\/wp-content\/uploads\/2021\/12\/logopng.png","contentUrl":"http:\/\/www.prijedordanas.com\/wp-content\/uploads\/2021\/12\/logopng.png","width":1019,"height":776,"caption":"PrijedorDanas.com"},"image":{"@id":"https:\/\/www.prijedordanas.com\/#\/schema\/logo\/image\/"},"sameAs":["https:\/\/www.facebook.com\/PrijedorDanasCom\/"]},{"@type":"Person","@id":"https:\/\/www.prijedordanas.com\/#\/schema\/person\/4e08ccf29b506ca916ff86d46bb700e6","name":"admin","image":{"@type":"ImageObject","inLanguage":"en-US","@id":"https:\/\/www.prijedordanas.com\/#\/schema\/person\/image\/","url":"https:\/\/secure.gravatar.com\/avatar\/1d3fc949d550f0b53a5f0d51e06dfd79?s=96&d=mm&r=g","contentUrl":"https:\/\/secure.gravatar.com\/avatar\/1d3fc949d550f0b53a5f0d51e06dfd79?s=96&d=mm&r=g","caption":"admin"},"url":"https:\/\/www.prijedordanas.com\/?author=1"}]}},"_links":{"self":[{"href":"https:\/\/www.prijedordanas.com\/index.php?rest_route=\/wp\/v2\/posts\/120879"}],"collection":[{"href":"https:\/\/www.prijedordanas.com\/index.php?rest_route=\/wp\/v2\/posts"}],"about":[{"href":"https:\/\/www.prijedordanas.com\/index.php?rest_route=\/wp\/v2\/types\/post"}],"author":[{"embeddable":true,"href":"https:\/\/www.prijedordanas.com\/index.php?rest_route=\/wp\/v2\/users\/1"}],"replies":[{"embeddable":true,"href":"https:\/\/www.prijedordanas.com\/index.php?rest_route=%2Fwp%2Fv2%2Fcomments&post=120879"}],"version-history":[{"count":1,"href":"https:\/\/www.prijedordanas.com\/index.php?rest_route=\/wp\/v2\/posts\/120879\/revisions"}],"predecessor-version":[{"id":120881,"href":"https:\/\/www.prijedordanas.com\/index.php?rest_route=\/wp\/v2\/posts\/120879\/revisions\/120881"}],"wp:attachment":[{"href":"https:\/\/www.prijedordanas.com\/index.php?rest_route=%2Fwp%2Fv2%2Fmedia&parent=120879"}],"wp:term":[{"taxonomy":"category","embeddable":true,"href":"https:\/\/www.prijedordanas.com\/index.php?rest_route=%2Fwp%2Fv2%2Fcategories&post=120879"},{"taxonomy":"post_tag","embeddable":true,"href":"https:\/\/www.prijedordanas.com\/index.php?rest_route=%2Fwp%2Fv2%2Ftags&post=120879"}],"curies":[{"name":"wp","href":"https:\/\/api.w.org\/{rel}","templated":true}]}}