{"id":12084,"date":"2014-12-10T10:17:56","date_gmt":"2014-12-10T09:17:56","guid":{"rendered":"https:\/\/www.prijedordanas.com\/?p=12084"},"modified":"2014-12-10T10:17:56","modified_gmt":"2014-12-10T09:17:56","slug":"planinarski-mars-rudarska-transverzala","status":"publish","type":"post","link":"https:\/\/www.prijedordanas.com\/?p=12084","title":{"rendered":"PLANINARSKI MAR\u0160 \u201eRUDARSKA TRANSVERZALA\u201c"},"content":{"rendered":"<p><a href=\"https:\/\/www.prijedordanas.com\/wp-content\/uploads\/2014\/12\/pd-klekovaca-rudarska-transverzala-najava.jpg\"><img loading=\"lazy\" decoding=\"async\" src=\"https:\/\/www.prijedordanas.com\/wp-content\/uploads\/2014\/12\/pd-klekovaca-rudarska-transverzala-najava-300x169.jpg\" alt=\"pd klekovaca-rudarska transverzala-najava\" width=\"300\" height=\"169\" class=\"alignleft size-medium wp-image-12082\" srcset=\"https:\/\/www.prijedordanas.com\/wp-content\/uploads\/2014\/12\/pd-klekovaca-rudarska-transverzala-najava-300x169.jpg 300w, https:\/\/www.prijedordanas.com\/wp-content\/uploads\/2014\/12\/pd-klekovaca-rudarska-transverzala-najava.jpg 600w\" sizes=\"(max-width: 300px) 100vw, 300px\" \/><\/a>Planinarsko skija\u0161ko dru\u0161tvo \u201cLjubijski rudar\u201c Prijedor nas je pozvalo da uzmemo u\u010de\u0161\u0107e u tradicionalnom planinarskom mar\u0161u \u201eRudarska transverzala\u201c koji \u0107e se odr\u017eati u subotu 13.12.2014. godine. <\/p>\n<p>Mar\u0161 se odr\u017eava povodom Dana rudara a naziv ovogodi\u0161njeg mar\u0161a je \u201eTragovi rimskog i srednjevijekovnog rudarenja do danas\u201c. <\/p>\n<p>Pje\u0161a\u010di\u0107e se od Blagaja (dolina rijeke Japre) \u2013 Volar (dolina rijeke Volar) \u2013 \u0160urkovac \u2013 Ljubija u du\u017eini od 23km.<\/p>\n<p>Program Mar\u0161a:<br \/>\n8:00 \u2013 Okupljanje planinara u Direkciji u Prijedoru;<br \/>\n8:30 \u2013 polazak autobusom;<br \/>\n9:00 \u2013 dolazak u Blagaj i po\u010detak Mar\u0161a rutom Blagaj-Vitasovci-Volar-\u0160urkovac-Ljubija;<br \/>\n15:00 \u2013 dolazak u Ljubiju;<br \/>\n15:30 \u2013 polazak autobusa za Prijedor;<br \/>\n16:00 \u2013 ru\u010dak u Centralnoj radionici, muzika.<\/p>\n<p>I Op\u0161ti uslovi za u\u010de\u0161\u0107e na Mar\u0161u:  odli\u010dno zdravlje, fizi\u010dka kondicija i psihi\u010dka stabilnost, planinarske cipele (patike ne dolaze u obzir!), odgovaraju\u0107a planinarska odje\u0107a u odnosu na meteo prilike, ranac, kabanica, hrana, voda, \u0161tapovi za hodanje, komplet prve pomo\u0107i, planinarska knji\u017eica sa pla\u0107enom \u010dlanarinom za teku\u0107u godinu.<br \/>\nII Posebni uslovi:  podre\u0111ivanje svojih fizi\u010dkih mogu\u0107nosti mar\u0161evskoj koloni kao cjelini \u2013 disciplinovano pona\u0161anje.<br \/>\nZainteresovani planinari su obavezni izvr\u0161iti prijavu kod Nade Kralj na tel: 052\/216-900 do \u010detvrtka, 11.12.2014. godine do 12h.<br \/>\nPrijavljeni u\u010desnici Mar\u0161a u\u010destvuju na sopstvenu odgovornost!<\/p>\n<p>PRIDRU\u017dITE NAM SE!<\/p>\n<p>PD Klekova\u010da<\/p>\n","protected":false},"excerpt":{"rendered":"<p>Planinarsko skija\u0161ko dru\u0161tvo \u201cLjubijski rudar\u201c Prijedor nas je pozvalo da uzmemo u\u010de\u0161\u0107e u tradicionalnom planinarskom mar\u0161u \u201eRudarska transverzala\u201c koji \u0107e se odr\u017eati u subotu 13.12.2014. godine. Mar\u0161 se odr\u017eava povodom [&hellip;]<\/p>\n","protected":false},"author":1,"featured_media":0,"comment_status":"closed","ping_status":"open","sticky":false,"template":"","format":"standard","meta":{"_monsterinsights_skip_tracking":false,"_monsterinsights_sitenote_active":false,"_monsterinsights_sitenote_note":"","_monsterinsights_sitenote_category":0,"footnotes":""},"categories":[8],"tags":[],"yoast_head":"<!-- This site is optimized with the Yoast SEO plugin v21.6 - https:\/\/yoast.com\/wordpress\/plugins\/seo\/ -->\n<title>PLANINARSKI MAR\u0160 \u201eRUDARSKA TRANSVERZALA\u201c - PrijedorDanas.com - Prijedorski gradski portal<\/title>\n<meta name=\"robots\" content=\"index, follow, max-snippet:-1, max-image-preview:large, max-video-preview:-1\" \/>\n<link rel=\"canonical\" href=\"https:\/\/www.prijedordanas.com\/?p=12084\" \/>\n<meta property=\"og:locale\" content=\"en_US\" \/>\n<meta property=\"og:type\" content=\"article\" \/>\n<meta property=\"og:title\" content=\"PLANINARSKI MAR\u0160 \u201eRUDARSKA TRANSVERZALA\u201c - PrijedorDanas.com - Prijedorski gradski portal\" \/>\n<meta property=\"og:description\" content=\"Planinarsko skija\u0161ko dru\u0161tvo \u201cLjubijski rudar\u201c Prijedor nas je pozvalo da uzmemo u\u010de\u0161\u0107e u tradicionalnom planinarskom mar\u0161u \u201eRudarska transverzala\u201c koji \u0107e se odr\u017eati u subotu 13.12.2014. godine. Mar\u0161 se odr\u017eava povodom [&hellip;]\" \/>\n<meta property=\"og:url\" content=\"https:\/\/www.prijedordanas.com\/?p=12084\" \/>\n<meta property=\"og:site_name\" content=\"PrijedorDanas.com - Prijedorski gradski portal\" \/>\n<meta property=\"article:publisher\" content=\"https:\/\/www.facebook.com\/PrijedorDanasCom\/\" \/>\n<meta property=\"article:published_time\" content=\"2014-12-10T09:17:56+00:00\" \/>\n<meta property=\"og:image\" content=\"https:\/\/www.prijedordanas.com\/wp-content\/uploads\/2014\/12\/pd-klekovaca-rudarska-transverzala-najava-300x169.jpg\" \/>\n<meta name=\"author\" content=\"admin\" \/>\n<meta name=\"twitter:card\" content=\"summary_large_image\" \/>\n<meta name=\"twitter:label1\" content=\"Written by\" \/>\n\t<meta name=\"twitter:data1\" content=\"admin\" \/>\n\t<meta name=\"twitter:label2\" content=\"Est. reading time\" \/>\n\t<meta name=\"twitter:data2\" content=\"1 minute\" \/>\n<script type=\"application\/ld+json\" class=\"yoast-schema-graph\">{\"@context\":\"https:\/\/schema.org\",\"@graph\":[{\"@type\":\"Article\",\"@id\":\"https:\/\/www.prijedordanas.com\/?p=12084#article\",\"isPartOf\":{\"@id\":\"https:\/\/www.prijedordanas.com\/?p=12084\"},\"author\":{\"name\":\"admin\",\"@id\":\"https:\/\/www.prijedordanas.com\/#\/schema\/person\/4e08ccf29b506ca916ff86d46bb700e6\"},\"headline\":\"PLANINARSKI MAR\u0160 \u201eRUDARSKA TRANSVERZALA\u201c\",\"datePublished\":\"2014-12-10T09:17:56+00:00\",\"dateModified\":\"2014-12-10T09:17:56+00:00\",\"mainEntityOfPage\":{\"@id\":\"https:\/\/www.prijedordanas.com\/?p=12084\"},\"wordCount\":225,\"publisher\":{\"@id\":\"https:\/\/www.prijedordanas.com\/#organization\"},\"articleSection\":[\"Svakodnevno\"],\"inLanguage\":\"en-US\"},{\"@type\":\"WebPage\",\"@id\":\"https:\/\/www.prijedordanas.com\/?p=12084\",\"url\":\"https:\/\/www.prijedordanas.com\/?p=12084\",\"name\":\"PLANINARSKI MAR\u0160 \u201eRUDARSKA TRANSVERZALA\u201c - PrijedorDanas.com - Prijedorski gradski portal\",\"isPartOf\":{\"@id\":\"https:\/\/www.prijedordanas.com\/#website\"},\"datePublished\":\"2014-12-10T09:17:56+00:00\",\"dateModified\":\"2014-12-10T09:17:56+00:00\",\"breadcrumb\":{\"@id\":\"https:\/\/www.prijedordanas.com\/?p=12084#breadcrumb\"},\"inLanguage\":\"en-US\",\"potentialAction\":[{\"@type\":\"ReadAction\",\"target\":[\"https:\/\/www.prijedordanas.com\/?p=12084\"]}]},{\"@type\":\"BreadcrumbList\",\"@id\":\"https:\/\/www.prijedordanas.com\/?p=12084#breadcrumb\",\"itemListElement\":[{\"@type\":\"ListItem\",\"position\":1,\"name\":\"Home\",\"item\":\"https:\/\/www.prijedordanas.com\/\"},{\"@type\":\"ListItem\",\"position\":2,\"name\":\"PLANINARSKI MAR\u0160 \u201eRUDARSKA TRANSVERZALA\u201c\"}]},{\"@type\":\"WebSite\",\"@id\":\"https:\/\/www.prijedordanas.com\/#website\",\"url\":\"https:\/\/www.prijedordanas.com\/\",\"name\":\"PrijedorDanas.com - Prijedorski gradski portal\",\"description\":\"Portal o doga\u0111anjima u gradu Prijedoru\",\"publisher\":{\"@id\":\"https:\/\/www.prijedordanas.com\/#organization\"},\"potentialAction\":[{\"@type\":\"SearchAction\",\"target\":{\"@type\":\"EntryPoint\",\"urlTemplate\":\"https:\/\/www.prijedordanas.com\/?s={search_term_string}\"},\"query-input\":\"required name=search_term_string\"}],\"inLanguage\":\"en-US\"},{\"@type\":\"Organization\",\"@id\":\"https:\/\/www.prijedordanas.com\/#organization\",\"name\":\"PrijedorDanas.com\",\"url\":\"https:\/\/www.prijedordanas.com\/\",\"logo\":{\"@type\":\"ImageObject\",\"inLanguage\":\"en-US\",\"@id\":\"https:\/\/www.prijedordanas.com\/#\/schema\/logo\/image\/\",\"url\":\"http:\/\/www.prijedordanas.com\/wp-content\/uploads\/2021\/12\/logopng.png\",\"contentUrl\":\"http:\/\/www.prijedordanas.com\/wp-content\/uploads\/2021\/12\/logopng.png\",\"width\":1019,\"height\":776,\"caption\":\"PrijedorDanas.com\"},\"image\":{\"@id\":\"https:\/\/www.prijedordanas.com\/#\/schema\/logo\/image\/\"},\"sameAs\":[\"https:\/\/www.facebook.com\/PrijedorDanasCom\/\"]},{\"@type\":\"Person\",\"@id\":\"https:\/\/www.prijedordanas.com\/#\/schema\/person\/4e08ccf29b506ca916ff86d46bb700e6\",\"name\":\"admin\",\"image\":{\"@type\":\"ImageObject\",\"inLanguage\":\"en-US\",\"@id\":\"https:\/\/www.prijedordanas.com\/#\/schema\/person\/image\/\",\"url\":\"https:\/\/secure.gravatar.com\/avatar\/1d3fc949d550f0b53a5f0d51e06dfd79?s=96&d=mm&r=g\",\"contentUrl\":\"https:\/\/secure.gravatar.com\/avatar\/1d3fc949d550f0b53a5f0d51e06dfd79?s=96&d=mm&r=g\",\"caption\":\"admin\"},\"url\":\"https:\/\/www.prijedordanas.com\/?author=1\"}]}<\/script>\n<!-- \/ Yoast SEO plugin. -->","yoast_head_json":{"title":"PLANINARSKI MAR\u0160 \u201eRUDARSKA TRANSVERZALA\u201c - PrijedorDanas.com - Prijedorski gradski portal","robots":{"index":"index","follow":"follow","max-snippet":"max-snippet:-1","max-image-preview":"max-image-preview:large","max-video-preview":"max-video-preview:-1"},"canonical":"https:\/\/www.prijedordanas.com\/?p=12084","og_locale":"en_US","og_type":"article","og_title":"PLANINARSKI MAR\u0160 \u201eRUDARSKA TRANSVERZALA\u201c - PrijedorDanas.com - Prijedorski gradski portal","og_description":"Planinarsko skija\u0161ko dru\u0161tvo \u201cLjubijski rudar\u201c Prijedor nas je pozvalo da uzmemo u\u010de\u0161\u0107e u tradicionalnom planinarskom mar\u0161u \u201eRudarska transverzala\u201c koji \u0107e se odr\u017eati u subotu 13.12.2014. godine. Mar\u0161 se odr\u017eava povodom [&hellip;]","og_url":"https:\/\/www.prijedordanas.com\/?p=12084","og_site_name":"PrijedorDanas.com - Prijedorski gradski portal","article_publisher":"https:\/\/www.facebook.com\/PrijedorDanasCom\/","article_published_time":"2014-12-10T09:17:56+00:00","og_image":[{"url":"https:\/\/www.prijedordanas.com\/wp-content\/uploads\/2014\/12\/pd-klekovaca-rudarska-transverzala-najava-300x169.jpg"}],"author":"admin","twitter_card":"summary_large_image","twitter_misc":{"Written by":"admin","Est. reading time":"1 minute"},"schema":{"@context":"https:\/\/schema.org","@graph":[{"@type":"Article","@id":"https:\/\/www.prijedordanas.com\/?p=12084#article","isPartOf":{"@id":"https:\/\/www.prijedordanas.com\/?p=12084"},"author":{"name":"admin","@id":"https:\/\/www.prijedordanas.com\/#\/schema\/person\/4e08ccf29b506ca916ff86d46bb700e6"},"headline":"PLANINARSKI MAR\u0160 \u201eRUDARSKA TRANSVERZALA\u201c","datePublished":"2014-12-10T09:17:56+00:00","dateModified":"2014-12-10T09:17:56+00:00","mainEntityOfPage":{"@id":"https:\/\/www.prijedordanas.com\/?p=12084"},"wordCount":225,"publisher":{"@id":"https:\/\/www.prijedordanas.com\/#organization"},"articleSection":["Svakodnevno"],"inLanguage":"en-US"},{"@type":"WebPage","@id":"https:\/\/www.prijedordanas.com\/?p=12084","url":"https:\/\/www.prijedordanas.com\/?p=12084","name":"PLANINARSKI MAR\u0160 \u201eRUDARSKA TRANSVERZALA\u201c - PrijedorDanas.com - Prijedorski gradski portal","isPartOf":{"@id":"https:\/\/www.prijedordanas.com\/#website"},"datePublished":"2014-12-10T09:17:56+00:00","dateModified":"2014-12-10T09:17:56+00:00","breadcrumb":{"@id":"https:\/\/www.prijedordanas.com\/?p=12084#breadcrumb"},"inLanguage":"en-US","potentialAction":[{"@type":"ReadAction","target":["https:\/\/www.prijedordanas.com\/?p=12084"]}]},{"@type":"BreadcrumbList","@id":"https:\/\/www.prijedordanas.com\/?p=12084#breadcrumb","itemListElement":[{"@type":"ListItem","position":1,"name":"Home","item":"https:\/\/www.prijedordanas.com\/"},{"@type":"ListItem","position":2,"name":"PLANINARSKI MAR\u0160 \u201eRUDARSKA TRANSVERZALA\u201c"}]},{"@type":"WebSite","@id":"https:\/\/www.prijedordanas.com\/#website","url":"https:\/\/www.prijedordanas.com\/","name":"PrijedorDanas.com - Prijedorski gradski portal","description":"Portal o doga\u0111anjima u gradu Prijedoru","publisher":{"@id":"https:\/\/www.prijedordanas.com\/#organization"},"potentialAction":[{"@type":"SearchAction","target":{"@type":"EntryPoint","urlTemplate":"https:\/\/www.prijedordanas.com\/?s={search_term_string}"},"query-input":"required name=search_term_string"}],"inLanguage":"en-US"},{"@type":"Organization","@id":"https:\/\/www.prijedordanas.com\/#organization","name":"PrijedorDanas.com","url":"https:\/\/www.prijedordanas.com\/","logo":{"@type":"ImageObject","inLanguage":"en-US","@id":"https:\/\/www.prijedordanas.com\/#\/schema\/logo\/image\/","url":"http:\/\/www.prijedordanas.com\/wp-content\/uploads\/2021\/12\/logopng.png","contentUrl":"http:\/\/www.prijedordanas.com\/wp-content\/uploads\/2021\/12\/logopng.png","width":1019,"height":776,"caption":"PrijedorDanas.com"},"image":{"@id":"https:\/\/www.prijedordanas.com\/#\/schema\/logo\/image\/"},"sameAs":["https:\/\/www.facebook.com\/PrijedorDanasCom\/"]},{"@type":"Person","@id":"https:\/\/www.prijedordanas.com\/#\/schema\/person\/4e08ccf29b506ca916ff86d46bb700e6","name":"admin","image":{"@type":"ImageObject","inLanguage":"en-US","@id":"https:\/\/www.prijedordanas.com\/#\/schema\/person\/image\/","url":"https:\/\/secure.gravatar.com\/avatar\/1d3fc949d550f0b53a5f0d51e06dfd79?s=96&d=mm&r=g","contentUrl":"https:\/\/secure.gravatar.com\/avatar\/1d3fc949d550f0b53a5f0d51e06dfd79?s=96&d=mm&r=g","caption":"admin"},"url":"https:\/\/www.prijedordanas.com\/?author=1"}]}},"_links":{"self":[{"href":"https:\/\/www.prijedordanas.com\/index.php?rest_route=\/wp\/v2\/posts\/12084"}],"collection":[{"href":"https:\/\/www.prijedordanas.com\/index.php?rest_route=\/wp\/v2\/posts"}],"about":[{"href":"https:\/\/www.prijedordanas.com\/index.php?rest_route=\/wp\/v2\/types\/post"}],"author":[{"embeddable":true,"href":"https:\/\/www.prijedordanas.com\/index.php?rest_route=\/wp\/v2\/users\/1"}],"replies":[{"embeddable":true,"href":"https:\/\/www.prijedordanas.com\/index.php?rest_route=%2Fwp%2Fv2%2Fcomments&post=12084"}],"version-history":[{"count":1,"href":"https:\/\/www.prijedordanas.com\/index.php?rest_route=\/wp\/v2\/posts\/12084\/revisions"}],"predecessor-version":[{"id":12085,"href":"https:\/\/www.prijedordanas.com\/index.php?rest_route=\/wp\/v2\/posts\/12084\/revisions\/12085"}],"wp:attachment":[{"href":"https:\/\/www.prijedordanas.com\/index.php?rest_route=%2Fwp%2Fv2%2Fmedia&parent=12084"}],"wp:term":[{"taxonomy":"category","embeddable":true,"href":"https:\/\/www.prijedordanas.com\/index.php?rest_route=%2Fwp%2Fv2%2Fcategories&post=12084"},{"taxonomy":"post_tag","embeddable":true,"href":"https:\/\/www.prijedordanas.com\/index.php?rest_route=%2Fwp%2Fv2%2Ftags&post=12084"}],"curies":[{"name":"wp","href":"https:\/\/api.w.org\/{rel}","templated":true}]}}