{"id":120683,"date":"2019-01-28T09:29:09","date_gmt":"2019-01-28T08:29:09","guid":{"rendered":"https:\/\/www.prijedordanas.com\/?p=120683"},"modified":"2019-01-28T09:29:09","modified_gmt":"2019-01-28T08:29:09","slug":"olivera-i-gordan-iz-prijedora-pobjednici-emisije-luk-ili-med-nagrada-od-5-000-km-u-humanitarne-svrhe-foto","status":"publish","type":"post","link":"https:\/\/www.prijedordanas.com\/?p=120683","title":{"rendered":"OLIVERA I GORDAN IZ PRIJEDORA POBJEDNICI EMISIJE \u201cLUK ILI MED\u201d: NAGRADA OD 5.000 KM U HUMANITARNE SVRHE \u2013 FOTO"},"content":{"rendered":"<p><a href=\"https:\/\/www.prijedordanas.com\/wp-content\/uploads\/2019\/01\/atv-luk-ili-med-2019-finale-1.jpg\"><img loading=\"lazy\" decoding=\"async\" src=\"https:\/\/www.prijedordanas.com\/wp-content\/uploads\/2019\/01\/atv-luk-ili-med-2019-finale-1-300x218.jpg\" alt=\"\" width=\"300\" height=\"218\" class=\"alignleft size-medium wp-image-120684\" srcset=\"https:\/\/www.prijedordanas.com\/wp-content\/uploads\/2019\/01\/atv-luk-ili-med-2019-finale-1-300x218.jpg 300w, https:\/\/www.prijedordanas.com\/wp-content\/uploads\/2019\/01\/atv-luk-ili-med-2019-finale-1-100x73.jpg 100w, https:\/\/www.prijedordanas.com\/wp-content\/uploads\/2019\/01\/atv-luk-ili-med-2019-finale-1.jpg 689w\" sizes=\"(max-width: 300px) 100vw, 300px\" \/><\/a>Predstavnici Turisti\u010dke organizacije Prijedor Olivera Brdar Mirkovi\u0107 i Gordan Gambiro\u017ea i zvani\u010dno su najbolji kuvari u \u0161estoj sezoni tradicionalnog ATV-ovog kulinarskog takmi\u010denja \u201cLuk ili med\u201d, a nagradu od 5.000 KM koju obezbje\u0111uje Alternativna televizija donira\u0107e, kako ka\u017eu, u humanitarne svrhe.<\/p>\n<p>Drugoplasirana ekipa &#8211; predstavnice Turisti\u010dke organizacije Zvornik, od Alternativne televizije dobile su poklone u vidu vikend putovanja za dvoje.<\/p>\n<p>U najnovijoj, \u0161estoj sezoni, predstavili su se takmi\u010dari iz cijele Republike Srpske, a osim posebne gastronomske ponude, predstavili su i turisti\u010dke potencijale krajeva iz kojih dolaze.<\/p>\n<p>ATV BL<\/p>\n<p><a href=\"https:\/\/www.prijedordanas.com\/wp-content\/uploads\/2019\/01\/atv-luk-ili-med-2019-finale-2.jpg\"><img loading=\"lazy\" decoding=\"async\" src=\"https:\/\/www.prijedordanas.com\/wp-content\/uploads\/2019\/01\/atv-luk-ili-med-2019-finale-2-300x218.jpg\" alt=\"\" width=\"300\" height=\"218\" class=\"alignleft size-medium wp-image-120685\" srcset=\"https:\/\/www.prijedordanas.com\/wp-content\/uploads\/2019\/01\/atv-luk-ili-med-2019-finale-2-300x218.jpg 300w, https:\/\/www.prijedordanas.com\/wp-content\/uploads\/2019\/01\/atv-luk-ili-med-2019-finale-2-100x73.jpg 100w, https:\/\/www.prijedordanas.com\/wp-content\/uploads\/2019\/01\/atv-luk-ili-med-2019-finale-2.jpg 689w\" sizes=\"(max-width: 300px) 100vw, 300px\" \/><\/a> <a href=\"https:\/\/www.prijedordanas.com\/wp-content\/uploads\/2019\/01\/svetosavski-bal-2019-4.jpg\"><img loading=\"lazy\" decoding=\"async\" src=\"https:\/\/www.prijedordanas.com\/wp-content\/uploads\/2019\/01\/svetosavski-bal-2019-4-300x222.jpg\" alt=\"\" width=\"300\" height=\"222\" class=\"alignleft size-medium wp-image-120658\" srcset=\"https:\/\/www.prijedordanas.com\/wp-content\/uploads\/2019\/01\/svetosavski-bal-2019-4-300x222.jpg 300w, https:\/\/www.prijedordanas.com\/wp-content\/uploads\/2019\/01\/svetosavski-bal-2019-4-100x74.jpg 100w, https:\/\/www.prijedordanas.com\/wp-content\/uploads\/2019\/01\/svetosavski-bal-2019-4.jpg 675w\" sizes=\"(max-width: 300px) 100vw, 300px\" \/><\/a> <a href=\"https:\/\/www.prijedordanas.com\/wp-content\/uploads\/2019\/01\/atv-luk-ili-med-2019-finale-3.jpg\"><img loading=\"lazy\" decoding=\"async\" src=\"https:\/\/www.prijedordanas.com\/wp-content\/uploads\/2019\/01\/atv-luk-ili-med-2019-finale-3-300x182.jpg\" alt=\"\" width=\"300\" height=\"182\" class=\"alignleft size-medium wp-image-120686\" srcset=\"https:\/\/www.prijedordanas.com\/wp-content\/uploads\/2019\/01\/atv-luk-ili-med-2019-finale-3-300x182.jpg 300w, https:\/\/www.prijedordanas.com\/wp-content\/uploads\/2019\/01\/atv-luk-ili-med-2019-finale-3-100x61.jpg 100w, https:\/\/www.prijedordanas.com\/wp-content\/uploads\/2019\/01\/atv-luk-ili-med-2019-finale-3.jpg 600w\" sizes=\"(max-width: 300px) 100vw, 300px\" \/><\/a> <a href=\"https:\/\/www.prijedordanas.com\/wp-content\/uploads\/2019\/01\/atv-luk-ili-med-2019-finale-4.jpg\"><img loading=\"lazy\" decoding=\"async\" src=\"https:\/\/www.prijedordanas.com\/wp-content\/uploads\/2019\/01\/atv-luk-ili-med-2019-finale-4-300x182.jpg\" alt=\"\" width=\"300\" height=\"182\" class=\"alignleft size-medium wp-image-120687\" srcset=\"https:\/\/www.prijedordanas.com\/wp-content\/uploads\/2019\/01\/atv-luk-ili-med-2019-finale-4-300x182.jpg 300w, https:\/\/www.prijedordanas.com\/wp-content\/uploads\/2019\/01\/atv-luk-ili-med-2019-finale-4-100x61.jpg 100w, https:\/\/www.prijedordanas.com\/wp-content\/uploads\/2019\/01\/atv-luk-ili-med-2019-finale-4.jpg 600w\" sizes=\"(max-width: 300px) 100vw, 300px\" \/><\/a> <a href=\"https:\/\/www.prijedordanas.com\/wp-content\/uploads\/2019\/01\/atv-luk-ili-med-2019-finale-5.jpg\"><img loading=\"lazy\" decoding=\"async\" src=\"https:\/\/www.prijedordanas.com\/wp-content\/uploads\/2019\/01\/atv-luk-ili-med-2019-finale-5-300x182.jpg\" alt=\"\" width=\"300\" height=\"182\" class=\"alignleft size-medium wp-image-120688\" srcset=\"https:\/\/www.prijedordanas.com\/wp-content\/uploads\/2019\/01\/atv-luk-ili-med-2019-finale-5-300x182.jpg 300w, https:\/\/www.prijedordanas.com\/wp-content\/uploads\/2019\/01\/atv-luk-ili-med-2019-finale-5-100x61.jpg 100w, https:\/\/www.prijedordanas.com\/wp-content\/uploads\/2019\/01\/atv-luk-ili-med-2019-finale-5.jpg 600w\" sizes=\"(max-width: 300px) 100vw, 300px\" \/><\/a><\/p>\n","protected":false},"excerpt":{"rendered":"<p>Predstavnici Turisti\u010dke organizacije Prijedor Olivera Brdar Mirkovi\u0107 i Gordan Gambiro\u017ea i zvani\u010dno su najbolji kuvari u \u0161estoj sezoni tradicionalnog ATV-ovog kulinarskog takmi\u010denja \u201cLuk ili med\u201d, a nagradu od 5.000 KM [&hellip;]<\/p>\n","protected":false},"author":1,"featured_media":0,"comment_status":"closed","ping_status":"open","sticky":false,"template":"","format":"standard","meta":{"_monsterinsights_skip_tracking":false,"_monsterinsights_sitenote_active":false,"_monsterinsights_sitenote_note":"","_monsterinsights_sitenote_category":0,"footnotes":""},"categories":[4],"tags":[],"yoast_head":"<!-- This site is optimized with the Yoast SEO plugin v21.6 - https:\/\/yoast.com\/wordpress\/plugins\/seo\/ -->\n<title>OLIVERA I GORDAN IZ PRIJEDORA POBJEDNICI EMISIJE \u201cLUK ILI MED\u201d: NAGRADA OD 5.000 KM U HUMANITARNE SVRHE \u2013 FOTO - PrijedorDanas.com - Prijedorski gradski portal<\/title>\n<meta name=\"robots\" content=\"index, follow, max-snippet:-1, max-image-preview:large, max-video-preview:-1\" \/>\n<link rel=\"canonical\" href=\"https:\/\/www.prijedordanas.com\/?p=120683\" \/>\n<meta property=\"og:locale\" content=\"en_US\" \/>\n<meta property=\"og:type\" content=\"article\" \/>\n<meta property=\"og:title\" content=\"OLIVERA I GORDAN IZ PRIJEDORA POBJEDNICI EMISIJE \u201cLUK ILI MED\u201d: NAGRADA OD 5.000 KM U HUMANITARNE SVRHE \u2013 FOTO - PrijedorDanas.com - Prijedorski gradski portal\" \/>\n<meta property=\"og:description\" content=\"Predstavnici Turisti\u010dke organizacije Prijedor Olivera Brdar Mirkovi\u0107 i Gordan Gambiro\u017ea i zvani\u010dno su najbolji kuvari u \u0161estoj sezoni tradicionalnog ATV-ovog kulinarskog takmi\u010denja \u201cLuk ili med\u201d, a nagradu od 5.000 KM [&hellip;]\" \/>\n<meta property=\"og:url\" content=\"https:\/\/www.prijedordanas.com\/?p=120683\" \/>\n<meta property=\"og:site_name\" content=\"PrijedorDanas.com - Prijedorski gradski portal\" \/>\n<meta property=\"article:publisher\" content=\"https:\/\/www.facebook.com\/PrijedorDanasCom\/\" \/>\n<meta property=\"article:published_time\" content=\"2019-01-28T08:29:09+00:00\" \/>\n<meta property=\"og:image\" content=\"https:\/\/www.prijedordanas.com\/wp-content\/uploads\/2019\/01\/atv-luk-ili-med-2019-finale-1-300x218.jpg\" \/>\n<meta name=\"author\" content=\"admin\" \/>\n<meta name=\"twitter:card\" content=\"summary_large_image\" \/>\n<meta name=\"twitter:label1\" content=\"Written by\" \/>\n\t<meta name=\"twitter:data1\" content=\"admin\" \/>\n<script type=\"application\/ld+json\" class=\"yoast-schema-graph\">{\"@context\":\"https:\/\/schema.org\",\"@graph\":[{\"@type\":\"Article\",\"@id\":\"https:\/\/www.prijedordanas.com\/?p=120683#article\",\"isPartOf\":{\"@id\":\"https:\/\/www.prijedordanas.com\/?p=120683\"},\"author\":{\"name\":\"admin\",\"@id\":\"https:\/\/www.prijedordanas.com\/#\/schema\/person\/4e08ccf29b506ca916ff86d46bb700e6\"},\"headline\":\"OLIVERA I GORDAN IZ PRIJEDORA POBJEDNICI EMISIJE \u201cLUK ILI MED\u201d: NAGRADA OD 5.000 KM U HUMANITARNE SVRHE \u2013 FOTO\",\"datePublished\":\"2019-01-28T08:29:09+00:00\",\"dateModified\":\"2019-01-28T08:29:09+00:00\",\"mainEntityOfPage\":{\"@id\":\"https:\/\/www.prijedordanas.com\/?p=120683\"},\"wordCount\":113,\"publisher\":{\"@id\":\"https:\/\/www.prijedordanas.com\/#organization\"},\"articleSection\":[\"Dru\u0161tvo\"],\"inLanguage\":\"en-US\"},{\"@type\":\"WebPage\",\"@id\":\"https:\/\/www.prijedordanas.com\/?p=120683\",\"url\":\"https:\/\/www.prijedordanas.com\/?p=120683\",\"name\":\"OLIVERA I GORDAN IZ PRIJEDORA POBJEDNICI EMISIJE \u201cLUK ILI MED\u201d: NAGRADA OD 5.000 KM U HUMANITARNE SVRHE \u2013 FOTO - PrijedorDanas.com - Prijedorski gradski portal\",\"isPartOf\":{\"@id\":\"https:\/\/www.prijedordanas.com\/#website\"},\"datePublished\":\"2019-01-28T08:29:09+00:00\",\"dateModified\":\"2019-01-28T08:29:09+00:00\",\"breadcrumb\":{\"@id\":\"https:\/\/www.prijedordanas.com\/?p=120683#breadcrumb\"},\"inLanguage\":\"en-US\",\"potentialAction\":[{\"@type\":\"ReadAction\",\"target\":[\"https:\/\/www.prijedordanas.com\/?p=120683\"]}]},{\"@type\":\"BreadcrumbList\",\"@id\":\"https:\/\/www.prijedordanas.com\/?p=120683#breadcrumb\",\"itemListElement\":[{\"@type\":\"ListItem\",\"position\":1,\"name\":\"Home\",\"item\":\"https:\/\/www.prijedordanas.com\/\"},{\"@type\":\"ListItem\",\"position\":2,\"name\":\"OLIVERA I GORDAN IZ PRIJEDORA POBJEDNICI EMISIJE \u201cLUK ILI MED\u201d: NAGRADA OD 5.000 KM U HUMANITARNE SVRHE \u2013 FOTO\"}]},{\"@type\":\"WebSite\",\"@id\":\"https:\/\/www.prijedordanas.com\/#website\",\"url\":\"https:\/\/www.prijedordanas.com\/\",\"name\":\"PrijedorDanas.com - Prijedorski gradski portal\",\"description\":\"Portal o doga\u0111anjima u gradu Prijedoru\",\"publisher\":{\"@id\":\"https:\/\/www.prijedordanas.com\/#organization\"},\"potentialAction\":[{\"@type\":\"SearchAction\",\"target\":{\"@type\":\"EntryPoint\",\"urlTemplate\":\"https:\/\/www.prijedordanas.com\/?s={search_term_string}\"},\"query-input\":\"required name=search_term_string\"}],\"inLanguage\":\"en-US\"},{\"@type\":\"Organization\",\"@id\":\"https:\/\/www.prijedordanas.com\/#organization\",\"name\":\"PrijedorDanas.com\",\"url\":\"https:\/\/www.prijedordanas.com\/\",\"logo\":{\"@type\":\"ImageObject\",\"inLanguage\":\"en-US\",\"@id\":\"https:\/\/www.prijedordanas.com\/#\/schema\/logo\/image\/\",\"url\":\"http:\/\/www.prijedordanas.com\/wp-content\/uploads\/2021\/12\/logopng.png\",\"contentUrl\":\"http:\/\/www.prijedordanas.com\/wp-content\/uploads\/2021\/12\/logopng.png\",\"width\":1019,\"height\":776,\"caption\":\"PrijedorDanas.com\"},\"image\":{\"@id\":\"https:\/\/www.prijedordanas.com\/#\/schema\/logo\/image\/\"},\"sameAs\":[\"https:\/\/www.facebook.com\/PrijedorDanasCom\/\"]},{\"@type\":\"Person\",\"@id\":\"https:\/\/www.prijedordanas.com\/#\/schema\/person\/4e08ccf29b506ca916ff86d46bb700e6\",\"name\":\"admin\",\"image\":{\"@type\":\"ImageObject\",\"inLanguage\":\"en-US\",\"@id\":\"https:\/\/www.prijedordanas.com\/#\/schema\/person\/image\/\",\"url\":\"https:\/\/secure.gravatar.com\/avatar\/1d3fc949d550f0b53a5f0d51e06dfd79?s=96&d=mm&r=g\",\"contentUrl\":\"https:\/\/secure.gravatar.com\/avatar\/1d3fc949d550f0b53a5f0d51e06dfd79?s=96&d=mm&r=g\",\"caption\":\"admin\"},\"url\":\"https:\/\/www.prijedordanas.com\/?author=1\"}]}<\/script>\n<!-- \/ Yoast SEO plugin. -->","yoast_head_json":{"title":"OLIVERA I GORDAN IZ PRIJEDORA POBJEDNICI EMISIJE \u201cLUK ILI MED\u201d: NAGRADA OD 5.000 KM U HUMANITARNE SVRHE \u2013 FOTO - PrijedorDanas.com - Prijedorski gradski portal","robots":{"index":"index","follow":"follow","max-snippet":"max-snippet:-1","max-image-preview":"max-image-preview:large","max-video-preview":"max-video-preview:-1"},"canonical":"https:\/\/www.prijedordanas.com\/?p=120683","og_locale":"en_US","og_type":"article","og_title":"OLIVERA I GORDAN IZ PRIJEDORA POBJEDNICI EMISIJE \u201cLUK ILI MED\u201d: NAGRADA OD 5.000 KM U HUMANITARNE SVRHE \u2013 FOTO - PrijedorDanas.com - Prijedorski gradski portal","og_description":"Predstavnici Turisti\u010dke organizacije Prijedor Olivera Brdar Mirkovi\u0107 i Gordan Gambiro\u017ea i zvani\u010dno su najbolji kuvari u \u0161estoj sezoni tradicionalnog ATV-ovog kulinarskog takmi\u010denja \u201cLuk ili med\u201d, a nagradu od 5.000 KM [&hellip;]","og_url":"https:\/\/www.prijedordanas.com\/?p=120683","og_site_name":"PrijedorDanas.com - Prijedorski gradski portal","article_publisher":"https:\/\/www.facebook.com\/PrijedorDanasCom\/","article_published_time":"2019-01-28T08:29:09+00:00","og_image":[{"url":"https:\/\/www.prijedordanas.com\/wp-content\/uploads\/2019\/01\/atv-luk-ili-med-2019-finale-1-300x218.jpg"}],"author":"admin","twitter_card":"summary_large_image","twitter_misc":{"Written by":"admin"},"schema":{"@context":"https:\/\/schema.org","@graph":[{"@type":"Article","@id":"https:\/\/www.prijedordanas.com\/?p=120683#article","isPartOf":{"@id":"https:\/\/www.prijedordanas.com\/?p=120683"},"author":{"name":"admin","@id":"https:\/\/www.prijedordanas.com\/#\/schema\/person\/4e08ccf29b506ca916ff86d46bb700e6"},"headline":"OLIVERA I GORDAN IZ PRIJEDORA POBJEDNICI EMISIJE \u201cLUK ILI MED\u201d: NAGRADA OD 5.000 KM U HUMANITARNE SVRHE \u2013 FOTO","datePublished":"2019-01-28T08:29:09+00:00","dateModified":"2019-01-28T08:29:09+00:00","mainEntityOfPage":{"@id":"https:\/\/www.prijedordanas.com\/?p=120683"},"wordCount":113,"publisher":{"@id":"https:\/\/www.prijedordanas.com\/#organization"},"articleSection":["Dru\u0161tvo"],"inLanguage":"en-US"},{"@type":"WebPage","@id":"https:\/\/www.prijedordanas.com\/?p=120683","url":"https:\/\/www.prijedordanas.com\/?p=120683","name":"OLIVERA I GORDAN IZ PRIJEDORA POBJEDNICI EMISIJE \u201cLUK ILI MED\u201d: NAGRADA OD 5.000 KM U HUMANITARNE SVRHE \u2013 FOTO - PrijedorDanas.com - Prijedorski gradski portal","isPartOf":{"@id":"https:\/\/www.prijedordanas.com\/#website"},"datePublished":"2019-01-28T08:29:09+00:00","dateModified":"2019-01-28T08:29:09+00:00","breadcrumb":{"@id":"https:\/\/www.prijedordanas.com\/?p=120683#breadcrumb"},"inLanguage":"en-US","potentialAction":[{"@type":"ReadAction","target":["https:\/\/www.prijedordanas.com\/?p=120683"]}]},{"@type":"BreadcrumbList","@id":"https:\/\/www.prijedordanas.com\/?p=120683#breadcrumb","itemListElement":[{"@type":"ListItem","position":1,"name":"Home","item":"https:\/\/www.prijedordanas.com\/"},{"@type":"ListItem","position":2,"name":"OLIVERA I GORDAN IZ PRIJEDORA POBJEDNICI EMISIJE \u201cLUK ILI MED\u201d: NAGRADA OD 5.000 KM U HUMANITARNE SVRHE \u2013 FOTO"}]},{"@type":"WebSite","@id":"https:\/\/www.prijedordanas.com\/#website","url":"https:\/\/www.prijedordanas.com\/","name":"PrijedorDanas.com - Prijedorski gradski portal","description":"Portal o doga\u0111anjima u gradu Prijedoru","publisher":{"@id":"https:\/\/www.prijedordanas.com\/#organization"},"potentialAction":[{"@type":"SearchAction","target":{"@type":"EntryPoint","urlTemplate":"https:\/\/www.prijedordanas.com\/?s={search_term_string}"},"query-input":"required name=search_term_string"}],"inLanguage":"en-US"},{"@type":"Organization","@id":"https:\/\/www.prijedordanas.com\/#organization","name":"PrijedorDanas.com","url":"https:\/\/www.prijedordanas.com\/","logo":{"@type":"ImageObject","inLanguage":"en-US","@id":"https:\/\/www.prijedordanas.com\/#\/schema\/logo\/image\/","url":"http:\/\/www.prijedordanas.com\/wp-content\/uploads\/2021\/12\/logopng.png","contentUrl":"http:\/\/www.prijedordanas.com\/wp-content\/uploads\/2021\/12\/logopng.png","width":1019,"height":776,"caption":"PrijedorDanas.com"},"image":{"@id":"https:\/\/www.prijedordanas.com\/#\/schema\/logo\/image\/"},"sameAs":["https:\/\/www.facebook.com\/PrijedorDanasCom\/"]},{"@type":"Person","@id":"https:\/\/www.prijedordanas.com\/#\/schema\/person\/4e08ccf29b506ca916ff86d46bb700e6","name":"admin","image":{"@type":"ImageObject","inLanguage":"en-US","@id":"https:\/\/www.prijedordanas.com\/#\/schema\/person\/image\/","url":"https:\/\/secure.gravatar.com\/avatar\/1d3fc949d550f0b53a5f0d51e06dfd79?s=96&d=mm&r=g","contentUrl":"https:\/\/secure.gravatar.com\/avatar\/1d3fc949d550f0b53a5f0d51e06dfd79?s=96&d=mm&r=g","caption":"admin"},"url":"https:\/\/www.prijedordanas.com\/?author=1"}]}},"_links":{"self":[{"href":"https:\/\/www.prijedordanas.com\/index.php?rest_route=\/wp\/v2\/posts\/120683"}],"collection":[{"href":"https:\/\/www.prijedordanas.com\/index.php?rest_route=\/wp\/v2\/posts"}],"about":[{"href":"https:\/\/www.prijedordanas.com\/index.php?rest_route=\/wp\/v2\/types\/post"}],"author":[{"embeddable":true,"href":"https:\/\/www.prijedordanas.com\/index.php?rest_route=\/wp\/v2\/users\/1"}],"replies":[{"embeddable":true,"href":"https:\/\/www.prijedordanas.com\/index.php?rest_route=%2Fwp%2Fv2%2Fcomments&post=120683"}],"version-history":[{"count":1,"href":"https:\/\/www.prijedordanas.com\/index.php?rest_route=\/wp\/v2\/posts\/120683\/revisions"}],"predecessor-version":[{"id":120689,"href":"https:\/\/www.prijedordanas.com\/index.php?rest_route=\/wp\/v2\/posts\/120683\/revisions\/120689"}],"wp:attachment":[{"href":"https:\/\/www.prijedordanas.com\/index.php?rest_route=%2Fwp%2Fv2%2Fmedia&parent=120683"}],"wp:term":[{"taxonomy":"category","embeddable":true,"href":"https:\/\/www.prijedordanas.com\/index.php?rest_route=%2Fwp%2Fv2%2Fcategories&post=120683"},{"taxonomy":"post_tag","embeddable":true,"href":"https:\/\/www.prijedordanas.com\/index.php?rest_route=%2Fwp%2Fv2%2Ftags&post=120683"}],"curies":[{"name":"wp","href":"https:\/\/api.w.org\/{rel}","templated":true}]}}