{"id":120614,"date":"2019-01-27T18:22:42","date_gmt":"2019-01-27T17:22:42","guid":{"rendered":"https:\/\/www.prijedordanas.com\/?p=120614"},"modified":"2019-01-27T18:42:28","modified_gmt":"2019-01-27T17:42:28","slug":"prijedor-odrzana-svetosavska-akademija-dragana-brkic-drazenka-jovicin-i-slobodan-ivkovic-dobitnici-povelja","status":"publish","type":"post","link":"https:\/\/www.prijedordanas.com\/?p=120614","title":{"rendered":"PRIJEDOR-ODR\u017dANA SVETOSAVSKA AKADEMIJA: DRAGANA BRKI\u0106, DRA\u017dENKA JOVI\u010cIN I SLOBODAN IVKOVI\u0106 DOBITNICI POVELJA"},"content":{"rendered":"<p><a href=\"https:\/\/www.prijedordanas.com\/wp-content\/uploads\/2019\/01\/svetosavska-akademija-2019-1.jpg\"><img loading=\"lazy\" decoding=\"async\" class=\"alignleft size-medium wp-image-120615\" src=\"https:\/\/www.prijedordanas.com\/wp-content\/uploads\/2019\/01\/svetosavska-akademija-2019-1-300x256.jpg\" alt=\"\" width=\"300\" height=\"256\" srcset=\"https:\/\/www.prijedordanas.com\/wp-content\/uploads\/2019\/01\/svetosavska-akademija-2019-1-300x256.jpg 300w, https:\/\/www.prijedordanas.com\/wp-content\/uploads\/2019\/01\/svetosavska-akademija-2019-1-100x85.jpg 100w, https:\/\/www.prijedordanas.com\/wp-content\/uploads\/2019\/01\/svetosavska-akademija-2019-1.jpg 585w\" sizes=\"(max-width: 300px) 100vw, 300px\" \/><\/a>Svetosavska akademija odr\u017eana je i u Prijedoru. Progla\u0161eni su najbolji prosvjetni radnici, za \u0161kolsku 2017\/2018.godinu &#8211; Dragana Brki\u0107, nastavnica razredne nastave u O\u0160 &#8220;Branko \u0106opi\u0107&#8221;, nastavnica muzi\u010dke kulture u O\u0160 &#8220;Petar Ko\u010di\u0107&#8221; Dra\u017eenka \u0408ovi\u010din i Slobodan Ivkovi\u0107, profesor ma\u0161inske grupe predmeta u Ma\u0161inskoj \u0161koli Prijedor.<\/p>\n<p>&#8211; Velika je \u010dast i zadovoljstvo biti nagra\u0111en poveljom Svetog Save kao najbolji u\u010ditelj u gradu Prijedoru. Naravno da je to veliki motiv i podsticaj za budu\u0107i rad I, svakako, velika obaveza da i budu\u0107im generacijama s istom voljom, \u017earom i entuzijazmom prenosimo znanja &#8211; istakla je Dragana Brki\u0107.<\/p>\n<p>&#8211; Mnogo mi zna\u010di ova nagrada i \u017eelim da zahvalim svom kolektivu, koji mi je pomagao i pru\u017eao podr\u0161ku u svim mojim projektima, upravi \u0161kole i, naravno, najvi\u0161e svojim dragim \u0111acima bez \u010dije vredno\u0107e i samopo\u017ertvovanja ne bi svega ovog bilo &#8211; navela je Dra\u017eenka \u0408ovi\u010din.<\/p>\n<p>Prisutnima se obratio gradona\u010delnik Milenko \u0110akovi\u0107 a za svetosavsku besjedu bio je \u201czadu\u017een\u201d Milo Lompar, istori\u010dar knji\u017eevnosti iz Beograda.<\/p>\n<p>Tokom umjetni\u010dkog dijela programa izveden je muzi\u010dko-scenski recital \u201cZapali u nama sunca neugasiva\u201d.<\/p>\n<p>U program su u\u010destvovali hor Srpskog pjeva\u010dkog dru\u0161tva \u201cVila\u201d, Bora Dugi\u0107 i Boban Prodanovi\u0107, vokalna grupa Katarine Gojkovi\u0107, kao i glumci Pozori\u0161ta Prijedor Tatjana Binja\u0161 Batoz, Dean Batoz, Sr\u0111an Knjeginji\u0107 i Milo\u0161 Rom\u010devi\u0107.<\/p>\n<p>RTRS<\/p>\n<p><a href=\"https:\/\/www.prijedordanas.com\/wp-content\/uploads\/2019\/01\/svetosavska-akademija-2019-2.jpg\"><img loading=\"lazy\" decoding=\"async\" src=\"https:\/\/www.prijedordanas.com\/wp-content\/uploads\/2019\/01\/svetosavska-akademija-2019-2-300x225.jpg\" alt=\"\" width=\"300\" height=\"225\" class=\"alignleft size-medium wp-image-120616\" srcset=\"https:\/\/www.prijedordanas.com\/wp-content\/uploads\/2019\/01\/svetosavska-akademija-2019-2-300x225.jpg 300w, https:\/\/www.prijedordanas.com\/wp-content\/uploads\/2019\/01\/svetosavska-akademija-2019-2-100x75.jpg 100w, https:\/\/www.prijedordanas.com\/wp-content\/uploads\/2019\/01\/svetosavska-akademija-2019-2.jpg 600w\" sizes=\"(max-width: 300px) 100vw, 300px\" \/><\/a> <a href=\"https:\/\/www.prijedordanas.com\/wp-content\/uploads\/2019\/01\/svetosavska-akademija-2019-3.jpg\"><img loading=\"lazy\" decoding=\"async\" src=\"https:\/\/www.prijedordanas.com\/wp-content\/uploads\/2019\/01\/svetosavska-akademija-2019-3-300x225.jpg\" alt=\"\" width=\"300\" height=\"225\" class=\"alignleft size-medium wp-image-120617\" srcset=\"https:\/\/www.prijedordanas.com\/wp-content\/uploads\/2019\/01\/svetosavska-akademija-2019-3-300x225.jpg 300w, https:\/\/www.prijedordanas.com\/wp-content\/uploads\/2019\/01\/svetosavska-akademija-2019-3-100x75.jpg 100w, https:\/\/www.prijedordanas.com\/wp-content\/uploads\/2019\/01\/svetosavska-akademija-2019-3.jpg 600w\" sizes=\"(max-width: 300px) 100vw, 300px\" \/><\/a> <a href=\"https:\/\/www.prijedordanas.com\/wp-content\/uploads\/2019\/01\/svetosavska-akademija-2019-4.jpg\"><img loading=\"lazy\" decoding=\"async\" src=\"https:\/\/www.prijedordanas.com\/wp-content\/uploads\/2019\/01\/svetosavska-akademija-2019-4-300x225.jpg\" alt=\"\" width=\"300\" height=\"225\" class=\"alignleft size-medium wp-image-120618\" srcset=\"https:\/\/www.prijedordanas.com\/wp-content\/uploads\/2019\/01\/svetosavska-akademija-2019-4-300x225.jpg 300w, https:\/\/www.prijedordanas.com\/wp-content\/uploads\/2019\/01\/svetosavska-akademija-2019-4-100x75.jpg 100w, https:\/\/www.prijedordanas.com\/wp-content\/uploads\/2019\/01\/svetosavska-akademija-2019-4.jpg 600w\" sizes=\"(max-width: 300px) 100vw, 300px\" \/><\/a> <a href=\"https:\/\/www.prijedordanas.com\/wp-content\/uploads\/2019\/01\/svetosavska-akademija-2019-5.jpg\"><img loading=\"lazy\" decoding=\"async\" src=\"https:\/\/www.prijedordanas.com\/wp-content\/uploads\/2019\/01\/svetosavska-akademija-2019-5-300x202.jpg\" alt=\"\" width=\"300\" height=\"202\" class=\"alignleft size-medium wp-image-120619\" srcset=\"https:\/\/www.prijedordanas.com\/wp-content\/uploads\/2019\/01\/svetosavska-akademija-2019-5-300x202.jpg 300w, https:\/\/www.prijedordanas.com\/wp-content\/uploads\/2019\/01\/svetosavska-akademija-2019-5-100x67.jpg 100w, https:\/\/www.prijedordanas.com\/wp-content\/uploads\/2019\/01\/svetosavska-akademija-2019-5.jpg 600w\" sizes=\"(max-width: 300px) 100vw, 300px\" \/><\/a><\/p>\n","protected":false},"excerpt":{"rendered":"<p>Svetosavska akademija odr\u017eana je i u Prijedoru. Progla\u0161eni su najbolji prosvjetni radnici, za \u0161kolsku 2017\/2018.godinu &#8211; Dragana Brki\u0107, nastavnica razredne nastave u O\u0160 &#8220;Branko \u0106opi\u0107&#8221;, nastavnica muzi\u010dke kulture u O\u0160 [&hellip;]<\/p>\n","protected":false},"author":1,"featured_media":0,"comment_status":"closed","ping_status":"open","sticky":false,"template":"","format":"standard","meta":{"_monsterinsights_skip_tracking":false,"_monsterinsights_sitenote_active":false,"_monsterinsights_sitenote_note":"","_monsterinsights_sitenote_category":0,"footnotes":""},"categories":[4],"tags":[],"yoast_head":"<!-- This site is optimized with the Yoast SEO plugin v21.6 - https:\/\/yoast.com\/wordpress\/plugins\/seo\/ -->\n<title>PRIJEDOR-ODR\u017dANA SVETOSAVSKA AKADEMIJA: DRAGANA BRKI\u0106, DRA\u017dENKA JOVI\u010cIN I SLOBODAN IVKOVI\u0106 DOBITNICI POVELJA - PrijedorDanas.com - Prijedorski gradski portal<\/title>\n<meta name=\"robots\" content=\"index, follow, max-snippet:-1, max-image-preview:large, max-video-preview:-1\" \/>\n<link rel=\"canonical\" href=\"https:\/\/www.prijedordanas.com\/?p=120614\" \/>\n<meta property=\"og:locale\" content=\"en_US\" \/>\n<meta property=\"og:type\" content=\"article\" \/>\n<meta property=\"og:title\" content=\"PRIJEDOR-ODR\u017dANA SVETOSAVSKA AKADEMIJA: DRAGANA BRKI\u0106, DRA\u017dENKA JOVI\u010cIN I SLOBODAN IVKOVI\u0106 DOBITNICI POVELJA - PrijedorDanas.com - Prijedorski gradski portal\" \/>\n<meta property=\"og:description\" content=\"Svetosavska akademija odr\u017eana je i u Prijedoru. Progla\u0161eni su najbolji prosvjetni radnici, za \u0161kolsku 2017\/2018.godinu &#8211; Dragana Brki\u0107, nastavnica razredne nastave u O\u0160 &#8220;Branko \u0106opi\u0107&#8221;, nastavnica muzi\u010dke kulture u O\u0160 [&hellip;]\" \/>\n<meta property=\"og:url\" content=\"https:\/\/www.prijedordanas.com\/?p=120614\" \/>\n<meta property=\"og:site_name\" content=\"PrijedorDanas.com - Prijedorski gradski portal\" \/>\n<meta property=\"article:publisher\" content=\"https:\/\/www.facebook.com\/PrijedorDanasCom\/\" \/>\n<meta property=\"article:published_time\" content=\"2019-01-27T17:22:42+00:00\" \/>\n<meta property=\"article:modified_time\" content=\"2019-01-27T17:42:28+00:00\" \/>\n<meta property=\"og:image\" content=\"https:\/\/www.prijedordanas.com\/wp-content\/uploads\/2019\/01\/svetosavska-akademija-2019-1-300x256.jpg\" \/>\n<meta name=\"author\" content=\"admin\" \/>\n<meta name=\"twitter:card\" content=\"summary_large_image\" \/>\n<meta name=\"twitter:label1\" content=\"Written by\" \/>\n\t<meta name=\"twitter:data1\" content=\"admin\" \/>\n\t<meta name=\"twitter:label2\" content=\"Est. reading time\" \/>\n\t<meta name=\"twitter:data2\" content=\"1 minute\" \/>\n<script type=\"application\/ld+json\" class=\"yoast-schema-graph\">{\"@context\":\"https:\/\/schema.org\",\"@graph\":[{\"@type\":\"Article\",\"@id\":\"https:\/\/www.prijedordanas.com\/?p=120614#article\",\"isPartOf\":{\"@id\":\"https:\/\/www.prijedordanas.com\/?p=120614\"},\"author\":{\"name\":\"admin\",\"@id\":\"https:\/\/www.prijedordanas.com\/#\/schema\/person\/4e08ccf29b506ca916ff86d46bb700e6\"},\"headline\":\"PRIJEDOR-ODR\u017dANA SVETOSAVSKA AKADEMIJA: DRAGANA BRKI\u0106, DRA\u017dENKA JOVI\u010cIN I SLOBODAN IVKOVI\u0106 DOBITNICI POVELJA\",\"datePublished\":\"2019-01-27T17:22:42+00:00\",\"dateModified\":\"2019-01-27T17:42:28+00:00\",\"mainEntityOfPage\":{\"@id\":\"https:\/\/www.prijedordanas.com\/?p=120614\"},\"wordCount\":253,\"publisher\":{\"@id\":\"https:\/\/www.prijedordanas.com\/#organization\"},\"articleSection\":[\"Dru\u0161tvo\"],\"inLanguage\":\"en-US\"},{\"@type\":\"WebPage\",\"@id\":\"https:\/\/www.prijedordanas.com\/?p=120614\",\"url\":\"https:\/\/www.prijedordanas.com\/?p=120614\",\"name\":\"PRIJEDOR-ODR\u017dANA SVETOSAVSKA AKADEMIJA: DRAGANA BRKI\u0106, DRA\u017dENKA JOVI\u010cIN I SLOBODAN IVKOVI\u0106 DOBITNICI POVELJA - PrijedorDanas.com - Prijedorski gradski portal\",\"isPartOf\":{\"@id\":\"https:\/\/www.prijedordanas.com\/#website\"},\"datePublished\":\"2019-01-27T17:22:42+00:00\",\"dateModified\":\"2019-01-27T17:42:28+00:00\",\"breadcrumb\":{\"@id\":\"https:\/\/www.prijedordanas.com\/?p=120614#breadcrumb\"},\"inLanguage\":\"en-US\",\"potentialAction\":[{\"@type\":\"ReadAction\",\"target\":[\"https:\/\/www.prijedordanas.com\/?p=120614\"]}]},{\"@type\":\"BreadcrumbList\",\"@id\":\"https:\/\/www.prijedordanas.com\/?p=120614#breadcrumb\",\"itemListElement\":[{\"@type\":\"ListItem\",\"position\":1,\"name\":\"Home\",\"item\":\"https:\/\/www.prijedordanas.com\/\"},{\"@type\":\"ListItem\",\"position\":2,\"name\":\"PRIJEDOR-ODR\u017dANA SVETOSAVSKA AKADEMIJA: DRAGANA BRKI\u0106, DRA\u017dENKA JOVI\u010cIN I SLOBODAN IVKOVI\u0106 DOBITNICI POVELJA\"}]},{\"@type\":\"WebSite\",\"@id\":\"https:\/\/www.prijedordanas.com\/#website\",\"url\":\"https:\/\/www.prijedordanas.com\/\",\"name\":\"PrijedorDanas.com - Prijedorski gradski portal\",\"description\":\"Portal o doga\u0111anjima u gradu Prijedoru\",\"publisher\":{\"@id\":\"https:\/\/www.prijedordanas.com\/#organization\"},\"potentialAction\":[{\"@type\":\"SearchAction\",\"target\":{\"@type\":\"EntryPoint\",\"urlTemplate\":\"https:\/\/www.prijedordanas.com\/?s={search_term_string}\"},\"query-input\":\"required name=search_term_string\"}],\"inLanguage\":\"en-US\"},{\"@type\":\"Organization\",\"@id\":\"https:\/\/www.prijedordanas.com\/#organization\",\"name\":\"PrijedorDanas.com\",\"url\":\"https:\/\/www.prijedordanas.com\/\",\"logo\":{\"@type\":\"ImageObject\",\"inLanguage\":\"en-US\",\"@id\":\"https:\/\/www.prijedordanas.com\/#\/schema\/logo\/image\/\",\"url\":\"http:\/\/www.prijedordanas.com\/wp-content\/uploads\/2021\/12\/logopng.png\",\"contentUrl\":\"http:\/\/www.prijedordanas.com\/wp-content\/uploads\/2021\/12\/logopng.png\",\"width\":1019,\"height\":776,\"caption\":\"PrijedorDanas.com\"},\"image\":{\"@id\":\"https:\/\/www.prijedordanas.com\/#\/schema\/logo\/image\/\"},\"sameAs\":[\"https:\/\/www.facebook.com\/PrijedorDanasCom\/\"]},{\"@type\":\"Person\",\"@id\":\"https:\/\/www.prijedordanas.com\/#\/schema\/person\/4e08ccf29b506ca916ff86d46bb700e6\",\"name\":\"admin\",\"image\":{\"@type\":\"ImageObject\",\"inLanguage\":\"en-US\",\"@id\":\"https:\/\/www.prijedordanas.com\/#\/schema\/person\/image\/\",\"url\":\"https:\/\/secure.gravatar.com\/avatar\/1d3fc949d550f0b53a5f0d51e06dfd79?s=96&d=mm&r=g\",\"contentUrl\":\"https:\/\/secure.gravatar.com\/avatar\/1d3fc949d550f0b53a5f0d51e06dfd79?s=96&d=mm&r=g\",\"caption\":\"admin\"},\"url\":\"https:\/\/www.prijedordanas.com\/?author=1\"}]}<\/script>\n<!-- \/ Yoast SEO plugin. -->","yoast_head_json":{"title":"PRIJEDOR-ODR\u017dANA SVETOSAVSKA AKADEMIJA: DRAGANA BRKI\u0106, DRA\u017dENKA JOVI\u010cIN I SLOBODAN IVKOVI\u0106 DOBITNICI POVELJA - PrijedorDanas.com - Prijedorski gradski portal","robots":{"index":"index","follow":"follow","max-snippet":"max-snippet:-1","max-image-preview":"max-image-preview:large","max-video-preview":"max-video-preview:-1"},"canonical":"https:\/\/www.prijedordanas.com\/?p=120614","og_locale":"en_US","og_type":"article","og_title":"PRIJEDOR-ODR\u017dANA SVETOSAVSKA AKADEMIJA: DRAGANA BRKI\u0106, DRA\u017dENKA JOVI\u010cIN I SLOBODAN IVKOVI\u0106 DOBITNICI POVELJA - PrijedorDanas.com - Prijedorski gradski portal","og_description":"Svetosavska akademija odr\u017eana je i u Prijedoru. Progla\u0161eni su najbolji prosvjetni radnici, za \u0161kolsku 2017\/2018.godinu &#8211; Dragana Brki\u0107, nastavnica razredne nastave u O\u0160 &#8220;Branko \u0106opi\u0107&#8221;, nastavnica muzi\u010dke kulture u O\u0160 [&hellip;]","og_url":"https:\/\/www.prijedordanas.com\/?p=120614","og_site_name":"PrijedorDanas.com - Prijedorski gradski portal","article_publisher":"https:\/\/www.facebook.com\/PrijedorDanasCom\/","article_published_time":"2019-01-27T17:22:42+00:00","article_modified_time":"2019-01-27T17:42:28+00:00","og_image":[{"url":"https:\/\/www.prijedordanas.com\/wp-content\/uploads\/2019\/01\/svetosavska-akademija-2019-1-300x256.jpg"}],"author":"admin","twitter_card":"summary_large_image","twitter_misc":{"Written by":"admin","Est. reading time":"1 minute"},"schema":{"@context":"https:\/\/schema.org","@graph":[{"@type":"Article","@id":"https:\/\/www.prijedordanas.com\/?p=120614#article","isPartOf":{"@id":"https:\/\/www.prijedordanas.com\/?p=120614"},"author":{"name":"admin","@id":"https:\/\/www.prijedordanas.com\/#\/schema\/person\/4e08ccf29b506ca916ff86d46bb700e6"},"headline":"PRIJEDOR-ODR\u017dANA SVETOSAVSKA AKADEMIJA: DRAGANA BRKI\u0106, DRA\u017dENKA JOVI\u010cIN I SLOBODAN IVKOVI\u0106 DOBITNICI POVELJA","datePublished":"2019-01-27T17:22:42+00:00","dateModified":"2019-01-27T17:42:28+00:00","mainEntityOfPage":{"@id":"https:\/\/www.prijedordanas.com\/?p=120614"},"wordCount":253,"publisher":{"@id":"https:\/\/www.prijedordanas.com\/#organization"},"articleSection":["Dru\u0161tvo"],"inLanguage":"en-US"},{"@type":"WebPage","@id":"https:\/\/www.prijedordanas.com\/?p=120614","url":"https:\/\/www.prijedordanas.com\/?p=120614","name":"PRIJEDOR-ODR\u017dANA SVETOSAVSKA AKADEMIJA: DRAGANA BRKI\u0106, DRA\u017dENKA JOVI\u010cIN I SLOBODAN IVKOVI\u0106 DOBITNICI POVELJA - PrijedorDanas.com - Prijedorski gradski portal","isPartOf":{"@id":"https:\/\/www.prijedordanas.com\/#website"},"datePublished":"2019-01-27T17:22:42+00:00","dateModified":"2019-01-27T17:42:28+00:00","breadcrumb":{"@id":"https:\/\/www.prijedordanas.com\/?p=120614#breadcrumb"},"inLanguage":"en-US","potentialAction":[{"@type":"ReadAction","target":["https:\/\/www.prijedordanas.com\/?p=120614"]}]},{"@type":"BreadcrumbList","@id":"https:\/\/www.prijedordanas.com\/?p=120614#breadcrumb","itemListElement":[{"@type":"ListItem","position":1,"name":"Home","item":"https:\/\/www.prijedordanas.com\/"},{"@type":"ListItem","position":2,"name":"PRIJEDOR-ODR\u017dANA SVETOSAVSKA AKADEMIJA: DRAGANA BRKI\u0106, DRA\u017dENKA JOVI\u010cIN I SLOBODAN IVKOVI\u0106 DOBITNICI POVELJA"}]},{"@type":"WebSite","@id":"https:\/\/www.prijedordanas.com\/#website","url":"https:\/\/www.prijedordanas.com\/","name":"PrijedorDanas.com - Prijedorski gradski portal","description":"Portal o doga\u0111anjima u gradu Prijedoru","publisher":{"@id":"https:\/\/www.prijedordanas.com\/#organization"},"potentialAction":[{"@type":"SearchAction","target":{"@type":"EntryPoint","urlTemplate":"https:\/\/www.prijedordanas.com\/?s={search_term_string}"},"query-input":"required name=search_term_string"}],"inLanguage":"en-US"},{"@type":"Organization","@id":"https:\/\/www.prijedordanas.com\/#organization","name":"PrijedorDanas.com","url":"https:\/\/www.prijedordanas.com\/","logo":{"@type":"ImageObject","inLanguage":"en-US","@id":"https:\/\/www.prijedordanas.com\/#\/schema\/logo\/image\/","url":"http:\/\/www.prijedordanas.com\/wp-content\/uploads\/2021\/12\/logopng.png","contentUrl":"http:\/\/www.prijedordanas.com\/wp-content\/uploads\/2021\/12\/logopng.png","width":1019,"height":776,"caption":"PrijedorDanas.com"},"image":{"@id":"https:\/\/www.prijedordanas.com\/#\/schema\/logo\/image\/"},"sameAs":["https:\/\/www.facebook.com\/PrijedorDanasCom\/"]},{"@type":"Person","@id":"https:\/\/www.prijedordanas.com\/#\/schema\/person\/4e08ccf29b506ca916ff86d46bb700e6","name":"admin","image":{"@type":"ImageObject","inLanguage":"en-US","@id":"https:\/\/www.prijedordanas.com\/#\/schema\/person\/image\/","url":"https:\/\/secure.gravatar.com\/avatar\/1d3fc949d550f0b53a5f0d51e06dfd79?s=96&d=mm&r=g","contentUrl":"https:\/\/secure.gravatar.com\/avatar\/1d3fc949d550f0b53a5f0d51e06dfd79?s=96&d=mm&r=g","caption":"admin"},"url":"https:\/\/www.prijedordanas.com\/?author=1"}]}},"_links":{"self":[{"href":"https:\/\/www.prijedordanas.com\/index.php?rest_route=\/wp\/v2\/posts\/120614"}],"collection":[{"href":"https:\/\/www.prijedordanas.com\/index.php?rest_route=\/wp\/v2\/posts"}],"about":[{"href":"https:\/\/www.prijedordanas.com\/index.php?rest_route=\/wp\/v2\/types\/post"}],"author":[{"embeddable":true,"href":"https:\/\/www.prijedordanas.com\/index.php?rest_route=\/wp\/v2\/users\/1"}],"replies":[{"embeddable":true,"href":"https:\/\/www.prijedordanas.com\/index.php?rest_route=%2Fwp%2Fv2%2Fcomments&post=120614"}],"version-history":[{"count":3,"href":"https:\/\/www.prijedordanas.com\/index.php?rest_route=\/wp\/v2\/posts\/120614\/revisions"}],"predecessor-version":[{"id":120628,"href":"https:\/\/www.prijedordanas.com\/index.php?rest_route=\/wp\/v2\/posts\/120614\/revisions\/120628"}],"wp:attachment":[{"href":"https:\/\/www.prijedordanas.com\/index.php?rest_route=%2Fwp%2Fv2%2Fmedia&parent=120614"}],"wp:term":[{"taxonomy":"category","embeddable":true,"href":"https:\/\/www.prijedordanas.com\/index.php?rest_route=%2Fwp%2Fv2%2Fcategories&post=120614"},{"taxonomy":"post_tag","embeddable":true,"href":"https:\/\/www.prijedordanas.com\/index.php?rest_route=%2Fwp%2Fv2%2Ftags&post=120614"}],"curies":[{"name":"wp","href":"https:\/\/api.w.org\/{rel}","templated":true}]}}