{"id":120525,"date":"2019-01-25T22:33:06","date_gmt":"2019-01-25T21:33:06","guid":{"rendered":"https:\/\/www.prijedordanas.com\/?p=120525"},"modified":"2019-01-25T22:33:06","modified_gmt":"2019-01-25T21:33:06","slug":"peti-neplan-i-penda-bistrica-u-finalu-turnira-prijedor-2019-foto","status":"publish","type":"post","link":"https:\/\/www.prijedordanas.com\/?p=120525","title":{"rendered":"PETI NEPLAN I PENDA BISTRICA U FINALU TURNIRA \u201ePRIJEDOR 2019\u201c \u2013 FOTO"},"content":{"rendered":"<p><a href=\"https:\/\/www.prijedordanas.com\/wp-content\/uploads\/2019\/01\/prijedor2019-25januar-1.jpg\"><img loading=\"lazy\" decoding=\"async\" class=\"alignleft size-medium wp-image-120527\" src=\"https:\/\/www.prijedordanas.com\/wp-content\/uploads\/2019\/01\/prijedor2019-25januar-1-300x217.jpg\" alt=\"\" width=\"300\" height=\"217\" srcset=\"https:\/\/www.prijedordanas.com\/wp-content\/uploads\/2019\/01\/prijedor2019-25januar-1-300x217.jpg 300w, https:\/\/www.prijedordanas.com\/wp-content\/uploads\/2019\/01\/prijedor2019-25januar-1-100x72.jpg 100w, https:\/\/www.prijedordanas.com\/wp-content\/uploads\/2019\/01\/prijedor2019-25januar-1.jpg 690w\" sizes=\"(max-width: 300px) 100vw, 300px\" \/><\/a>Turnir u malom fudbalu \u201ePrijedor 2019\u201c koji organizuje Dvorana \u201eMladost\u201c uz podr\u0161ku Gradske uprave do\u0161ao je do same zavr\u0161nice.<\/p>\n<p>Ve\u010deras su na programu bili polufinalni me\u010devi kod seniora.<\/p>\n<p>Prvo polufinale kod donijelo je duel dvije ekipe sa podru\u010dja grada Prijedora, Peti neplan za koji uglavnom igraju prvotimci drugoliga\u0161a Omarske i FSA Prijedor za koju nastupaju igra\u010di istoimenog regionalnog liga\u0161a.<\/p>\n<p>Peti neplan je poveo golom Darka Romani\u0107a.<\/p>\n<p>Nakon \u201cpritiska\u201d je izjedna\u010dio Stevi\u0107 sjajnim pogotkom glavom poslije ubacivanja iz kornera.<\/p>\n<p><a href=\"https:\/\/www.prijedordanas.com\/wp-content\/uploads\/2019\/01\/prijedor2019-25januar-2.jpg\"><img loading=\"lazy\" decoding=\"async\" class=\"alignleft size-medium wp-image-120528\" src=\"https:\/\/www.prijedordanas.com\/wp-content\/uploads\/2019\/01\/prijedor2019-25januar-2-300x222.jpg\" alt=\"\" width=\"300\" height=\"222\" srcset=\"https:\/\/www.prijedordanas.com\/wp-content\/uploads\/2019\/01\/prijedor2019-25januar-2-300x222.jpg 300w, https:\/\/www.prijedordanas.com\/wp-content\/uploads\/2019\/01\/prijedor2019-25januar-2-100x74.jpg 100w, https:\/\/www.prijedordanas.com\/wp-content\/uploads\/2019\/01\/prijedor2019-25januar-2.jpg 675w\" sizes=\"(max-width: 300px) 100vw, 300px\" \/><\/a>Me\u0111utim, tek \u0161to su krenuli sa centra, Laji\u0107 je dalekometnim udarcem iznenadio golmana Vranje\u0161a i donio svojoj ekipi, ispostavi\u0107e se par minuta kasnije, plasman u finale.<\/p>\n<p>U drugom duelu snage su odmjerili WWin kladionice i Penda Bistrica.<\/p>\n<p>Pro\u0161logodi\u0161nji finalisti su poveli preko D\u017eombi\u0107a i tu prednost su dr\u017eali do pred kraj me\u010da.<\/p>\n<p>Izjedna\u010dio je \u017deljko \u0110ukanovi\u0107 poslije ubacivanja sa strane.<\/p>\n<p>I kada su svi \u010dekali kraj, igra\u010di Penda Bistrice su \u0161est sekundi prije kraja napravili \u0161esti faul \u0161to je Mirkovi\u0107u omogu\u0107ilo \u201cdeveterac\u201d za trijumf.<\/p>\n<p><a href=\"https:\/\/www.prijedordanas.com\/wp-content\/uploads\/2019\/01\/prijedor2019-25januar-3.jpg\"><img loading=\"lazy\" decoding=\"async\" class=\"alignleft size-medium wp-image-120529\" src=\"https:\/\/www.prijedordanas.com\/wp-content\/uploads\/2019\/01\/prijedor2019-25januar-3-300x222.jpg\" alt=\"\" width=\"300\" height=\"222\" srcset=\"https:\/\/www.prijedordanas.com\/wp-content\/uploads\/2019\/01\/prijedor2019-25januar-3-300x222.jpg 300w, https:\/\/www.prijedordanas.com\/wp-content\/uploads\/2019\/01\/prijedor2019-25januar-3-100x74.jpg 100w, https:\/\/www.prijedordanas.com\/wp-content\/uploads\/2019\/01\/prijedor2019-25januar-3.jpg 675w\" sizes=\"(max-width: 300px) 100vw, 300px\" \/><\/a>Me\u0111utim, iskusni igra\u010d je proma\u0161io okvir gola pa su o pobjedniku odlu\u010divali \u201csedmerci\u201d.<\/p>\n<p>U njima je vi\u0161e sre\u0107e i znanja imala Penda Bistrica jer je njihov golman Zoran Stanivukovi\u0107 odbranio penal Emilku Jankovi\u0107u pa \u0107e se ova ekipa sutra boriti u finalu.<\/p>\n<p>Finalni me\u010d kao i onaj za tre\u0107e mjesto kod seniora bi\u0107e odigrani u subotu, 26.februara.<\/p>\n<p>Pobjednik turnira kod seniora osvoji\u0107e 5.000 KM, finalista 2.000 KM dok \u0107e tre\u0107eplasiranom pripasti 1.000 KM.<\/p>\n<p>Rezultati- 25.januar 2019.godine<\/p>\n<p>Peti neplan: FSA Prijedor 2:1<br \/>\n(Da.Romani\u0107, Laji\u0107 \u2013 Stevi\u0107)<\/p>\n<p>WWin kladionice: Penda Bistrica 1:1 pen. 1:3<br \/>\n(D\u017eombi\u0107 \u2013 \u017d.\u0110ukanovi\u0107)<\/p>\n<p>Tekst I foto \u2013 Aleksandar Drakuli\u0107 \u2013 <a href=\"https:\/\/www.prijedordanas.com\" target=\"_blank\" rel=\"noopener noreferrer\">www.prijedordanas.com<\/a><\/p>\n<p><a href=\"https:\/\/www.prijedordanas.com\/wp-content\/uploads\/2019\/01\/prijedor2019-25januar-4.jpg\"><img loading=\"lazy\" decoding=\"async\" src=\"https:\/\/www.prijedordanas.com\/wp-content\/uploads\/2019\/01\/prijedor2019-25januar-4-300x222.jpg\" alt=\"\" width=\"300\" height=\"222\" class=\"alignleft size-medium wp-image-120530\" srcset=\"https:\/\/www.prijedordanas.com\/wp-content\/uploads\/2019\/01\/prijedor2019-25januar-4-300x222.jpg 300w, https:\/\/www.prijedordanas.com\/wp-content\/uploads\/2019\/01\/prijedor2019-25januar-4-100x74.jpg 100w, https:\/\/www.prijedordanas.com\/wp-content\/uploads\/2019\/01\/prijedor2019-25januar-4.jpg 675w\" sizes=\"(max-width: 300px) 100vw, 300px\" \/><\/a> <a href=\"https:\/\/www.prijedordanas.com\/wp-content\/uploads\/2019\/01\/prijedor2019-25januar-5.jpg\"><img loading=\"lazy\" decoding=\"async\" src=\"https:\/\/www.prijedordanas.com\/wp-content\/uploads\/2019\/01\/prijedor2019-25januar-5-300x222.jpg\" alt=\"\" width=\"300\" height=\"222\" class=\"alignleft size-medium wp-image-120531\" srcset=\"https:\/\/www.prijedordanas.com\/wp-content\/uploads\/2019\/01\/prijedor2019-25januar-5-300x222.jpg 300w, https:\/\/www.prijedordanas.com\/wp-content\/uploads\/2019\/01\/prijedor2019-25januar-5-100x74.jpg 100w, https:\/\/www.prijedordanas.com\/wp-content\/uploads\/2019\/01\/prijedor2019-25januar-5.jpg 675w\" sizes=\"(max-width: 300px) 100vw, 300px\" \/><\/a><\/p>\n","protected":false},"excerpt":{"rendered":"<p>Turnir u malom fudbalu \u201ePrijedor 2019\u201c koji organizuje Dvorana \u201eMladost\u201c uz podr\u0161ku Gradske uprave do\u0161ao je do same zavr\u0161nice. Ve\u010deras su na programu bili polufinalni me\u010devi kod seniora. Prvo polufinale [&hellip;]<\/p>\n","protected":false},"author":1,"featured_media":0,"comment_status":"closed","ping_status":"open","sticky":false,"template":"","format":"standard","meta":{"_monsterinsights_skip_tracking":false,"_monsterinsights_sitenote_active":false,"_monsterinsights_sitenote_note":"","_monsterinsights_sitenote_category":0,"footnotes":""},"categories":[7],"tags":[],"yoast_head":"<!-- This site is optimized with the Yoast SEO plugin v21.6 - https:\/\/yoast.com\/wordpress\/plugins\/seo\/ -->\n<title>PETI NEPLAN I PENDA BISTRICA U FINALU TURNIRA \u201ePRIJEDOR 2019\u201c \u2013 FOTO - PrijedorDanas.com - Prijedorski gradski portal<\/title>\n<meta name=\"robots\" content=\"index, follow, max-snippet:-1, max-image-preview:large, max-video-preview:-1\" \/>\n<link rel=\"canonical\" href=\"https:\/\/www.prijedordanas.com\/?p=120525\" \/>\n<meta property=\"og:locale\" content=\"en_US\" \/>\n<meta property=\"og:type\" content=\"article\" \/>\n<meta property=\"og:title\" content=\"PETI NEPLAN I PENDA BISTRICA U FINALU TURNIRA \u201ePRIJEDOR 2019\u201c \u2013 FOTO - PrijedorDanas.com - Prijedorski gradski portal\" \/>\n<meta property=\"og:description\" content=\"Turnir u malom fudbalu \u201ePrijedor 2019\u201c koji organizuje Dvorana \u201eMladost\u201c uz podr\u0161ku Gradske uprave do\u0161ao je do same zavr\u0161nice. Ve\u010deras su na programu bili polufinalni me\u010devi kod seniora. Prvo polufinale [&hellip;]\" \/>\n<meta property=\"og:url\" content=\"https:\/\/www.prijedordanas.com\/?p=120525\" \/>\n<meta property=\"og:site_name\" content=\"PrijedorDanas.com - Prijedorski gradski portal\" \/>\n<meta property=\"article:publisher\" content=\"https:\/\/www.facebook.com\/PrijedorDanasCom\/\" \/>\n<meta property=\"article:published_time\" content=\"2019-01-25T21:33:06+00:00\" \/>\n<meta property=\"og:image\" content=\"https:\/\/www.prijedordanas.com\/wp-content\/uploads\/2019\/01\/prijedor2019-25januar-1-300x217.jpg\" \/>\n<meta name=\"author\" content=\"admin\" \/>\n<meta name=\"twitter:card\" content=\"summary_large_image\" \/>\n<meta name=\"twitter:label1\" content=\"Written by\" \/>\n\t<meta name=\"twitter:data1\" content=\"admin\" \/>\n\t<meta name=\"twitter:label2\" content=\"Est. reading time\" \/>\n\t<meta name=\"twitter:data2\" content=\"1 minute\" \/>\n<script type=\"application\/ld+json\" class=\"yoast-schema-graph\">{\"@context\":\"https:\/\/schema.org\",\"@graph\":[{\"@type\":\"Article\",\"@id\":\"https:\/\/www.prijedordanas.com\/?p=120525#article\",\"isPartOf\":{\"@id\":\"https:\/\/www.prijedordanas.com\/?p=120525\"},\"author\":{\"name\":\"admin\",\"@id\":\"https:\/\/www.prijedordanas.com\/#\/schema\/person\/4e08ccf29b506ca916ff86d46bb700e6\"},\"headline\":\"PETI NEPLAN I PENDA BISTRICA U FINALU TURNIRA \u201ePRIJEDOR 2019\u201c \u2013 FOTO\",\"datePublished\":\"2019-01-25T21:33:06+00:00\",\"dateModified\":\"2019-01-25T21:33:06+00:00\",\"mainEntityOfPage\":{\"@id\":\"https:\/\/www.prijedordanas.com\/?p=120525\"},\"wordCount\":302,\"publisher\":{\"@id\":\"https:\/\/www.prijedordanas.com\/#organization\"},\"articleSection\":[\"Sport\"],\"inLanguage\":\"en-US\"},{\"@type\":\"WebPage\",\"@id\":\"https:\/\/www.prijedordanas.com\/?p=120525\",\"url\":\"https:\/\/www.prijedordanas.com\/?p=120525\",\"name\":\"PETI NEPLAN I PENDA BISTRICA U FINALU TURNIRA \u201ePRIJEDOR 2019\u201c \u2013 FOTO - PrijedorDanas.com - Prijedorski gradski portal\",\"isPartOf\":{\"@id\":\"https:\/\/www.prijedordanas.com\/#website\"},\"datePublished\":\"2019-01-25T21:33:06+00:00\",\"dateModified\":\"2019-01-25T21:33:06+00:00\",\"breadcrumb\":{\"@id\":\"https:\/\/www.prijedordanas.com\/?p=120525#breadcrumb\"},\"inLanguage\":\"en-US\",\"potentialAction\":[{\"@type\":\"ReadAction\",\"target\":[\"https:\/\/www.prijedordanas.com\/?p=120525\"]}]},{\"@type\":\"BreadcrumbList\",\"@id\":\"https:\/\/www.prijedordanas.com\/?p=120525#breadcrumb\",\"itemListElement\":[{\"@type\":\"ListItem\",\"position\":1,\"name\":\"Home\",\"item\":\"https:\/\/www.prijedordanas.com\/\"},{\"@type\":\"ListItem\",\"position\":2,\"name\":\"PETI NEPLAN I PENDA BISTRICA U FINALU TURNIRA \u201ePRIJEDOR 2019\u201c \u2013 FOTO\"}]},{\"@type\":\"WebSite\",\"@id\":\"https:\/\/www.prijedordanas.com\/#website\",\"url\":\"https:\/\/www.prijedordanas.com\/\",\"name\":\"PrijedorDanas.com - Prijedorski gradski portal\",\"description\":\"Portal o doga\u0111anjima u gradu Prijedoru\",\"publisher\":{\"@id\":\"https:\/\/www.prijedordanas.com\/#organization\"},\"potentialAction\":[{\"@type\":\"SearchAction\",\"target\":{\"@type\":\"EntryPoint\",\"urlTemplate\":\"https:\/\/www.prijedordanas.com\/?s={search_term_string}\"},\"query-input\":\"required name=search_term_string\"}],\"inLanguage\":\"en-US\"},{\"@type\":\"Organization\",\"@id\":\"https:\/\/www.prijedordanas.com\/#organization\",\"name\":\"PrijedorDanas.com\",\"url\":\"https:\/\/www.prijedordanas.com\/\",\"logo\":{\"@type\":\"ImageObject\",\"inLanguage\":\"en-US\",\"@id\":\"https:\/\/www.prijedordanas.com\/#\/schema\/logo\/image\/\",\"url\":\"http:\/\/www.prijedordanas.com\/wp-content\/uploads\/2021\/12\/logopng.png\",\"contentUrl\":\"http:\/\/www.prijedordanas.com\/wp-content\/uploads\/2021\/12\/logopng.png\",\"width\":1019,\"height\":776,\"caption\":\"PrijedorDanas.com\"},\"image\":{\"@id\":\"https:\/\/www.prijedordanas.com\/#\/schema\/logo\/image\/\"},\"sameAs\":[\"https:\/\/www.facebook.com\/PrijedorDanasCom\/\"]},{\"@type\":\"Person\",\"@id\":\"https:\/\/www.prijedordanas.com\/#\/schema\/person\/4e08ccf29b506ca916ff86d46bb700e6\",\"name\":\"admin\",\"image\":{\"@type\":\"ImageObject\",\"inLanguage\":\"en-US\",\"@id\":\"https:\/\/www.prijedordanas.com\/#\/schema\/person\/image\/\",\"url\":\"https:\/\/secure.gravatar.com\/avatar\/1d3fc949d550f0b53a5f0d51e06dfd79?s=96&d=mm&r=g\",\"contentUrl\":\"https:\/\/secure.gravatar.com\/avatar\/1d3fc949d550f0b53a5f0d51e06dfd79?s=96&d=mm&r=g\",\"caption\":\"admin\"},\"url\":\"https:\/\/www.prijedordanas.com\/?author=1\"}]}<\/script>\n<!-- \/ Yoast SEO plugin. -->","yoast_head_json":{"title":"PETI NEPLAN I PENDA BISTRICA U FINALU TURNIRA \u201ePRIJEDOR 2019\u201c \u2013 FOTO - PrijedorDanas.com - Prijedorski gradski portal","robots":{"index":"index","follow":"follow","max-snippet":"max-snippet:-1","max-image-preview":"max-image-preview:large","max-video-preview":"max-video-preview:-1"},"canonical":"https:\/\/www.prijedordanas.com\/?p=120525","og_locale":"en_US","og_type":"article","og_title":"PETI NEPLAN I PENDA BISTRICA U FINALU TURNIRA \u201ePRIJEDOR 2019\u201c \u2013 FOTO - PrijedorDanas.com - Prijedorski gradski portal","og_description":"Turnir u malom fudbalu \u201ePrijedor 2019\u201c koji organizuje Dvorana \u201eMladost\u201c uz podr\u0161ku Gradske uprave do\u0161ao je do same zavr\u0161nice. Ve\u010deras su na programu bili polufinalni me\u010devi kod seniora. Prvo polufinale [&hellip;]","og_url":"https:\/\/www.prijedordanas.com\/?p=120525","og_site_name":"PrijedorDanas.com - Prijedorski gradski portal","article_publisher":"https:\/\/www.facebook.com\/PrijedorDanasCom\/","article_published_time":"2019-01-25T21:33:06+00:00","og_image":[{"url":"https:\/\/www.prijedordanas.com\/wp-content\/uploads\/2019\/01\/prijedor2019-25januar-1-300x217.jpg"}],"author":"admin","twitter_card":"summary_large_image","twitter_misc":{"Written by":"admin","Est. reading time":"1 minute"},"schema":{"@context":"https:\/\/schema.org","@graph":[{"@type":"Article","@id":"https:\/\/www.prijedordanas.com\/?p=120525#article","isPartOf":{"@id":"https:\/\/www.prijedordanas.com\/?p=120525"},"author":{"name":"admin","@id":"https:\/\/www.prijedordanas.com\/#\/schema\/person\/4e08ccf29b506ca916ff86d46bb700e6"},"headline":"PETI NEPLAN I PENDA BISTRICA U FINALU TURNIRA \u201ePRIJEDOR 2019\u201c \u2013 FOTO","datePublished":"2019-01-25T21:33:06+00:00","dateModified":"2019-01-25T21:33:06+00:00","mainEntityOfPage":{"@id":"https:\/\/www.prijedordanas.com\/?p=120525"},"wordCount":302,"publisher":{"@id":"https:\/\/www.prijedordanas.com\/#organization"},"articleSection":["Sport"],"inLanguage":"en-US"},{"@type":"WebPage","@id":"https:\/\/www.prijedordanas.com\/?p=120525","url":"https:\/\/www.prijedordanas.com\/?p=120525","name":"PETI NEPLAN I PENDA BISTRICA U FINALU TURNIRA \u201ePRIJEDOR 2019\u201c \u2013 FOTO - PrijedorDanas.com - Prijedorski gradski portal","isPartOf":{"@id":"https:\/\/www.prijedordanas.com\/#website"},"datePublished":"2019-01-25T21:33:06+00:00","dateModified":"2019-01-25T21:33:06+00:00","breadcrumb":{"@id":"https:\/\/www.prijedordanas.com\/?p=120525#breadcrumb"},"inLanguage":"en-US","potentialAction":[{"@type":"ReadAction","target":["https:\/\/www.prijedordanas.com\/?p=120525"]}]},{"@type":"BreadcrumbList","@id":"https:\/\/www.prijedordanas.com\/?p=120525#breadcrumb","itemListElement":[{"@type":"ListItem","position":1,"name":"Home","item":"https:\/\/www.prijedordanas.com\/"},{"@type":"ListItem","position":2,"name":"PETI NEPLAN I PENDA BISTRICA U FINALU TURNIRA \u201ePRIJEDOR 2019\u201c \u2013 FOTO"}]},{"@type":"WebSite","@id":"https:\/\/www.prijedordanas.com\/#website","url":"https:\/\/www.prijedordanas.com\/","name":"PrijedorDanas.com - Prijedorski gradski portal","description":"Portal o doga\u0111anjima u gradu Prijedoru","publisher":{"@id":"https:\/\/www.prijedordanas.com\/#organization"},"potentialAction":[{"@type":"SearchAction","target":{"@type":"EntryPoint","urlTemplate":"https:\/\/www.prijedordanas.com\/?s={search_term_string}"},"query-input":"required name=search_term_string"}],"inLanguage":"en-US"},{"@type":"Organization","@id":"https:\/\/www.prijedordanas.com\/#organization","name":"PrijedorDanas.com","url":"https:\/\/www.prijedordanas.com\/","logo":{"@type":"ImageObject","inLanguage":"en-US","@id":"https:\/\/www.prijedordanas.com\/#\/schema\/logo\/image\/","url":"http:\/\/www.prijedordanas.com\/wp-content\/uploads\/2021\/12\/logopng.png","contentUrl":"http:\/\/www.prijedordanas.com\/wp-content\/uploads\/2021\/12\/logopng.png","width":1019,"height":776,"caption":"PrijedorDanas.com"},"image":{"@id":"https:\/\/www.prijedordanas.com\/#\/schema\/logo\/image\/"},"sameAs":["https:\/\/www.facebook.com\/PrijedorDanasCom\/"]},{"@type":"Person","@id":"https:\/\/www.prijedordanas.com\/#\/schema\/person\/4e08ccf29b506ca916ff86d46bb700e6","name":"admin","image":{"@type":"ImageObject","inLanguage":"en-US","@id":"https:\/\/www.prijedordanas.com\/#\/schema\/person\/image\/","url":"https:\/\/secure.gravatar.com\/avatar\/1d3fc949d550f0b53a5f0d51e06dfd79?s=96&d=mm&r=g","contentUrl":"https:\/\/secure.gravatar.com\/avatar\/1d3fc949d550f0b53a5f0d51e06dfd79?s=96&d=mm&r=g","caption":"admin"},"url":"https:\/\/www.prijedordanas.com\/?author=1"}]}},"_links":{"self":[{"href":"https:\/\/www.prijedordanas.com\/index.php?rest_route=\/wp\/v2\/posts\/120525"}],"collection":[{"href":"https:\/\/www.prijedordanas.com\/index.php?rest_route=\/wp\/v2\/posts"}],"about":[{"href":"https:\/\/www.prijedordanas.com\/index.php?rest_route=\/wp\/v2\/types\/post"}],"author":[{"embeddable":true,"href":"https:\/\/www.prijedordanas.com\/index.php?rest_route=\/wp\/v2\/users\/1"}],"replies":[{"embeddable":true,"href":"https:\/\/www.prijedordanas.com\/index.php?rest_route=%2Fwp%2Fv2%2Fcomments&post=120525"}],"version-history":[{"count":1,"href":"https:\/\/www.prijedordanas.com\/index.php?rest_route=\/wp\/v2\/posts\/120525\/revisions"}],"predecessor-version":[{"id":120532,"href":"https:\/\/www.prijedordanas.com\/index.php?rest_route=\/wp\/v2\/posts\/120525\/revisions\/120532"}],"wp:attachment":[{"href":"https:\/\/www.prijedordanas.com\/index.php?rest_route=%2Fwp%2Fv2%2Fmedia&parent=120525"}],"wp:term":[{"taxonomy":"category","embeddable":true,"href":"https:\/\/www.prijedordanas.com\/index.php?rest_route=%2Fwp%2Fv2%2Fcategories&post=120525"},{"taxonomy":"post_tag","embeddable":true,"href":"https:\/\/www.prijedordanas.com\/index.php?rest_route=%2Fwp%2Fv2%2Ftags&post=120525"}],"curies":[{"name":"wp","href":"https:\/\/api.w.org\/{rel}","templated":true}]}}