{"id":120445,"date":"2019-01-25T16:34:31","date_gmt":"2019-01-25T15:34:31","guid":{"rendered":"https:\/\/www.prijedordanas.com\/?p=120445"},"modified":"2019-01-25T16:34:31","modified_gmt":"2019-01-25T15:34:31","slug":"konkurs-za-posao-ugostiteljsko-ekonomska-skola-prijedor-prima-radnika-3","status":"publish","type":"post","link":"https:\/\/www.prijedordanas.com\/?p=120445","title":{"rendered":"KONKURS ZA POSAO: UGOSTITELJSKO-EKONOMSKA \u0160KOLA PRIJEDOR PRIMA RADNIKA"},"content":{"rendered":"<p><a href=\"https:\/\/www.prijedordanas.com\/wp-content\/uploads\/2017\/02\/ilustracija-posao-potraga-2.jpg\"><img loading=\"lazy\" decoding=\"async\" src=\"https:\/\/www.prijedordanas.com\/wp-content\/uploads\/2017\/02\/ilustracija-posao-potraga-2-300x217.jpg\" alt=\"\" width=\"300\" height=\"217\" class=\"alignleft size-medium wp-image-73480\" srcset=\"https:\/\/www.prijedordanas.com\/wp-content\/uploads\/2017\/02\/ilustracija-posao-potraga-2-300x217.jpg 300w, https:\/\/www.prijedordanas.com\/wp-content\/uploads\/2017\/02\/ilustracija-posao-potraga-2-100x72.jpg 100w, https:\/\/www.prijedordanas.com\/wp-content\/uploads\/2017\/02\/ilustracija-posao-potraga-2.jpg 690w\" sizes=\"(max-width: 300px) 100vw, 300px\" \/><\/a>Profesor fizi\u010dkog vaspitanja <\/p>\n<p>Oblast: Obrazovanje <\/p>\n<p>Rad na: Odre\u0111eno vrijeme<br \/>\nRegija: Prijedor<br \/>\nOtvoreno do: 31.01.2019.<br \/>\nBroj izvr\u0161ilaca: 1 <\/p>\n<p>OPIS RADNOG MJESTA<br \/>\nNa osnovu \u010dlana 106. i 132. Zakona o srednjem obrazovanju i vaspitanju (\u201eSlu\u017ebeni glasnik Republike Srpske\u201c, broj: 41\/18), direktor JU Ugostiteljsko-ekonomska \u0161kola Prijedor raspisuje javni konkurs za popunu upra\u017enjenog radnog mjesta: Profesor fizi\u010dkog vaspitanja, na odre\u0111eno vrijeme, (8) osam \u010dasova, do povratka radnika sa funkcije, sa polo\u017eenim stru\u010dnim ispitom za rad u nastavi, 1izvr\u0161ilac. <\/p>\n<p>OP\u0160TI I POSEBNI USLOVI ZA PRIJEM U RADNI ODNOS<br \/>\nKandidati treba da ispunjavaju op\u0161te uslove predvi\u0111ene Zakonom o radu (\u201eSl.glasnik RS\u201c, br. 1\/16), kao i uslove iz \u010dlana 104. Zakona o srednjem obrazovanju i vaspitanju (\u201eSl.glasnik RS\u201c, br. 41\/18), Pravilnika o vrsti stru\u010dne spreme nastavnika i saradnika u srednjim tehni\u010dkim i srednjim stru\u010dnim \u0161kolama (\u201eSl.glasnik RS\u201c, br. 29\/12, 80\/14 i 83\/15). Prijem kandidata u radni odnos vr\u0161ic\u0301e se na osnovu Pravilnika o kriterijumima i proceduri prijema radnika u radni odnos u srednjoj \u0161koli (\u201eSl.glasnik RS\u201c, br. 102\/14 i 42\/16). <\/p>\n<p>Uz obaveznu potpisanu prijavu i krac\u0301u biografiju, kandidati trebaju dostaviti originale ili ovjerene fotokopije (ovjera ne smije biti starija od 6 mjeseci) sljedec\u0301ih dokumenata kojima se dokazuje ispunjavanje op\u0161tih i posebnih uslova.<br \/>\nI<br \/>\nOp\u0161ti uslovi se dokazuju sljedec\u0301om dokumentacijom:<br \/>\nDa je dr\u017eavljanin Republike Srpske \u2013 uvjerenjem o dr\u017eavljanstvu,<br \/>\nDa je punoljetan \u2013 izvodom iz mati\u010dne knjige ro\u0111enih ili ovjerenom fotokopijom li\u010dne karte,<br \/>\nDa je radno sposoban, a to se dokazuje ljekarskim uvjerenjem o psihi\u010dkoj, fizi\u010dkoj i zdravstvenoj sposobnosti (ne starijim od 6 mjeseci) izdatim od nadle\u017ene ustanove, koje c\u0301e dostaviti kandidat koji bude odabran po konkursu, a prije zasnivanja radnog odnosa;<br \/>\nDa nije osu\u0111ivan pravosna\u017enom presudom za krivi\u010dna djela protiv dostojanstva li\u010dnosti, morala, slu\u017ebene du\u017enosti, trgovine ljudima, zlostavljanja djeteta, polnog i drugog nasilja nad djetetom ili maloljetnim licem . <\/p>\n<p>Uvjerenje o neosu\u0111ivanosti za izabranog kandidata \u0161kola c\u0301e zatra\u017eiti slu\u017ebenim putem, a prije zasnivanja radnog odnosa. <\/p>\n<p>II<br \/>\nPosebni uslovi se dokazuju dokumentacijom propisanom Zakonom o srednjem obrazovanju i vaspitanju kao i Pravilnikom o proceduri i kriterijumima prijema radnika u radni odnos u srednjoj \u0161koli, a na osnovu kojih c\u0301e se izvr\u0161iti bodovanje i rangiranje prijavljenih kandidata:<br \/>\n1. Ovjerena fotokopija diplome o zavr\u0161enom prvom ciklusu studijskog programa u \u010detvorogodi\u0161njem trajanju, sa najmanje ostvarenih 240 ECTS bodova i stru\u010dno zvanje u odre\u0111enoj oblasti ili ekvivalent,<br \/>\n2. Uvjerenje izdato od Zavoda za zapo\u0161ljavanje na podru\u010dju jedinice lokalne samouprave gdje je kandidat prijavljen o vremenu provedenom na evidenciji nezaposlenih lica, a nakon sticanja stru\u010dne spreme tra\u017eene konkursom,<br \/>\n3. Uvjerenje o radnom sta\u017eu izdato od ranijeg poslodavca kod kojeg je kandidat bio zaposlen na radnom mjestu koje odgovara stru\u010dnoj spremi koja se tra\u017ei ovim konkursom u kome je nazna\u010deno: vrsta posla, stepen stru\u010dne spreme i du\u017eina ostvarenog sta\u017ea po vrstama posla.<br \/>\n4. Uvjerenje o polo\u017eenom stru\u010dnom ispitu za rad u nastavi,<br \/>\n5. Uvjerenje izdato od visoko\u0161kolske ustanove ili dodatak diplomi o prosje\u010dnoj ocjeni tokom studiranja, ukoliko u diplomi ne postoje podaci o prosjeku ocjena, a u izuzetnim slu\u010dajevima, ukoliko kandidat ne mo\u017ee iz opravdanih razloga pribaviti prethodno navedene dokumente, prosje\u010dna ocjena se mo\u017ee dokazati i ovjerenom fotokopijom indeksa,<br \/>\n6. Uvjerenje op\u0161tinskog\/gradskog organa uprave nadle\u017enog za bora\u010dko \u2013invalidsku za\u0161titu o utvr\u0111enom statusu \u010dlana porodice poginulog borca Odbrambeno -otad\u017ebinskog rata Republike Srpske, ako se radi o kandidatu iz kategorije porodice poginulog borca,<br \/>\n7. Uvjerenje op\u0161tinskog\/gradskog organa uprave nadle\u017enog za bora\u010dko \u2013invalidsku za\u0161titu o utvr\u0111enom statusu ratnog vojnog invalida Odbrambeno- otad\u017ebinskog rata Republike Srpske, ako se radi o kandidatu iz kategorije ratnog vojnog invalida;<br \/>\n8. Uvjerenje op\u0161tinskog\/gradskog organa uprave nadle\u017enog za bora\u010dko \u2013invalidsku za\u0161titu o utvr\u0111enom statusu borca Odbrambeno -otad\u017ebinskog rata Republike Srpske, ako se radi o kandidatu iz kategorije borca.<\/p>\n<p>Pravo u\u010de\u0161c\u0301a na konkursu na osnovu \u010dlana 104.stav 7. Zakona o srednjem obrazovanju i vaspitanju imaju i lica koja su stekla radni sta\u017e van \u0161kole u trajanju od najmanje godinu dana u struci ukoliko ispunjavaju ostale uslove propisane Zakonom o srednjem obrazovanju i vaspitanju. <\/p>\n<p>Pravo u\u010de\u0161c\u0301a na konkursu na osnovu \u010dlana 106.stav 9. Zakona o srednjem obrazovanju i vaspitanju imaju i lica koja su po propisima va\u017eec\u0301im do stupanja na snagu ovog zakona ispunjavali uslove u pogledu profila i zvanja nastavnika. <\/p>\n<p>Dostavljena dokumentacija i drugi dokazi c\u0301e se bodovati od strane Komisije na na\u010din i u skladu sa odredbama Pravilnika o kriterijumima i proceduri prijema radnika u radni odnos u srednjoj \u0161koli. <\/p>\n<p>Rok za podno\u0161enje prijave je osam (8) dana od dana objavljivanja konkursa posredstvom Zavoda za zapo\u0161ljavanje Republike Srpske. <\/p>\n<p>Neblagovremene i nepotpune prijave, kao i prijave kandidata koji ne ispunjavaju uslove konkursa nec\u0301e se uzeti u razmatranje, vec\u0301 c\u0301e se evidentirati, uz naznaku da prijava na javni konkurs nije dostavljena blagovremeno i\/ili da nije potpuna, a nakon toga Komisija predla\u017ee direktoru \u0161kole dono\u0161enje zaklju\u010dka kojim se prijava odbacuje. <\/p>\n<p>Sa kandidatima koji su dostavili potpune i blagovremene prijave, odnosno koji ispunjavaju uslove utvr\u0111ene ovim konkursom, Komisija za izbor obavic\u0301e testiranje kandidata dana 04.02.2019. godine sa po\u010detkom u 10:00 \u010dasova. <\/p>\n<p>Intervju sa kandidatima c\u0301e se obaviti dana 04.02.2019. godine sa po\u010detkom u 12.00 \u010dasova. \u3000\u3000\u3000\u3000 <\/p>\n<p>Kandidati se nec\u0301e posebno pozivati na test i intervju, a ako se ne pojave na testiranju ili intervjuu u zakazanim terminima, smatrac\u0301e se da su odustali od prijave na konkurs. <\/p>\n<p>Dostavljena dokumentacija \u0161koli po ovom konkursu se nec\u0301e vrac\u0301ati kandidatima. <\/p>\n<p>\u0160kola c\u0301e pismenim putem obavijestiti sve u\u010desnike o ishodu konkursa. <\/p>\n<p>Prijave se mogu dostaviti po\u0161tom ili li\u010dno na sljedec\u0301u adresu: JU UGOSTITELJSKO-EKONOMSKA \u0160KOLA, ul. Vuka Karad\u017eic\u0301a 16, 79101 Prijedor, sa naznakom \u201eza konkurs\u201c i napomenom \u201ene otvarati\u201c.<\/p>\n<p>Zavod za zapo\u0161ljavanje RS<br \/>\nFoto \u2013 ilustracija<\/p>\n","protected":false},"excerpt":{"rendered":"<p>Profesor fizi\u010dkog vaspitanja Oblast: Obrazovanje Rad na: Odre\u0111eno vrijeme Regija: Prijedor Otvoreno do: 31.01.2019. Broj izvr\u0161ilaca: 1 OPIS RADNOG MJESTA Na osnovu \u010dlana 106. i 132. Zakona o srednjem obrazovanju [&hellip;]<\/p>\n","protected":false},"author":1,"featured_media":0,"comment_status":"closed","ping_status":"open","sticky":false,"template":"","format":"standard","meta":{"_monsterinsights_skip_tracking":false,"_monsterinsights_sitenote_active":false,"_monsterinsights_sitenote_note":"","_monsterinsights_sitenote_category":0,"footnotes":""},"categories":[7519],"tags":[597],"yoast_head":"<!-- This site is optimized with the Yoast SEO plugin v21.6 - https:\/\/yoast.com\/wordpress\/plugins\/seo\/ -->\n<title>KONKURS ZA POSAO: UGOSTITELJSKO-EKONOMSKA \u0160KOLA PRIJEDOR PRIMA RADNIKA - PrijedorDanas.com - Prijedorski gradski portal<\/title>\n<meta name=\"robots\" content=\"index, follow, max-snippet:-1, max-image-preview:large, max-video-preview:-1\" \/>\n<link rel=\"canonical\" href=\"https:\/\/www.prijedordanas.com\/?p=120445\" \/>\n<meta property=\"og:locale\" content=\"en_US\" \/>\n<meta property=\"og:type\" content=\"article\" \/>\n<meta property=\"og:title\" content=\"KONKURS ZA POSAO: UGOSTITELJSKO-EKONOMSKA \u0160KOLA PRIJEDOR PRIMA RADNIKA - PrijedorDanas.com - Prijedorski gradski portal\" \/>\n<meta property=\"og:description\" content=\"Profesor fizi\u010dkog vaspitanja Oblast: Obrazovanje Rad na: Odre\u0111eno vrijeme Regija: Prijedor Otvoreno do: 31.01.2019. Broj izvr\u0161ilaca: 1 OPIS RADNOG MJESTA Na osnovu \u010dlana 106. i 132. Zakona o srednjem obrazovanju [&hellip;]\" \/>\n<meta property=\"og:url\" content=\"https:\/\/www.prijedordanas.com\/?p=120445\" \/>\n<meta property=\"og:site_name\" content=\"PrijedorDanas.com - Prijedorski gradski portal\" \/>\n<meta property=\"article:publisher\" content=\"https:\/\/www.facebook.com\/PrijedorDanasCom\/\" \/>\n<meta property=\"article:published_time\" content=\"2019-01-25T15:34:31+00:00\" \/>\n<meta property=\"og:image\" content=\"https:\/\/www.prijedordanas.com\/wp-content\/uploads\/2017\/02\/ilustracija-posao-potraga-2-300x217.jpg\" \/>\n<meta name=\"author\" content=\"admin\" \/>\n<meta name=\"twitter:card\" content=\"summary_large_image\" \/>\n<meta name=\"twitter:label1\" content=\"Written by\" \/>\n\t<meta name=\"twitter:data1\" content=\"admin\" \/>\n\t<meta name=\"twitter:label2\" content=\"Est. reading time\" \/>\n\t<meta name=\"twitter:data2\" content=\"5 minutes\" \/>\n<script type=\"application\/ld+json\" class=\"yoast-schema-graph\">{\"@context\":\"https:\/\/schema.org\",\"@graph\":[{\"@type\":\"Article\",\"@id\":\"https:\/\/www.prijedordanas.com\/?p=120445#article\",\"isPartOf\":{\"@id\":\"https:\/\/www.prijedordanas.com\/?p=120445\"},\"author\":{\"name\":\"admin\",\"@id\":\"https:\/\/www.prijedordanas.com\/#\/schema\/person\/4e08ccf29b506ca916ff86d46bb700e6\"},\"headline\":\"KONKURS ZA POSAO: UGOSTITELJSKO-EKONOMSKA \u0160KOLA PRIJEDOR PRIMA RADNIKA\",\"datePublished\":\"2019-01-25T15:34:31+00:00\",\"dateModified\":\"2019-01-25T15:34:31+00:00\",\"mainEntityOfPage\":{\"@id\":\"https:\/\/www.prijedordanas.com\/?p=120445\"},\"wordCount\":999,\"publisher\":{\"@id\":\"https:\/\/www.prijedordanas.com\/#organization\"},\"keywords\":[\"posao\"],\"articleSection\":[\"Posao\"],\"inLanguage\":\"en-US\"},{\"@type\":\"WebPage\",\"@id\":\"https:\/\/www.prijedordanas.com\/?p=120445\",\"url\":\"https:\/\/www.prijedordanas.com\/?p=120445\",\"name\":\"KONKURS ZA POSAO: UGOSTITELJSKO-EKONOMSKA \u0160KOLA PRIJEDOR PRIMA RADNIKA - PrijedorDanas.com - Prijedorski gradski portal\",\"isPartOf\":{\"@id\":\"https:\/\/www.prijedordanas.com\/#website\"},\"datePublished\":\"2019-01-25T15:34:31+00:00\",\"dateModified\":\"2019-01-25T15:34:31+00:00\",\"breadcrumb\":{\"@id\":\"https:\/\/www.prijedordanas.com\/?p=120445#breadcrumb\"},\"inLanguage\":\"en-US\",\"potentialAction\":[{\"@type\":\"ReadAction\",\"target\":[\"https:\/\/www.prijedordanas.com\/?p=120445\"]}]},{\"@type\":\"BreadcrumbList\",\"@id\":\"https:\/\/www.prijedordanas.com\/?p=120445#breadcrumb\",\"itemListElement\":[{\"@type\":\"ListItem\",\"position\":1,\"name\":\"Home\",\"item\":\"https:\/\/www.prijedordanas.com\/\"},{\"@type\":\"ListItem\",\"position\":2,\"name\":\"KONKURS ZA POSAO: UGOSTITELJSKO-EKONOMSKA \u0160KOLA PRIJEDOR PRIMA RADNIKA\"}]},{\"@type\":\"WebSite\",\"@id\":\"https:\/\/www.prijedordanas.com\/#website\",\"url\":\"https:\/\/www.prijedordanas.com\/\",\"name\":\"PrijedorDanas.com - Prijedorski gradski portal\",\"description\":\"Portal o doga\u0111anjima u gradu Prijedoru\",\"publisher\":{\"@id\":\"https:\/\/www.prijedordanas.com\/#organization\"},\"potentialAction\":[{\"@type\":\"SearchAction\",\"target\":{\"@type\":\"EntryPoint\",\"urlTemplate\":\"https:\/\/www.prijedordanas.com\/?s={search_term_string}\"},\"query-input\":\"required name=search_term_string\"}],\"inLanguage\":\"en-US\"},{\"@type\":\"Organization\",\"@id\":\"https:\/\/www.prijedordanas.com\/#organization\",\"name\":\"PrijedorDanas.com\",\"url\":\"https:\/\/www.prijedordanas.com\/\",\"logo\":{\"@type\":\"ImageObject\",\"inLanguage\":\"en-US\",\"@id\":\"https:\/\/www.prijedordanas.com\/#\/schema\/logo\/image\/\",\"url\":\"http:\/\/www.prijedordanas.com\/wp-content\/uploads\/2021\/12\/logopng.png\",\"contentUrl\":\"http:\/\/www.prijedordanas.com\/wp-content\/uploads\/2021\/12\/logopng.png\",\"width\":1019,\"height\":776,\"caption\":\"PrijedorDanas.com\"},\"image\":{\"@id\":\"https:\/\/www.prijedordanas.com\/#\/schema\/logo\/image\/\"},\"sameAs\":[\"https:\/\/www.facebook.com\/PrijedorDanasCom\/\"]},{\"@type\":\"Person\",\"@id\":\"https:\/\/www.prijedordanas.com\/#\/schema\/person\/4e08ccf29b506ca916ff86d46bb700e6\",\"name\":\"admin\",\"image\":{\"@type\":\"ImageObject\",\"inLanguage\":\"en-US\",\"@id\":\"https:\/\/www.prijedordanas.com\/#\/schema\/person\/image\/\",\"url\":\"https:\/\/secure.gravatar.com\/avatar\/1d3fc949d550f0b53a5f0d51e06dfd79?s=96&d=mm&r=g\",\"contentUrl\":\"https:\/\/secure.gravatar.com\/avatar\/1d3fc949d550f0b53a5f0d51e06dfd79?s=96&d=mm&r=g\",\"caption\":\"admin\"},\"url\":\"https:\/\/www.prijedordanas.com\/?author=1\"}]}<\/script>\n<!-- \/ Yoast SEO plugin. -->","yoast_head_json":{"title":"KONKURS ZA POSAO: UGOSTITELJSKO-EKONOMSKA \u0160KOLA PRIJEDOR PRIMA RADNIKA - PrijedorDanas.com - Prijedorski gradski portal","robots":{"index":"index","follow":"follow","max-snippet":"max-snippet:-1","max-image-preview":"max-image-preview:large","max-video-preview":"max-video-preview:-1"},"canonical":"https:\/\/www.prijedordanas.com\/?p=120445","og_locale":"en_US","og_type":"article","og_title":"KONKURS ZA POSAO: UGOSTITELJSKO-EKONOMSKA \u0160KOLA PRIJEDOR PRIMA RADNIKA - PrijedorDanas.com - Prijedorski gradski portal","og_description":"Profesor fizi\u010dkog vaspitanja Oblast: Obrazovanje Rad na: Odre\u0111eno vrijeme Regija: Prijedor Otvoreno do: 31.01.2019. Broj izvr\u0161ilaca: 1 OPIS RADNOG MJESTA Na osnovu \u010dlana 106. i 132. Zakona o srednjem obrazovanju [&hellip;]","og_url":"https:\/\/www.prijedordanas.com\/?p=120445","og_site_name":"PrijedorDanas.com - Prijedorski gradski portal","article_publisher":"https:\/\/www.facebook.com\/PrijedorDanasCom\/","article_published_time":"2019-01-25T15:34:31+00:00","og_image":[{"url":"https:\/\/www.prijedordanas.com\/wp-content\/uploads\/2017\/02\/ilustracija-posao-potraga-2-300x217.jpg"}],"author":"admin","twitter_card":"summary_large_image","twitter_misc":{"Written by":"admin","Est. reading time":"5 minutes"},"schema":{"@context":"https:\/\/schema.org","@graph":[{"@type":"Article","@id":"https:\/\/www.prijedordanas.com\/?p=120445#article","isPartOf":{"@id":"https:\/\/www.prijedordanas.com\/?p=120445"},"author":{"name":"admin","@id":"https:\/\/www.prijedordanas.com\/#\/schema\/person\/4e08ccf29b506ca916ff86d46bb700e6"},"headline":"KONKURS ZA POSAO: UGOSTITELJSKO-EKONOMSKA \u0160KOLA PRIJEDOR PRIMA RADNIKA","datePublished":"2019-01-25T15:34:31+00:00","dateModified":"2019-01-25T15:34:31+00:00","mainEntityOfPage":{"@id":"https:\/\/www.prijedordanas.com\/?p=120445"},"wordCount":999,"publisher":{"@id":"https:\/\/www.prijedordanas.com\/#organization"},"keywords":["posao"],"articleSection":["Posao"],"inLanguage":"en-US"},{"@type":"WebPage","@id":"https:\/\/www.prijedordanas.com\/?p=120445","url":"https:\/\/www.prijedordanas.com\/?p=120445","name":"KONKURS ZA POSAO: UGOSTITELJSKO-EKONOMSKA \u0160KOLA PRIJEDOR PRIMA RADNIKA - PrijedorDanas.com - Prijedorski gradski portal","isPartOf":{"@id":"https:\/\/www.prijedordanas.com\/#website"},"datePublished":"2019-01-25T15:34:31+00:00","dateModified":"2019-01-25T15:34:31+00:00","breadcrumb":{"@id":"https:\/\/www.prijedordanas.com\/?p=120445#breadcrumb"},"inLanguage":"en-US","potentialAction":[{"@type":"ReadAction","target":["https:\/\/www.prijedordanas.com\/?p=120445"]}]},{"@type":"BreadcrumbList","@id":"https:\/\/www.prijedordanas.com\/?p=120445#breadcrumb","itemListElement":[{"@type":"ListItem","position":1,"name":"Home","item":"https:\/\/www.prijedordanas.com\/"},{"@type":"ListItem","position":2,"name":"KONKURS ZA POSAO: UGOSTITELJSKO-EKONOMSKA \u0160KOLA PRIJEDOR PRIMA RADNIKA"}]},{"@type":"WebSite","@id":"https:\/\/www.prijedordanas.com\/#website","url":"https:\/\/www.prijedordanas.com\/","name":"PrijedorDanas.com - Prijedorski gradski portal","description":"Portal o doga\u0111anjima u gradu Prijedoru","publisher":{"@id":"https:\/\/www.prijedordanas.com\/#organization"},"potentialAction":[{"@type":"SearchAction","target":{"@type":"EntryPoint","urlTemplate":"https:\/\/www.prijedordanas.com\/?s={search_term_string}"},"query-input":"required name=search_term_string"}],"inLanguage":"en-US"},{"@type":"Organization","@id":"https:\/\/www.prijedordanas.com\/#organization","name":"PrijedorDanas.com","url":"https:\/\/www.prijedordanas.com\/","logo":{"@type":"ImageObject","inLanguage":"en-US","@id":"https:\/\/www.prijedordanas.com\/#\/schema\/logo\/image\/","url":"http:\/\/www.prijedordanas.com\/wp-content\/uploads\/2021\/12\/logopng.png","contentUrl":"http:\/\/www.prijedordanas.com\/wp-content\/uploads\/2021\/12\/logopng.png","width":1019,"height":776,"caption":"PrijedorDanas.com"},"image":{"@id":"https:\/\/www.prijedordanas.com\/#\/schema\/logo\/image\/"},"sameAs":["https:\/\/www.facebook.com\/PrijedorDanasCom\/"]},{"@type":"Person","@id":"https:\/\/www.prijedordanas.com\/#\/schema\/person\/4e08ccf29b506ca916ff86d46bb700e6","name":"admin","image":{"@type":"ImageObject","inLanguage":"en-US","@id":"https:\/\/www.prijedordanas.com\/#\/schema\/person\/image\/","url":"https:\/\/secure.gravatar.com\/avatar\/1d3fc949d550f0b53a5f0d51e06dfd79?s=96&d=mm&r=g","contentUrl":"https:\/\/secure.gravatar.com\/avatar\/1d3fc949d550f0b53a5f0d51e06dfd79?s=96&d=mm&r=g","caption":"admin"},"url":"https:\/\/www.prijedordanas.com\/?author=1"}]}},"_links":{"self":[{"href":"https:\/\/www.prijedordanas.com\/index.php?rest_route=\/wp\/v2\/posts\/120445"}],"collection":[{"href":"https:\/\/www.prijedordanas.com\/index.php?rest_route=\/wp\/v2\/posts"}],"about":[{"href":"https:\/\/www.prijedordanas.com\/index.php?rest_route=\/wp\/v2\/types\/post"}],"author":[{"embeddable":true,"href":"https:\/\/www.prijedordanas.com\/index.php?rest_route=\/wp\/v2\/users\/1"}],"replies":[{"embeddable":true,"href":"https:\/\/www.prijedordanas.com\/index.php?rest_route=%2Fwp%2Fv2%2Fcomments&post=120445"}],"version-history":[{"count":1,"href":"https:\/\/www.prijedordanas.com\/index.php?rest_route=\/wp\/v2\/posts\/120445\/revisions"}],"predecessor-version":[{"id":120446,"href":"https:\/\/www.prijedordanas.com\/index.php?rest_route=\/wp\/v2\/posts\/120445\/revisions\/120446"}],"wp:attachment":[{"href":"https:\/\/www.prijedordanas.com\/index.php?rest_route=%2Fwp%2Fv2%2Fmedia&parent=120445"}],"wp:term":[{"taxonomy":"category","embeddable":true,"href":"https:\/\/www.prijedordanas.com\/index.php?rest_route=%2Fwp%2Fv2%2Fcategories&post=120445"},{"taxonomy":"post_tag","embeddable":true,"href":"https:\/\/www.prijedordanas.com\/index.php?rest_route=%2Fwp%2Fv2%2Ftags&post=120445"}],"curies":[{"name":"wp","href":"https:\/\/api.w.org\/{rel}","templated":true}]}}