{"id":120057,"date":"2019-01-18T22:37:17","date_gmt":"2019-01-18T21:37:17","guid":{"rendered":"https:\/\/www.prijedordanas.com\/?p=120057"},"modified":"2019-01-18T22:37:17","modified_gmt":"2019-01-18T21:37:17","slug":"slavica-milena-i-nevena-medu-odvaznima-tri-prijedorcanke-ucesnice-plivanja-za-casni-krst-na-bogojavljenje-foto","status":"publish","type":"post","link":"https:\/\/www.prijedordanas.com\/?p=120057","title":{"rendered":"SLAVICA, MILENA I NEVENA ME\u0110U ODVA\u017dNIMA: TRI PRIJEDOR\u010cANKE U\u010cESNICE PLIVANJA ZA \u010cASNI KRST NA BOGOJAVLJENJE \u2013 FOTO"},"content":{"rendered":"<p><a href=\"https:\/\/www.prijedordanas.com\/wp-content\/uploads\/2019\/01\/prijedorcanke-plivaju-za-casni-krst-1.jpg\"><img loading=\"lazy\" decoding=\"async\" class=\"alignleft size-medium wp-image-120058\" src=\"https:\/\/www.prijedordanas.com\/wp-content\/uploads\/2019\/01\/prijedorcanke-plivaju-za-casni-krst-1-300x244.jpg\" alt=\"\" width=\"300\" height=\"244\" srcset=\"https:\/\/www.prijedordanas.com\/wp-content\/uploads\/2019\/01\/prijedorcanke-plivaju-za-casni-krst-1-300x244.jpg 300w, https:\/\/www.prijedordanas.com\/wp-content\/uploads\/2019\/01\/prijedorcanke-plivaju-za-casni-krst-1-100x81.jpg 100w, https:\/\/www.prijedordanas.com\/wp-content\/uploads\/2019\/01\/prijedorcanke-plivaju-za-casni-krst-1.jpg 675w\" sizes=\"(max-width: 300px) 100vw, 300px\" \/><\/a>\u010cak tri Prijedor\u010danke prijavljene su za u\u010destvovanje u plivanju za \u010casni krst na Bogojavljenje u na\u0161em gradu.<\/p>\n<p>Radi se o Slavici Munjizi te Mileni i Neveni Ron\u010devi\u0107.<\/p>\n<p>Sve tri na\u0161e sugra\u0111anke prisustvovale su u petak ve\u010dernjem bogoslu\u017eenju u Crkvi Svete Trojice u Prijedoru zajedno sa ostalim u\u010desnicima.<\/p>\n<p>Podr\u0161ku im je dao i gradona\u010delnik Milenko \u0110akovi\u0107.<\/p>\n<p>Podsje\u0107amo, 2015. godine, kao prva djevojka, prijavila se Slavica Munjiza, ali je zbog visokog vodostaja Sane i sigurnosnih razloga odlu\u010deno da ipak ne zapliva.<\/p>\n<p>Milena Ron\u010devi\u0107 se prijavila pro\u0161le godine i postala prva Prijedor\u010danka koja je plivala za \u010casni krst na rijeci Sani.<\/p>\n<p>Tekst I foto &#8211; Aleksandar Drakuli\u0107 \u2013 <a href=\"https:\/\/www.prijedordanas.com\" target=\"_blank\" rel=\"noopener noreferrer\">www.prijedordanas.com<\/a><\/p>\n<p>Vezane vijesti:<\/p>\n<p><a href=\"https:\/\/www.prijedordanas.com\/?p=120040\" target=\"_blank\" rel=\"noopener\">PRIJEDOR: SPISAK NAJODVA\u017dNIJIH KOJI PLIVAJU ZA \u010cASNI KRST NA BOGOJAVLJENJE \u2013 FOTO<\/a><\/p>\n<p><a href=\"https:\/\/www.prijedordanas.com\/?p=120020\" target=\"_blank\" rel=\"noopener\">SUBOTA \u2013 19. JANUAR: OBUSTAVA SAOBRA\u0106AJA U PRIJEDORU ZBOG BOGOJAVLJENSKE LITIJE<\/a><\/p>\n<p><a href=\"https:\/\/www.prijedordanas.com\/wp-content\/uploads\/2019\/01\/bogojavljenje-vecernja-molitva-plivaci-3.jpg\"><img loading=\"lazy\" decoding=\"async\" class=\"alignleft size-medium wp-image-120043\" src=\"https:\/\/www.prijedordanas.com\/wp-content\/uploads\/2019\/01\/bogojavljenje-vecernja-molitva-plivaci-3-300x217.jpg\" alt=\"\" width=\"300\" height=\"217\" srcset=\"https:\/\/www.prijedordanas.com\/wp-content\/uploads\/2019\/01\/bogojavljenje-vecernja-molitva-plivaci-3-300x217.jpg 300w, https:\/\/www.prijedordanas.com\/wp-content\/uploads\/2019\/01\/bogojavljenje-vecernja-molitva-plivaci-3-100x72.jpg 100w, https:\/\/www.prijedordanas.com\/wp-content\/uploads\/2019\/01\/bogojavljenje-vecernja-molitva-plivaci-3.jpg 690w\" sizes=\"(max-width: 300px) 100vw, 300px\" \/><\/a> <a href=\"https:\/\/www.prijedordanas.com\/wp-content\/uploads\/2019\/01\/prijedorcanke-plivaju-za-casni-krst-2.jpg\"><img loading=\"lazy\" decoding=\"async\" class=\"alignleft size-medium wp-image-120059\" src=\"https:\/\/www.prijedordanas.com\/wp-content\/uploads\/2019\/01\/prijedorcanke-plivaju-za-casni-krst-2-300x200.jpg\" alt=\"\" width=\"300\" height=\"200\" srcset=\"https:\/\/www.prijedordanas.com\/wp-content\/uploads\/2019\/01\/prijedorcanke-plivaju-za-casni-krst-2-300x200.jpg 300w, https:\/\/www.prijedordanas.com\/wp-content\/uploads\/2019\/01\/prijedorcanke-plivaju-za-casni-krst-2-100x67.jpg 100w, https:\/\/www.prijedordanas.com\/wp-content\/uploads\/2019\/01\/prijedorcanke-plivaju-za-casni-krst-2-480x320.jpg 480w, https:\/\/www.prijedordanas.com\/wp-content\/uploads\/2019\/01\/prijedorcanke-plivaju-za-casni-krst-2.jpg 600w\" sizes=\"(max-width: 300px) 100vw, 300px\" \/><\/a> <a href=\"https:\/\/www.prijedordanas.com\/wp-content\/uploads\/2019\/01\/prijedorcanke-plivaju-za-casni-krst-3.jpg\"><img loading=\"lazy\" decoding=\"async\" class=\"alignleft size-medium wp-image-120060\" src=\"https:\/\/www.prijedordanas.com\/wp-content\/uploads\/2019\/01\/prijedorcanke-plivaju-za-casni-krst-3-300x200.jpg\" alt=\"\" width=\"300\" height=\"200\" srcset=\"https:\/\/www.prijedordanas.com\/wp-content\/uploads\/2019\/01\/prijedorcanke-plivaju-za-casni-krst-3-300x200.jpg 300w, https:\/\/www.prijedordanas.com\/wp-content\/uploads\/2019\/01\/prijedorcanke-plivaju-za-casni-krst-3-100x67.jpg 100w, https:\/\/www.prijedordanas.com\/wp-content\/uploads\/2019\/01\/prijedorcanke-plivaju-za-casni-krst-3-480x320.jpg 480w, https:\/\/www.prijedordanas.com\/wp-content\/uploads\/2019\/01\/prijedorcanke-plivaju-za-casni-krst-3.jpg 600w\" sizes=\"(max-width: 300px) 100vw, 300px\" \/><\/a> <a href=\"https:\/\/www.prijedordanas.com\/wp-content\/uploads\/2019\/01\/prijedorcanke-plivaju-za-casni-krst-4.jpg\"><img loading=\"lazy\" decoding=\"async\" class=\"alignleft size-medium wp-image-120061\" src=\"https:\/\/www.prijedordanas.com\/wp-content\/uploads\/2019\/01\/prijedorcanke-plivaju-za-casni-krst-4-300x200.jpg\" alt=\"\" width=\"300\" height=\"200\" srcset=\"https:\/\/www.prijedordanas.com\/wp-content\/uploads\/2019\/01\/prijedorcanke-plivaju-za-casni-krst-4-300x200.jpg 300w, https:\/\/www.prijedordanas.com\/wp-content\/uploads\/2019\/01\/prijedorcanke-plivaju-za-casni-krst-4-100x67.jpg 100w, https:\/\/www.prijedordanas.com\/wp-content\/uploads\/2019\/01\/prijedorcanke-plivaju-za-casni-krst-4-480x320.jpg 480w, https:\/\/www.prijedordanas.com\/wp-content\/uploads\/2019\/01\/prijedorcanke-plivaju-za-casni-krst-4.jpg 600w\" sizes=\"(max-width: 300px) 100vw, 300px\" \/><\/a><\/p>\n","protected":false},"excerpt":{"rendered":"<p>\u010cak tri Prijedor\u010danke prijavljene su za u\u010destvovanje u plivanju za \u010casni krst na Bogojavljenje u na\u0161em gradu. Radi se o Slavici Munjizi te Mileni i Neveni Ron\u010devi\u0107. Sve tri na\u0161e [&hellip;]<\/p>\n","protected":false},"author":1,"featured_media":0,"comment_status":"closed","ping_status":"open","sticky":false,"template":"","format":"standard","meta":{"_monsterinsights_skip_tracking":false,"_monsterinsights_sitenote_active":false,"_monsterinsights_sitenote_note":"","_monsterinsights_sitenote_category":0,"footnotes":""},"categories":[4],"tags":[],"yoast_head":"<!-- This site is optimized with the Yoast SEO plugin v21.6 - https:\/\/yoast.com\/wordpress\/plugins\/seo\/ -->\n<title>SLAVICA, MILENA I NEVENA ME\u0110U ODVA\u017dNIMA: TRI PRIJEDOR\u010cANKE U\u010cESNICE PLIVANJA ZA \u010cASNI KRST NA BOGOJAVLJENJE \u2013 FOTO - PrijedorDanas.com - Prijedorski gradski portal<\/title>\n<meta name=\"robots\" content=\"index, follow, max-snippet:-1, max-image-preview:large, max-video-preview:-1\" \/>\n<link rel=\"canonical\" href=\"https:\/\/www.prijedordanas.com\/?p=120057\" \/>\n<meta property=\"og:locale\" content=\"en_US\" \/>\n<meta property=\"og:type\" content=\"article\" \/>\n<meta property=\"og:title\" content=\"SLAVICA, MILENA I NEVENA ME\u0110U ODVA\u017dNIMA: TRI PRIJEDOR\u010cANKE U\u010cESNICE PLIVANJA ZA \u010cASNI KRST NA BOGOJAVLJENJE \u2013 FOTO - PrijedorDanas.com - Prijedorski gradski portal\" \/>\n<meta property=\"og:description\" content=\"\u010cak tri Prijedor\u010danke prijavljene su za u\u010destvovanje u plivanju za \u010casni krst na Bogojavljenje u na\u0161em gradu. Radi se o Slavici Munjizi te Mileni i Neveni Ron\u010devi\u0107. Sve tri na\u0161e [&hellip;]\" \/>\n<meta property=\"og:url\" content=\"https:\/\/www.prijedordanas.com\/?p=120057\" \/>\n<meta property=\"og:site_name\" content=\"PrijedorDanas.com - Prijedorski gradski portal\" \/>\n<meta property=\"article:publisher\" content=\"https:\/\/www.facebook.com\/PrijedorDanasCom\/\" \/>\n<meta property=\"article:published_time\" content=\"2019-01-18T21:37:17+00:00\" \/>\n<meta property=\"og:image\" content=\"https:\/\/www.prijedordanas.com\/wp-content\/uploads\/2019\/01\/prijedorcanke-plivaju-za-casni-krst-1-300x244.jpg\" \/>\n<meta name=\"author\" content=\"admin\" \/>\n<meta name=\"twitter:card\" content=\"summary_large_image\" \/>\n<meta name=\"twitter:label1\" content=\"Written by\" \/>\n\t<meta name=\"twitter:data1\" content=\"admin\" \/>\n\t<meta name=\"twitter:label2\" content=\"Est. reading time\" \/>\n\t<meta name=\"twitter:data2\" content=\"1 minute\" \/>\n<script type=\"application\/ld+json\" class=\"yoast-schema-graph\">{\"@context\":\"https:\/\/schema.org\",\"@graph\":[{\"@type\":\"Article\",\"@id\":\"https:\/\/www.prijedordanas.com\/?p=120057#article\",\"isPartOf\":{\"@id\":\"https:\/\/www.prijedordanas.com\/?p=120057\"},\"author\":{\"name\":\"admin\",\"@id\":\"https:\/\/www.prijedordanas.com\/#\/schema\/person\/4e08ccf29b506ca916ff86d46bb700e6\"},\"headline\":\"SLAVICA, MILENA I NEVENA ME\u0110U ODVA\u017dNIMA: TRI PRIJEDOR\u010cANKE U\u010cESNICE PLIVANJA ZA \u010cASNI KRST NA BOGOJAVLJENJE \u2013 FOTO\",\"datePublished\":\"2019-01-18T21:37:17+00:00\",\"dateModified\":\"2019-01-18T21:37:17+00:00\",\"mainEntityOfPage\":{\"@id\":\"https:\/\/www.prijedordanas.com\/?p=120057\"},\"wordCount\":166,\"publisher\":{\"@id\":\"https:\/\/www.prijedordanas.com\/#organization\"},\"articleSection\":[\"Dru\u0161tvo\"],\"inLanguage\":\"en-US\"},{\"@type\":\"WebPage\",\"@id\":\"https:\/\/www.prijedordanas.com\/?p=120057\",\"url\":\"https:\/\/www.prijedordanas.com\/?p=120057\",\"name\":\"SLAVICA, MILENA I NEVENA ME\u0110U ODVA\u017dNIMA: TRI PRIJEDOR\u010cANKE U\u010cESNICE PLIVANJA ZA \u010cASNI KRST NA BOGOJAVLJENJE \u2013 FOTO - PrijedorDanas.com - Prijedorski gradski portal\",\"isPartOf\":{\"@id\":\"https:\/\/www.prijedordanas.com\/#website\"},\"datePublished\":\"2019-01-18T21:37:17+00:00\",\"dateModified\":\"2019-01-18T21:37:17+00:00\",\"breadcrumb\":{\"@id\":\"https:\/\/www.prijedordanas.com\/?p=120057#breadcrumb\"},\"inLanguage\":\"en-US\",\"potentialAction\":[{\"@type\":\"ReadAction\",\"target\":[\"https:\/\/www.prijedordanas.com\/?p=120057\"]}]},{\"@type\":\"BreadcrumbList\",\"@id\":\"https:\/\/www.prijedordanas.com\/?p=120057#breadcrumb\",\"itemListElement\":[{\"@type\":\"ListItem\",\"position\":1,\"name\":\"Home\",\"item\":\"https:\/\/www.prijedordanas.com\/\"},{\"@type\":\"ListItem\",\"position\":2,\"name\":\"SLAVICA, MILENA I NEVENA ME\u0110U ODVA\u017dNIMA: TRI PRIJEDOR\u010cANKE U\u010cESNICE PLIVANJA ZA \u010cASNI KRST NA BOGOJAVLJENJE \u2013 FOTO\"}]},{\"@type\":\"WebSite\",\"@id\":\"https:\/\/www.prijedordanas.com\/#website\",\"url\":\"https:\/\/www.prijedordanas.com\/\",\"name\":\"PrijedorDanas.com - Prijedorski gradski portal\",\"description\":\"Portal o doga\u0111anjima u gradu Prijedoru\",\"publisher\":{\"@id\":\"https:\/\/www.prijedordanas.com\/#organization\"},\"potentialAction\":[{\"@type\":\"SearchAction\",\"target\":{\"@type\":\"EntryPoint\",\"urlTemplate\":\"https:\/\/www.prijedordanas.com\/?s={search_term_string}\"},\"query-input\":\"required name=search_term_string\"}],\"inLanguage\":\"en-US\"},{\"@type\":\"Organization\",\"@id\":\"https:\/\/www.prijedordanas.com\/#organization\",\"name\":\"PrijedorDanas.com\",\"url\":\"https:\/\/www.prijedordanas.com\/\",\"logo\":{\"@type\":\"ImageObject\",\"inLanguage\":\"en-US\",\"@id\":\"https:\/\/www.prijedordanas.com\/#\/schema\/logo\/image\/\",\"url\":\"http:\/\/www.prijedordanas.com\/wp-content\/uploads\/2021\/12\/logopng.png\",\"contentUrl\":\"http:\/\/www.prijedordanas.com\/wp-content\/uploads\/2021\/12\/logopng.png\",\"width\":1019,\"height\":776,\"caption\":\"PrijedorDanas.com\"},\"image\":{\"@id\":\"https:\/\/www.prijedordanas.com\/#\/schema\/logo\/image\/\"},\"sameAs\":[\"https:\/\/www.facebook.com\/PrijedorDanasCom\/\"]},{\"@type\":\"Person\",\"@id\":\"https:\/\/www.prijedordanas.com\/#\/schema\/person\/4e08ccf29b506ca916ff86d46bb700e6\",\"name\":\"admin\",\"image\":{\"@type\":\"ImageObject\",\"inLanguage\":\"en-US\",\"@id\":\"https:\/\/www.prijedordanas.com\/#\/schema\/person\/image\/\",\"url\":\"https:\/\/secure.gravatar.com\/avatar\/1d3fc949d550f0b53a5f0d51e06dfd79?s=96&d=mm&r=g\",\"contentUrl\":\"https:\/\/secure.gravatar.com\/avatar\/1d3fc949d550f0b53a5f0d51e06dfd79?s=96&d=mm&r=g\",\"caption\":\"admin\"},\"url\":\"https:\/\/www.prijedordanas.com\/?author=1\"}]}<\/script>\n<!-- \/ Yoast SEO plugin. -->","yoast_head_json":{"title":"SLAVICA, MILENA I NEVENA ME\u0110U ODVA\u017dNIMA: TRI PRIJEDOR\u010cANKE U\u010cESNICE PLIVANJA ZA \u010cASNI KRST NA BOGOJAVLJENJE \u2013 FOTO - PrijedorDanas.com - Prijedorski gradski portal","robots":{"index":"index","follow":"follow","max-snippet":"max-snippet:-1","max-image-preview":"max-image-preview:large","max-video-preview":"max-video-preview:-1"},"canonical":"https:\/\/www.prijedordanas.com\/?p=120057","og_locale":"en_US","og_type":"article","og_title":"SLAVICA, MILENA I NEVENA ME\u0110U ODVA\u017dNIMA: TRI PRIJEDOR\u010cANKE U\u010cESNICE PLIVANJA ZA \u010cASNI KRST NA BOGOJAVLJENJE \u2013 FOTO - PrijedorDanas.com - Prijedorski gradski portal","og_description":"\u010cak tri Prijedor\u010danke prijavljene su za u\u010destvovanje u plivanju za \u010casni krst na Bogojavljenje u na\u0161em gradu. Radi se o Slavici Munjizi te Mileni i Neveni Ron\u010devi\u0107. Sve tri na\u0161e [&hellip;]","og_url":"https:\/\/www.prijedordanas.com\/?p=120057","og_site_name":"PrijedorDanas.com - Prijedorski gradski portal","article_publisher":"https:\/\/www.facebook.com\/PrijedorDanasCom\/","article_published_time":"2019-01-18T21:37:17+00:00","og_image":[{"url":"https:\/\/www.prijedordanas.com\/wp-content\/uploads\/2019\/01\/prijedorcanke-plivaju-za-casni-krst-1-300x244.jpg"}],"author":"admin","twitter_card":"summary_large_image","twitter_misc":{"Written by":"admin","Est. reading time":"1 minute"},"schema":{"@context":"https:\/\/schema.org","@graph":[{"@type":"Article","@id":"https:\/\/www.prijedordanas.com\/?p=120057#article","isPartOf":{"@id":"https:\/\/www.prijedordanas.com\/?p=120057"},"author":{"name":"admin","@id":"https:\/\/www.prijedordanas.com\/#\/schema\/person\/4e08ccf29b506ca916ff86d46bb700e6"},"headline":"SLAVICA, MILENA I NEVENA ME\u0110U ODVA\u017dNIMA: TRI PRIJEDOR\u010cANKE U\u010cESNICE PLIVANJA ZA \u010cASNI KRST NA BOGOJAVLJENJE \u2013 FOTO","datePublished":"2019-01-18T21:37:17+00:00","dateModified":"2019-01-18T21:37:17+00:00","mainEntityOfPage":{"@id":"https:\/\/www.prijedordanas.com\/?p=120057"},"wordCount":166,"publisher":{"@id":"https:\/\/www.prijedordanas.com\/#organization"},"articleSection":["Dru\u0161tvo"],"inLanguage":"en-US"},{"@type":"WebPage","@id":"https:\/\/www.prijedordanas.com\/?p=120057","url":"https:\/\/www.prijedordanas.com\/?p=120057","name":"SLAVICA, MILENA I NEVENA ME\u0110U ODVA\u017dNIMA: TRI PRIJEDOR\u010cANKE U\u010cESNICE PLIVANJA ZA \u010cASNI KRST NA BOGOJAVLJENJE \u2013 FOTO - PrijedorDanas.com - Prijedorski gradski portal","isPartOf":{"@id":"https:\/\/www.prijedordanas.com\/#website"},"datePublished":"2019-01-18T21:37:17+00:00","dateModified":"2019-01-18T21:37:17+00:00","breadcrumb":{"@id":"https:\/\/www.prijedordanas.com\/?p=120057#breadcrumb"},"inLanguage":"en-US","potentialAction":[{"@type":"ReadAction","target":["https:\/\/www.prijedordanas.com\/?p=120057"]}]},{"@type":"BreadcrumbList","@id":"https:\/\/www.prijedordanas.com\/?p=120057#breadcrumb","itemListElement":[{"@type":"ListItem","position":1,"name":"Home","item":"https:\/\/www.prijedordanas.com\/"},{"@type":"ListItem","position":2,"name":"SLAVICA, MILENA I NEVENA ME\u0110U ODVA\u017dNIMA: TRI PRIJEDOR\u010cANKE U\u010cESNICE PLIVANJA ZA \u010cASNI KRST NA BOGOJAVLJENJE \u2013 FOTO"}]},{"@type":"WebSite","@id":"https:\/\/www.prijedordanas.com\/#website","url":"https:\/\/www.prijedordanas.com\/","name":"PrijedorDanas.com - Prijedorski gradski portal","description":"Portal o doga\u0111anjima u gradu Prijedoru","publisher":{"@id":"https:\/\/www.prijedordanas.com\/#organization"},"potentialAction":[{"@type":"SearchAction","target":{"@type":"EntryPoint","urlTemplate":"https:\/\/www.prijedordanas.com\/?s={search_term_string}"},"query-input":"required name=search_term_string"}],"inLanguage":"en-US"},{"@type":"Organization","@id":"https:\/\/www.prijedordanas.com\/#organization","name":"PrijedorDanas.com","url":"https:\/\/www.prijedordanas.com\/","logo":{"@type":"ImageObject","inLanguage":"en-US","@id":"https:\/\/www.prijedordanas.com\/#\/schema\/logo\/image\/","url":"http:\/\/www.prijedordanas.com\/wp-content\/uploads\/2021\/12\/logopng.png","contentUrl":"http:\/\/www.prijedordanas.com\/wp-content\/uploads\/2021\/12\/logopng.png","width":1019,"height":776,"caption":"PrijedorDanas.com"},"image":{"@id":"https:\/\/www.prijedordanas.com\/#\/schema\/logo\/image\/"},"sameAs":["https:\/\/www.facebook.com\/PrijedorDanasCom\/"]},{"@type":"Person","@id":"https:\/\/www.prijedordanas.com\/#\/schema\/person\/4e08ccf29b506ca916ff86d46bb700e6","name":"admin","image":{"@type":"ImageObject","inLanguage":"en-US","@id":"https:\/\/www.prijedordanas.com\/#\/schema\/person\/image\/","url":"https:\/\/secure.gravatar.com\/avatar\/1d3fc949d550f0b53a5f0d51e06dfd79?s=96&d=mm&r=g","contentUrl":"https:\/\/secure.gravatar.com\/avatar\/1d3fc949d550f0b53a5f0d51e06dfd79?s=96&d=mm&r=g","caption":"admin"},"url":"https:\/\/www.prijedordanas.com\/?author=1"}]}},"_links":{"self":[{"href":"https:\/\/www.prijedordanas.com\/index.php?rest_route=\/wp\/v2\/posts\/120057"}],"collection":[{"href":"https:\/\/www.prijedordanas.com\/index.php?rest_route=\/wp\/v2\/posts"}],"about":[{"href":"https:\/\/www.prijedordanas.com\/index.php?rest_route=\/wp\/v2\/types\/post"}],"author":[{"embeddable":true,"href":"https:\/\/www.prijedordanas.com\/index.php?rest_route=\/wp\/v2\/users\/1"}],"replies":[{"embeddable":true,"href":"https:\/\/www.prijedordanas.com\/index.php?rest_route=%2Fwp%2Fv2%2Fcomments&post=120057"}],"version-history":[{"count":1,"href":"https:\/\/www.prijedordanas.com\/index.php?rest_route=\/wp\/v2\/posts\/120057\/revisions"}],"predecessor-version":[{"id":120062,"href":"https:\/\/www.prijedordanas.com\/index.php?rest_route=\/wp\/v2\/posts\/120057\/revisions\/120062"}],"wp:attachment":[{"href":"https:\/\/www.prijedordanas.com\/index.php?rest_route=%2Fwp%2Fv2%2Fmedia&parent=120057"}],"wp:term":[{"taxonomy":"category","embeddable":true,"href":"https:\/\/www.prijedordanas.com\/index.php?rest_route=%2Fwp%2Fv2%2Fcategories&post=120057"},{"taxonomy":"post_tag","embeddable":true,"href":"https:\/\/www.prijedordanas.com\/index.php?rest_route=%2Fwp%2Fv2%2Ftags&post=120057"}],"curies":[{"name":"wp","href":"https:\/\/api.w.org\/{rel}","templated":true}]}}