{"id":118784,"date":"2018-12-31T12:19:10","date_gmt":"2018-12-31T11:19:10","guid":{"rendered":"https:\/\/www.prijedordanas.com\/?p=118784"},"modified":"2018-12-31T12:19:10","modified_gmt":"2018-12-31T11:19:10","slug":"podignuta-optuznica-protiv-tri-osobe-za-zlocin-u-prijedoru","status":"publish","type":"post","link":"https:\/\/www.prijedordanas.com\/?p=118784","title":{"rendered":"PODIGNUTA OPTU\u017dNICA PROTIV TRI OSOBE ZA ZLO\u010cIN U PRIJEDORU"},"content":{"rendered":"<p><a href=\"https:\/\/www.prijedordanas.com\/wp-content\/uploads\/2016\/10\/sud-bih-5.jpg\"><img loading=\"lazy\" decoding=\"async\" src=\"https:\/\/www.prijedordanas.com\/wp-content\/uploads\/2016\/10\/sud-bih-5-300x250.jpg\" alt=\"\" width=\"300\" height=\"250\" class=\"alignleft size-medium wp-image-63070\" srcset=\"https:\/\/www.prijedordanas.com\/wp-content\/uploads\/2016\/10\/sud-bih-5-300x250.jpg 300w, https:\/\/www.prijedordanas.com\/wp-content\/uploads\/2016\/10\/sud-bih-5-100x83.jpg 100w, https:\/\/www.prijedordanas.com\/wp-content\/uploads\/2016\/10\/sud-bih-5.jpg 600w\" sizes=\"(max-width: 300px) 100vw, 300px\" \/><\/a>Tu\u017eila\u0161tvo Bosne i Hercegovine podiglo je optu\u017enicu protiv Ranka Babi\u0107a, Bratislava Bilbije i \u0110ure Adamovi\u0107a za zlo\u010din po\u010dinjen nad civilima u mjestu Ljeskare kod Prijedora u ljeto 1992. godine.<\/p>\n<p>Optu\u017eene Tu\u017eila\u0161tvo tereti da su \u201cza vrijeme rata i oru\u017eanog sukoba u BiH, u okviru \u0161irokog i sistemati\u010dnog napada na civilno stanovni\u0161tvo bo\u0161nja\u010dke nacionalnosti na podru\u010dju Prijedora, u svojstvu zapovjednika i pripadnika Vojske Republike Srpske, postupali protivno odredbama \u017denevskih konvencija o za\u0161titi civilnih osoba za vrijeme rata\u201d.<\/p>\n<p>U optu\u017enici se navodi da su optu\u017eeni u augustu 1992. godine do\u0161li u mjesto Ljeskare, zaselak Bukvik, gdje su se nalazili civili bo\u0161nja\u010dke nacionalnosti, te su odvojili vi\u0161e mu\u0161karaca, me\u0111u kojima i maloljetne osobe.<\/p>\n<p>Nakon toga, sudjelovali su u mu\u010denju, zlostavljanju i ubistvima civila bo\u0161nja\u010dke nacionalnosti, od kojih su dvije \u017ertve ubijene u Ljeskarama a trojica civila odvedena u nepoznatom pravcu, od kada im se gubi svaki trag.<\/p>\n<p>Optu\u017eeni Babi\u0107, kao oficir i najstariji po \u010dinu, tereti se da je sudjelovao u po\u010dinjenju zlo\u010dina, te da nije poduzeo mjere kako bi sprije\u010dio zlo\u010din i kaznio po\u010dinitelje, navode iz Tu\u017eila\u0161tva BiH.<\/p>\n<p>Optu\u017enica je proslije\u0111ena na potvr\u0111ivanje Sudu BiH.<\/p>\n<p>BIRN<\/p>\n","protected":false},"excerpt":{"rendered":"<p>Tu\u017eila\u0161tvo Bosne i Hercegovine podiglo je optu\u017enicu protiv Ranka Babi\u0107a, Bratislava Bilbije i \u0110ure Adamovi\u0107a za zlo\u010din po\u010dinjen nad civilima u mjestu Ljeskare kod Prijedora u ljeto 1992. godine. Optu\u017eene [&hellip;]<\/p>\n","protected":false},"author":1,"featured_media":0,"comment_status":"closed","ping_status":"open","sticky":false,"template":"","format":"standard","meta":{"_monsterinsights_skip_tracking":false,"_monsterinsights_sitenote_active":false,"_monsterinsights_sitenote_note":"","_monsterinsights_sitenote_category":0,"footnotes":""},"categories":[5],"tags":[],"yoast_head":"<!-- This site is optimized with the Yoast SEO plugin v21.6 - https:\/\/yoast.com\/wordpress\/plugins\/seo\/ -->\n<title>PODIGNUTA OPTU\u017dNICA PROTIV TRI OSOBE ZA ZLO\u010cIN U PRIJEDORU - PrijedorDanas.com - Prijedorski gradski portal<\/title>\n<meta name=\"robots\" content=\"index, follow, max-snippet:-1, max-image-preview:large, max-video-preview:-1\" \/>\n<link rel=\"canonical\" href=\"https:\/\/www.prijedordanas.com\/?p=118784\" \/>\n<meta property=\"og:locale\" content=\"en_US\" \/>\n<meta property=\"og:type\" content=\"article\" \/>\n<meta property=\"og:title\" content=\"PODIGNUTA OPTU\u017dNICA PROTIV TRI OSOBE ZA ZLO\u010cIN U PRIJEDORU - PrijedorDanas.com - Prijedorski gradski portal\" \/>\n<meta property=\"og:description\" content=\"Tu\u017eila\u0161tvo Bosne i Hercegovine podiglo je optu\u017enicu protiv Ranka Babi\u0107a, Bratislava Bilbije i \u0110ure Adamovi\u0107a za zlo\u010din po\u010dinjen nad civilima u mjestu Ljeskare kod Prijedora u ljeto 1992. godine. Optu\u017eene [&hellip;]\" \/>\n<meta property=\"og:url\" content=\"https:\/\/www.prijedordanas.com\/?p=118784\" \/>\n<meta property=\"og:site_name\" content=\"PrijedorDanas.com - Prijedorski gradski portal\" \/>\n<meta property=\"article:publisher\" content=\"https:\/\/www.facebook.com\/PrijedorDanasCom\/\" \/>\n<meta property=\"article:published_time\" content=\"2018-12-31T11:19:10+00:00\" \/>\n<meta property=\"og:image\" content=\"https:\/\/www.prijedordanas.com\/wp-content\/uploads\/2016\/10\/sud-bih-5-300x250.jpg\" \/>\n<meta name=\"author\" content=\"admin\" \/>\n<meta name=\"twitter:card\" content=\"summary_large_image\" \/>\n<meta name=\"twitter:label1\" content=\"Written by\" \/>\n\t<meta name=\"twitter:data1\" content=\"admin\" \/>\n\t<meta name=\"twitter:label2\" content=\"Est. reading time\" \/>\n\t<meta name=\"twitter:data2\" content=\"1 minute\" \/>\n<script type=\"application\/ld+json\" class=\"yoast-schema-graph\">{\"@context\":\"https:\/\/schema.org\",\"@graph\":[{\"@type\":\"Article\",\"@id\":\"https:\/\/www.prijedordanas.com\/?p=118784#article\",\"isPartOf\":{\"@id\":\"https:\/\/www.prijedordanas.com\/?p=118784\"},\"author\":{\"name\":\"admin\",\"@id\":\"https:\/\/www.prijedordanas.com\/#\/schema\/person\/4e08ccf29b506ca916ff86d46bb700e6\"},\"headline\":\"PODIGNUTA OPTU\u017dNICA PROTIV TRI OSOBE ZA ZLO\u010cIN U PRIJEDORU\",\"datePublished\":\"2018-12-31T11:19:10+00:00\",\"dateModified\":\"2018-12-31T11:19:10+00:00\",\"mainEntityOfPage\":{\"@id\":\"https:\/\/www.prijedordanas.com\/?p=118784\"},\"wordCount\":232,\"publisher\":{\"@id\":\"https:\/\/www.prijedordanas.com\/#organization\"},\"articleSection\":[\"Hronika\"],\"inLanguage\":\"en-US\"},{\"@type\":\"WebPage\",\"@id\":\"https:\/\/www.prijedordanas.com\/?p=118784\",\"url\":\"https:\/\/www.prijedordanas.com\/?p=118784\",\"name\":\"PODIGNUTA OPTU\u017dNICA PROTIV TRI OSOBE ZA ZLO\u010cIN U PRIJEDORU - PrijedorDanas.com - Prijedorski gradski portal\",\"isPartOf\":{\"@id\":\"https:\/\/www.prijedordanas.com\/#website\"},\"datePublished\":\"2018-12-31T11:19:10+00:00\",\"dateModified\":\"2018-12-31T11:19:10+00:00\",\"breadcrumb\":{\"@id\":\"https:\/\/www.prijedordanas.com\/?p=118784#breadcrumb\"},\"inLanguage\":\"en-US\",\"potentialAction\":[{\"@type\":\"ReadAction\",\"target\":[\"https:\/\/www.prijedordanas.com\/?p=118784\"]}]},{\"@type\":\"BreadcrumbList\",\"@id\":\"https:\/\/www.prijedordanas.com\/?p=118784#breadcrumb\",\"itemListElement\":[{\"@type\":\"ListItem\",\"position\":1,\"name\":\"Home\",\"item\":\"https:\/\/www.prijedordanas.com\/\"},{\"@type\":\"ListItem\",\"position\":2,\"name\":\"PODIGNUTA OPTU\u017dNICA PROTIV TRI OSOBE ZA ZLO\u010cIN U PRIJEDORU\"}]},{\"@type\":\"WebSite\",\"@id\":\"https:\/\/www.prijedordanas.com\/#website\",\"url\":\"https:\/\/www.prijedordanas.com\/\",\"name\":\"PrijedorDanas.com - Prijedorski gradski portal\",\"description\":\"Portal o doga\u0111anjima u gradu Prijedoru\",\"publisher\":{\"@id\":\"https:\/\/www.prijedordanas.com\/#organization\"},\"potentialAction\":[{\"@type\":\"SearchAction\",\"target\":{\"@type\":\"EntryPoint\",\"urlTemplate\":\"https:\/\/www.prijedordanas.com\/?s={search_term_string}\"},\"query-input\":\"required name=search_term_string\"}],\"inLanguage\":\"en-US\"},{\"@type\":\"Organization\",\"@id\":\"https:\/\/www.prijedordanas.com\/#organization\",\"name\":\"PrijedorDanas.com\",\"url\":\"https:\/\/www.prijedordanas.com\/\",\"logo\":{\"@type\":\"ImageObject\",\"inLanguage\":\"en-US\",\"@id\":\"https:\/\/www.prijedordanas.com\/#\/schema\/logo\/image\/\",\"url\":\"http:\/\/www.prijedordanas.com\/wp-content\/uploads\/2021\/12\/logopng.png\",\"contentUrl\":\"http:\/\/www.prijedordanas.com\/wp-content\/uploads\/2021\/12\/logopng.png\",\"width\":1019,\"height\":776,\"caption\":\"PrijedorDanas.com\"},\"image\":{\"@id\":\"https:\/\/www.prijedordanas.com\/#\/schema\/logo\/image\/\"},\"sameAs\":[\"https:\/\/www.facebook.com\/PrijedorDanasCom\/\"]},{\"@type\":\"Person\",\"@id\":\"https:\/\/www.prijedordanas.com\/#\/schema\/person\/4e08ccf29b506ca916ff86d46bb700e6\",\"name\":\"admin\",\"image\":{\"@type\":\"ImageObject\",\"inLanguage\":\"en-US\",\"@id\":\"https:\/\/www.prijedordanas.com\/#\/schema\/person\/image\/\",\"url\":\"https:\/\/secure.gravatar.com\/avatar\/1d3fc949d550f0b53a5f0d51e06dfd79?s=96&d=mm&r=g\",\"contentUrl\":\"https:\/\/secure.gravatar.com\/avatar\/1d3fc949d550f0b53a5f0d51e06dfd79?s=96&d=mm&r=g\",\"caption\":\"admin\"},\"url\":\"https:\/\/www.prijedordanas.com\/?author=1\"}]}<\/script>\n<!-- \/ Yoast SEO plugin. -->","yoast_head_json":{"title":"PODIGNUTA OPTU\u017dNICA PROTIV TRI OSOBE ZA ZLO\u010cIN U PRIJEDORU - PrijedorDanas.com - Prijedorski gradski portal","robots":{"index":"index","follow":"follow","max-snippet":"max-snippet:-1","max-image-preview":"max-image-preview:large","max-video-preview":"max-video-preview:-1"},"canonical":"https:\/\/www.prijedordanas.com\/?p=118784","og_locale":"en_US","og_type":"article","og_title":"PODIGNUTA OPTU\u017dNICA PROTIV TRI OSOBE ZA ZLO\u010cIN U PRIJEDORU - PrijedorDanas.com - Prijedorski gradski portal","og_description":"Tu\u017eila\u0161tvo Bosne i Hercegovine podiglo je optu\u017enicu protiv Ranka Babi\u0107a, Bratislava Bilbije i \u0110ure Adamovi\u0107a za zlo\u010din po\u010dinjen nad civilima u mjestu Ljeskare kod Prijedora u ljeto 1992. godine. Optu\u017eene [&hellip;]","og_url":"https:\/\/www.prijedordanas.com\/?p=118784","og_site_name":"PrijedorDanas.com - Prijedorski gradski portal","article_publisher":"https:\/\/www.facebook.com\/PrijedorDanasCom\/","article_published_time":"2018-12-31T11:19:10+00:00","og_image":[{"url":"https:\/\/www.prijedordanas.com\/wp-content\/uploads\/2016\/10\/sud-bih-5-300x250.jpg"}],"author":"admin","twitter_card":"summary_large_image","twitter_misc":{"Written by":"admin","Est. reading time":"1 minute"},"schema":{"@context":"https:\/\/schema.org","@graph":[{"@type":"Article","@id":"https:\/\/www.prijedordanas.com\/?p=118784#article","isPartOf":{"@id":"https:\/\/www.prijedordanas.com\/?p=118784"},"author":{"name":"admin","@id":"https:\/\/www.prijedordanas.com\/#\/schema\/person\/4e08ccf29b506ca916ff86d46bb700e6"},"headline":"PODIGNUTA OPTU\u017dNICA PROTIV TRI OSOBE ZA ZLO\u010cIN U PRIJEDORU","datePublished":"2018-12-31T11:19:10+00:00","dateModified":"2018-12-31T11:19:10+00:00","mainEntityOfPage":{"@id":"https:\/\/www.prijedordanas.com\/?p=118784"},"wordCount":232,"publisher":{"@id":"https:\/\/www.prijedordanas.com\/#organization"},"articleSection":["Hronika"],"inLanguage":"en-US"},{"@type":"WebPage","@id":"https:\/\/www.prijedordanas.com\/?p=118784","url":"https:\/\/www.prijedordanas.com\/?p=118784","name":"PODIGNUTA OPTU\u017dNICA PROTIV TRI OSOBE ZA ZLO\u010cIN U PRIJEDORU - PrijedorDanas.com - Prijedorski gradski portal","isPartOf":{"@id":"https:\/\/www.prijedordanas.com\/#website"},"datePublished":"2018-12-31T11:19:10+00:00","dateModified":"2018-12-31T11:19:10+00:00","breadcrumb":{"@id":"https:\/\/www.prijedordanas.com\/?p=118784#breadcrumb"},"inLanguage":"en-US","potentialAction":[{"@type":"ReadAction","target":["https:\/\/www.prijedordanas.com\/?p=118784"]}]},{"@type":"BreadcrumbList","@id":"https:\/\/www.prijedordanas.com\/?p=118784#breadcrumb","itemListElement":[{"@type":"ListItem","position":1,"name":"Home","item":"https:\/\/www.prijedordanas.com\/"},{"@type":"ListItem","position":2,"name":"PODIGNUTA OPTU\u017dNICA PROTIV TRI OSOBE ZA ZLO\u010cIN U PRIJEDORU"}]},{"@type":"WebSite","@id":"https:\/\/www.prijedordanas.com\/#website","url":"https:\/\/www.prijedordanas.com\/","name":"PrijedorDanas.com - Prijedorski gradski portal","description":"Portal o doga\u0111anjima u gradu Prijedoru","publisher":{"@id":"https:\/\/www.prijedordanas.com\/#organization"},"potentialAction":[{"@type":"SearchAction","target":{"@type":"EntryPoint","urlTemplate":"https:\/\/www.prijedordanas.com\/?s={search_term_string}"},"query-input":"required name=search_term_string"}],"inLanguage":"en-US"},{"@type":"Organization","@id":"https:\/\/www.prijedordanas.com\/#organization","name":"PrijedorDanas.com","url":"https:\/\/www.prijedordanas.com\/","logo":{"@type":"ImageObject","inLanguage":"en-US","@id":"https:\/\/www.prijedordanas.com\/#\/schema\/logo\/image\/","url":"http:\/\/www.prijedordanas.com\/wp-content\/uploads\/2021\/12\/logopng.png","contentUrl":"http:\/\/www.prijedordanas.com\/wp-content\/uploads\/2021\/12\/logopng.png","width":1019,"height":776,"caption":"PrijedorDanas.com"},"image":{"@id":"https:\/\/www.prijedordanas.com\/#\/schema\/logo\/image\/"},"sameAs":["https:\/\/www.facebook.com\/PrijedorDanasCom\/"]},{"@type":"Person","@id":"https:\/\/www.prijedordanas.com\/#\/schema\/person\/4e08ccf29b506ca916ff86d46bb700e6","name":"admin","image":{"@type":"ImageObject","inLanguage":"en-US","@id":"https:\/\/www.prijedordanas.com\/#\/schema\/person\/image\/","url":"https:\/\/secure.gravatar.com\/avatar\/1d3fc949d550f0b53a5f0d51e06dfd79?s=96&d=mm&r=g","contentUrl":"https:\/\/secure.gravatar.com\/avatar\/1d3fc949d550f0b53a5f0d51e06dfd79?s=96&d=mm&r=g","caption":"admin"},"url":"https:\/\/www.prijedordanas.com\/?author=1"}]}},"_links":{"self":[{"href":"https:\/\/www.prijedordanas.com\/index.php?rest_route=\/wp\/v2\/posts\/118784"}],"collection":[{"href":"https:\/\/www.prijedordanas.com\/index.php?rest_route=\/wp\/v2\/posts"}],"about":[{"href":"https:\/\/www.prijedordanas.com\/index.php?rest_route=\/wp\/v2\/types\/post"}],"author":[{"embeddable":true,"href":"https:\/\/www.prijedordanas.com\/index.php?rest_route=\/wp\/v2\/users\/1"}],"replies":[{"embeddable":true,"href":"https:\/\/www.prijedordanas.com\/index.php?rest_route=%2Fwp%2Fv2%2Fcomments&post=118784"}],"version-history":[{"count":1,"href":"https:\/\/www.prijedordanas.com\/index.php?rest_route=\/wp\/v2\/posts\/118784\/revisions"}],"predecessor-version":[{"id":118785,"href":"https:\/\/www.prijedordanas.com\/index.php?rest_route=\/wp\/v2\/posts\/118784\/revisions\/118785"}],"wp:attachment":[{"href":"https:\/\/www.prijedordanas.com\/index.php?rest_route=%2Fwp%2Fv2%2Fmedia&parent=118784"}],"wp:term":[{"taxonomy":"category","embeddable":true,"href":"https:\/\/www.prijedordanas.com\/index.php?rest_route=%2Fwp%2Fv2%2Fcategories&post=118784"},{"taxonomy":"post_tag","embeddable":true,"href":"https:\/\/www.prijedordanas.com\/index.php?rest_route=%2Fwp%2Fv2%2Ftags&post=118784"}],"curies":[{"name":"wp","href":"https:\/\/api.w.org\/{rel}","templated":true}]}}