{"id":118513,"date":"2018-12-27T21:59:18","date_gmt":"2018-12-27T20:59:18","guid":{"rendered":"https:\/\/www.prijedordanas.com\/?p=118513"},"modified":"2018-12-27T21:59:18","modified_gmt":"2018-12-27T20:59:18","slug":"prijedorcanka-nena-aljetic-mota-punde-i-razlijeva-boje","status":"publish","type":"post","link":"https:\/\/www.prijedordanas.com\/?p=118513","title":{"rendered":"PRIJEDOR\u010cANKA NENA ALJETI\u0106 MOTA PUN\u0110E I RAZLIJEVA BOJE"},"content":{"rendered":"<p><a href=\"https:\/\/www.prijedordanas.com\/wp-content\/uploads\/2018\/12\/glas-nena-aljetic-1.jpg\"><img loading=\"lazy\" decoding=\"async\" class=\"alignleft size-medium wp-image-118514\" src=\"https:\/\/www.prijedordanas.com\/wp-content\/uploads\/2018\/12\/glas-nena-aljetic-1-300x225.jpg\" alt=\"\" width=\"300\" height=\"225\" srcset=\"https:\/\/www.prijedordanas.com\/wp-content\/uploads\/2018\/12\/glas-nena-aljetic-1-300x225.jpg 300w, https:\/\/www.prijedordanas.com\/wp-content\/uploads\/2018\/12\/glas-nena-aljetic-1-100x75.jpg 100w, https:\/\/www.prijedordanas.com\/wp-content\/uploads\/2018\/12\/glas-nena-aljetic-1-640x480.jpg 640w, https:\/\/www.prijedordanas.com\/wp-content\/uploads\/2018\/12\/glas-nena-aljetic-1.jpg 667w\" sizes=\"(max-width: 300px) 100vw, 300px\" \/><\/a>Prijedor\u010danka Nevenka Aljeti\u0107 u svom frizerskom salonu ve\u0107 godinama izla\u017ee slike koje ona slika, tako da se njene mu\u0161terije, osim \u0161to dobiju izvanredne frizure, osje\u0107aju vi\u0161e nego ugodno u ovom, kako i sama ka\u017ee, \u201csalonu sa hiljadu boja\u201d.<\/p>\n<p>Slikarstvo joj je velika ljubav i bijeg od svakodnevice i stresa, a posve\u0107uje mu se kada zavr\u0161i sve obaveze.<\/p>\n<p>&#8211; Tada u\u0111em u neki svoj svijet. Svaka slika po\u010dinje zavisno od raspolo\u017eenja, a apstraktna slika je takva da nikad i ne mo\u017ee da se zavr\u0161i. To nije pejza\u017e ili portret, ve\u0107 odre\u0111ena vizija i prakti\u010dno uvijek mo\u017ee da se dora\u0111uje &#8211; pri\u010da ova frizerka, me\u0111u Prijedor\u010danima poznatija kao Nena.<\/p>\n<p>Dodaje da se friziranjem bavi gotovo \u010detvrt vijeka, a slikanjem desetak godina te da planira da idu\u0107e godine uz jubilarni ro\u0111endan organizuje izlo\u017ebu.<\/p>\n<p>&#8211; Do sada sam imala dvije samostalne izlo\u017ebe u na\u0161em pozori\u0161tu koje su bile veoma posje\u0107ene, a pored toga, svake godine se prijavljujem na konkurs Muzeja Kozare da bih svoje slike predstavila i u toj ustanovi. \u010cvrsto sam uvjerena i ne gubim nadu da \u0107e mi se taj san i ostvariti &#8211; ka\u017ee Nena.<\/p>\n<p>Dodaje da u me\u0111uvremenu svako mo\u017ee da vidi njene radove u salonu, kao i na stranici \u201cUmjetni\u010dke slike Nena\u201d.<\/p>\n<p><a href=\"https:\/\/www.prijedordanas.com\/wp-content\/uploads\/2018\/12\/glas-nena-aljetic-2.jpg\"><img loading=\"lazy\" decoding=\"async\" class=\"alignleft size-medium wp-image-118515\" src=\"https:\/\/www.prijedordanas.com\/wp-content\/uploads\/2018\/12\/glas-nena-aljetic-2-300x225.jpg\" alt=\"\" width=\"300\" height=\"225\" srcset=\"https:\/\/www.prijedordanas.com\/wp-content\/uploads\/2018\/12\/glas-nena-aljetic-2-300x225.jpg 300w, https:\/\/www.prijedordanas.com\/wp-content\/uploads\/2018\/12\/glas-nena-aljetic-2-100x75.jpg 100w, https:\/\/www.prijedordanas.com\/wp-content\/uploads\/2018\/12\/glas-nena-aljetic-2-640x480.jpg 640w, https:\/\/www.prijedordanas.com\/wp-content\/uploads\/2018\/12\/glas-nena-aljetic-2.jpg 667w\" sizes=\"(max-width: 300px) 100vw, 300px\" \/><\/a>Ka\u017ee da slika i po narud\u017ebi, a veliki broj svojih radova je poklonila.<\/p>\n<p>&#8211; Volim da poklanjam slike svojim prijateljima i to raznim povodima i raduje me \u0161to svi oni cijene vrijednost koju taj rad ima &#8211; dodaje ona.<\/p>\n<p>Slika uglavnom akrilnim bojama na platnu, a njene slike nalaze se na gotovo svim kontinentima. S ponosom ka\u017ee da su se o njima pozitivno izjasnili i pojedini likovni umjetnici u gradu.<\/p>\n<p>&#8211; Sklonost prema kreacijama, dizajnu, igri boja na platnu, jedinstvenim frizurama, sve je to ne\u0161to \u0161to je jedinstveno i neponovljivo. Kao \u0161to se jedna apstraktna slika ne mo\u017ee ponoviti, tako su i pun\u0111e svojevrsna umjetni\u010dka djela i kreacije koja su neponovljive &#8211; dodaje Aljeti\u0107eva.<\/p>\n<p>Isti\u010de da joj mnogo zna\u010di \u0161to je sin Milan krenuo njenim stopama. On je od ove godine krenuo na frizerski zanat i nije mu strano da koristi privilegije iskusnije majke i njenih vje\u0161tih ruku kako bi ovaj zanat \u0161to bolje savladao.<\/p>\n<p>&#8211; To me veoma raduje, pogotovo u vrijeme kada mladi \u010desto ne znaju kojim bi se poslom bavili. Nisam strog mentor, ali se trudim da kroz rad zavoli ovaj posao. Ujedno, on mi je prvi kriti\u010dar kada su moje slike u pitanju. Rado primam njegove sugestije i potajno se nadam da \u0107e i umjetni\u010dku crtu nastaviti da njeguje &#8211; pri\u010da Nevenka. Dodaje da je svoj talenat prepoznala onda kada je neka nepoznata sila ponijela da uzme kist i po\u010dne da slika.<\/p>\n<p>&#8211; Mo\u017eda \u0107e i mog sina ta ista sila sti\u0107i kad se najmanje nada, mada je od svega najva\u017enije da postane dobar \u010dovjek i vrijedan radnik &#8211; dodala je Nena.<\/p>\n<p>D\u017eekson Polok<\/p>\n<p>Nevenka Aljeti\u0107 u svojim djelima nalazi veliku sli\u010dnost sa radovima poznatog ameri\u010dkog slikara D\u017eeksona Poloka, \u010diji je opus imao sna\u017ean uticaj na modernu umjetnost 20. vijeka. Nena isti\u010de da je fascinirana njegovim slikama, a u pitanju je isti na\u010din rada, prskanje i kapanje.<\/p>\n<p>&#8211; Njegov rad mi se svi\u0111a i u tim slikama prepoznajem svoj stil rada &#8211; ka\u017ee Nena.<\/p>\n<p>Nagradna igra<\/p>\n<p>S obzirom na to da voli da poklanja svoje slike, Nevenka je u pretprazni\u010dno vrijeme darivanja smislila na\u010din da nagradi svoje vjerne mu\u0161terije.<\/p>\n<p>&#8211; Svako ko se frizira u salonu na kraju napi\u0161e svoje ime i podatke na ceduljici koju ubacim u kutiju. Uo\u010di novogodi\u0161nje no\u0107i organizova\u0107u izvla\u010denje i jedna od mu\u0161terija dobi\u0107e na poklon moju sliku. Namjeravam da to postane praksa, recimo, i za 8. mart. Takve stvari meni daruju neku posebnu \u017eivotnu radost i voljela bih da to podijelim sa drugima &#8211; istakla je Nevenka.<\/p>\n<p>Glas Srpske<\/p>\n","protected":false},"excerpt":{"rendered":"<p>Prijedor\u010danka Nevenka Aljeti\u0107 u svom frizerskom salonu ve\u0107 godinama izla\u017ee slike koje ona slika, tako da se njene mu\u0161terije, osim \u0161to dobiju izvanredne frizure, osje\u0107aju vi\u0161e nego ugodno u ovom, [&hellip;]<\/p>\n","protected":false},"author":1,"featured_media":0,"comment_status":"closed","ping_status":"open","sticky":false,"template":"","format":"standard","meta":{"_monsterinsights_skip_tracking":false,"_monsterinsights_sitenote_active":false,"_monsterinsights_sitenote_note":"","_monsterinsights_sitenote_category":0,"footnotes":""},"categories":[3],"tags":[],"yoast_head":"<!-- This site is optimized with the Yoast SEO plugin v21.6 - https:\/\/yoast.com\/wordpress\/plugins\/seo\/ -->\n<title>PRIJEDOR\u010cANKA NENA ALJETI\u0106 MOTA PUN\u0110E I RAZLIJEVA BOJE - PrijedorDanas.com - Prijedorski gradski portal<\/title>\n<meta name=\"robots\" content=\"index, follow, max-snippet:-1, max-image-preview:large, max-video-preview:-1\" \/>\n<link rel=\"canonical\" href=\"https:\/\/www.prijedordanas.com\/?p=118513\" \/>\n<meta property=\"og:locale\" content=\"en_US\" \/>\n<meta property=\"og:type\" content=\"article\" \/>\n<meta property=\"og:title\" content=\"PRIJEDOR\u010cANKA NENA ALJETI\u0106 MOTA PUN\u0110E I RAZLIJEVA BOJE - PrijedorDanas.com - Prijedorski gradski portal\" \/>\n<meta property=\"og:description\" content=\"Prijedor\u010danka Nevenka Aljeti\u0107 u svom frizerskom salonu ve\u0107 godinama izla\u017ee slike koje ona slika, tako da se njene mu\u0161terije, osim \u0161to dobiju izvanredne frizure, osje\u0107aju vi\u0161e nego ugodno u ovom, [&hellip;]\" \/>\n<meta property=\"og:url\" content=\"https:\/\/www.prijedordanas.com\/?p=118513\" \/>\n<meta property=\"og:site_name\" content=\"PrijedorDanas.com - Prijedorski gradski portal\" \/>\n<meta property=\"article:publisher\" content=\"https:\/\/www.facebook.com\/PrijedorDanasCom\/\" \/>\n<meta property=\"article:published_time\" content=\"2018-12-27T20:59:18+00:00\" \/>\n<meta property=\"og:image\" content=\"https:\/\/www.prijedordanas.com\/wp-content\/uploads\/2018\/12\/glas-nena-aljetic-1-300x225.jpg\" \/>\n<meta name=\"author\" content=\"admin\" \/>\n<meta name=\"twitter:card\" content=\"summary_large_image\" \/>\n<meta name=\"twitter:label1\" content=\"Written by\" \/>\n\t<meta name=\"twitter:data1\" content=\"admin\" \/>\n\t<meta name=\"twitter:label2\" content=\"Est. reading time\" \/>\n\t<meta name=\"twitter:data2\" content=\"3 minutes\" \/>\n<script type=\"application\/ld+json\" class=\"yoast-schema-graph\">{\"@context\":\"https:\/\/schema.org\",\"@graph\":[{\"@type\":\"Article\",\"@id\":\"https:\/\/www.prijedordanas.com\/?p=118513#article\",\"isPartOf\":{\"@id\":\"https:\/\/www.prijedordanas.com\/?p=118513\"},\"author\":{\"name\":\"admin\",\"@id\":\"https:\/\/www.prijedordanas.com\/#\/schema\/person\/4e08ccf29b506ca916ff86d46bb700e6\"},\"headline\":\"PRIJEDOR\u010cANKA NENA ALJETI\u0106 MOTA PUN\u0110E I RAZLIJEVA BOJE\",\"datePublished\":\"2018-12-27T20:59:18+00:00\",\"dateModified\":\"2018-12-27T20:59:18+00:00\",\"mainEntityOfPage\":{\"@id\":\"https:\/\/www.prijedordanas.com\/?p=118513\"},\"wordCount\":699,\"publisher\":{\"@id\":\"https:\/\/www.prijedordanas.com\/#organization\"},\"articleSection\":[\"\u017divot\"],\"inLanguage\":\"en-US\"},{\"@type\":\"WebPage\",\"@id\":\"https:\/\/www.prijedordanas.com\/?p=118513\",\"url\":\"https:\/\/www.prijedordanas.com\/?p=118513\",\"name\":\"PRIJEDOR\u010cANKA NENA ALJETI\u0106 MOTA PUN\u0110E I RAZLIJEVA BOJE - PrijedorDanas.com - Prijedorski gradski portal\",\"isPartOf\":{\"@id\":\"https:\/\/www.prijedordanas.com\/#website\"},\"datePublished\":\"2018-12-27T20:59:18+00:00\",\"dateModified\":\"2018-12-27T20:59:18+00:00\",\"breadcrumb\":{\"@id\":\"https:\/\/www.prijedordanas.com\/?p=118513#breadcrumb\"},\"inLanguage\":\"en-US\",\"potentialAction\":[{\"@type\":\"ReadAction\",\"target\":[\"https:\/\/www.prijedordanas.com\/?p=118513\"]}]},{\"@type\":\"BreadcrumbList\",\"@id\":\"https:\/\/www.prijedordanas.com\/?p=118513#breadcrumb\",\"itemListElement\":[{\"@type\":\"ListItem\",\"position\":1,\"name\":\"Home\",\"item\":\"https:\/\/www.prijedordanas.com\/\"},{\"@type\":\"ListItem\",\"position\":2,\"name\":\"PRIJEDOR\u010cANKA NENA ALJETI\u0106 MOTA PUN\u0110E I RAZLIJEVA BOJE\"}]},{\"@type\":\"WebSite\",\"@id\":\"https:\/\/www.prijedordanas.com\/#website\",\"url\":\"https:\/\/www.prijedordanas.com\/\",\"name\":\"PrijedorDanas.com - Prijedorski gradski portal\",\"description\":\"Portal o doga\u0111anjima u gradu Prijedoru\",\"publisher\":{\"@id\":\"https:\/\/www.prijedordanas.com\/#organization\"},\"potentialAction\":[{\"@type\":\"SearchAction\",\"target\":{\"@type\":\"EntryPoint\",\"urlTemplate\":\"https:\/\/www.prijedordanas.com\/?s={search_term_string}\"},\"query-input\":\"required name=search_term_string\"}],\"inLanguage\":\"en-US\"},{\"@type\":\"Organization\",\"@id\":\"https:\/\/www.prijedordanas.com\/#organization\",\"name\":\"PrijedorDanas.com\",\"url\":\"https:\/\/www.prijedordanas.com\/\",\"logo\":{\"@type\":\"ImageObject\",\"inLanguage\":\"en-US\",\"@id\":\"https:\/\/www.prijedordanas.com\/#\/schema\/logo\/image\/\",\"url\":\"http:\/\/www.prijedordanas.com\/wp-content\/uploads\/2021\/12\/logopng.png\",\"contentUrl\":\"http:\/\/www.prijedordanas.com\/wp-content\/uploads\/2021\/12\/logopng.png\",\"width\":1019,\"height\":776,\"caption\":\"PrijedorDanas.com\"},\"image\":{\"@id\":\"https:\/\/www.prijedordanas.com\/#\/schema\/logo\/image\/\"},\"sameAs\":[\"https:\/\/www.facebook.com\/PrijedorDanasCom\/\"]},{\"@type\":\"Person\",\"@id\":\"https:\/\/www.prijedordanas.com\/#\/schema\/person\/4e08ccf29b506ca916ff86d46bb700e6\",\"name\":\"admin\",\"image\":{\"@type\":\"ImageObject\",\"inLanguage\":\"en-US\",\"@id\":\"https:\/\/www.prijedordanas.com\/#\/schema\/person\/image\/\",\"url\":\"https:\/\/secure.gravatar.com\/avatar\/1d3fc949d550f0b53a5f0d51e06dfd79?s=96&d=mm&r=g\",\"contentUrl\":\"https:\/\/secure.gravatar.com\/avatar\/1d3fc949d550f0b53a5f0d51e06dfd79?s=96&d=mm&r=g\",\"caption\":\"admin\"},\"url\":\"https:\/\/www.prijedordanas.com\/?author=1\"}]}<\/script>\n<!-- \/ Yoast SEO plugin. -->","yoast_head_json":{"title":"PRIJEDOR\u010cANKA NENA ALJETI\u0106 MOTA PUN\u0110E I RAZLIJEVA BOJE - PrijedorDanas.com - Prijedorski gradski portal","robots":{"index":"index","follow":"follow","max-snippet":"max-snippet:-1","max-image-preview":"max-image-preview:large","max-video-preview":"max-video-preview:-1"},"canonical":"https:\/\/www.prijedordanas.com\/?p=118513","og_locale":"en_US","og_type":"article","og_title":"PRIJEDOR\u010cANKA NENA ALJETI\u0106 MOTA PUN\u0110E I RAZLIJEVA BOJE - PrijedorDanas.com - Prijedorski gradski portal","og_description":"Prijedor\u010danka Nevenka Aljeti\u0107 u svom frizerskom salonu ve\u0107 godinama izla\u017ee slike koje ona slika, tako da se njene mu\u0161terije, osim \u0161to dobiju izvanredne frizure, osje\u0107aju vi\u0161e nego ugodno u ovom, [&hellip;]","og_url":"https:\/\/www.prijedordanas.com\/?p=118513","og_site_name":"PrijedorDanas.com - Prijedorski gradski portal","article_publisher":"https:\/\/www.facebook.com\/PrijedorDanasCom\/","article_published_time":"2018-12-27T20:59:18+00:00","og_image":[{"url":"https:\/\/www.prijedordanas.com\/wp-content\/uploads\/2018\/12\/glas-nena-aljetic-1-300x225.jpg"}],"author":"admin","twitter_card":"summary_large_image","twitter_misc":{"Written by":"admin","Est. reading time":"3 minutes"},"schema":{"@context":"https:\/\/schema.org","@graph":[{"@type":"Article","@id":"https:\/\/www.prijedordanas.com\/?p=118513#article","isPartOf":{"@id":"https:\/\/www.prijedordanas.com\/?p=118513"},"author":{"name":"admin","@id":"https:\/\/www.prijedordanas.com\/#\/schema\/person\/4e08ccf29b506ca916ff86d46bb700e6"},"headline":"PRIJEDOR\u010cANKA NENA ALJETI\u0106 MOTA PUN\u0110E I RAZLIJEVA BOJE","datePublished":"2018-12-27T20:59:18+00:00","dateModified":"2018-12-27T20:59:18+00:00","mainEntityOfPage":{"@id":"https:\/\/www.prijedordanas.com\/?p=118513"},"wordCount":699,"publisher":{"@id":"https:\/\/www.prijedordanas.com\/#organization"},"articleSection":["\u017divot"],"inLanguage":"en-US"},{"@type":"WebPage","@id":"https:\/\/www.prijedordanas.com\/?p=118513","url":"https:\/\/www.prijedordanas.com\/?p=118513","name":"PRIJEDOR\u010cANKA NENA ALJETI\u0106 MOTA PUN\u0110E I RAZLIJEVA BOJE - PrijedorDanas.com - Prijedorski gradski portal","isPartOf":{"@id":"https:\/\/www.prijedordanas.com\/#website"},"datePublished":"2018-12-27T20:59:18+00:00","dateModified":"2018-12-27T20:59:18+00:00","breadcrumb":{"@id":"https:\/\/www.prijedordanas.com\/?p=118513#breadcrumb"},"inLanguage":"en-US","potentialAction":[{"@type":"ReadAction","target":["https:\/\/www.prijedordanas.com\/?p=118513"]}]},{"@type":"BreadcrumbList","@id":"https:\/\/www.prijedordanas.com\/?p=118513#breadcrumb","itemListElement":[{"@type":"ListItem","position":1,"name":"Home","item":"https:\/\/www.prijedordanas.com\/"},{"@type":"ListItem","position":2,"name":"PRIJEDOR\u010cANKA NENA ALJETI\u0106 MOTA PUN\u0110E I RAZLIJEVA BOJE"}]},{"@type":"WebSite","@id":"https:\/\/www.prijedordanas.com\/#website","url":"https:\/\/www.prijedordanas.com\/","name":"PrijedorDanas.com - Prijedorski gradski portal","description":"Portal o doga\u0111anjima u gradu Prijedoru","publisher":{"@id":"https:\/\/www.prijedordanas.com\/#organization"},"potentialAction":[{"@type":"SearchAction","target":{"@type":"EntryPoint","urlTemplate":"https:\/\/www.prijedordanas.com\/?s={search_term_string}"},"query-input":"required name=search_term_string"}],"inLanguage":"en-US"},{"@type":"Organization","@id":"https:\/\/www.prijedordanas.com\/#organization","name":"PrijedorDanas.com","url":"https:\/\/www.prijedordanas.com\/","logo":{"@type":"ImageObject","inLanguage":"en-US","@id":"https:\/\/www.prijedordanas.com\/#\/schema\/logo\/image\/","url":"http:\/\/www.prijedordanas.com\/wp-content\/uploads\/2021\/12\/logopng.png","contentUrl":"http:\/\/www.prijedordanas.com\/wp-content\/uploads\/2021\/12\/logopng.png","width":1019,"height":776,"caption":"PrijedorDanas.com"},"image":{"@id":"https:\/\/www.prijedordanas.com\/#\/schema\/logo\/image\/"},"sameAs":["https:\/\/www.facebook.com\/PrijedorDanasCom\/"]},{"@type":"Person","@id":"https:\/\/www.prijedordanas.com\/#\/schema\/person\/4e08ccf29b506ca916ff86d46bb700e6","name":"admin","image":{"@type":"ImageObject","inLanguage":"en-US","@id":"https:\/\/www.prijedordanas.com\/#\/schema\/person\/image\/","url":"https:\/\/secure.gravatar.com\/avatar\/1d3fc949d550f0b53a5f0d51e06dfd79?s=96&d=mm&r=g","contentUrl":"https:\/\/secure.gravatar.com\/avatar\/1d3fc949d550f0b53a5f0d51e06dfd79?s=96&d=mm&r=g","caption":"admin"},"url":"https:\/\/www.prijedordanas.com\/?author=1"}]}},"_links":{"self":[{"href":"https:\/\/www.prijedordanas.com\/index.php?rest_route=\/wp\/v2\/posts\/118513"}],"collection":[{"href":"https:\/\/www.prijedordanas.com\/index.php?rest_route=\/wp\/v2\/posts"}],"about":[{"href":"https:\/\/www.prijedordanas.com\/index.php?rest_route=\/wp\/v2\/types\/post"}],"author":[{"embeddable":true,"href":"https:\/\/www.prijedordanas.com\/index.php?rest_route=\/wp\/v2\/users\/1"}],"replies":[{"embeddable":true,"href":"https:\/\/www.prijedordanas.com\/index.php?rest_route=%2Fwp%2Fv2%2Fcomments&post=118513"}],"version-history":[{"count":1,"href":"https:\/\/www.prijedordanas.com\/index.php?rest_route=\/wp\/v2\/posts\/118513\/revisions"}],"predecessor-version":[{"id":118516,"href":"https:\/\/www.prijedordanas.com\/index.php?rest_route=\/wp\/v2\/posts\/118513\/revisions\/118516"}],"wp:attachment":[{"href":"https:\/\/www.prijedordanas.com\/index.php?rest_route=%2Fwp%2Fv2%2Fmedia&parent=118513"}],"wp:term":[{"taxonomy":"category","embeddable":true,"href":"https:\/\/www.prijedordanas.com\/index.php?rest_route=%2Fwp%2Fv2%2Fcategories&post=118513"},{"taxonomy":"post_tag","embeddable":true,"href":"https:\/\/www.prijedordanas.com\/index.php?rest_route=%2Fwp%2Fv2%2Ftags&post=118513"}],"curies":[{"name":"wp","href":"https:\/\/api.w.org\/{rel}","templated":true}]}}