{"id":118462,"date":"2018-12-26T16:27:17","date_gmt":"2018-12-26T15:27:17","guid":{"rendered":"https:\/\/www.prijedordanas.com\/?p=118462"},"modified":"2018-12-26T16:27:17","modified_gmt":"2018-12-26T15:27:17","slug":"prijedor-goran-knezevic-ostace-sam-na-optuzenickoj-klupi-supruga-zelenasa-priznala-iznudu","status":"publish","type":"post","link":"https:\/\/www.prijedordanas.com\/?p=118462","title":{"rendered":"PRIJEDOR &#8211; GORAN KNE\u017dEVI\u0106 OSTA\u0106E SAM NA OPTU\u017dENI\u010cKOJ KLUPI: SUPRUGA ZELENA\u0160A PRIZNALA IZNUDU"},"content":{"rendered":"<p><a href=\"https:\/\/www.prijedordanas.com\/wp-content\/uploads\/2018\/03\/akcija-loan-sprovodjenje-u-tuzilastvo-3.jpg\"><img loading=\"lazy\" decoding=\"async\" src=\"https:\/\/www.prijedordanas.com\/wp-content\/uploads\/2018\/03\/akcija-loan-sprovodjenje-u-tuzilastvo-3-300x222.jpg\" alt=\"\" width=\"300\" height=\"222\" class=\"alignleft size-medium wp-image-101302\" srcset=\"https:\/\/www.prijedordanas.com\/wp-content\/uploads\/2018\/03\/akcija-loan-sprovodjenje-u-tuzilastvo-3-300x222.jpg 300w, https:\/\/www.prijedordanas.com\/wp-content\/uploads\/2018\/03\/akcija-loan-sprovodjenje-u-tuzilastvo-3-100x74.jpg 100w, https:\/\/www.prijedordanas.com\/wp-content\/uploads\/2018\/03\/akcija-loan-sprovodjenje-u-tuzilastvo-3.jpg 675w\" sizes=\"(max-width: 300px) 100vw, 300px\" \/><\/a>U Okru\u017enom sudu u Prijedoru danas \u0107e, kako saznajemo, po\u010deti su\u0111enje Goranu Kne\u017eevi\u0107u (44) iz Prijedora koji je optu\u017een za zelena\u0161enje. Njega su u martu ove godine u akciji \u201eLoan\u201c uhapsili pripadnici Uprave za organizirani i te\u0161ki kriminalitet MUP\u2014a RS.<\/p>\n<p>Brojne \u017ertve<\/p>\n<p>Zajedno s njim tada su zbog istog krivi\u010dnog djela pali i Goranova biv\u0161a supruga Sanja Kne\u017eevi\u0107 (38) iz Prijedora i Tomislav Mastikosa (42) iz Br\u010dkog. Kne\u017eevi\u0107 \u0107e na su\u0111enje sam jer, kako saznajemo, s njegovom biv\u0161om suprugom postignut je sporazum o priznanju krivice. Navodno je na putu ka sporazumu i tre\u0107i optu\u017eeni Tomislav Mastikosa.<\/p>\n<p>Kne\u017eevi\u0107 je uhap\u0161en u kafi\u0107u u centru grada. Pao je u postavljenu klopku jer je u kafi\u0107u, navodno, \u010dekao jednog od du\u017enika da mu vrati novac. Sanja je uhap\u0161ena u svom stanu, a Mastikosa u Br\u010dkom. Kne\u017eevi\u0107 je tada ozna\u010den kao vo\u0111a kriminalne grupe koja je za zna\u010dajan iznos o\u0161tetila na desetine gra\u0111ana na podru\u010dju Prijedora.<\/p>\n<p>Trojka se optu\u017enicom, potvr\u0111enom u avgustu ove godine, teretila da je od po\u010detka 2015. do 21. marta ove godine, kada je uhap\u0161ena, bavila zelena\u0161tvom na podru\u010dju Prijedora.<\/p>\n<p>Ranije hap\u0161en<\/p>\n<p>Koristili su te\u0161ko imovno stanje gra\u0111ana kojima su uz nesrazmjerno visoke kamate davali novac na zajam, \u010dime su nezakonito ostvarili veliku imovinsku korist, navedeno je tada u optu\u017enici. Na teret im se optu\u017enicom stavlja da su samo na kamatama od gra\u0111ana naplatili najmanje 91.000 maraka, a postoji sumnja da je taj iznos bio i dvostruko ve\u0107i.<\/p>\n<p>Pojedinim du\u017enicima, kada rate nisu ispla\u0107ivane na vrijeme, upu\u0107ivane su i ozbiljne prijetnje. Kne\u017eevi\u0107 je odranije poznat policiji i vi\u0161e puta je hap\u0161en, izme\u0111u ostalog i zbog posjedovanja oru\u017eja.<\/p>\n<p>Dnevni avaz<\/p>\n","protected":false},"excerpt":{"rendered":"<p>U Okru\u017enom sudu u Prijedoru danas \u0107e, kako saznajemo, po\u010deti su\u0111enje Goranu Kne\u017eevi\u0107u (44) iz Prijedora koji je optu\u017een za zelena\u0161enje. Njega su u martu ove godine u akciji \u201eLoan\u201c [&hellip;]<\/p>\n","protected":false},"author":1,"featured_media":0,"comment_status":"closed","ping_status":"open","sticky":false,"template":"","format":"standard","meta":{"_monsterinsights_skip_tracking":false,"_monsterinsights_sitenote_active":false,"_monsterinsights_sitenote_note":"","_monsterinsights_sitenote_category":0,"footnotes":""},"categories":[5],"tags":[],"yoast_head":"<!-- This site is optimized with the Yoast SEO plugin v21.6 - https:\/\/yoast.com\/wordpress\/plugins\/seo\/ -->\n<title>PRIJEDOR - GORAN KNE\u017dEVI\u0106 OSTA\u0106E SAM NA OPTU\u017dENI\u010cKOJ KLUPI: SUPRUGA ZELENA\u0160A PRIZNALA IZNUDU - PrijedorDanas.com - Prijedorski gradski portal<\/title>\n<meta name=\"robots\" content=\"index, follow, max-snippet:-1, max-image-preview:large, max-video-preview:-1\" \/>\n<link rel=\"canonical\" href=\"https:\/\/www.prijedordanas.com\/?p=118462\" \/>\n<meta property=\"og:locale\" content=\"en_US\" \/>\n<meta property=\"og:type\" content=\"article\" \/>\n<meta property=\"og:title\" content=\"PRIJEDOR - GORAN KNE\u017dEVI\u0106 OSTA\u0106E SAM NA OPTU\u017dENI\u010cKOJ KLUPI: SUPRUGA ZELENA\u0160A PRIZNALA IZNUDU - PrijedorDanas.com - Prijedorski gradski portal\" \/>\n<meta property=\"og:description\" content=\"U Okru\u017enom sudu u Prijedoru danas \u0107e, kako saznajemo, po\u010deti su\u0111enje Goranu Kne\u017eevi\u0107u (44) iz Prijedora koji je optu\u017een za zelena\u0161enje. Njega su u martu ove godine u akciji \u201eLoan\u201c [&hellip;]\" \/>\n<meta property=\"og:url\" content=\"https:\/\/www.prijedordanas.com\/?p=118462\" \/>\n<meta property=\"og:site_name\" content=\"PrijedorDanas.com - Prijedorski gradski portal\" \/>\n<meta property=\"article:publisher\" content=\"https:\/\/www.facebook.com\/PrijedorDanasCom\/\" \/>\n<meta property=\"article:published_time\" content=\"2018-12-26T15:27:17+00:00\" \/>\n<meta property=\"og:image\" content=\"https:\/\/www.prijedordanas.com\/wp-content\/uploads\/2018\/03\/akcija-loan-sprovodjenje-u-tuzilastvo-3-300x222.jpg\" \/>\n<meta name=\"author\" content=\"admin\" \/>\n<meta name=\"twitter:card\" content=\"summary_large_image\" \/>\n<meta name=\"twitter:label1\" content=\"Written by\" \/>\n\t<meta name=\"twitter:data1\" content=\"admin\" \/>\n\t<meta name=\"twitter:label2\" content=\"Est. reading time\" \/>\n\t<meta name=\"twitter:data2\" content=\"2 minutes\" \/>\n<script type=\"application\/ld+json\" class=\"yoast-schema-graph\">{\"@context\":\"https:\/\/schema.org\",\"@graph\":[{\"@type\":\"Article\",\"@id\":\"https:\/\/www.prijedordanas.com\/?p=118462#article\",\"isPartOf\":{\"@id\":\"https:\/\/www.prijedordanas.com\/?p=118462\"},\"author\":{\"name\":\"admin\",\"@id\":\"https:\/\/www.prijedordanas.com\/#\/schema\/person\/4e08ccf29b506ca916ff86d46bb700e6\"},\"headline\":\"PRIJEDOR &#8211; GORAN KNE\u017dEVI\u0106 OSTA\u0106E SAM NA OPTU\u017dENI\u010cKOJ KLUPI: SUPRUGA ZELENA\u0160A PRIZNALA IZNUDU\",\"datePublished\":\"2018-12-26T15:27:17+00:00\",\"dateModified\":\"2018-12-26T15:27:17+00:00\",\"mainEntityOfPage\":{\"@id\":\"https:\/\/www.prijedordanas.com\/?p=118462\"},\"wordCount\":333,\"publisher\":{\"@id\":\"https:\/\/www.prijedordanas.com\/#organization\"},\"articleSection\":[\"Hronika\"],\"inLanguage\":\"en-US\"},{\"@type\":\"WebPage\",\"@id\":\"https:\/\/www.prijedordanas.com\/?p=118462\",\"url\":\"https:\/\/www.prijedordanas.com\/?p=118462\",\"name\":\"PRIJEDOR - GORAN KNE\u017dEVI\u0106 OSTA\u0106E SAM NA OPTU\u017dENI\u010cKOJ KLUPI: SUPRUGA ZELENA\u0160A PRIZNALA IZNUDU - PrijedorDanas.com - Prijedorski gradski portal\",\"isPartOf\":{\"@id\":\"https:\/\/www.prijedordanas.com\/#website\"},\"datePublished\":\"2018-12-26T15:27:17+00:00\",\"dateModified\":\"2018-12-26T15:27:17+00:00\",\"breadcrumb\":{\"@id\":\"https:\/\/www.prijedordanas.com\/?p=118462#breadcrumb\"},\"inLanguage\":\"en-US\",\"potentialAction\":[{\"@type\":\"ReadAction\",\"target\":[\"https:\/\/www.prijedordanas.com\/?p=118462\"]}]},{\"@type\":\"BreadcrumbList\",\"@id\":\"https:\/\/www.prijedordanas.com\/?p=118462#breadcrumb\",\"itemListElement\":[{\"@type\":\"ListItem\",\"position\":1,\"name\":\"Home\",\"item\":\"https:\/\/www.prijedordanas.com\/\"},{\"@type\":\"ListItem\",\"position\":2,\"name\":\"PRIJEDOR &#8211; GORAN KNE\u017dEVI\u0106 OSTA\u0106E SAM NA OPTU\u017dENI\u010cKOJ KLUPI: SUPRUGA ZELENA\u0160A PRIZNALA IZNUDU\"}]},{\"@type\":\"WebSite\",\"@id\":\"https:\/\/www.prijedordanas.com\/#website\",\"url\":\"https:\/\/www.prijedordanas.com\/\",\"name\":\"PrijedorDanas.com - Prijedorski gradski portal\",\"description\":\"Portal o doga\u0111anjima u gradu Prijedoru\",\"publisher\":{\"@id\":\"https:\/\/www.prijedordanas.com\/#organization\"},\"potentialAction\":[{\"@type\":\"SearchAction\",\"target\":{\"@type\":\"EntryPoint\",\"urlTemplate\":\"https:\/\/www.prijedordanas.com\/?s={search_term_string}\"},\"query-input\":\"required name=search_term_string\"}],\"inLanguage\":\"en-US\"},{\"@type\":\"Organization\",\"@id\":\"https:\/\/www.prijedordanas.com\/#organization\",\"name\":\"PrijedorDanas.com\",\"url\":\"https:\/\/www.prijedordanas.com\/\",\"logo\":{\"@type\":\"ImageObject\",\"inLanguage\":\"en-US\",\"@id\":\"https:\/\/www.prijedordanas.com\/#\/schema\/logo\/image\/\",\"url\":\"http:\/\/www.prijedordanas.com\/wp-content\/uploads\/2021\/12\/logopng.png\",\"contentUrl\":\"http:\/\/www.prijedordanas.com\/wp-content\/uploads\/2021\/12\/logopng.png\",\"width\":1019,\"height\":776,\"caption\":\"PrijedorDanas.com\"},\"image\":{\"@id\":\"https:\/\/www.prijedordanas.com\/#\/schema\/logo\/image\/\"},\"sameAs\":[\"https:\/\/www.facebook.com\/PrijedorDanasCom\/\"]},{\"@type\":\"Person\",\"@id\":\"https:\/\/www.prijedordanas.com\/#\/schema\/person\/4e08ccf29b506ca916ff86d46bb700e6\",\"name\":\"admin\",\"image\":{\"@type\":\"ImageObject\",\"inLanguage\":\"en-US\",\"@id\":\"https:\/\/www.prijedordanas.com\/#\/schema\/person\/image\/\",\"url\":\"https:\/\/secure.gravatar.com\/avatar\/1d3fc949d550f0b53a5f0d51e06dfd79?s=96&d=mm&r=g\",\"contentUrl\":\"https:\/\/secure.gravatar.com\/avatar\/1d3fc949d550f0b53a5f0d51e06dfd79?s=96&d=mm&r=g\",\"caption\":\"admin\"},\"url\":\"https:\/\/www.prijedordanas.com\/?author=1\"}]}<\/script>\n<!-- \/ Yoast SEO plugin. -->","yoast_head_json":{"title":"PRIJEDOR - GORAN KNE\u017dEVI\u0106 OSTA\u0106E SAM NA OPTU\u017dENI\u010cKOJ KLUPI: SUPRUGA ZELENA\u0160A PRIZNALA IZNUDU - PrijedorDanas.com - Prijedorski gradski portal","robots":{"index":"index","follow":"follow","max-snippet":"max-snippet:-1","max-image-preview":"max-image-preview:large","max-video-preview":"max-video-preview:-1"},"canonical":"https:\/\/www.prijedordanas.com\/?p=118462","og_locale":"en_US","og_type":"article","og_title":"PRIJEDOR - GORAN KNE\u017dEVI\u0106 OSTA\u0106E SAM NA OPTU\u017dENI\u010cKOJ KLUPI: SUPRUGA ZELENA\u0160A PRIZNALA IZNUDU - PrijedorDanas.com - Prijedorski gradski portal","og_description":"U Okru\u017enom sudu u Prijedoru danas \u0107e, kako saznajemo, po\u010deti su\u0111enje Goranu Kne\u017eevi\u0107u (44) iz Prijedora koji je optu\u017een za zelena\u0161enje. Njega su u martu ove godine u akciji \u201eLoan\u201c [&hellip;]","og_url":"https:\/\/www.prijedordanas.com\/?p=118462","og_site_name":"PrijedorDanas.com - Prijedorski gradski portal","article_publisher":"https:\/\/www.facebook.com\/PrijedorDanasCom\/","article_published_time":"2018-12-26T15:27:17+00:00","og_image":[{"url":"https:\/\/www.prijedordanas.com\/wp-content\/uploads\/2018\/03\/akcija-loan-sprovodjenje-u-tuzilastvo-3-300x222.jpg"}],"author":"admin","twitter_card":"summary_large_image","twitter_misc":{"Written by":"admin","Est. reading time":"2 minutes"},"schema":{"@context":"https:\/\/schema.org","@graph":[{"@type":"Article","@id":"https:\/\/www.prijedordanas.com\/?p=118462#article","isPartOf":{"@id":"https:\/\/www.prijedordanas.com\/?p=118462"},"author":{"name":"admin","@id":"https:\/\/www.prijedordanas.com\/#\/schema\/person\/4e08ccf29b506ca916ff86d46bb700e6"},"headline":"PRIJEDOR &#8211; GORAN KNE\u017dEVI\u0106 OSTA\u0106E SAM NA OPTU\u017dENI\u010cKOJ KLUPI: SUPRUGA ZELENA\u0160A PRIZNALA IZNUDU","datePublished":"2018-12-26T15:27:17+00:00","dateModified":"2018-12-26T15:27:17+00:00","mainEntityOfPage":{"@id":"https:\/\/www.prijedordanas.com\/?p=118462"},"wordCount":333,"publisher":{"@id":"https:\/\/www.prijedordanas.com\/#organization"},"articleSection":["Hronika"],"inLanguage":"en-US"},{"@type":"WebPage","@id":"https:\/\/www.prijedordanas.com\/?p=118462","url":"https:\/\/www.prijedordanas.com\/?p=118462","name":"PRIJEDOR - GORAN KNE\u017dEVI\u0106 OSTA\u0106E SAM NA OPTU\u017dENI\u010cKOJ KLUPI: SUPRUGA ZELENA\u0160A PRIZNALA IZNUDU - PrijedorDanas.com - Prijedorski gradski portal","isPartOf":{"@id":"https:\/\/www.prijedordanas.com\/#website"},"datePublished":"2018-12-26T15:27:17+00:00","dateModified":"2018-12-26T15:27:17+00:00","breadcrumb":{"@id":"https:\/\/www.prijedordanas.com\/?p=118462#breadcrumb"},"inLanguage":"en-US","potentialAction":[{"@type":"ReadAction","target":["https:\/\/www.prijedordanas.com\/?p=118462"]}]},{"@type":"BreadcrumbList","@id":"https:\/\/www.prijedordanas.com\/?p=118462#breadcrumb","itemListElement":[{"@type":"ListItem","position":1,"name":"Home","item":"https:\/\/www.prijedordanas.com\/"},{"@type":"ListItem","position":2,"name":"PRIJEDOR &#8211; GORAN KNE\u017dEVI\u0106 OSTA\u0106E SAM NA OPTU\u017dENI\u010cKOJ KLUPI: SUPRUGA ZELENA\u0160A PRIZNALA IZNUDU"}]},{"@type":"WebSite","@id":"https:\/\/www.prijedordanas.com\/#website","url":"https:\/\/www.prijedordanas.com\/","name":"PrijedorDanas.com - Prijedorski gradski portal","description":"Portal o doga\u0111anjima u gradu Prijedoru","publisher":{"@id":"https:\/\/www.prijedordanas.com\/#organization"},"potentialAction":[{"@type":"SearchAction","target":{"@type":"EntryPoint","urlTemplate":"https:\/\/www.prijedordanas.com\/?s={search_term_string}"},"query-input":"required name=search_term_string"}],"inLanguage":"en-US"},{"@type":"Organization","@id":"https:\/\/www.prijedordanas.com\/#organization","name":"PrijedorDanas.com","url":"https:\/\/www.prijedordanas.com\/","logo":{"@type":"ImageObject","inLanguage":"en-US","@id":"https:\/\/www.prijedordanas.com\/#\/schema\/logo\/image\/","url":"http:\/\/www.prijedordanas.com\/wp-content\/uploads\/2021\/12\/logopng.png","contentUrl":"http:\/\/www.prijedordanas.com\/wp-content\/uploads\/2021\/12\/logopng.png","width":1019,"height":776,"caption":"PrijedorDanas.com"},"image":{"@id":"https:\/\/www.prijedordanas.com\/#\/schema\/logo\/image\/"},"sameAs":["https:\/\/www.facebook.com\/PrijedorDanasCom\/"]},{"@type":"Person","@id":"https:\/\/www.prijedordanas.com\/#\/schema\/person\/4e08ccf29b506ca916ff86d46bb700e6","name":"admin","image":{"@type":"ImageObject","inLanguage":"en-US","@id":"https:\/\/www.prijedordanas.com\/#\/schema\/person\/image\/","url":"https:\/\/secure.gravatar.com\/avatar\/1d3fc949d550f0b53a5f0d51e06dfd79?s=96&d=mm&r=g","contentUrl":"https:\/\/secure.gravatar.com\/avatar\/1d3fc949d550f0b53a5f0d51e06dfd79?s=96&d=mm&r=g","caption":"admin"},"url":"https:\/\/www.prijedordanas.com\/?author=1"}]}},"_links":{"self":[{"href":"https:\/\/www.prijedordanas.com\/index.php?rest_route=\/wp\/v2\/posts\/118462"}],"collection":[{"href":"https:\/\/www.prijedordanas.com\/index.php?rest_route=\/wp\/v2\/posts"}],"about":[{"href":"https:\/\/www.prijedordanas.com\/index.php?rest_route=\/wp\/v2\/types\/post"}],"author":[{"embeddable":true,"href":"https:\/\/www.prijedordanas.com\/index.php?rest_route=\/wp\/v2\/users\/1"}],"replies":[{"embeddable":true,"href":"https:\/\/www.prijedordanas.com\/index.php?rest_route=%2Fwp%2Fv2%2Fcomments&post=118462"}],"version-history":[{"count":1,"href":"https:\/\/www.prijedordanas.com\/index.php?rest_route=\/wp\/v2\/posts\/118462\/revisions"}],"predecessor-version":[{"id":118463,"href":"https:\/\/www.prijedordanas.com\/index.php?rest_route=\/wp\/v2\/posts\/118462\/revisions\/118463"}],"wp:attachment":[{"href":"https:\/\/www.prijedordanas.com\/index.php?rest_route=%2Fwp%2Fv2%2Fmedia&parent=118462"}],"wp:term":[{"taxonomy":"category","embeddable":true,"href":"https:\/\/www.prijedordanas.com\/index.php?rest_route=%2Fwp%2Fv2%2Fcategories&post=118462"},{"taxonomy":"post_tag","embeddable":true,"href":"https:\/\/www.prijedordanas.com\/index.php?rest_route=%2Fwp%2Fv2%2Ftags&post=118462"}],"curies":[{"name":"wp","href":"https:\/\/api.w.org\/{rel}","templated":true}]}}