{"id":117977,"date":"2018-12-18T16:02:18","date_gmt":"2018-12-18T15:02:18","guid":{"rendered":"https:\/\/www.prijedordanas.com\/?p=117977"},"modified":"2018-12-18T16:02:18","modified_gmt":"2018-12-18T15:02:18","slug":"simpatizeri-nezadovoljni-tubinom-sta-se-desava-u-prijedorskom-sds-u","status":"publish","type":"post","link":"https:\/\/www.prijedordanas.com\/?p=117977","title":{"rendered":"SIMPATIZERI NEZADOVOLJNI TUBINOM: \u0160TA SE DE\u0160AVA U PRIJEDORSKOM SDS-U?"},"content":{"rendered":"<p><a href=\"https:\/\/www.prijedordanas.com\/wp-content\/uploads\/2018\/12\/atv-sds-prijedor-nezadovoljstvo.jpg\"><img loading=\"lazy\" decoding=\"async\" src=\"https:\/\/www.prijedordanas.com\/wp-content\/uploads\/2018\/12\/atv-sds-prijedor-nezadovoljstvo-300x229.jpg\" alt=\"\" width=\"300\" height=\"229\" class=\"alignleft size-medium wp-image-117978\" srcset=\"https:\/\/www.prijedordanas.com\/wp-content\/uploads\/2018\/12\/atv-sds-prijedor-nezadovoljstvo-300x229.jpg 300w, https:\/\/www.prijedordanas.com\/wp-content\/uploads\/2018\/12\/atv-sds-prijedor-nezadovoljstvo-100x76.jpg 100w, https:\/\/www.prijedordanas.com\/wp-content\/uploads\/2018\/12\/atv-sds-prijedor-nezadovoljstvo.jpg 655w\" sizes=\"(max-width: 300px) 100vw, 300px\" \/><\/a>Simapatizeri SDS-a iz Prijedora saop\u0161tili su da su promjene ovog gradskoj organizaciji, te da ako to ne\u0107e zapo\u010deti vrh SDS-a, onda to moraju uraditi sami \u010dlanovi SDS-a u Prijedoru. <\/p>\n<p>Njihove stavove prenosimo u potpunosti.<\/p>\n<p>&#8220;Prije 2 godine, Odlukom Vukote Govedarice, raspu\u0161ten je GO SDS Prijedor i pored dobrih rezultata same stranke i osvojenih 14.500 glasova Du\u0161ana Beri\u0107a na lokalnim izborima za gradona\u010delnika Prijedora.<\/p>\n<p>-Imenovano Povjereni\u0161tvo na \u010delu sa Milanom Tubinom, sprovedeni izbori mimo svih statutarnih odredbi.<\/p>\n<p>Na sam dan odr\u017eavanja izborne skup\u0161tine u Prijedoru vi\u0161e od 30 izabranih \u010dlanova skup\u0161tine je zamjenjeno sa &#8220;dirigovanim&#8221; \u010dlanovima. <\/p>\n<p>Za predsjedika GO SDS Prijedor je izabran Milan Tubin.<\/p>\n<p>-Od tada ovaj \u010dovjek sprovodi samovolju, privatizira Stranku, izbacuje \u010dlanove iz Stranke \u0161to je za rezultat imalo pad broja glasova SDS-a u Prijedoru za 50% u odnosu na 2014. godinu.<\/p>\n<p>-U Skup\u0161tini grada odbornici SDS-a su na zadnjoj sjednici podr\u017eali prijedloge SNSD-a, \u0161to je apsolutno mimo mi\u0161ljenja ve\u0107inskog dijela Stranke.<\/p>\n<p>-Na zadnjoj sjednici skup\u0161tine SDS RS u Banjaluci, Milan Tubin je na istu privatno doveo 6 la\u017enih kandidata, kao da pomognu Vukoti Govedarici.<\/p>\n<p>&#8211; Na dana\u0161njoj sjednici NS RS, Milan Tubin kao poslanik SDS-a nije bio protiv izbora SNSD-ove Vlade iako je to bio stav kluba poslanika SDS-a.<\/p>\n<p>-Pravo pitanje je ko je Milan Tubin?<\/p>\n<p>Ju\u010de kao za Vukotu i SDS, danas za SNSD-ovu Vladu.<\/p>\n<p>Radi se o la\u017enom \u010dlanu SDS-a i la\u017enom \u010dovjeku.<\/p>\n<p>Nadamo se da \u0107e to SDS i Vukota prepoznati.<\/p>\n<p> -Ako neophodne promjene ne\u0107e zapo\u010deti vrh SDS-a, onda to moraju uraditi sami \u010dlanovi SDS-a u Prijedoru&#8221;, ka\u017eu simpatizeri SDS-a iz Prijedora.<\/p>\n<p>ATV BL<\/p>\n","protected":false},"excerpt":{"rendered":"<p>Simapatizeri SDS-a iz Prijedora saop\u0161tili su da su promjene ovog gradskoj organizaciji, te da ako to ne\u0107e zapo\u010deti vrh SDS-a, onda to moraju uraditi sami \u010dlanovi SDS-a u Prijedoru. Njihove [&hellip;]<\/p>\n","protected":false},"author":1,"featured_media":0,"comment_status":"closed","ping_status":"open","sticky":false,"template":"","format":"standard","meta":{"_monsterinsights_skip_tracking":false,"_monsterinsights_sitenote_active":false,"_monsterinsights_sitenote_note":"","_monsterinsights_sitenote_category":0,"footnotes":""},"categories":[8],"tags":[],"yoast_head":"<!-- This site is optimized with the Yoast SEO plugin v21.6 - https:\/\/yoast.com\/wordpress\/plugins\/seo\/ -->\n<title>SIMPATIZERI NEZADOVOLJNI TUBINOM: \u0160TA SE DE\u0160AVA U PRIJEDORSKOM SDS-U? - PrijedorDanas.com - Prijedorski gradski portal<\/title>\n<meta name=\"robots\" content=\"index, follow, max-snippet:-1, max-image-preview:large, max-video-preview:-1\" \/>\n<link rel=\"canonical\" href=\"https:\/\/www.prijedordanas.com\/?p=117977\" \/>\n<meta property=\"og:locale\" content=\"en_US\" \/>\n<meta property=\"og:type\" content=\"article\" \/>\n<meta property=\"og:title\" content=\"SIMPATIZERI NEZADOVOLJNI TUBINOM: \u0160TA SE DE\u0160AVA U PRIJEDORSKOM SDS-U? - PrijedorDanas.com - Prijedorski gradski portal\" \/>\n<meta property=\"og:description\" content=\"Simapatizeri SDS-a iz Prijedora saop\u0161tili su da su promjene ovog gradskoj organizaciji, te da ako to ne\u0107e zapo\u010deti vrh SDS-a, onda to moraju uraditi sami \u010dlanovi SDS-a u Prijedoru. Njihove [&hellip;]\" \/>\n<meta property=\"og:url\" content=\"https:\/\/www.prijedordanas.com\/?p=117977\" \/>\n<meta property=\"og:site_name\" content=\"PrijedorDanas.com - Prijedorski gradski portal\" \/>\n<meta property=\"article:publisher\" content=\"https:\/\/www.facebook.com\/PrijedorDanasCom\/\" \/>\n<meta property=\"article:published_time\" content=\"2018-12-18T15:02:18+00:00\" \/>\n<meta property=\"og:image\" content=\"https:\/\/www.prijedordanas.com\/wp-content\/uploads\/2018\/12\/atv-sds-prijedor-nezadovoljstvo-300x229.jpg\" \/>\n<meta name=\"author\" content=\"admin\" \/>\n<meta name=\"twitter:card\" content=\"summary_large_image\" \/>\n<meta name=\"twitter:label1\" content=\"Written by\" \/>\n\t<meta name=\"twitter:data1\" content=\"admin\" \/>\n\t<meta name=\"twitter:label2\" content=\"Est. reading time\" \/>\n\t<meta name=\"twitter:data2\" content=\"1 minute\" \/>\n<script type=\"application\/ld+json\" class=\"yoast-schema-graph\">{\"@context\":\"https:\/\/schema.org\",\"@graph\":[{\"@type\":\"Article\",\"@id\":\"https:\/\/www.prijedordanas.com\/?p=117977#article\",\"isPartOf\":{\"@id\":\"https:\/\/www.prijedordanas.com\/?p=117977\"},\"author\":{\"name\":\"admin\",\"@id\":\"https:\/\/www.prijedordanas.com\/#\/schema\/person\/4e08ccf29b506ca916ff86d46bb700e6\"},\"headline\":\"SIMPATIZERI NEZADOVOLJNI TUBINOM: \u0160TA SE DE\u0160AVA U PRIJEDORSKOM SDS-U?\",\"datePublished\":\"2018-12-18T15:02:18+00:00\",\"dateModified\":\"2018-12-18T15:02:18+00:00\",\"mainEntityOfPage\":{\"@id\":\"https:\/\/www.prijedordanas.com\/?p=117977\"},\"wordCount\":289,\"publisher\":{\"@id\":\"https:\/\/www.prijedordanas.com\/#organization\"},\"articleSection\":[\"Svakodnevno\"],\"inLanguage\":\"en-US\"},{\"@type\":\"WebPage\",\"@id\":\"https:\/\/www.prijedordanas.com\/?p=117977\",\"url\":\"https:\/\/www.prijedordanas.com\/?p=117977\",\"name\":\"SIMPATIZERI NEZADOVOLJNI TUBINOM: \u0160TA SE DE\u0160AVA U PRIJEDORSKOM SDS-U? - PrijedorDanas.com - Prijedorski gradski portal\",\"isPartOf\":{\"@id\":\"https:\/\/www.prijedordanas.com\/#website\"},\"datePublished\":\"2018-12-18T15:02:18+00:00\",\"dateModified\":\"2018-12-18T15:02:18+00:00\",\"breadcrumb\":{\"@id\":\"https:\/\/www.prijedordanas.com\/?p=117977#breadcrumb\"},\"inLanguage\":\"en-US\",\"potentialAction\":[{\"@type\":\"ReadAction\",\"target\":[\"https:\/\/www.prijedordanas.com\/?p=117977\"]}]},{\"@type\":\"BreadcrumbList\",\"@id\":\"https:\/\/www.prijedordanas.com\/?p=117977#breadcrumb\",\"itemListElement\":[{\"@type\":\"ListItem\",\"position\":1,\"name\":\"Home\",\"item\":\"https:\/\/www.prijedordanas.com\/\"},{\"@type\":\"ListItem\",\"position\":2,\"name\":\"SIMPATIZERI NEZADOVOLJNI TUBINOM: \u0160TA SE DE\u0160AVA U PRIJEDORSKOM SDS-U?\"}]},{\"@type\":\"WebSite\",\"@id\":\"https:\/\/www.prijedordanas.com\/#website\",\"url\":\"https:\/\/www.prijedordanas.com\/\",\"name\":\"PrijedorDanas.com - Prijedorski gradski portal\",\"description\":\"Portal o doga\u0111anjima u gradu Prijedoru\",\"publisher\":{\"@id\":\"https:\/\/www.prijedordanas.com\/#organization\"},\"potentialAction\":[{\"@type\":\"SearchAction\",\"target\":{\"@type\":\"EntryPoint\",\"urlTemplate\":\"https:\/\/www.prijedordanas.com\/?s={search_term_string}\"},\"query-input\":\"required name=search_term_string\"}],\"inLanguage\":\"en-US\"},{\"@type\":\"Organization\",\"@id\":\"https:\/\/www.prijedordanas.com\/#organization\",\"name\":\"PrijedorDanas.com\",\"url\":\"https:\/\/www.prijedordanas.com\/\",\"logo\":{\"@type\":\"ImageObject\",\"inLanguage\":\"en-US\",\"@id\":\"https:\/\/www.prijedordanas.com\/#\/schema\/logo\/image\/\",\"url\":\"http:\/\/www.prijedordanas.com\/wp-content\/uploads\/2021\/12\/logopng.png\",\"contentUrl\":\"http:\/\/www.prijedordanas.com\/wp-content\/uploads\/2021\/12\/logopng.png\",\"width\":1019,\"height\":776,\"caption\":\"PrijedorDanas.com\"},\"image\":{\"@id\":\"https:\/\/www.prijedordanas.com\/#\/schema\/logo\/image\/\"},\"sameAs\":[\"https:\/\/www.facebook.com\/PrijedorDanasCom\/\"]},{\"@type\":\"Person\",\"@id\":\"https:\/\/www.prijedordanas.com\/#\/schema\/person\/4e08ccf29b506ca916ff86d46bb700e6\",\"name\":\"admin\",\"image\":{\"@type\":\"ImageObject\",\"inLanguage\":\"en-US\",\"@id\":\"https:\/\/www.prijedordanas.com\/#\/schema\/person\/image\/\",\"url\":\"https:\/\/secure.gravatar.com\/avatar\/1d3fc949d550f0b53a5f0d51e06dfd79?s=96&d=mm&r=g\",\"contentUrl\":\"https:\/\/secure.gravatar.com\/avatar\/1d3fc949d550f0b53a5f0d51e06dfd79?s=96&d=mm&r=g\",\"caption\":\"admin\"},\"url\":\"https:\/\/www.prijedordanas.com\/?author=1\"}]}<\/script>\n<!-- \/ Yoast SEO plugin. -->","yoast_head_json":{"title":"SIMPATIZERI NEZADOVOLJNI TUBINOM: \u0160TA SE DE\u0160AVA U PRIJEDORSKOM SDS-U? - PrijedorDanas.com - Prijedorski gradski portal","robots":{"index":"index","follow":"follow","max-snippet":"max-snippet:-1","max-image-preview":"max-image-preview:large","max-video-preview":"max-video-preview:-1"},"canonical":"https:\/\/www.prijedordanas.com\/?p=117977","og_locale":"en_US","og_type":"article","og_title":"SIMPATIZERI NEZADOVOLJNI TUBINOM: \u0160TA SE DE\u0160AVA U PRIJEDORSKOM SDS-U? - PrijedorDanas.com - Prijedorski gradski portal","og_description":"Simapatizeri SDS-a iz Prijedora saop\u0161tili su da su promjene ovog gradskoj organizaciji, te da ako to ne\u0107e zapo\u010deti vrh SDS-a, onda to moraju uraditi sami \u010dlanovi SDS-a u Prijedoru. Njihove [&hellip;]","og_url":"https:\/\/www.prijedordanas.com\/?p=117977","og_site_name":"PrijedorDanas.com - Prijedorski gradski portal","article_publisher":"https:\/\/www.facebook.com\/PrijedorDanasCom\/","article_published_time":"2018-12-18T15:02:18+00:00","og_image":[{"url":"https:\/\/www.prijedordanas.com\/wp-content\/uploads\/2018\/12\/atv-sds-prijedor-nezadovoljstvo-300x229.jpg"}],"author":"admin","twitter_card":"summary_large_image","twitter_misc":{"Written by":"admin","Est. reading time":"1 minute"},"schema":{"@context":"https:\/\/schema.org","@graph":[{"@type":"Article","@id":"https:\/\/www.prijedordanas.com\/?p=117977#article","isPartOf":{"@id":"https:\/\/www.prijedordanas.com\/?p=117977"},"author":{"name":"admin","@id":"https:\/\/www.prijedordanas.com\/#\/schema\/person\/4e08ccf29b506ca916ff86d46bb700e6"},"headline":"SIMPATIZERI NEZADOVOLJNI TUBINOM: \u0160TA SE DE\u0160AVA U PRIJEDORSKOM SDS-U?","datePublished":"2018-12-18T15:02:18+00:00","dateModified":"2018-12-18T15:02:18+00:00","mainEntityOfPage":{"@id":"https:\/\/www.prijedordanas.com\/?p=117977"},"wordCount":289,"publisher":{"@id":"https:\/\/www.prijedordanas.com\/#organization"},"articleSection":["Svakodnevno"],"inLanguage":"en-US"},{"@type":"WebPage","@id":"https:\/\/www.prijedordanas.com\/?p=117977","url":"https:\/\/www.prijedordanas.com\/?p=117977","name":"SIMPATIZERI NEZADOVOLJNI TUBINOM: \u0160TA SE DE\u0160AVA U PRIJEDORSKOM SDS-U? - PrijedorDanas.com - Prijedorski gradski portal","isPartOf":{"@id":"https:\/\/www.prijedordanas.com\/#website"},"datePublished":"2018-12-18T15:02:18+00:00","dateModified":"2018-12-18T15:02:18+00:00","breadcrumb":{"@id":"https:\/\/www.prijedordanas.com\/?p=117977#breadcrumb"},"inLanguage":"en-US","potentialAction":[{"@type":"ReadAction","target":["https:\/\/www.prijedordanas.com\/?p=117977"]}]},{"@type":"BreadcrumbList","@id":"https:\/\/www.prijedordanas.com\/?p=117977#breadcrumb","itemListElement":[{"@type":"ListItem","position":1,"name":"Home","item":"https:\/\/www.prijedordanas.com\/"},{"@type":"ListItem","position":2,"name":"SIMPATIZERI NEZADOVOLJNI TUBINOM: \u0160TA SE DE\u0160AVA U PRIJEDORSKOM SDS-U?"}]},{"@type":"WebSite","@id":"https:\/\/www.prijedordanas.com\/#website","url":"https:\/\/www.prijedordanas.com\/","name":"PrijedorDanas.com - Prijedorski gradski portal","description":"Portal o doga\u0111anjima u gradu Prijedoru","publisher":{"@id":"https:\/\/www.prijedordanas.com\/#organization"},"potentialAction":[{"@type":"SearchAction","target":{"@type":"EntryPoint","urlTemplate":"https:\/\/www.prijedordanas.com\/?s={search_term_string}"},"query-input":"required name=search_term_string"}],"inLanguage":"en-US"},{"@type":"Organization","@id":"https:\/\/www.prijedordanas.com\/#organization","name":"PrijedorDanas.com","url":"https:\/\/www.prijedordanas.com\/","logo":{"@type":"ImageObject","inLanguage":"en-US","@id":"https:\/\/www.prijedordanas.com\/#\/schema\/logo\/image\/","url":"http:\/\/www.prijedordanas.com\/wp-content\/uploads\/2021\/12\/logopng.png","contentUrl":"http:\/\/www.prijedordanas.com\/wp-content\/uploads\/2021\/12\/logopng.png","width":1019,"height":776,"caption":"PrijedorDanas.com"},"image":{"@id":"https:\/\/www.prijedordanas.com\/#\/schema\/logo\/image\/"},"sameAs":["https:\/\/www.facebook.com\/PrijedorDanasCom\/"]},{"@type":"Person","@id":"https:\/\/www.prijedordanas.com\/#\/schema\/person\/4e08ccf29b506ca916ff86d46bb700e6","name":"admin","image":{"@type":"ImageObject","inLanguage":"en-US","@id":"https:\/\/www.prijedordanas.com\/#\/schema\/person\/image\/","url":"https:\/\/secure.gravatar.com\/avatar\/1d3fc949d550f0b53a5f0d51e06dfd79?s=96&d=mm&r=g","contentUrl":"https:\/\/secure.gravatar.com\/avatar\/1d3fc949d550f0b53a5f0d51e06dfd79?s=96&d=mm&r=g","caption":"admin"},"url":"https:\/\/www.prijedordanas.com\/?author=1"}]}},"_links":{"self":[{"href":"https:\/\/www.prijedordanas.com\/index.php?rest_route=\/wp\/v2\/posts\/117977"}],"collection":[{"href":"https:\/\/www.prijedordanas.com\/index.php?rest_route=\/wp\/v2\/posts"}],"about":[{"href":"https:\/\/www.prijedordanas.com\/index.php?rest_route=\/wp\/v2\/types\/post"}],"author":[{"embeddable":true,"href":"https:\/\/www.prijedordanas.com\/index.php?rest_route=\/wp\/v2\/users\/1"}],"replies":[{"embeddable":true,"href":"https:\/\/www.prijedordanas.com\/index.php?rest_route=%2Fwp%2Fv2%2Fcomments&post=117977"}],"version-history":[{"count":1,"href":"https:\/\/www.prijedordanas.com\/index.php?rest_route=\/wp\/v2\/posts\/117977\/revisions"}],"predecessor-version":[{"id":117979,"href":"https:\/\/www.prijedordanas.com\/index.php?rest_route=\/wp\/v2\/posts\/117977\/revisions\/117979"}],"wp:attachment":[{"href":"https:\/\/www.prijedordanas.com\/index.php?rest_route=%2Fwp%2Fv2%2Fmedia&parent=117977"}],"wp:term":[{"taxonomy":"category","embeddable":true,"href":"https:\/\/www.prijedordanas.com\/index.php?rest_route=%2Fwp%2Fv2%2Fcategories&post=117977"},{"taxonomy":"post_tag","embeddable":true,"href":"https:\/\/www.prijedordanas.com\/index.php?rest_route=%2Fwp%2Fv2%2Ftags&post=117977"}],"curies":[{"name":"wp","href":"https:\/\/api.w.org\/{rel}","templated":true}]}}