{"id":117908,"date":"2018-12-17T10:38:04","date_gmt":"2018-12-17T09:38:04","guid":{"rendered":"https:\/\/www.prijedordanas.com\/?p=117908"},"modified":"2018-12-17T10:59:50","modified_gmt":"2018-12-17T09:59:50","slug":"davor-dragicevic-kao-david-strbac-otac-ubijenog-mladica-odbio-saradnju-sa-prijedorskim-tuzilastvom-foto-video","status":"publish","type":"post","link":"https:\/\/www.prijedordanas.com\/?p=117908","title":{"rendered":"DAVOR DRAGI\u010cEVI\u0106 KAO DAVID \u0160TRBAC: OTAC UBIJENOG MLADI\u0106A ODBIO SARADNJU SA PRIJEDORSKIM TU\u017dILA\u0160TVOM \u2013 FOTO\/VIDEO"},"content":{"rendered":"<p><a href=\"https:\/\/www.prijedordanas.com\/wp-content\/uploads\/2018\/12\/davor-dragicevic-ojt-prijedor-1.jpg\"><img loading=\"lazy\" decoding=\"async\" class=\"alignleft size-medium wp-image-117909\" src=\"https:\/\/www.prijedordanas.com\/wp-content\/uploads\/2018\/12\/davor-dragicevic-ojt-prijedor-1-261x300.jpg\" alt=\"\" width=\"261\" height=\"300\" srcset=\"https:\/\/www.prijedordanas.com\/wp-content\/uploads\/2018\/12\/davor-dragicevic-ojt-prijedor-1-261x300.jpg 261w, https:\/\/www.prijedordanas.com\/wp-content\/uploads\/2018\/12\/davor-dragicevic-ojt-prijedor-1-87x100.jpg 87w, https:\/\/www.prijedordanas.com\/wp-content\/uploads\/2018\/12\/davor-dragicevic-ojt-prijedor-1.jpg 521w\" sizes=\"(max-width: 261px) 100vw, 261px\" \/><\/a>Davor Dragi\u010devi\u0107 se jutros u Okru\u017enom javnom tu\u017eila\u0161tvu u Prijedoru pojavio obu\u010den kao David \u0160trbac, lik iz poznatog djela Petra Ko\u010di\u0107a \u201eJazavac pred sudom\u201c.<\/p>\n<p>Pred tu\u017eila\u0161tvom se okupilo nekoliko desetina gra\u0111ana koji su pru\u017eili podr\u0161ku Davoru.<\/p>\n<p>Davor je trebalo da bude saslu\u0161an na osnovu optu\u017ebi da je ugrozio bezbjednost funkcionera MUP-a Republike Srpske.<\/p>\n<p>On je i prije i poslije saslu\u0161anja rekao da kao osumunji\u010deni tra\u017ei izuze\u0107e postupaju\u0107eg tu\u017eioca, zatim tu\u017eila\u0161tva u Prijedoru, koje je prema njegovim rije\u010dima dio Okru\u017enog javnog tu\u017eila\u0161tva Banjaluka, kao i svih drugih tu\u017eila\u0161tava u Republici Srpskoj.<\/p>\n<p>\u2013 Neprovo\u0111enje istrage ubistva mog sina Davida od strane Okru\u017enog tu\u017eila\u0161tva Banjaluka i Republi\u010dkog tu\u017eila\u0161tva predstavlja okolnost koja izaziva razumnu sumnju u nepristrasnost tih tu\u017eila\u0161tava \u2013 rekao je Davor.<\/p>\n<p>On je prije ulaska u Tu\u017eila\u0161tvo ponovio da je njegovog sina ubio MUP Republike Srpske u sprezi sa tu\u017eila\u0161tvom.<\/p>\n<p><a href=\"https:\/\/www.prijedordanas.com\/wp-content\/uploads\/2018\/12\/davor-dragicevic-ojt-prijedor-2.jpg\"><img loading=\"lazy\" decoding=\"async\" src=\"https:\/\/www.prijedordanas.com\/wp-content\/uploads\/2018\/12\/davor-dragicevic-ojt-prijedor-2-300x217.jpg\" alt=\"\" width=\"300\" height=\"217\" class=\"alignleft size-medium wp-image-117910\" srcset=\"https:\/\/www.prijedordanas.com\/wp-content\/uploads\/2018\/12\/davor-dragicevic-ojt-prijedor-2-300x217.jpg 300w, https:\/\/www.prijedordanas.com\/wp-content\/uploads\/2018\/12\/davor-dragicevic-ojt-prijedor-2-100x72.jpg 100w, https:\/\/www.prijedordanas.com\/wp-content\/uploads\/2018\/12\/davor-dragicevic-ojt-prijedor-2.jpg 690w\" sizes=\"(max-width: 300px) 100vw, 300px\" \/><\/a>Nakon saslu\u0161anja on je sve ponovio i rekao da \u0107e i\u0107i na nivo BiH, kao i do kraja.<\/p>\n<p>Davorov advokat Dragan Tolimir rekao je da se jedan od sudskih policajaca, kada su u\u0161li u Tu\u017eila\u0161tvo, dr\u017eao za dr\u0161ku pi\u0161tolja.<\/p>\n<p>\u2013 To je uradio jer mu je neko rekao da je Davor opasan. Odmah sam ga upozorio na to, jer mi ne predstavljamo opasnost. Tu\u017eilac nije mogao da objasni kako je tu\u017eila\u0161tvo u Prijedoru nadle\u017eno. Ako je postojala neka odluka da ovo tu\u017eila\u0161tvo preuzme slu\u010daj, bilo je potrebna da se dostavi osumnji\u010denom ta odluka \u2013 pojasnio je Tolimir.<\/p>\n<p>On je dodao da nisu \u017eeljeli davati izjave i da na kraju nisu ni\u0161ta potpisali.<\/p>\n<p>\u2013 Dalje oni moraju da odlu\u010de koje \u0107e tu\u017eila\u0161tvo postupati, da li \u0107e biti izuzeti tu\u017eioci. Sve ovo inicira da je Davor ve\u0107 optu\u017een i da je ovo samo procedura da se \u0161to prije sve zavr\u0161i. Da je tu\u017eila\u0161tvo ovako brzo postupalo u svim predmetima bilo bi puno efikasnije \u2013 poru\u010dio je Tolimir.<\/p>\n<p>EuroBlic-srpskainfo.com<\/p>\n<p><iframe loading=\"lazy\" width=\"500\" height=\"281\" src=\"https:\/\/www.youtube.com\/embed\/U9WoxxyoY0U?feature=oembed\" frameborder=\"0\" allow=\"accelerometer; autoplay; encrypted-media; gyroscope; picture-in-picture\" allowfullscreen><\/iframe><\/p>\n<p><a href=\"https:\/\/www.prijedordanas.com\/wp-content\/uploads\/2018\/12\/davor-dragicevic-ojt-prijedor-3.jpg\"><img loading=\"lazy\" decoding=\"async\" src=\"https:\/\/www.prijedordanas.com\/wp-content\/uploads\/2018\/12\/davor-dragicevic-ojt-prijedor-3-300x199.jpg\" alt=\"\" width=\"300\" height=\"199\" class=\"alignleft size-medium wp-image-117911\" srcset=\"https:\/\/www.prijedordanas.com\/wp-content\/uploads\/2018\/12\/davor-dragicevic-ojt-prijedor-3-300x199.jpg 300w, https:\/\/www.prijedordanas.com\/wp-content\/uploads\/2018\/12\/davor-dragicevic-ojt-prijedor-3-100x66.jpg 100w, https:\/\/www.prijedordanas.com\/wp-content\/uploads\/2018\/12\/davor-dragicevic-ojt-prijedor-3-480x320.jpg 480w, https:\/\/www.prijedordanas.com\/wp-content\/uploads\/2018\/12\/davor-dragicevic-ojt-prijedor-3.jpg 600w\" sizes=\"(max-width: 300px) 100vw, 300px\" \/><\/a> <a href=\"https:\/\/www.prijedordanas.com\/wp-content\/uploads\/2018\/12\/davor-dragicevic-ojt-prijedor-4.jpg\"><img loading=\"lazy\" decoding=\"async\" src=\"https:\/\/www.prijedordanas.com\/wp-content\/uploads\/2018\/12\/davor-dragicevic-ojt-prijedor-4-300x199.jpg\" alt=\"\" width=\"300\" height=\"199\" class=\"alignleft size-medium wp-image-117912\" srcset=\"https:\/\/www.prijedordanas.com\/wp-content\/uploads\/2018\/12\/davor-dragicevic-ojt-prijedor-4-300x199.jpg 300w, https:\/\/www.prijedordanas.com\/wp-content\/uploads\/2018\/12\/davor-dragicevic-ojt-prijedor-4-100x66.jpg 100w, https:\/\/www.prijedordanas.com\/wp-content\/uploads\/2018\/12\/davor-dragicevic-ojt-prijedor-4-480x320.jpg 480w, https:\/\/www.prijedordanas.com\/wp-content\/uploads\/2018\/12\/davor-dragicevic-ojt-prijedor-4.jpg 600w\" sizes=\"(max-width: 300px) 100vw, 300px\" \/><\/a> <a href=\"https:\/\/www.prijedordanas.com\/wp-content\/uploads\/2018\/12\/davor-dragicevic-ojt-prijedor-5.jpg\"><img loading=\"lazy\" decoding=\"async\" src=\"https:\/\/www.prijedordanas.com\/wp-content\/uploads\/2018\/12\/davor-dragicevic-ojt-prijedor-5-300x199.jpg\" alt=\"\" width=\"300\" height=\"199\" class=\"alignleft size-medium wp-image-117913\" srcset=\"https:\/\/www.prijedordanas.com\/wp-content\/uploads\/2018\/12\/davor-dragicevic-ojt-prijedor-5-300x199.jpg 300w, https:\/\/www.prijedordanas.com\/wp-content\/uploads\/2018\/12\/davor-dragicevic-ojt-prijedor-5-100x66.jpg 100w, https:\/\/www.prijedordanas.com\/wp-content\/uploads\/2018\/12\/davor-dragicevic-ojt-prijedor-5-480x320.jpg 480w, https:\/\/www.prijedordanas.com\/wp-content\/uploads\/2018\/12\/davor-dragicevic-ojt-prijedor-5.jpg 600w\" sizes=\"(max-width: 300px) 100vw, 300px\" \/><\/a> <a href=\"https:\/\/www.prijedordanas.com\/wp-content\/uploads\/2018\/12\/davor-dragicevic-ojt-prijedor-6.jpg\"><img loading=\"lazy\" decoding=\"async\" src=\"https:\/\/www.prijedordanas.com\/wp-content\/uploads\/2018\/12\/davor-dragicevic-ojt-prijedor-6-300x199.jpg\" alt=\"\" width=\"300\" height=\"199\" class=\"alignleft size-medium wp-image-117914\" srcset=\"https:\/\/www.prijedordanas.com\/wp-content\/uploads\/2018\/12\/davor-dragicevic-ojt-prijedor-6-300x199.jpg 300w, https:\/\/www.prijedordanas.com\/wp-content\/uploads\/2018\/12\/davor-dragicevic-ojt-prijedor-6-100x66.jpg 100w, https:\/\/www.prijedordanas.com\/wp-content\/uploads\/2018\/12\/davor-dragicevic-ojt-prijedor-6-480x320.jpg 480w, https:\/\/www.prijedordanas.com\/wp-content\/uploads\/2018\/12\/davor-dragicevic-ojt-prijedor-6.jpg 600w\" sizes=\"(max-width: 300px) 100vw, 300px\" \/><\/a><\/p>\n","protected":false},"excerpt":{"rendered":"<p>Davor Dragi\u010devi\u0107 se jutros u Okru\u017enom javnom tu\u017eila\u0161tvu u Prijedoru pojavio obu\u010den kao David \u0160trbac, lik iz poznatog djela Petra Ko\u010di\u0107a \u201eJazavac pred sudom\u201c. Pred tu\u017eila\u0161tvom se okupilo nekoliko desetina [&hellip;]<\/p>\n","protected":false},"author":1,"featured_media":0,"comment_status":"closed","ping_status":"open","sticky":false,"template":"","format":"standard","meta":{"_monsterinsights_skip_tracking":false,"_monsterinsights_sitenote_active":false,"_monsterinsights_sitenote_note":"","_monsterinsights_sitenote_category":0,"footnotes":""},"categories":[8],"tags":[],"yoast_head":"<!-- This site is optimized with the Yoast SEO plugin v21.6 - https:\/\/yoast.com\/wordpress\/plugins\/seo\/ -->\n<title>DAVOR DRAGI\u010cEVI\u0106 KAO DAVID \u0160TRBAC: OTAC UBIJENOG MLADI\u0106A ODBIO SARADNJU SA PRIJEDORSKIM TU\u017dILA\u0160TVOM \u2013 FOTO\/VIDEO - PrijedorDanas.com - Prijedorski gradski portal<\/title>\n<meta name=\"robots\" content=\"index, follow, max-snippet:-1, max-image-preview:large, max-video-preview:-1\" \/>\n<link rel=\"canonical\" href=\"https:\/\/www.prijedordanas.com\/?p=117908\" \/>\n<meta property=\"og:locale\" content=\"en_US\" \/>\n<meta property=\"og:type\" content=\"article\" \/>\n<meta property=\"og:title\" content=\"DAVOR DRAGI\u010cEVI\u0106 KAO DAVID \u0160TRBAC: OTAC UBIJENOG MLADI\u0106A ODBIO SARADNJU SA PRIJEDORSKIM TU\u017dILA\u0160TVOM \u2013 FOTO\/VIDEO - PrijedorDanas.com - Prijedorski gradski portal\" \/>\n<meta property=\"og:description\" content=\"Davor Dragi\u010devi\u0107 se jutros u Okru\u017enom javnom tu\u017eila\u0161tvu u Prijedoru pojavio obu\u010den kao David \u0160trbac, lik iz poznatog djela Petra Ko\u010di\u0107a \u201eJazavac pred sudom\u201c. Pred tu\u017eila\u0161tvom se okupilo nekoliko desetina [&hellip;]\" \/>\n<meta property=\"og:url\" content=\"https:\/\/www.prijedordanas.com\/?p=117908\" \/>\n<meta property=\"og:site_name\" content=\"PrijedorDanas.com - Prijedorski gradski portal\" \/>\n<meta property=\"article:publisher\" content=\"https:\/\/www.facebook.com\/PrijedorDanasCom\/\" \/>\n<meta property=\"article:published_time\" content=\"2018-12-17T09:38:04+00:00\" \/>\n<meta property=\"article:modified_time\" content=\"2018-12-17T09:59:50+00:00\" \/>\n<meta property=\"og:image\" content=\"https:\/\/www.prijedordanas.com\/wp-content\/uploads\/2018\/12\/davor-dragicevic-ojt-prijedor-1-261x300.jpg\" \/>\n<meta name=\"author\" content=\"admin\" \/>\n<meta name=\"twitter:card\" content=\"summary_large_image\" \/>\n<meta name=\"twitter:label1\" content=\"Written by\" \/>\n\t<meta name=\"twitter:data1\" content=\"admin\" \/>\n\t<meta name=\"twitter:label2\" content=\"Est. reading time\" \/>\n\t<meta name=\"twitter:data2\" content=\"2 minutes\" \/>\n<script type=\"application\/ld+json\" class=\"yoast-schema-graph\">{\"@context\":\"https:\/\/schema.org\",\"@graph\":[{\"@type\":\"Article\",\"@id\":\"https:\/\/www.prijedordanas.com\/?p=117908#article\",\"isPartOf\":{\"@id\":\"https:\/\/www.prijedordanas.com\/?p=117908\"},\"author\":{\"name\":\"admin\",\"@id\":\"https:\/\/www.prijedordanas.com\/#\/schema\/person\/4e08ccf29b506ca916ff86d46bb700e6\"},\"headline\":\"DAVOR DRAGI\u010cEVI\u0106 KAO DAVID \u0160TRBAC: OTAC UBIJENOG MLADI\u0106A ODBIO SARADNJU SA PRIJEDORSKIM TU\u017dILA\u0160TVOM \u2013 FOTO\/VIDEO\",\"datePublished\":\"2018-12-17T09:38:04+00:00\",\"dateModified\":\"2018-12-17T09:59:50+00:00\",\"mainEntityOfPage\":{\"@id\":\"https:\/\/www.prijedordanas.com\/?p=117908\"},\"wordCount\":391,\"publisher\":{\"@id\":\"https:\/\/www.prijedordanas.com\/#organization\"},\"articleSection\":[\"Svakodnevno\"],\"inLanguage\":\"en-US\"},{\"@type\":\"WebPage\",\"@id\":\"https:\/\/www.prijedordanas.com\/?p=117908\",\"url\":\"https:\/\/www.prijedordanas.com\/?p=117908\",\"name\":\"DAVOR DRAGI\u010cEVI\u0106 KAO DAVID \u0160TRBAC: OTAC UBIJENOG MLADI\u0106A ODBIO SARADNJU SA PRIJEDORSKIM TU\u017dILA\u0160TVOM \u2013 FOTO\/VIDEO - PrijedorDanas.com - Prijedorski gradski portal\",\"isPartOf\":{\"@id\":\"https:\/\/www.prijedordanas.com\/#website\"},\"datePublished\":\"2018-12-17T09:38:04+00:00\",\"dateModified\":\"2018-12-17T09:59:50+00:00\",\"breadcrumb\":{\"@id\":\"https:\/\/www.prijedordanas.com\/?p=117908#breadcrumb\"},\"inLanguage\":\"en-US\",\"potentialAction\":[{\"@type\":\"ReadAction\",\"target\":[\"https:\/\/www.prijedordanas.com\/?p=117908\"]}]},{\"@type\":\"BreadcrumbList\",\"@id\":\"https:\/\/www.prijedordanas.com\/?p=117908#breadcrumb\",\"itemListElement\":[{\"@type\":\"ListItem\",\"position\":1,\"name\":\"Home\",\"item\":\"https:\/\/www.prijedordanas.com\/\"},{\"@type\":\"ListItem\",\"position\":2,\"name\":\"DAVOR DRAGI\u010cEVI\u0106 KAO DAVID \u0160TRBAC: OTAC UBIJENOG MLADI\u0106A ODBIO SARADNJU SA PRIJEDORSKIM TU\u017dILA\u0160TVOM \u2013 FOTO\/VIDEO\"}]},{\"@type\":\"WebSite\",\"@id\":\"https:\/\/www.prijedordanas.com\/#website\",\"url\":\"https:\/\/www.prijedordanas.com\/\",\"name\":\"PrijedorDanas.com - Prijedorski gradski portal\",\"description\":\"Portal o doga\u0111anjima u gradu Prijedoru\",\"publisher\":{\"@id\":\"https:\/\/www.prijedordanas.com\/#organization\"},\"potentialAction\":[{\"@type\":\"SearchAction\",\"target\":{\"@type\":\"EntryPoint\",\"urlTemplate\":\"https:\/\/www.prijedordanas.com\/?s={search_term_string}\"},\"query-input\":\"required name=search_term_string\"}],\"inLanguage\":\"en-US\"},{\"@type\":\"Organization\",\"@id\":\"https:\/\/www.prijedordanas.com\/#organization\",\"name\":\"PrijedorDanas.com\",\"url\":\"https:\/\/www.prijedordanas.com\/\",\"logo\":{\"@type\":\"ImageObject\",\"inLanguage\":\"en-US\",\"@id\":\"https:\/\/www.prijedordanas.com\/#\/schema\/logo\/image\/\",\"url\":\"http:\/\/www.prijedordanas.com\/wp-content\/uploads\/2021\/12\/logopng.png\",\"contentUrl\":\"http:\/\/www.prijedordanas.com\/wp-content\/uploads\/2021\/12\/logopng.png\",\"width\":1019,\"height\":776,\"caption\":\"PrijedorDanas.com\"},\"image\":{\"@id\":\"https:\/\/www.prijedordanas.com\/#\/schema\/logo\/image\/\"},\"sameAs\":[\"https:\/\/www.facebook.com\/PrijedorDanasCom\/\"]},{\"@type\":\"Person\",\"@id\":\"https:\/\/www.prijedordanas.com\/#\/schema\/person\/4e08ccf29b506ca916ff86d46bb700e6\",\"name\":\"admin\",\"image\":{\"@type\":\"ImageObject\",\"inLanguage\":\"en-US\",\"@id\":\"https:\/\/www.prijedordanas.com\/#\/schema\/person\/image\/\",\"url\":\"https:\/\/secure.gravatar.com\/avatar\/1d3fc949d550f0b53a5f0d51e06dfd79?s=96&d=mm&r=g\",\"contentUrl\":\"https:\/\/secure.gravatar.com\/avatar\/1d3fc949d550f0b53a5f0d51e06dfd79?s=96&d=mm&r=g\",\"caption\":\"admin\"},\"url\":\"https:\/\/www.prijedordanas.com\/?author=1\"}]}<\/script>\n<!-- \/ Yoast SEO plugin. -->","yoast_head_json":{"title":"DAVOR DRAGI\u010cEVI\u0106 KAO DAVID \u0160TRBAC: OTAC UBIJENOG MLADI\u0106A ODBIO SARADNJU SA PRIJEDORSKIM TU\u017dILA\u0160TVOM \u2013 FOTO\/VIDEO - PrijedorDanas.com - Prijedorski gradski portal","robots":{"index":"index","follow":"follow","max-snippet":"max-snippet:-1","max-image-preview":"max-image-preview:large","max-video-preview":"max-video-preview:-1"},"canonical":"https:\/\/www.prijedordanas.com\/?p=117908","og_locale":"en_US","og_type":"article","og_title":"DAVOR DRAGI\u010cEVI\u0106 KAO DAVID \u0160TRBAC: OTAC UBIJENOG MLADI\u0106A ODBIO SARADNJU SA PRIJEDORSKIM TU\u017dILA\u0160TVOM \u2013 FOTO\/VIDEO - PrijedorDanas.com - Prijedorski gradski portal","og_description":"Davor Dragi\u010devi\u0107 se jutros u Okru\u017enom javnom tu\u017eila\u0161tvu u Prijedoru pojavio obu\u010den kao David \u0160trbac, lik iz poznatog djela Petra Ko\u010di\u0107a \u201eJazavac pred sudom\u201c. Pred tu\u017eila\u0161tvom se okupilo nekoliko desetina [&hellip;]","og_url":"https:\/\/www.prijedordanas.com\/?p=117908","og_site_name":"PrijedorDanas.com - Prijedorski gradski portal","article_publisher":"https:\/\/www.facebook.com\/PrijedorDanasCom\/","article_published_time":"2018-12-17T09:38:04+00:00","article_modified_time":"2018-12-17T09:59:50+00:00","og_image":[{"url":"https:\/\/www.prijedordanas.com\/wp-content\/uploads\/2018\/12\/davor-dragicevic-ojt-prijedor-1-261x300.jpg"}],"author":"admin","twitter_card":"summary_large_image","twitter_misc":{"Written by":"admin","Est. reading time":"2 minutes"},"schema":{"@context":"https:\/\/schema.org","@graph":[{"@type":"Article","@id":"https:\/\/www.prijedordanas.com\/?p=117908#article","isPartOf":{"@id":"https:\/\/www.prijedordanas.com\/?p=117908"},"author":{"name":"admin","@id":"https:\/\/www.prijedordanas.com\/#\/schema\/person\/4e08ccf29b506ca916ff86d46bb700e6"},"headline":"DAVOR DRAGI\u010cEVI\u0106 KAO DAVID \u0160TRBAC: OTAC UBIJENOG MLADI\u0106A ODBIO SARADNJU SA PRIJEDORSKIM TU\u017dILA\u0160TVOM \u2013 FOTO\/VIDEO","datePublished":"2018-12-17T09:38:04+00:00","dateModified":"2018-12-17T09:59:50+00:00","mainEntityOfPage":{"@id":"https:\/\/www.prijedordanas.com\/?p=117908"},"wordCount":391,"publisher":{"@id":"https:\/\/www.prijedordanas.com\/#organization"},"articleSection":["Svakodnevno"],"inLanguage":"en-US"},{"@type":"WebPage","@id":"https:\/\/www.prijedordanas.com\/?p=117908","url":"https:\/\/www.prijedordanas.com\/?p=117908","name":"DAVOR DRAGI\u010cEVI\u0106 KAO DAVID \u0160TRBAC: OTAC UBIJENOG MLADI\u0106A ODBIO SARADNJU SA PRIJEDORSKIM TU\u017dILA\u0160TVOM \u2013 FOTO\/VIDEO - PrijedorDanas.com - Prijedorski gradski portal","isPartOf":{"@id":"https:\/\/www.prijedordanas.com\/#website"},"datePublished":"2018-12-17T09:38:04+00:00","dateModified":"2018-12-17T09:59:50+00:00","breadcrumb":{"@id":"https:\/\/www.prijedordanas.com\/?p=117908#breadcrumb"},"inLanguage":"en-US","potentialAction":[{"@type":"ReadAction","target":["https:\/\/www.prijedordanas.com\/?p=117908"]}]},{"@type":"BreadcrumbList","@id":"https:\/\/www.prijedordanas.com\/?p=117908#breadcrumb","itemListElement":[{"@type":"ListItem","position":1,"name":"Home","item":"https:\/\/www.prijedordanas.com\/"},{"@type":"ListItem","position":2,"name":"DAVOR DRAGI\u010cEVI\u0106 KAO DAVID \u0160TRBAC: OTAC UBIJENOG MLADI\u0106A ODBIO SARADNJU SA PRIJEDORSKIM TU\u017dILA\u0160TVOM \u2013 FOTO\/VIDEO"}]},{"@type":"WebSite","@id":"https:\/\/www.prijedordanas.com\/#website","url":"https:\/\/www.prijedordanas.com\/","name":"PrijedorDanas.com - Prijedorski gradski portal","description":"Portal o doga\u0111anjima u gradu Prijedoru","publisher":{"@id":"https:\/\/www.prijedordanas.com\/#organization"},"potentialAction":[{"@type":"SearchAction","target":{"@type":"EntryPoint","urlTemplate":"https:\/\/www.prijedordanas.com\/?s={search_term_string}"},"query-input":"required name=search_term_string"}],"inLanguage":"en-US"},{"@type":"Organization","@id":"https:\/\/www.prijedordanas.com\/#organization","name":"PrijedorDanas.com","url":"https:\/\/www.prijedordanas.com\/","logo":{"@type":"ImageObject","inLanguage":"en-US","@id":"https:\/\/www.prijedordanas.com\/#\/schema\/logo\/image\/","url":"http:\/\/www.prijedordanas.com\/wp-content\/uploads\/2021\/12\/logopng.png","contentUrl":"http:\/\/www.prijedordanas.com\/wp-content\/uploads\/2021\/12\/logopng.png","width":1019,"height":776,"caption":"PrijedorDanas.com"},"image":{"@id":"https:\/\/www.prijedordanas.com\/#\/schema\/logo\/image\/"},"sameAs":["https:\/\/www.facebook.com\/PrijedorDanasCom\/"]},{"@type":"Person","@id":"https:\/\/www.prijedordanas.com\/#\/schema\/person\/4e08ccf29b506ca916ff86d46bb700e6","name":"admin","image":{"@type":"ImageObject","inLanguage":"en-US","@id":"https:\/\/www.prijedordanas.com\/#\/schema\/person\/image\/","url":"https:\/\/secure.gravatar.com\/avatar\/1d3fc949d550f0b53a5f0d51e06dfd79?s=96&d=mm&r=g","contentUrl":"https:\/\/secure.gravatar.com\/avatar\/1d3fc949d550f0b53a5f0d51e06dfd79?s=96&d=mm&r=g","caption":"admin"},"url":"https:\/\/www.prijedordanas.com\/?author=1"}]}},"_links":{"self":[{"href":"https:\/\/www.prijedordanas.com\/index.php?rest_route=\/wp\/v2\/posts\/117908"}],"collection":[{"href":"https:\/\/www.prijedordanas.com\/index.php?rest_route=\/wp\/v2\/posts"}],"about":[{"href":"https:\/\/www.prijedordanas.com\/index.php?rest_route=\/wp\/v2\/types\/post"}],"author":[{"embeddable":true,"href":"https:\/\/www.prijedordanas.com\/index.php?rest_route=\/wp\/v2\/users\/1"}],"replies":[{"embeddable":true,"href":"https:\/\/www.prijedordanas.com\/index.php?rest_route=%2Fwp%2Fv2%2Fcomments&post=117908"}],"version-history":[{"count":2,"href":"https:\/\/www.prijedordanas.com\/index.php?rest_route=\/wp\/v2\/posts\/117908\/revisions"}],"predecessor-version":[{"id":117917,"href":"https:\/\/www.prijedordanas.com\/index.php?rest_route=\/wp\/v2\/posts\/117908\/revisions\/117917"}],"wp:attachment":[{"href":"https:\/\/www.prijedordanas.com\/index.php?rest_route=%2Fwp%2Fv2%2Fmedia&parent=117908"}],"wp:term":[{"taxonomy":"category","embeddable":true,"href":"https:\/\/www.prijedordanas.com\/index.php?rest_route=%2Fwp%2Fv2%2Fcategories&post=117908"},{"taxonomy":"post_tag","embeddable":true,"href":"https:\/\/www.prijedordanas.com\/index.php?rest_route=%2Fwp%2Fv2%2Ftags&post=117908"}],"curies":[{"name":"wp","href":"https:\/\/api.w.org\/{rel}","templated":true}]}}