{"id":117005,"date":"2018-12-01T14:54:49","date_gmt":"2018-12-01T13:54:49","guid":{"rendered":"https:\/\/www.prijedordanas.com\/?p=117005"},"modified":"2018-12-01T14:54:49","modified_gmt":"2018-12-01T13:54:49","slug":"zvucima-harmonike-mladi-prijedorcani-osvajaju-srca-i-pehare","status":"publish","type":"post","link":"https:\/\/www.prijedordanas.com\/?p=117005","title":{"rendered":"ZVUCIMA HARMONIKE MLADI PRIJEDOR\u010cANI OSVAJAJU SRCA I PEHARE"},"content":{"rendered":"<p><a href=\"https:\/\/www.prijedordanas.com\/wp-content\/uploads\/2018\/12\/orkestar-harmonika-muzicka-skola-savo-balaban-takmicenje-grac-1.jpg\"><img loading=\"lazy\" decoding=\"async\" class=\"alignleft size-medium wp-image-117006\" src=\"https:\/\/www.prijedordanas.com\/wp-content\/uploads\/2018\/12\/orkestar-harmonika-muzicka-skola-savo-balaban-takmicenje-grac-1-300x225.jpg\" alt=\"\" width=\"300\" height=\"225\" srcset=\"https:\/\/www.prijedordanas.com\/wp-content\/uploads\/2018\/12\/orkestar-harmonika-muzicka-skola-savo-balaban-takmicenje-grac-1-300x225.jpg 300w, https:\/\/www.prijedordanas.com\/wp-content\/uploads\/2018\/12\/orkestar-harmonika-muzicka-skola-savo-balaban-takmicenje-grac-1-100x75.jpg 100w, https:\/\/www.prijedordanas.com\/wp-content\/uploads\/2018\/12\/orkestar-harmonika-muzicka-skola-savo-balaban-takmicenje-grac-1-640x480.jpg 640w, https:\/\/www.prijedordanas.com\/wp-content\/uploads\/2018\/12\/orkestar-harmonika-muzicka-skola-savo-balaban-takmicenje-grac-1.jpg 667w\" sizes=\"(max-width: 300px) 100vw, 300px\" \/><\/a>Orkestar harmonika prijedorske Muzi\u010dke \u0161kole \u201cSavo Balaban\u201d, za koji \u0107e se, kako mnogi ka\u017eu, tek \u010duti, razvukao je svoje harmonike i u Gracu, gdje je na nedavno odr\u017eanom \u010detvrtom Internacionalnom takmi\u010denju harmonika \u201cAkordeon fest\u201d osvojio prvo mjesto i zlatni pehar.<\/p>\n<p>Nakon osvojenog prvog mjesta u Ugljeviku i Isto\u010dnom Sarajevu mladi harmonika\u0161i pokazali su i austrijskoj publici \u0161ta umiju na tom instrumentu, a prvu nagradu u Prijedor ponijela je i solista Sara Rodi\u0107, u\u010denica \u0161estog razreda Muzi\u010dke \u0161kole, u klasi profesorice Zore Rodi\u0107.<\/p>\n<p>Prijedor\u010dani su se predstavili \u0161arolikim programom, koji je obuhvatio barokni period, letonsku, ukrajinsku muziku i kompoziciju Majkla D\u017eeksona \u201cBili D\u017ein\u201d uz prate\u0107u koreografiju, za \u0161ta su dobili ovacije publike, koja je bila odu\u0161evljena njihovim nastupom. Iako je konkurencija na takmi\u010denju bila vi\u0161e nego jaka, oni su, jo\u0161 jednom dokazali da se veliki trud, volja i ljubav prema muzici vi\u0161estruko isplate.<\/p>\n<p>Sara ka\u017ee da je iz Graca ponijela najljep\u0161e utiske i da je to za nju bilo nevjerovatno iskustvo.<\/p>\n<p><a href=\"https:\/\/www.prijedordanas.com\/wp-content\/uploads\/2018\/12\/orkestar-harmonika-muzicka-skola-savo-balaban-takmicenje-grac-2.jpg\"><img loading=\"lazy\" decoding=\"async\" class=\"alignleft size-medium wp-image-117007\" src=\"https:\/\/www.prijedordanas.com\/wp-content\/uploads\/2018\/12\/orkestar-harmonika-muzicka-skola-savo-balaban-takmicenje-grac-2-300x225.jpg\" alt=\"\" width=\"300\" height=\"225\" srcset=\"https:\/\/www.prijedordanas.com\/wp-content\/uploads\/2018\/12\/orkestar-harmonika-muzicka-skola-savo-balaban-takmicenje-grac-2-300x225.jpg 300w, https:\/\/www.prijedordanas.com\/wp-content\/uploads\/2018\/12\/orkestar-harmonika-muzicka-skola-savo-balaban-takmicenje-grac-2-100x75.jpg 100w, https:\/\/www.prijedordanas.com\/wp-content\/uploads\/2018\/12\/orkestar-harmonika-muzicka-skola-savo-balaban-takmicenje-grac-2-640x480.jpg 640w, https:\/\/www.prijedordanas.com\/wp-content\/uploads\/2018\/12\/orkestar-harmonika-muzicka-skola-savo-balaban-takmicenje-grac-2.jpg 667w\" sizes=\"(max-width: 300px) 100vw, 300px\" \/><\/a>&#8211; Pored takmi\u010denja i dvije prve nagrade, na\u0161eg zajedni\u010dkog i mog solisti\u010dkog nastupa, upoznali smo mnogo ljudi i obi\u0161li zanimljiva mjesta na kojima do tada nismo bili &#8211; istakla je Sara.<\/p>\n<p>Orkestar prijedorskih harmonika\u0161a broji 15 u\u010denika koje je spojila velika \u017eelja za radom i ljubav prema harmonici. Profesor Milo\u0161 Zec, koji je i najve\u0107a podr\u0161ka mladim harmonika\u0161ima, naglasio je da se muzi\u010dka umije\u0107a sti\u010du isklju\u010divo napornim, dugotrajnim, intenzivnim i upornim vje\u017ebanjem.<\/p>\n<p>&#8211; Presre\u0107ni smo \u0161to smo, puni entuzijazma i pozitivne energije, uspjeli da ostvarimo najbolji rezultat. Mnogi orkestri imali su bolje instrumente od nas i veoma sam ponosan na ove mlade ljude, koji su uspjeli da prevazi\u0111u sve prepreke i ostvare najbolji rezultat &#8211; pri\u010da Zec.<\/p>\n<p>Dodaje da su u\u010denici ulo\u017eili veliki trud i da su od septembra pored redovnih \u0161kolskih obaveza vje\u017ebali i svake subote.<\/p>\n<p>Direktor Muzi\u010dke \u0161kole \u201cSavo Balaban\u201d Aljo\u0161a Novakovi\u0107 ka\u017ee da svi postignuti rezultati ostaju sa\u010duvani od zaborava da bi nove generacije nastavile put svojih prethodnika, koji su zna\u010dajnim koracima pisali istoriju prijedorske Muzi\u010dke \u0161kole.<\/p>\n<p>&#8211; Ovaj orkestar \u010deka jo\u0161 mnogo muzi\u010dkih postignu\u0107a, koncerata i takmi\u010denja, a sigurno i mno\u0161tvo nagrada i zlatnih pehara, koji \u0107e podsje\u0107ati na omladinu koja je u\u010dinila ponosnim svoj grad &#8211; istakao je Novakovi\u0107.<\/p>\n<p>Za talentovanu djecu uvijek se ka\u017ee da su oni kao nebru\u0161eni dijamant, koji je vrijedan, ali da na njemu treba raditi da bi se vidjela njegova ljepota. Ljudi u prijedorskoj Muzi\u010dkoj \u0161koli spremni su da mladim muzi\u010darima prenesu sva svoja znanja, koja uz njihov talenat, uvijek donose uspjeh.<\/p>\n<p>Duga tradicija<\/p>\n<p>\u0160kola ima dugu tradiciju takmi\u010denja orkestara harmonika, obja\u0161njava Aljo\u0161a Novakovi\u0107, koji se prisjetio prvog orkestra harmonika i profesora koji ga je vodio Mihajla Goronje. I sam je, kao harmonika\u0161, preuzeo ulogu vo\u0111e seksteta, a njegov \u010dlan bio je sada\u0161nji profesor harmonike Milo\u0161 Zec.<\/p>\n<p>&#8211; Sve dosada\u0161nje nagrade veoma su zna\u010dajne za ovu djecu, nas, ali i na\u0161 grad. Velika podr\u0161ka nam je Gradska uprava Prijedor, jer zajedni\u010dkim snagama nastavljamo tradiciju i sve vrijeme stvaramo nove profesore koji postaju vo\u0111e ove fantasti\u010dne pri\u010de koja nam je donijela samo najbolje rezultate &#8211; naglasio je Novakovi\u0107.<\/p>\n<p>Glas Srpske<\/p>\n","protected":false},"excerpt":{"rendered":"<p>Orkestar harmonika prijedorske Muzi\u010dke \u0161kole \u201cSavo Balaban\u201d, za koji \u0107e se, kako mnogi ka\u017eu, tek \u010duti, razvukao je svoje harmonike i u Gracu, gdje je na nedavno odr\u017eanom \u010detvrtom Internacionalnom [&hellip;]<\/p>\n","protected":false},"author":1,"featured_media":0,"comment_status":"closed","ping_status":"open","sticky":false,"template":"","format":"standard","meta":{"_monsterinsights_skip_tracking":false,"_monsterinsights_sitenote_active":false,"_monsterinsights_sitenote_note":"","_monsterinsights_sitenote_category":0,"footnotes":""},"categories":[7518],"tags":[],"yoast_head":"<!-- This site is optimized with the Yoast SEO plugin v21.6 - https:\/\/yoast.com\/wordpress\/plugins\/seo\/ -->\n<title>ZVUCIMA HARMONIKE MLADI PRIJEDOR\u010cANI OSVAJAJU SRCA I PEHARE - PrijedorDanas.com - Prijedorski gradski portal<\/title>\n<meta name=\"robots\" content=\"index, follow, max-snippet:-1, max-image-preview:large, max-video-preview:-1\" \/>\n<link rel=\"canonical\" href=\"https:\/\/www.prijedordanas.com\/?p=117005\" \/>\n<meta property=\"og:locale\" content=\"en_US\" \/>\n<meta property=\"og:type\" content=\"article\" \/>\n<meta property=\"og:title\" content=\"ZVUCIMA HARMONIKE MLADI PRIJEDOR\u010cANI OSVAJAJU SRCA I PEHARE - PrijedorDanas.com - Prijedorski gradski portal\" \/>\n<meta property=\"og:description\" content=\"Orkestar harmonika prijedorske Muzi\u010dke \u0161kole \u201cSavo Balaban\u201d, za koji \u0107e se, kako mnogi ka\u017eu, tek \u010duti, razvukao je svoje harmonike i u Gracu, gdje je na nedavno odr\u017eanom \u010detvrtom Internacionalnom [&hellip;]\" \/>\n<meta property=\"og:url\" content=\"https:\/\/www.prijedordanas.com\/?p=117005\" \/>\n<meta property=\"og:site_name\" content=\"PrijedorDanas.com - Prijedorski gradski portal\" \/>\n<meta property=\"article:publisher\" content=\"https:\/\/www.facebook.com\/PrijedorDanasCom\/\" \/>\n<meta property=\"article:published_time\" content=\"2018-12-01T13:54:49+00:00\" \/>\n<meta property=\"og:image\" content=\"https:\/\/www.prijedordanas.com\/wp-content\/uploads\/2018\/12\/orkestar-harmonika-muzicka-skola-savo-balaban-takmicenje-grac-1-300x225.jpg\" \/>\n<meta name=\"author\" content=\"admin\" \/>\n<meta name=\"twitter:card\" content=\"summary_large_image\" \/>\n<meta name=\"twitter:label1\" content=\"Written by\" \/>\n\t<meta name=\"twitter:data1\" content=\"admin\" \/>\n\t<meta name=\"twitter:label2\" content=\"Est. reading time\" \/>\n\t<meta name=\"twitter:data2\" content=\"3 minutes\" \/>\n<script type=\"application\/ld+json\" class=\"yoast-schema-graph\">{\"@context\":\"https:\/\/schema.org\",\"@graph\":[{\"@type\":\"Article\",\"@id\":\"https:\/\/www.prijedordanas.com\/?p=117005#article\",\"isPartOf\":{\"@id\":\"https:\/\/www.prijedordanas.com\/?p=117005\"},\"author\":{\"name\":\"admin\",\"@id\":\"https:\/\/www.prijedordanas.com\/#\/schema\/person\/4e08ccf29b506ca916ff86d46bb700e6\"},\"headline\":\"ZVUCIMA HARMONIKE MLADI PRIJEDOR\u010cANI OSVAJAJU SRCA I PEHARE\",\"datePublished\":\"2018-12-01T13:54:49+00:00\",\"dateModified\":\"2018-12-01T13:54:49+00:00\",\"mainEntityOfPage\":{\"@id\":\"https:\/\/www.prijedordanas.com\/?p=117005\"},\"wordCount\":584,\"publisher\":{\"@id\":\"https:\/\/www.prijedordanas.com\/#organization\"},\"articleSection\":[\"Mladi\"],\"inLanguage\":\"en-US\"},{\"@type\":\"WebPage\",\"@id\":\"https:\/\/www.prijedordanas.com\/?p=117005\",\"url\":\"https:\/\/www.prijedordanas.com\/?p=117005\",\"name\":\"ZVUCIMA HARMONIKE MLADI PRIJEDOR\u010cANI OSVAJAJU SRCA I PEHARE - PrijedorDanas.com - Prijedorski gradski portal\",\"isPartOf\":{\"@id\":\"https:\/\/www.prijedordanas.com\/#website\"},\"datePublished\":\"2018-12-01T13:54:49+00:00\",\"dateModified\":\"2018-12-01T13:54:49+00:00\",\"breadcrumb\":{\"@id\":\"https:\/\/www.prijedordanas.com\/?p=117005#breadcrumb\"},\"inLanguage\":\"en-US\",\"potentialAction\":[{\"@type\":\"ReadAction\",\"target\":[\"https:\/\/www.prijedordanas.com\/?p=117005\"]}]},{\"@type\":\"BreadcrumbList\",\"@id\":\"https:\/\/www.prijedordanas.com\/?p=117005#breadcrumb\",\"itemListElement\":[{\"@type\":\"ListItem\",\"position\":1,\"name\":\"Home\",\"item\":\"https:\/\/www.prijedordanas.com\/\"},{\"@type\":\"ListItem\",\"position\":2,\"name\":\"ZVUCIMA HARMONIKE MLADI PRIJEDOR\u010cANI OSVAJAJU SRCA I PEHARE\"}]},{\"@type\":\"WebSite\",\"@id\":\"https:\/\/www.prijedordanas.com\/#website\",\"url\":\"https:\/\/www.prijedordanas.com\/\",\"name\":\"PrijedorDanas.com - Prijedorski gradski portal\",\"description\":\"Portal o doga\u0111anjima u gradu Prijedoru\",\"publisher\":{\"@id\":\"https:\/\/www.prijedordanas.com\/#organization\"},\"potentialAction\":[{\"@type\":\"SearchAction\",\"target\":{\"@type\":\"EntryPoint\",\"urlTemplate\":\"https:\/\/www.prijedordanas.com\/?s={search_term_string}\"},\"query-input\":\"required name=search_term_string\"}],\"inLanguage\":\"en-US\"},{\"@type\":\"Organization\",\"@id\":\"https:\/\/www.prijedordanas.com\/#organization\",\"name\":\"PrijedorDanas.com\",\"url\":\"https:\/\/www.prijedordanas.com\/\",\"logo\":{\"@type\":\"ImageObject\",\"inLanguage\":\"en-US\",\"@id\":\"https:\/\/www.prijedordanas.com\/#\/schema\/logo\/image\/\",\"url\":\"http:\/\/www.prijedordanas.com\/wp-content\/uploads\/2021\/12\/logopng.png\",\"contentUrl\":\"http:\/\/www.prijedordanas.com\/wp-content\/uploads\/2021\/12\/logopng.png\",\"width\":1019,\"height\":776,\"caption\":\"PrijedorDanas.com\"},\"image\":{\"@id\":\"https:\/\/www.prijedordanas.com\/#\/schema\/logo\/image\/\"},\"sameAs\":[\"https:\/\/www.facebook.com\/PrijedorDanasCom\/\"]},{\"@type\":\"Person\",\"@id\":\"https:\/\/www.prijedordanas.com\/#\/schema\/person\/4e08ccf29b506ca916ff86d46bb700e6\",\"name\":\"admin\",\"image\":{\"@type\":\"ImageObject\",\"inLanguage\":\"en-US\",\"@id\":\"https:\/\/www.prijedordanas.com\/#\/schema\/person\/image\/\",\"url\":\"https:\/\/secure.gravatar.com\/avatar\/1d3fc949d550f0b53a5f0d51e06dfd79?s=96&d=mm&r=g\",\"contentUrl\":\"https:\/\/secure.gravatar.com\/avatar\/1d3fc949d550f0b53a5f0d51e06dfd79?s=96&d=mm&r=g\",\"caption\":\"admin\"},\"url\":\"https:\/\/www.prijedordanas.com\/?author=1\"}]}<\/script>\n<!-- \/ Yoast SEO plugin. -->","yoast_head_json":{"title":"ZVUCIMA HARMONIKE MLADI PRIJEDOR\u010cANI OSVAJAJU SRCA I PEHARE - PrijedorDanas.com - Prijedorski gradski portal","robots":{"index":"index","follow":"follow","max-snippet":"max-snippet:-1","max-image-preview":"max-image-preview:large","max-video-preview":"max-video-preview:-1"},"canonical":"https:\/\/www.prijedordanas.com\/?p=117005","og_locale":"en_US","og_type":"article","og_title":"ZVUCIMA HARMONIKE MLADI PRIJEDOR\u010cANI OSVAJAJU SRCA I PEHARE - PrijedorDanas.com - Prijedorski gradski portal","og_description":"Orkestar harmonika prijedorske Muzi\u010dke \u0161kole \u201cSavo Balaban\u201d, za koji \u0107e se, kako mnogi ka\u017eu, tek \u010duti, razvukao je svoje harmonike i u Gracu, gdje je na nedavno odr\u017eanom \u010detvrtom Internacionalnom [&hellip;]","og_url":"https:\/\/www.prijedordanas.com\/?p=117005","og_site_name":"PrijedorDanas.com - Prijedorski gradski portal","article_publisher":"https:\/\/www.facebook.com\/PrijedorDanasCom\/","article_published_time":"2018-12-01T13:54:49+00:00","og_image":[{"url":"https:\/\/www.prijedordanas.com\/wp-content\/uploads\/2018\/12\/orkestar-harmonika-muzicka-skola-savo-balaban-takmicenje-grac-1-300x225.jpg"}],"author":"admin","twitter_card":"summary_large_image","twitter_misc":{"Written by":"admin","Est. reading time":"3 minutes"},"schema":{"@context":"https:\/\/schema.org","@graph":[{"@type":"Article","@id":"https:\/\/www.prijedordanas.com\/?p=117005#article","isPartOf":{"@id":"https:\/\/www.prijedordanas.com\/?p=117005"},"author":{"name":"admin","@id":"https:\/\/www.prijedordanas.com\/#\/schema\/person\/4e08ccf29b506ca916ff86d46bb700e6"},"headline":"ZVUCIMA HARMONIKE MLADI PRIJEDOR\u010cANI OSVAJAJU SRCA I PEHARE","datePublished":"2018-12-01T13:54:49+00:00","dateModified":"2018-12-01T13:54:49+00:00","mainEntityOfPage":{"@id":"https:\/\/www.prijedordanas.com\/?p=117005"},"wordCount":584,"publisher":{"@id":"https:\/\/www.prijedordanas.com\/#organization"},"articleSection":["Mladi"],"inLanguage":"en-US"},{"@type":"WebPage","@id":"https:\/\/www.prijedordanas.com\/?p=117005","url":"https:\/\/www.prijedordanas.com\/?p=117005","name":"ZVUCIMA HARMONIKE MLADI PRIJEDOR\u010cANI OSVAJAJU SRCA I PEHARE - PrijedorDanas.com - Prijedorski gradski portal","isPartOf":{"@id":"https:\/\/www.prijedordanas.com\/#website"},"datePublished":"2018-12-01T13:54:49+00:00","dateModified":"2018-12-01T13:54:49+00:00","breadcrumb":{"@id":"https:\/\/www.prijedordanas.com\/?p=117005#breadcrumb"},"inLanguage":"en-US","potentialAction":[{"@type":"ReadAction","target":["https:\/\/www.prijedordanas.com\/?p=117005"]}]},{"@type":"BreadcrumbList","@id":"https:\/\/www.prijedordanas.com\/?p=117005#breadcrumb","itemListElement":[{"@type":"ListItem","position":1,"name":"Home","item":"https:\/\/www.prijedordanas.com\/"},{"@type":"ListItem","position":2,"name":"ZVUCIMA HARMONIKE MLADI PRIJEDOR\u010cANI OSVAJAJU SRCA I PEHARE"}]},{"@type":"WebSite","@id":"https:\/\/www.prijedordanas.com\/#website","url":"https:\/\/www.prijedordanas.com\/","name":"PrijedorDanas.com - Prijedorski gradski portal","description":"Portal o doga\u0111anjima u gradu Prijedoru","publisher":{"@id":"https:\/\/www.prijedordanas.com\/#organization"},"potentialAction":[{"@type":"SearchAction","target":{"@type":"EntryPoint","urlTemplate":"https:\/\/www.prijedordanas.com\/?s={search_term_string}"},"query-input":"required name=search_term_string"}],"inLanguage":"en-US"},{"@type":"Organization","@id":"https:\/\/www.prijedordanas.com\/#organization","name":"PrijedorDanas.com","url":"https:\/\/www.prijedordanas.com\/","logo":{"@type":"ImageObject","inLanguage":"en-US","@id":"https:\/\/www.prijedordanas.com\/#\/schema\/logo\/image\/","url":"http:\/\/www.prijedordanas.com\/wp-content\/uploads\/2021\/12\/logopng.png","contentUrl":"http:\/\/www.prijedordanas.com\/wp-content\/uploads\/2021\/12\/logopng.png","width":1019,"height":776,"caption":"PrijedorDanas.com"},"image":{"@id":"https:\/\/www.prijedordanas.com\/#\/schema\/logo\/image\/"},"sameAs":["https:\/\/www.facebook.com\/PrijedorDanasCom\/"]},{"@type":"Person","@id":"https:\/\/www.prijedordanas.com\/#\/schema\/person\/4e08ccf29b506ca916ff86d46bb700e6","name":"admin","image":{"@type":"ImageObject","inLanguage":"en-US","@id":"https:\/\/www.prijedordanas.com\/#\/schema\/person\/image\/","url":"https:\/\/secure.gravatar.com\/avatar\/1d3fc949d550f0b53a5f0d51e06dfd79?s=96&d=mm&r=g","contentUrl":"https:\/\/secure.gravatar.com\/avatar\/1d3fc949d550f0b53a5f0d51e06dfd79?s=96&d=mm&r=g","caption":"admin"},"url":"https:\/\/www.prijedordanas.com\/?author=1"}]}},"_links":{"self":[{"href":"https:\/\/www.prijedordanas.com\/index.php?rest_route=\/wp\/v2\/posts\/117005"}],"collection":[{"href":"https:\/\/www.prijedordanas.com\/index.php?rest_route=\/wp\/v2\/posts"}],"about":[{"href":"https:\/\/www.prijedordanas.com\/index.php?rest_route=\/wp\/v2\/types\/post"}],"author":[{"embeddable":true,"href":"https:\/\/www.prijedordanas.com\/index.php?rest_route=\/wp\/v2\/users\/1"}],"replies":[{"embeddable":true,"href":"https:\/\/www.prijedordanas.com\/index.php?rest_route=%2Fwp%2Fv2%2Fcomments&post=117005"}],"version-history":[{"count":1,"href":"https:\/\/www.prijedordanas.com\/index.php?rest_route=\/wp\/v2\/posts\/117005\/revisions"}],"predecessor-version":[{"id":117008,"href":"https:\/\/www.prijedordanas.com\/index.php?rest_route=\/wp\/v2\/posts\/117005\/revisions\/117008"}],"wp:attachment":[{"href":"https:\/\/www.prijedordanas.com\/index.php?rest_route=%2Fwp%2Fv2%2Fmedia&parent=117005"}],"wp:term":[{"taxonomy":"category","embeddable":true,"href":"https:\/\/www.prijedordanas.com\/index.php?rest_route=%2Fwp%2Fv2%2Fcategories&post=117005"},{"taxonomy":"post_tag","embeddable":true,"href":"https:\/\/www.prijedordanas.com\/index.php?rest_route=%2Fwp%2Fv2%2Ftags&post=117005"}],"curies":[{"name":"wp","href":"https:\/\/api.w.org\/{rel}","templated":true}]}}