{"id":116869,"date":"2018-11-29T21:48:24","date_gmt":"2018-11-29T20:48:24","guid":{"rendered":"https:\/\/www.prijedordanas.com\/?p=116869"},"modified":"2018-11-29T21:48:24","modified_gmt":"2018-11-29T20:48:24","slug":"saobracajka-kod-prijedora-mercedes-udario-u-land-rover-koji-je-izvlacio-golfa-koji-je-sletio-u-jarak-foto","status":"publish","type":"post","link":"https:\/\/www.prijedordanas.com\/?p=116869","title":{"rendered":"SAOBRA\u0106AJKA KOD PRIJEDORA: \u201cMERCEDES\u201d UDARIO U \u201cLAND ROVER\u201d KOJI JE IZVLA\u010cIO \u201cGOLFA\u201d KOJI JE SLETIO U JARAK \u2013 FOTO"},"content":{"rendered":"<p><a href=\"https:\/\/www.prijedordanas.com\/wp-content\/uploads\/2018\/11\/saobracajka-golf-land-rover-mercedes-1.jpg\"><img loading=\"lazy\" decoding=\"async\" class=\"alignleft size-medium wp-image-116871\" src=\"https:\/\/www.prijedordanas.com\/wp-content\/uploads\/2018\/11\/saobracajka-golf-land-rover-mercedes-1-300x222.jpg\" alt=\"\" width=\"300\" height=\"222\" srcset=\"https:\/\/www.prijedordanas.com\/wp-content\/uploads\/2018\/11\/saobracajka-golf-land-rover-mercedes-1-300x222.jpg 300w, https:\/\/www.prijedordanas.com\/wp-content\/uploads\/2018\/11\/saobracajka-golf-land-rover-mercedes-1-100x74.jpg 100w, https:\/\/www.prijedordanas.com\/wp-content\/uploads\/2018\/11\/saobracajka-golf-land-rover-mercedes-1.jpg 675w\" sizes=\"(max-width: 300px) 100vw, 300px\" \/><\/a>Na podru\u010dju koje pokriva Policijska uprava Prijedor proteklih dana dogodilo se nekoliko saobra\u0107ajki u kojima je bilo materijalne \u0161tete ili povrije\u0111enih osoba.<\/p>\n<p>Ove srijede, 28.novembra, u kasnim ve\u010dernjim satima, na magistralnom putu Prijedor-Banja Luka, u mjestu Kalata, kod benzinske pumpe \u201cINA\u201d(nekada\u0161nja \u201cJanji\u0107a pumpa\u201d) dogodila se saobra\u0107ajna nezgoda.<\/p>\n<p>U njoj su u\u010destvovala vozila \u201cGolf\u201d, \u201cLand Rover\u201d i \u201cMercedes\u201d.<\/p>\n<p>Kako nezvani\u010dno saznajemo, najprije je do\u0161lo do slijetanja \u201cGolfa\u201d sa kolovoza u kanal pored puta.<\/p>\n<p>Potom je \u201cLand Rover\u201d poku\u0161ao da izvu\u010de \u201cGolfa\u201d, da bi na njega naletio \u201cMercedes\u201d koji se potom odbio u za\u0161titnu ogradu pored pumpe.<\/p>\n<p><a href=\"https:\/\/www.prijedordanas.com\/wp-content\/uploads\/2018\/11\/saobracajka-golf-land-rover-mercedes-2.jpg\"><img loading=\"lazy\" decoding=\"async\" src=\"https:\/\/www.prijedordanas.com\/wp-content\/uploads\/2018\/11\/saobracajka-golf-land-rover-mercedes-2-300x222.jpg\" alt=\"\" width=\"300\" height=\"222\" class=\"alignleft size-medium wp-image-116872\" srcset=\"https:\/\/www.prijedordanas.com\/wp-content\/uploads\/2018\/11\/saobracajka-golf-land-rover-mercedes-2-300x222.jpg 300w, https:\/\/www.prijedordanas.com\/wp-content\/uploads\/2018\/11\/saobracajka-golf-land-rover-mercedes-2-100x74.jpg 100w, https:\/\/www.prijedordanas.com\/wp-content\/uploads\/2018\/11\/saobracajka-golf-land-rover-mercedes-2.jpg 675w\" sizes=\"(max-width: 300px) 100vw, 300px\" \/><\/a>Kako se moglo vidjeti na licu mjesta, najve\u0107a materijalna \u0161teta pri\u010dinjena je upravo na \u201cMercedesu\u201d.<\/p>\n<p>Prema nezvani\u010dnim informacijama u nezgodi nije bilo povrije\u0111enih.<\/p>\n<p>Ina\u010de, dionica puta u blizini naselja \u201cJanji\u0107a pumpa\u201d nerijetko je popri\u0161te nezgoda sa manjom ili ve\u0107om materijalnom \u0161tetom, odnosno povrije\u0111enim licima.<\/p>\n<p>Uvi\u0111aj na licu mjesta obavili su policijski slu\u017ebenici PS za bezbjednost saobra\u0107aja Prijedor.<\/p>\n<p>Voza\u010di oprez, prilagodite svoju vo\u017enju uslovima na putu i po\u0161tujte saobra\u0107ajne propise.<\/p>\n<p>Tekst i foto \u2013 Aleksandar Drakuli\u0107 \u2013 <a href=\"https:\/\/www.prijedordanas.com\" target=\"_blank\" rel=\"noopener noreferrer\">www.prijedordanas.com<\/a><\/p>\n<p><a href=\"https:\/\/www.prijedordanas.com\/wp-content\/uploads\/2018\/11\/saobracajka-golf-land-rover-mercedes-3.jpg\"><img loading=\"lazy\" decoding=\"async\" src=\"https:\/\/www.prijedordanas.com\/wp-content\/uploads\/2018\/11\/saobracajka-golf-land-rover-mercedes-3-300x199.jpg\" alt=\"\" width=\"300\" height=\"199\" class=\"alignleft size-medium wp-image-116873\" srcset=\"https:\/\/www.prijedordanas.com\/wp-content\/uploads\/2018\/11\/saobracajka-golf-land-rover-mercedes-3-300x199.jpg 300w, https:\/\/www.prijedordanas.com\/wp-content\/uploads\/2018\/11\/saobracajka-golf-land-rover-mercedes-3-100x66.jpg 100w, https:\/\/www.prijedordanas.com\/wp-content\/uploads\/2018\/11\/saobracajka-golf-land-rover-mercedes-3-480x320.jpg 480w, https:\/\/www.prijedordanas.com\/wp-content\/uploads\/2018\/11\/saobracajka-golf-land-rover-mercedes-3.jpg 600w\" sizes=\"(max-width: 300px) 100vw, 300px\" \/><\/a> <a href=\"https:\/\/www.prijedordanas.com\/wp-content\/uploads\/2018\/11\/saobracajka-golf-land-rover-mercedes-4.jpg\"><img loading=\"lazy\" decoding=\"async\" src=\"https:\/\/www.prijedordanas.com\/wp-content\/uploads\/2018\/11\/saobracajka-golf-land-rover-mercedes-4-300x199.jpg\" alt=\"\" width=\"300\" height=\"199\" class=\"alignleft size-medium wp-image-116874\" srcset=\"https:\/\/www.prijedordanas.com\/wp-content\/uploads\/2018\/11\/saobracajka-golf-land-rover-mercedes-4-300x199.jpg 300w, https:\/\/www.prijedordanas.com\/wp-content\/uploads\/2018\/11\/saobracajka-golf-land-rover-mercedes-4-100x66.jpg 100w, https:\/\/www.prijedordanas.com\/wp-content\/uploads\/2018\/11\/saobracajka-golf-land-rover-mercedes-4-480x320.jpg 480w, https:\/\/www.prijedordanas.com\/wp-content\/uploads\/2018\/11\/saobracajka-golf-land-rover-mercedes-4.jpg 600w\" sizes=\"(max-width: 300px) 100vw, 300px\" \/><\/a> <a href=\"https:\/\/www.prijedordanas.com\/wp-content\/uploads\/2018\/11\/saobracajka-golf-land-rover-mercedes-5.jpg\"><img loading=\"lazy\" decoding=\"async\" src=\"https:\/\/www.prijedordanas.com\/wp-content\/uploads\/2018\/11\/saobracajka-golf-land-rover-mercedes-5-300x199.jpg\" alt=\"\" width=\"300\" height=\"199\" class=\"alignleft size-medium wp-image-116875\" srcset=\"https:\/\/www.prijedordanas.com\/wp-content\/uploads\/2018\/11\/saobracajka-golf-land-rover-mercedes-5-300x199.jpg 300w, https:\/\/www.prijedordanas.com\/wp-content\/uploads\/2018\/11\/saobracajka-golf-land-rover-mercedes-5-100x66.jpg 100w, https:\/\/www.prijedordanas.com\/wp-content\/uploads\/2018\/11\/saobracajka-golf-land-rover-mercedes-5-480x320.jpg 480w, https:\/\/www.prijedordanas.com\/wp-content\/uploads\/2018\/11\/saobracajka-golf-land-rover-mercedes-5.jpg 600w\" sizes=\"(max-width: 300px) 100vw, 300px\" \/><\/a><\/p>\n","protected":false},"excerpt":{"rendered":"<p>Na podru\u010dju koje pokriva Policijska uprava Prijedor proteklih dana dogodilo se nekoliko saobra\u0107ajki u kojima je bilo materijalne \u0161tete ili povrije\u0111enih osoba. Ove srijede, 28.novembra, u kasnim ve\u010dernjim satima, na [&hellip;]<\/p>\n","protected":false},"author":1,"featured_media":0,"comment_status":"closed","ping_status":"open","sticky":false,"template":"","format":"standard","meta":{"_monsterinsights_skip_tracking":false,"_monsterinsights_sitenote_active":false,"_monsterinsights_sitenote_note":"","_monsterinsights_sitenote_category":0,"footnotes":""},"categories":[5],"tags":[],"yoast_head":"<!-- This site is optimized with the Yoast SEO plugin v21.6 - https:\/\/yoast.com\/wordpress\/plugins\/seo\/ -->\n<title>SAOBRA\u0106AJKA KOD PRIJEDORA: \u201cMERCEDES\u201d UDARIO U \u201cLAND ROVER\u201d KOJI JE IZVLA\u010cIO \u201cGOLFA\u201d KOJI JE SLETIO U JARAK \u2013 FOTO - PrijedorDanas.com - Prijedorski gradski portal<\/title>\n<meta name=\"robots\" content=\"index, follow, max-snippet:-1, max-image-preview:large, max-video-preview:-1\" \/>\n<link rel=\"canonical\" href=\"https:\/\/www.prijedordanas.com\/?p=116869\" \/>\n<meta property=\"og:locale\" content=\"en_US\" \/>\n<meta property=\"og:type\" content=\"article\" \/>\n<meta property=\"og:title\" content=\"SAOBRA\u0106AJKA KOD PRIJEDORA: \u201cMERCEDES\u201d UDARIO U \u201cLAND ROVER\u201d KOJI JE IZVLA\u010cIO \u201cGOLFA\u201d KOJI JE SLETIO U JARAK \u2013 FOTO - PrijedorDanas.com - Prijedorski gradski portal\" \/>\n<meta property=\"og:description\" content=\"Na podru\u010dju koje pokriva Policijska uprava Prijedor proteklih dana dogodilo se nekoliko saobra\u0107ajki u kojima je bilo materijalne \u0161tete ili povrije\u0111enih osoba. Ove srijede, 28.novembra, u kasnim ve\u010dernjim satima, na [&hellip;]\" \/>\n<meta property=\"og:url\" content=\"https:\/\/www.prijedordanas.com\/?p=116869\" \/>\n<meta property=\"og:site_name\" content=\"PrijedorDanas.com - Prijedorski gradski portal\" \/>\n<meta property=\"article:publisher\" content=\"https:\/\/www.facebook.com\/PrijedorDanasCom\/\" \/>\n<meta property=\"article:published_time\" content=\"2018-11-29T20:48:24+00:00\" \/>\n<meta property=\"og:image\" content=\"https:\/\/www.prijedordanas.com\/wp-content\/uploads\/2018\/11\/saobracajka-golf-land-rover-mercedes-1-300x222.jpg\" \/>\n<meta name=\"author\" content=\"admin\" \/>\n<meta name=\"twitter:card\" content=\"summary_large_image\" \/>\n<meta name=\"twitter:label1\" content=\"Written by\" \/>\n\t<meta name=\"twitter:data1\" content=\"admin\" \/>\n\t<meta name=\"twitter:label2\" content=\"Est. reading time\" \/>\n\t<meta name=\"twitter:data2\" content=\"1 minute\" \/>\n<script type=\"application\/ld+json\" class=\"yoast-schema-graph\">{\"@context\":\"https:\/\/schema.org\",\"@graph\":[{\"@type\":\"Article\",\"@id\":\"https:\/\/www.prijedordanas.com\/?p=116869#article\",\"isPartOf\":{\"@id\":\"https:\/\/www.prijedordanas.com\/?p=116869\"},\"author\":{\"name\":\"admin\",\"@id\":\"https:\/\/www.prijedordanas.com\/#\/schema\/person\/4e08ccf29b506ca916ff86d46bb700e6\"},\"headline\":\"SAOBRA\u0106AJKA KOD PRIJEDORA: \u201cMERCEDES\u201d UDARIO U \u201cLAND ROVER\u201d KOJI JE IZVLA\u010cIO \u201cGOLFA\u201d KOJI JE SLETIO U JARAK \u2013 FOTO\",\"datePublished\":\"2018-11-29T20:48:24+00:00\",\"dateModified\":\"2018-11-29T20:48:24+00:00\",\"mainEntityOfPage\":{\"@id\":\"https:\/\/www.prijedordanas.com\/?p=116869\"},\"wordCount\":222,\"publisher\":{\"@id\":\"https:\/\/www.prijedordanas.com\/#organization\"},\"articleSection\":[\"Hronika\"],\"inLanguage\":\"en-US\"},{\"@type\":\"WebPage\",\"@id\":\"https:\/\/www.prijedordanas.com\/?p=116869\",\"url\":\"https:\/\/www.prijedordanas.com\/?p=116869\",\"name\":\"SAOBRA\u0106AJKA KOD PRIJEDORA: \u201cMERCEDES\u201d UDARIO U \u201cLAND ROVER\u201d KOJI JE IZVLA\u010cIO \u201cGOLFA\u201d KOJI JE SLETIO U JARAK \u2013 FOTO - PrijedorDanas.com - Prijedorski gradski portal\",\"isPartOf\":{\"@id\":\"https:\/\/www.prijedordanas.com\/#website\"},\"datePublished\":\"2018-11-29T20:48:24+00:00\",\"dateModified\":\"2018-11-29T20:48:24+00:00\",\"breadcrumb\":{\"@id\":\"https:\/\/www.prijedordanas.com\/?p=116869#breadcrumb\"},\"inLanguage\":\"en-US\",\"potentialAction\":[{\"@type\":\"ReadAction\",\"target\":[\"https:\/\/www.prijedordanas.com\/?p=116869\"]}]},{\"@type\":\"BreadcrumbList\",\"@id\":\"https:\/\/www.prijedordanas.com\/?p=116869#breadcrumb\",\"itemListElement\":[{\"@type\":\"ListItem\",\"position\":1,\"name\":\"Home\",\"item\":\"https:\/\/www.prijedordanas.com\/\"},{\"@type\":\"ListItem\",\"position\":2,\"name\":\"SAOBRA\u0106AJKA KOD PRIJEDORA: \u201cMERCEDES\u201d UDARIO U \u201cLAND ROVER\u201d KOJI JE IZVLA\u010cIO \u201cGOLFA\u201d KOJI JE SLETIO U JARAK \u2013 FOTO\"}]},{\"@type\":\"WebSite\",\"@id\":\"https:\/\/www.prijedordanas.com\/#website\",\"url\":\"https:\/\/www.prijedordanas.com\/\",\"name\":\"PrijedorDanas.com - Prijedorski gradski portal\",\"description\":\"Portal o doga\u0111anjima u gradu Prijedoru\",\"publisher\":{\"@id\":\"https:\/\/www.prijedordanas.com\/#organization\"},\"potentialAction\":[{\"@type\":\"SearchAction\",\"target\":{\"@type\":\"EntryPoint\",\"urlTemplate\":\"https:\/\/www.prijedordanas.com\/?s={search_term_string}\"},\"query-input\":\"required name=search_term_string\"}],\"inLanguage\":\"en-US\"},{\"@type\":\"Organization\",\"@id\":\"https:\/\/www.prijedordanas.com\/#organization\",\"name\":\"PrijedorDanas.com\",\"url\":\"https:\/\/www.prijedordanas.com\/\",\"logo\":{\"@type\":\"ImageObject\",\"inLanguage\":\"en-US\",\"@id\":\"https:\/\/www.prijedordanas.com\/#\/schema\/logo\/image\/\",\"url\":\"http:\/\/www.prijedordanas.com\/wp-content\/uploads\/2021\/12\/logopng.png\",\"contentUrl\":\"http:\/\/www.prijedordanas.com\/wp-content\/uploads\/2021\/12\/logopng.png\",\"width\":1019,\"height\":776,\"caption\":\"PrijedorDanas.com\"},\"image\":{\"@id\":\"https:\/\/www.prijedordanas.com\/#\/schema\/logo\/image\/\"},\"sameAs\":[\"https:\/\/www.facebook.com\/PrijedorDanasCom\/\"]},{\"@type\":\"Person\",\"@id\":\"https:\/\/www.prijedordanas.com\/#\/schema\/person\/4e08ccf29b506ca916ff86d46bb700e6\",\"name\":\"admin\",\"image\":{\"@type\":\"ImageObject\",\"inLanguage\":\"en-US\",\"@id\":\"https:\/\/www.prijedordanas.com\/#\/schema\/person\/image\/\",\"url\":\"https:\/\/secure.gravatar.com\/avatar\/1d3fc949d550f0b53a5f0d51e06dfd79?s=96&d=mm&r=g\",\"contentUrl\":\"https:\/\/secure.gravatar.com\/avatar\/1d3fc949d550f0b53a5f0d51e06dfd79?s=96&d=mm&r=g\",\"caption\":\"admin\"},\"url\":\"https:\/\/www.prijedordanas.com\/?author=1\"}]}<\/script>\n<!-- \/ Yoast SEO plugin. -->","yoast_head_json":{"title":"SAOBRA\u0106AJKA KOD PRIJEDORA: \u201cMERCEDES\u201d UDARIO U \u201cLAND ROVER\u201d KOJI JE IZVLA\u010cIO \u201cGOLFA\u201d KOJI JE SLETIO U JARAK \u2013 FOTO - PrijedorDanas.com - Prijedorski gradski portal","robots":{"index":"index","follow":"follow","max-snippet":"max-snippet:-1","max-image-preview":"max-image-preview:large","max-video-preview":"max-video-preview:-1"},"canonical":"https:\/\/www.prijedordanas.com\/?p=116869","og_locale":"en_US","og_type":"article","og_title":"SAOBRA\u0106AJKA KOD PRIJEDORA: \u201cMERCEDES\u201d UDARIO U \u201cLAND ROVER\u201d KOJI JE IZVLA\u010cIO \u201cGOLFA\u201d KOJI JE SLETIO U JARAK \u2013 FOTO - PrijedorDanas.com - Prijedorski gradski portal","og_description":"Na podru\u010dju koje pokriva Policijska uprava Prijedor proteklih dana dogodilo se nekoliko saobra\u0107ajki u kojima je bilo materijalne \u0161tete ili povrije\u0111enih osoba. Ove srijede, 28.novembra, u kasnim ve\u010dernjim satima, na [&hellip;]","og_url":"https:\/\/www.prijedordanas.com\/?p=116869","og_site_name":"PrijedorDanas.com - Prijedorski gradski portal","article_publisher":"https:\/\/www.facebook.com\/PrijedorDanasCom\/","article_published_time":"2018-11-29T20:48:24+00:00","og_image":[{"url":"https:\/\/www.prijedordanas.com\/wp-content\/uploads\/2018\/11\/saobracajka-golf-land-rover-mercedes-1-300x222.jpg"}],"author":"admin","twitter_card":"summary_large_image","twitter_misc":{"Written by":"admin","Est. reading time":"1 minute"},"schema":{"@context":"https:\/\/schema.org","@graph":[{"@type":"Article","@id":"https:\/\/www.prijedordanas.com\/?p=116869#article","isPartOf":{"@id":"https:\/\/www.prijedordanas.com\/?p=116869"},"author":{"name":"admin","@id":"https:\/\/www.prijedordanas.com\/#\/schema\/person\/4e08ccf29b506ca916ff86d46bb700e6"},"headline":"SAOBRA\u0106AJKA KOD PRIJEDORA: \u201cMERCEDES\u201d UDARIO U \u201cLAND ROVER\u201d KOJI JE IZVLA\u010cIO \u201cGOLFA\u201d KOJI JE SLETIO U JARAK \u2013 FOTO","datePublished":"2018-11-29T20:48:24+00:00","dateModified":"2018-11-29T20:48:24+00:00","mainEntityOfPage":{"@id":"https:\/\/www.prijedordanas.com\/?p=116869"},"wordCount":222,"publisher":{"@id":"https:\/\/www.prijedordanas.com\/#organization"},"articleSection":["Hronika"],"inLanguage":"en-US"},{"@type":"WebPage","@id":"https:\/\/www.prijedordanas.com\/?p=116869","url":"https:\/\/www.prijedordanas.com\/?p=116869","name":"SAOBRA\u0106AJKA KOD PRIJEDORA: \u201cMERCEDES\u201d UDARIO U \u201cLAND ROVER\u201d KOJI JE IZVLA\u010cIO \u201cGOLFA\u201d KOJI JE SLETIO U JARAK \u2013 FOTO - PrijedorDanas.com - Prijedorski gradski portal","isPartOf":{"@id":"https:\/\/www.prijedordanas.com\/#website"},"datePublished":"2018-11-29T20:48:24+00:00","dateModified":"2018-11-29T20:48:24+00:00","breadcrumb":{"@id":"https:\/\/www.prijedordanas.com\/?p=116869#breadcrumb"},"inLanguage":"en-US","potentialAction":[{"@type":"ReadAction","target":["https:\/\/www.prijedordanas.com\/?p=116869"]}]},{"@type":"BreadcrumbList","@id":"https:\/\/www.prijedordanas.com\/?p=116869#breadcrumb","itemListElement":[{"@type":"ListItem","position":1,"name":"Home","item":"https:\/\/www.prijedordanas.com\/"},{"@type":"ListItem","position":2,"name":"SAOBRA\u0106AJKA KOD PRIJEDORA: \u201cMERCEDES\u201d UDARIO U \u201cLAND ROVER\u201d KOJI JE IZVLA\u010cIO \u201cGOLFA\u201d KOJI JE SLETIO U JARAK \u2013 FOTO"}]},{"@type":"WebSite","@id":"https:\/\/www.prijedordanas.com\/#website","url":"https:\/\/www.prijedordanas.com\/","name":"PrijedorDanas.com - Prijedorski gradski portal","description":"Portal o doga\u0111anjima u gradu Prijedoru","publisher":{"@id":"https:\/\/www.prijedordanas.com\/#organization"},"potentialAction":[{"@type":"SearchAction","target":{"@type":"EntryPoint","urlTemplate":"https:\/\/www.prijedordanas.com\/?s={search_term_string}"},"query-input":"required name=search_term_string"}],"inLanguage":"en-US"},{"@type":"Organization","@id":"https:\/\/www.prijedordanas.com\/#organization","name":"PrijedorDanas.com","url":"https:\/\/www.prijedordanas.com\/","logo":{"@type":"ImageObject","inLanguage":"en-US","@id":"https:\/\/www.prijedordanas.com\/#\/schema\/logo\/image\/","url":"http:\/\/www.prijedordanas.com\/wp-content\/uploads\/2021\/12\/logopng.png","contentUrl":"http:\/\/www.prijedordanas.com\/wp-content\/uploads\/2021\/12\/logopng.png","width":1019,"height":776,"caption":"PrijedorDanas.com"},"image":{"@id":"https:\/\/www.prijedordanas.com\/#\/schema\/logo\/image\/"},"sameAs":["https:\/\/www.facebook.com\/PrijedorDanasCom\/"]},{"@type":"Person","@id":"https:\/\/www.prijedordanas.com\/#\/schema\/person\/4e08ccf29b506ca916ff86d46bb700e6","name":"admin","image":{"@type":"ImageObject","inLanguage":"en-US","@id":"https:\/\/www.prijedordanas.com\/#\/schema\/person\/image\/","url":"https:\/\/secure.gravatar.com\/avatar\/1d3fc949d550f0b53a5f0d51e06dfd79?s=96&d=mm&r=g","contentUrl":"https:\/\/secure.gravatar.com\/avatar\/1d3fc949d550f0b53a5f0d51e06dfd79?s=96&d=mm&r=g","caption":"admin"},"url":"https:\/\/www.prijedordanas.com\/?author=1"}]}},"_links":{"self":[{"href":"https:\/\/www.prijedordanas.com\/index.php?rest_route=\/wp\/v2\/posts\/116869"}],"collection":[{"href":"https:\/\/www.prijedordanas.com\/index.php?rest_route=\/wp\/v2\/posts"}],"about":[{"href":"https:\/\/www.prijedordanas.com\/index.php?rest_route=\/wp\/v2\/types\/post"}],"author":[{"embeddable":true,"href":"https:\/\/www.prijedordanas.com\/index.php?rest_route=\/wp\/v2\/users\/1"}],"replies":[{"embeddable":true,"href":"https:\/\/www.prijedordanas.com\/index.php?rest_route=%2Fwp%2Fv2%2Fcomments&post=116869"}],"version-history":[{"count":1,"href":"https:\/\/www.prijedordanas.com\/index.php?rest_route=\/wp\/v2\/posts\/116869\/revisions"}],"predecessor-version":[{"id":116876,"href":"https:\/\/www.prijedordanas.com\/index.php?rest_route=\/wp\/v2\/posts\/116869\/revisions\/116876"}],"wp:attachment":[{"href":"https:\/\/www.prijedordanas.com\/index.php?rest_route=%2Fwp%2Fv2%2Fmedia&parent=116869"}],"wp:term":[{"taxonomy":"category","embeddable":true,"href":"https:\/\/www.prijedordanas.com\/index.php?rest_route=%2Fwp%2Fv2%2Fcategories&post=116869"},{"taxonomy":"post_tag","embeddable":true,"href":"https:\/\/www.prijedordanas.com\/index.php?rest_route=%2Fwp%2Fv2%2Ftags&post=116869"}],"curies":[{"name":"wp","href":"https:\/\/api.w.org\/{rel}","templated":true}]}}