{"id":116853,"date":"2018-11-30T09:07:06","date_gmt":"2018-11-30T08:07:06","guid":{"rendered":"https:\/\/www.prijedordanas.com\/?p=116853"},"modified":"2018-11-30T09:07:06","modified_gmt":"2018-11-30T08:07:06","slug":"kineski-jezik-u-pojedinim-osnovnim-i-srednjim-skolama-u-rs-u-prijedoru-bez-posebnog-interesa-za-izucavanjem","status":"publish","type":"post","link":"https:\/\/www.prijedordanas.com\/?p=116853","title":{"rendered":"KINESKI JEZIK U POJEDINIM OSNOVNIM I SREDNJIM \u0160KOLAMA U RS: U PRIJEDORU BEZ POSEBNOG INTERESA ZA IZU\u010cAVANJEM"},"content":{"rendered":"<p><a href=\"https:\/\/www.prijedordanas.com\/wp-content\/uploads\/2018\/11\/nezavisne-kineski-jezik-u-skolama.jpg\"><img loading=\"lazy\" decoding=\"async\" src=\"https:\/\/www.prijedordanas.com\/wp-content\/uploads\/2018\/11\/nezavisne-kineski-jezik-u-skolama-300x231.jpg\" alt=\"\" width=\"300\" height=\"231\" class=\"alignleft size-medium wp-image-116854\" srcset=\"https:\/\/www.prijedordanas.com\/wp-content\/uploads\/2018\/11\/nezavisne-kineski-jezik-u-skolama-300x231.jpg 300w, https:\/\/www.prijedordanas.com\/wp-content\/uploads\/2018\/11\/nezavisne-kineski-jezik-u-skolama-100x77.jpg 100w, https:\/\/www.prijedordanas.com\/wp-content\/uploads\/2018\/11\/nezavisne-kineski-jezik-u-skolama.jpg 650w\" sizes=\"(max-width: 300px) 100vw, 300px\" \/><\/a>Vlada RS usvojila je danas Informaciju o uvo\u0111enju kineskog jezika u \u0161kole u RS, dok \u0107e sporazum o obezbje\u0111ivanju nastavnika biti potpisan s Konfucijevim institutom sa sjedi\u0161tem u kineskom gradu Hanban.<\/p>\n<p>Ovaj institut \u0107e obezbijediti nastavnike za izvo\u0111enje nastave kineskog jezika u RS na osnovu sporazuma, za \u010dije potpisivanje je ovla\u0161ten ministar prosvjete i kulture RS, saop\u0161teno je iz Biroa Vlade RS za odnose s javno\u0161\u0107u.<\/p>\n<p>&#8220;Ministarstvo je predlo\u017eilo \u0161kole u kojima su u\u010denici iskazali interesovanje za izu\u010davanje kineskog jezika, te je od drugog polugodi\u0161ta \u0161kolske 2017\/2018. godine ovaj jezik uveden kao fakultativan u osnovnim \u0161kolama &#8216;Sveti Sava&#8217; u Isto\u010dnom Novom Sarajevu, &#8216;Sveti Sava&#8217; u Doboju, &#8216;Georgi Stojkov Rakovski&#8217; u Banjaluci, &#8216;Srbija&#8217; u \u0160amcu i u Srednjo\u0161kolskom centru Fo\u010da&#8221;, navode iz Biroa.<\/p>\n<p>Isti\u010du da se u saradnji s Konfucijevim institutom kineski jezik izu\u010dava i u banjalu\u010dkoj Gimnaziji, i to u dvije grupe, po\u010detnoj i naprednoj po 20 u\u010denika, te da je u toku i realizacija projekta dobijanja Konfucijeve u\u010dionice.<\/p>\n<p>Danijela Mrda, direktorica O\u0160 &#8220;Sveti Sava&#8221; Isto\u010dno Novo Sarajevo, kazala je da se od pro\u0161le \u0161kolske godine od drugog polugodi\u0161ta u njihovoj \u0161koli kineski jezik izu\u010dava fakultativno.<\/p>\n<p>&#8220;Svr\u0161eni studenti kineskog jezika Univerziteta u Isto\u010dnom Sarajevu zasad dr\u017ee \u010dasove, mi trenutno imamo pet grupa u\u010denika, koje variraju od 150 do 250 u\u010denika svih uzrasta od prvog do devetog razreda&#8221;, kazala je Mrda za &#8220;Nezavisne&#8221;.<\/p>\n<p>Prema njenim rije\u010dima, \u0111aci obo\u017eavaju u\u010denje kineskog jezika i vrlo lako usvajaju nove termine i rije\u010di.<\/p>\n<p>&#8220;Nekoliko \u0161kola, a i na\u0161a, koje su u\u0161le u program fakultativnog u\u010denja kineskog jezika, trebalo bi da dobiju i strane lektore, jer bi time pri\u010da bila ozbiljnija i onda bi kineski jezik sigurno imao perspektivu&#8221;, kazala je Mrda.<\/p>\n<p>Miroslav Popr\u017een, predsjednik Aktiva direktora osnovih \u0161kola banjalu\u010dke regije, smatra da uvo\u0111enje kineskog jezika ne\u0107e biti masovno ve\u0107 u nekoliko \u0161kola, gdje ima zainteresovanosti u\u010denika i roditelja da \u0111aci izu\u010davaju ovaj strani jezik.<\/p>\n<p>&#8220;U svakom slu\u010daju, u\u010denje bilo kojeg stranog jezika je dobro, a pogotovo u dana\u0161nje vrijeme, kada je saradnja s bilo kojim dijelom svijeta lak\u0161a kada znamo strane jezike&#8221;, rekao je Popr\u017een.<\/p>\n<p>Dragan Mrdi\u0107, predsjednik Aktiva direktora osnovnih \u0161kola Hercegovine, rekao je da na Filozofskom fakultetu u Palama postoji Odsjek za kineski jezik, koji \u0107e proizvoditi profesore kineskog jezika.<\/p>\n<p>Sanja Munjiza, predsjednica Aktiva direktora osnovnih \u0161kola prijedorske regije, isti\u010de da su u \u0161kolama provedene anketa me\u0111u u\u010denicima i roditeljima u vezi sa zainteresovano\u0161\u0107u za izu\u010davanje kinsekog jezika.<\/p>\n<p>&#8220;Nekog posebnog interesa nije bilo, a moje li\u010dno mi\u0161ljenje je da nije potrebno da na\u0161i \u0111aci izu\u010davaju kineski jezik u redovnoj nastavi&#8221;, kazala je Munjiza.<\/p>\n<p>Nezavisne novine<\/p>\n","protected":false},"excerpt":{"rendered":"<p>Vlada RS usvojila je danas Informaciju o uvo\u0111enju kineskog jezika u \u0161kole u RS, dok \u0107e sporazum o obezbje\u0111ivanju nastavnika biti potpisan s Konfucijevim institutom sa sjedi\u0161tem u kineskom gradu [&hellip;]<\/p>\n","protected":false},"author":1,"featured_media":0,"comment_status":"closed","ping_status":"open","sticky":false,"template":"","format":"standard","meta":{"_monsterinsights_skip_tracking":false,"_monsterinsights_sitenote_active":false,"_monsterinsights_sitenote_note":"","_monsterinsights_sitenote_category":0,"footnotes":""},"categories":[7518],"tags":[],"yoast_head":"<!-- This site is optimized with the Yoast SEO plugin v21.6 - https:\/\/yoast.com\/wordpress\/plugins\/seo\/ -->\n<title>KINESKI JEZIK U POJEDINIM OSNOVNIM I SREDNJIM \u0160KOLAMA U RS: U PRIJEDORU BEZ POSEBNOG INTERESA ZA IZU\u010cAVANJEM - PrijedorDanas.com - Prijedorski gradski portal<\/title>\n<meta name=\"robots\" content=\"index, follow, max-snippet:-1, max-image-preview:large, max-video-preview:-1\" \/>\n<link rel=\"canonical\" href=\"https:\/\/www.prijedordanas.com\/?p=116853\" \/>\n<meta property=\"og:locale\" content=\"en_US\" \/>\n<meta property=\"og:type\" content=\"article\" \/>\n<meta property=\"og:title\" content=\"KINESKI JEZIK U POJEDINIM OSNOVNIM I SREDNJIM \u0160KOLAMA U RS: U PRIJEDORU BEZ POSEBNOG INTERESA ZA IZU\u010cAVANJEM - PrijedorDanas.com - Prijedorski gradski portal\" \/>\n<meta property=\"og:description\" content=\"Vlada RS usvojila je danas Informaciju o uvo\u0111enju kineskog jezika u \u0161kole u RS, dok \u0107e sporazum o obezbje\u0111ivanju nastavnika biti potpisan s Konfucijevim institutom sa sjedi\u0161tem u kineskom gradu [&hellip;]\" \/>\n<meta property=\"og:url\" content=\"https:\/\/www.prijedordanas.com\/?p=116853\" \/>\n<meta property=\"og:site_name\" content=\"PrijedorDanas.com - Prijedorski gradski portal\" \/>\n<meta property=\"article:publisher\" content=\"https:\/\/www.facebook.com\/PrijedorDanasCom\/\" \/>\n<meta property=\"article:published_time\" content=\"2018-11-30T08:07:06+00:00\" \/>\n<meta property=\"og:image\" content=\"https:\/\/www.prijedordanas.com\/wp-content\/uploads\/2018\/11\/nezavisne-kineski-jezik-u-skolama-300x231.jpg\" \/>\n<meta name=\"author\" content=\"admin\" \/>\n<meta name=\"twitter:card\" content=\"summary_large_image\" \/>\n<meta name=\"twitter:label1\" content=\"Written by\" \/>\n\t<meta name=\"twitter:data1\" content=\"admin\" \/>\n\t<meta name=\"twitter:label2\" content=\"Est. reading time\" \/>\n\t<meta name=\"twitter:data2\" content=\"2 minutes\" \/>\n<script type=\"application\/ld+json\" class=\"yoast-schema-graph\">{\"@context\":\"https:\/\/schema.org\",\"@graph\":[{\"@type\":\"Article\",\"@id\":\"https:\/\/www.prijedordanas.com\/?p=116853#article\",\"isPartOf\":{\"@id\":\"https:\/\/www.prijedordanas.com\/?p=116853\"},\"author\":{\"name\":\"admin\",\"@id\":\"https:\/\/www.prijedordanas.com\/#\/schema\/person\/4e08ccf29b506ca916ff86d46bb700e6\"},\"headline\":\"KINESKI JEZIK U POJEDINIM OSNOVNIM I SREDNJIM \u0160KOLAMA U RS: U PRIJEDORU BEZ POSEBNOG INTERESA ZA IZU\u010cAVANJEM\",\"datePublished\":\"2018-11-30T08:07:06+00:00\",\"dateModified\":\"2018-11-30T08:07:06+00:00\",\"mainEntityOfPage\":{\"@id\":\"https:\/\/www.prijedordanas.com\/?p=116853\"},\"wordCount\":493,\"publisher\":{\"@id\":\"https:\/\/www.prijedordanas.com\/#organization\"},\"articleSection\":[\"Mladi\"],\"inLanguage\":\"en-US\"},{\"@type\":\"WebPage\",\"@id\":\"https:\/\/www.prijedordanas.com\/?p=116853\",\"url\":\"https:\/\/www.prijedordanas.com\/?p=116853\",\"name\":\"KINESKI JEZIK U POJEDINIM OSNOVNIM I SREDNJIM \u0160KOLAMA U RS: U PRIJEDORU BEZ POSEBNOG INTERESA ZA IZU\u010cAVANJEM - PrijedorDanas.com - Prijedorski gradski portal\",\"isPartOf\":{\"@id\":\"https:\/\/www.prijedordanas.com\/#website\"},\"datePublished\":\"2018-11-30T08:07:06+00:00\",\"dateModified\":\"2018-11-30T08:07:06+00:00\",\"breadcrumb\":{\"@id\":\"https:\/\/www.prijedordanas.com\/?p=116853#breadcrumb\"},\"inLanguage\":\"en-US\",\"potentialAction\":[{\"@type\":\"ReadAction\",\"target\":[\"https:\/\/www.prijedordanas.com\/?p=116853\"]}]},{\"@type\":\"BreadcrumbList\",\"@id\":\"https:\/\/www.prijedordanas.com\/?p=116853#breadcrumb\",\"itemListElement\":[{\"@type\":\"ListItem\",\"position\":1,\"name\":\"Home\",\"item\":\"https:\/\/www.prijedordanas.com\/\"},{\"@type\":\"ListItem\",\"position\":2,\"name\":\"KINESKI JEZIK U POJEDINIM OSNOVNIM I SREDNJIM \u0160KOLAMA U RS: U PRIJEDORU BEZ POSEBNOG INTERESA ZA IZU\u010cAVANJEM\"}]},{\"@type\":\"WebSite\",\"@id\":\"https:\/\/www.prijedordanas.com\/#website\",\"url\":\"https:\/\/www.prijedordanas.com\/\",\"name\":\"PrijedorDanas.com - Prijedorski gradski portal\",\"description\":\"Portal o doga\u0111anjima u gradu Prijedoru\",\"publisher\":{\"@id\":\"https:\/\/www.prijedordanas.com\/#organization\"},\"potentialAction\":[{\"@type\":\"SearchAction\",\"target\":{\"@type\":\"EntryPoint\",\"urlTemplate\":\"https:\/\/www.prijedordanas.com\/?s={search_term_string}\"},\"query-input\":\"required name=search_term_string\"}],\"inLanguage\":\"en-US\"},{\"@type\":\"Organization\",\"@id\":\"https:\/\/www.prijedordanas.com\/#organization\",\"name\":\"PrijedorDanas.com\",\"url\":\"https:\/\/www.prijedordanas.com\/\",\"logo\":{\"@type\":\"ImageObject\",\"inLanguage\":\"en-US\",\"@id\":\"https:\/\/www.prijedordanas.com\/#\/schema\/logo\/image\/\",\"url\":\"http:\/\/www.prijedordanas.com\/wp-content\/uploads\/2021\/12\/logopng.png\",\"contentUrl\":\"http:\/\/www.prijedordanas.com\/wp-content\/uploads\/2021\/12\/logopng.png\",\"width\":1019,\"height\":776,\"caption\":\"PrijedorDanas.com\"},\"image\":{\"@id\":\"https:\/\/www.prijedordanas.com\/#\/schema\/logo\/image\/\"},\"sameAs\":[\"https:\/\/www.facebook.com\/PrijedorDanasCom\/\"]},{\"@type\":\"Person\",\"@id\":\"https:\/\/www.prijedordanas.com\/#\/schema\/person\/4e08ccf29b506ca916ff86d46bb700e6\",\"name\":\"admin\",\"image\":{\"@type\":\"ImageObject\",\"inLanguage\":\"en-US\",\"@id\":\"https:\/\/www.prijedordanas.com\/#\/schema\/person\/image\/\",\"url\":\"https:\/\/secure.gravatar.com\/avatar\/1d3fc949d550f0b53a5f0d51e06dfd79?s=96&d=mm&r=g\",\"contentUrl\":\"https:\/\/secure.gravatar.com\/avatar\/1d3fc949d550f0b53a5f0d51e06dfd79?s=96&d=mm&r=g\",\"caption\":\"admin\"},\"url\":\"https:\/\/www.prijedordanas.com\/?author=1\"}]}<\/script>\n<!-- \/ Yoast SEO plugin. -->","yoast_head_json":{"title":"KINESKI JEZIK U POJEDINIM OSNOVNIM I SREDNJIM \u0160KOLAMA U RS: U PRIJEDORU BEZ POSEBNOG INTERESA ZA IZU\u010cAVANJEM - PrijedorDanas.com - Prijedorski gradski portal","robots":{"index":"index","follow":"follow","max-snippet":"max-snippet:-1","max-image-preview":"max-image-preview:large","max-video-preview":"max-video-preview:-1"},"canonical":"https:\/\/www.prijedordanas.com\/?p=116853","og_locale":"en_US","og_type":"article","og_title":"KINESKI JEZIK U POJEDINIM OSNOVNIM I SREDNJIM \u0160KOLAMA U RS: U PRIJEDORU BEZ POSEBNOG INTERESA ZA IZU\u010cAVANJEM - PrijedorDanas.com - Prijedorski gradski portal","og_description":"Vlada RS usvojila je danas Informaciju o uvo\u0111enju kineskog jezika u \u0161kole u RS, dok \u0107e sporazum o obezbje\u0111ivanju nastavnika biti potpisan s Konfucijevim institutom sa sjedi\u0161tem u kineskom gradu [&hellip;]","og_url":"https:\/\/www.prijedordanas.com\/?p=116853","og_site_name":"PrijedorDanas.com - Prijedorski gradski portal","article_publisher":"https:\/\/www.facebook.com\/PrijedorDanasCom\/","article_published_time":"2018-11-30T08:07:06+00:00","og_image":[{"url":"https:\/\/www.prijedordanas.com\/wp-content\/uploads\/2018\/11\/nezavisne-kineski-jezik-u-skolama-300x231.jpg"}],"author":"admin","twitter_card":"summary_large_image","twitter_misc":{"Written by":"admin","Est. reading time":"2 minutes"},"schema":{"@context":"https:\/\/schema.org","@graph":[{"@type":"Article","@id":"https:\/\/www.prijedordanas.com\/?p=116853#article","isPartOf":{"@id":"https:\/\/www.prijedordanas.com\/?p=116853"},"author":{"name":"admin","@id":"https:\/\/www.prijedordanas.com\/#\/schema\/person\/4e08ccf29b506ca916ff86d46bb700e6"},"headline":"KINESKI JEZIK U POJEDINIM OSNOVNIM I SREDNJIM \u0160KOLAMA U RS: U PRIJEDORU BEZ POSEBNOG INTERESA ZA IZU\u010cAVANJEM","datePublished":"2018-11-30T08:07:06+00:00","dateModified":"2018-11-30T08:07:06+00:00","mainEntityOfPage":{"@id":"https:\/\/www.prijedordanas.com\/?p=116853"},"wordCount":493,"publisher":{"@id":"https:\/\/www.prijedordanas.com\/#organization"},"articleSection":["Mladi"],"inLanguage":"en-US"},{"@type":"WebPage","@id":"https:\/\/www.prijedordanas.com\/?p=116853","url":"https:\/\/www.prijedordanas.com\/?p=116853","name":"KINESKI JEZIK U POJEDINIM OSNOVNIM I SREDNJIM \u0160KOLAMA U RS: U PRIJEDORU BEZ POSEBNOG INTERESA ZA IZU\u010cAVANJEM - PrijedorDanas.com - Prijedorski gradski portal","isPartOf":{"@id":"https:\/\/www.prijedordanas.com\/#website"},"datePublished":"2018-11-30T08:07:06+00:00","dateModified":"2018-11-30T08:07:06+00:00","breadcrumb":{"@id":"https:\/\/www.prijedordanas.com\/?p=116853#breadcrumb"},"inLanguage":"en-US","potentialAction":[{"@type":"ReadAction","target":["https:\/\/www.prijedordanas.com\/?p=116853"]}]},{"@type":"BreadcrumbList","@id":"https:\/\/www.prijedordanas.com\/?p=116853#breadcrumb","itemListElement":[{"@type":"ListItem","position":1,"name":"Home","item":"https:\/\/www.prijedordanas.com\/"},{"@type":"ListItem","position":2,"name":"KINESKI JEZIK U POJEDINIM OSNOVNIM I SREDNJIM \u0160KOLAMA U RS: U PRIJEDORU BEZ POSEBNOG INTERESA ZA IZU\u010cAVANJEM"}]},{"@type":"WebSite","@id":"https:\/\/www.prijedordanas.com\/#website","url":"https:\/\/www.prijedordanas.com\/","name":"PrijedorDanas.com - Prijedorski gradski portal","description":"Portal o doga\u0111anjima u gradu Prijedoru","publisher":{"@id":"https:\/\/www.prijedordanas.com\/#organization"},"potentialAction":[{"@type":"SearchAction","target":{"@type":"EntryPoint","urlTemplate":"https:\/\/www.prijedordanas.com\/?s={search_term_string}"},"query-input":"required name=search_term_string"}],"inLanguage":"en-US"},{"@type":"Organization","@id":"https:\/\/www.prijedordanas.com\/#organization","name":"PrijedorDanas.com","url":"https:\/\/www.prijedordanas.com\/","logo":{"@type":"ImageObject","inLanguage":"en-US","@id":"https:\/\/www.prijedordanas.com\/#\/schema\/logo\/image\/","url":"http:\/\/www.prijedordanas.com\/wp-content\/uploads\/2021\/12\/logopng.png","contentUrl":"http:\/\/www.prijedordanas.com\/wp-content\/uploads\/2021\/12\/logopng.png","width":1019,"height":776,"caption":"PrijedorDanas.com"},"image":{"@id":"https:\/\/www.prijedordanas.com\/#\/schema\/logo\/image\/"},"sameAs":["https:\/\/www.facebook.com\/PrijedorDanasCom\/"]},{"@type":"Person","@id":"https:\/\/www.prijedordanas.com\/#\/schema\/person\/4e08ccf29b506ca916ff86d46bb700e6","name":"admin","image":{"@type":"ImageObject","inLanguage":"en-US","@id":"https:\/\/www.prijedordanas.com\/#\/schema\/person\/image\/","url":"https:\/\/secure.gravatar.com\/avatar\/1d3fc949d550f0b53a5f0d51e06dfd79?s=96&d=mm&r=g","contentUrl":"https:\/\/secure.gravatar.com\/avatar\/1d3fc949d550f0b53a5f0d51e06dfd79?s=96&d=mm&r=g","caption":"admin"},"url":"https:\/\/www.prijedordanas.com\/?author=1"}]}},"_links":{"self":[{"href":"https:\/\/www.prijedordanas.com\/index.php?rest_route=\/wp\/v2\/posts\/116853"}],"collection":[{"href":"https:\/\/www.prijedordanas.com\/index.php?rest_route=\/wp\/v2\/posts"}],"about":[{"href":"https:\/\/www.prijedordanas.com\/index.php?rest_route=\/wp\/v2\/types\/post"}],"author":[{"embeddable":true,"href":"https:\/\/www.prijedordanas.com\/index.php?rest_route=\/wp\/v2\/users\/1"}],"replies":[{"embeddable":true,"href":"https:\/\/www.prijedordanas.com\/index.php?rest_route=%2Fwp%2Fv2%2Fcomments&post=116853"}],"version-history":[{"count":1,"href":"https:\/\/www.prijedordanas.com\/index.php?rest_route=\/wp\/v2\/posts\/116853\/revisions"}],"predecessor-version":[{"id":116855,"href":"https:\/\/www.prijedordanas.com\/index.php?rest_route=\/wp\/v2\/posts\/116853\/revisions\/116855"}],"wp:attachment":[{"href":"https:\/\/www.prijedordanas.com\/index.php?rest_route=%2Fwp%2Fv2%2Fmedia&parent=116853"}],"wp:term":[{"taxonomy":"category","embeddable":true,"href":"https:\/\/www.prijedordanas.com\/index.php?rest_route=%2Fwp%2Fv2%2Fcategories&post=116853"},{"taxonomy":"post_tag","embeddable":true,"href":"https:\/\/www.prijedordanas.com\/index.php?rest_route=%2Fwp%2Fv2%2Ftags&post=116853"}],"curies":[{"name":"wp","href":"https:\/\/api.w.org\/{rel}","templated":true}]}}