{"id":116847,"date":"2018-11-29T16:15:19","date_gmt":"2018-11-29T15:15:19","guid":{"rendered":"https:\/\/www.prijedordanas.com\/?p=116847"},"modified":"2018-11-29T16:15:19","modified_gmt":"2018-11-29T15:15:19","slug":"orkestru-harmonika-iz-prijedora-prva-nagrada-u-gracu-foto-video","status":"publish","type":"post","link":"https:\/\/www.prijedordanas.com\/?p=116847","title":{"rendered":"ORKESTRU HARMONIKA IZ PRIJEDORA PRVA NAGRADA U GRACU \u2013 FOTO\/VIDEO"},"content":{"rendered":"<p><a href=\"https:\/\/www.prijedordanas.com\/wp-content\/uploads\/2018\/11\/orkestar-harmonika-nagrada-grac-1.jpg\"><img loading=\"lazy\" decoding=\"async\" src=\"https:\/\/www.prijedordanas.com\/wp-content\/uploads\/2018\/11\/orkestar-harmonika-nagrada-grac-1-300x216.jpg\" alt=\"\" width=\"300\" height=\"216\" class=\"alignleft size-medium wp-image-116848\" srcset=\"https:\/\/www.prijedordanas.com\/wp-content\/uploads\/2018\/11\/orkestar-harmonika-nagrada-grac-1-300x216.jpg 300w, https:\/\/www.prijedordanas.com\/wp-content\/uploads\/2018\/11\/orkestar-harmonika-nagrada-grac-1-100x72.jpg 100w, https:\/\/www.prijedordanas.com\/wp-content\/uploads\/2018\/11\/orkestar-harmonika-nagrada-grac-1.jpg 695w\" sizes=\"(max-width: 300px) 100vw, 300px\" \/><\/a>Orkestar harmonika Muzi\u010dke \u0161kole &#8220;Savo Balaban&#8221; iz Prijedora osvojio je prvu nagradu na me\u0111unarodnom takmi\u010denju u Gracu u Austriji. Prijedorskoj Muzi\u010dkoj \u0161koli ovo je tre\u0107i put da osvaja laureat na ovom presti\u017enom takmi\u010denju.<\/p>\n<p>U harmonika\u0161kom orkestru nastupa 15 mladih muzi\u010dara prijedorske Muzi\u010dke \u0161kole do devetog razreda.<\/p>\n<p>Harmonika\u0161ica Sara Rodi\u0107 je prvu nagradu osvojila i kao solista.<\/p>\n<p>&#8220;Bilo je donekle i o\u010dekivano da \u0107emo osvojiti laureat, ali taj trud koji smo ulo\u017eili, svaka radna subota, radne probe preko sedmice, mislim da mo\u017eemo samo mi razumjeti, jer je to nama od izuzetno velikog zna\u010daja&#8221;, ka\u017ee Sara.<\/p>\n<p><a href=\"https:\/\/www.prijedordanas.com\/wp-content\/uploads\/2018\/11\/orkestar-harmonika-nagrada-grac-2.jpg\"><img loading=\"lazy\" decoding=\"async\" src=\"https:\/\/www.prijedordanas.com\/wp-content\/uploads\/2018\/11\/orkestar-harmonika-nagrada-grac-2-300x199.jpg\" alt=\"\" width=\"300\" height=\"199\" class=\"alignleft size-medium wp-image-116849\" srcset=\"https:\/\/www.prijedordanas.com\/wp-content\/uploads\/2018\/11\/orkestar-harmonika-nagrada-grac-2-300x199.jpg 300w, https:\/\/www.prijedordanas.com\/wp-content\/uploads\/2018\/11\/orkestar-harmonika-nagrada-grac-2-100x66.jpg 100w, https:\/\/www.prijedordanas.com\/wp-content\/uploads\/2018\/11\/orkestar-harmonika-nagrada-grac-2-480x320.jpg 480w, https:\/\/www.prijedordanas.com\/wp-content\/uploads\/2018\/11\/orkestar-harmonika-nagrada-grac-2.jpg 600w\" sizes=\"(max-width: 300px) 100vw, 300px\" \/><\/a>&#8220;Ova nagrada je posebno zna\u010dajna za na\u0161u \u0161kolu, a tako i za nas. Dosta smo se trudili i radili na tome i poslije tog truda je do\u0161la zaslu\u017eena nagrada&#8221;, rekao je Dejan Kne\u017eevi\u0107, u\u010denik Muzi\u010dke \u0161kola &#8220;Savo Balaban&#8221; Prijedor.<\/p>\n<p>Pripreme harmonika\u0161kog orkestra za \u010cetvrto me\u0111unarodno takmi\u010denje &#8220;Akordeon fest&#8221; u Gracu po\u010dele su jo\u0161 po\u010detkom septembra i bile su intenzivne.<\/p>\n<p>&#8220;Oni su se ovaj put predstavljali sa \u0161arolikim programom. Program je obuhvatio barokni period, zatim latvijsku muziku, ukrajinsku muziku i ono \u0161to smo dodali za ovo takmi\u010denje jeste jedna pop kompozicija, koja je dobila umjetni\u010dki karakter&#8221;, naveo je Milo\u0161 Zec, voditelj harmonika\u0161kog orkestra Muzi\u010dke \u0161kole &#8220;Save Balaban&#8221;.<\/p>\n<p>Prijedor\u010dani \u0107e imati priliku da poslu\u0161aju nagra\u0111ene harmonika\u0161e 17. decembra kada \u0107e u gradskom Pozori\u0161tu biti organizovan koncert u\u010denika Muzi\u010dke \u0161kole &#8220;Savo Balaban&#8221;.<\/p>\n<p>RTRS<\/p>\n<div style=\"width: 640px;\" class=\"wp-video\"><!--[if lt IE 9]><script>document.createElement('video');<\/script><![endif]-->\n<video class=\"wp-video-shortcode\" id=\"video-116847-1\" width=\"640\" height=\"360\" preload=\"metadata\" controls=\"controls\"><source type=\"video\/mp4\" src=\"https:\/\/arh3.rtrs.tv\/arhiva\/2018\/11\/29\/tvclip032288.mp4?_=1\" \/><a href=\"https:\/\/arh3.rtrs.tv\/arhiva\/2018\/11\/29\/tvclip032288.mp4\">https:\/\/arh3.rtrs.tv\/arhiva\/2018\/11\/29\/tvclip032288.mp4<\/a><\/video><\/div>\n<p><a href=\"https:\/\/www.prijedordanas.com\/wp-content\/uploads\/2018\/11\/orkestar-harmonika-nagrada-grac-3.jpg\"><img loading=\"lazy\" decoding=\"async\" src=\"https:\/\/www.prijedordanas.com\/wp-content\/uploads\/2018\/11\/orkestar-harmonika-nagrada-grac-3-300x199.jpg\" alt=\"\" width=\"300\" height=\"199\" class=\"alignleft size-medium wp-image-116850\" srcset=\"https:\/\/www.prijedordanas.com\/wp-content\/uploads\/2018\/11\/orkestar-harmonika-nagrada-grac-3-300x199.jpg 300w, https:\/\/www.prijedordanas.com\/wp-content\/uploads\/2018\/11\/orkestar-harmonika-nagrada-grac-3-100x66.jpg 100w, https:\/\/www.prijedordanas.com\/wp-content\/uploads\/2018\/11\/orkestar-harmonika-nagrada-grac-3-480x320.jpg 480w, https:\/\/www.prijedordanas.com\/wp-content\/uploads\/2018\/11\/orkestar-harmonika-nagrada-grac-3.jpg 600w\" sizes=\"(max-width: 300px) 100vw, 300px\" \/><\/a> <a href=\"https:\/\/www.prijedordanas.com\/wp-content\/uploads\/2018\/11\/orkestar-harmonika-nagrada-grac-4.jpg\"><img loading=\"lazy\" decoding=\"async\" src=\"https:\/\/www.prijedordanas.com\/wp-content\/uploads\/2018\/11\/orkestar-harmonika-nagrada-grac-4-300x199.jpg\" alt=\"\" width=\"300\" height=\"199\" class=\"alignleft size-medium wp-image-116851\" srcset=\"https:\/\/www.prijedordanas.com\/wp-content\/uploads\/2018\/11\/orkestar-harmonika-nagrada-grac-4-300x199.jpg 300w, https:\/\/www.prijedordanas.com\/wp-content\/uploads\/2018\/11\/orkestar-harmonika-nagrada-grac-4-100x66.jpg 100w, https:\/\/www.prijedordanas.com\/wp-content\/uploads\/2018\/11\/orkestar-harmonika-nagrada-grac-4-480x320.jpg 480w, https:\/\/www.prijedordanas.com\/wp-content\/uploads\/2018\/11\/orkestar-harmonika-nagrada-grac-4.jpg 600w\" sizes=\"(max-width: 300px) 100vw, 300px\" \/><\/a><\/p>\n","protected":false},"excerpt":{"rendered":"<p>Orkestar harmonika Muzi\u010dke \u0161kole &#8220;Savo Balaban&#8221; iz Prijedora osvojio je prvu nagradu na me\u0111unarodnom takmi\u010denju u Gracu u Austriji. Prijedorskoj Muzi\u010dkoj \u0161koli ovo je tre\u0107i put da osvaja laureat na [&hellip;]<\/p>\n","protected":false},"author":1,"featured_media":0,"comment_status":"closed","ping_status":"open","sticky":false,"template":"","format":"standard","meta":{"_monsterinsights_skip_tracking":false,"_monsterinsights_sitenote_active":false,"_monsterinsights_sitenote_note":"","_monsterinsights_sitenote_category":0,"footnotes":""},"categories":[7518],"tags":[],"yoast_head":"<!-- This site is optimized with the Yoast SEO plugin v21.6 - https:\/\/yoast.com\/wordpress\/plugins\/seo\/ -->\n<title>ORKESTRU HARMONIKA IZ PRIJEDORA PRVA NAGRADA U GRACU \u2013 FOTO\/VIDEO - PrijedorDanas.com - Prijedorski gradski portal<\/title>\n<meta name=\"robots\" content=\"index, follow, max-snippet:-1, max-image-preview:large, max-video-preview:-1\" \/>\n<link rel=\"canonical\" href=\"https:\/\/www.prijedordanas.com\/?p=116847\" \/>\n<meta property=\"og:locale\" content=\"en_US\" \/>\n<meta property=\"og:type\" content=\"article\" \/>\n<meta property=\"og:title\" content=\"ORKESTRU HARMONIKA IZ PRIJEDORA PRVA NAGRADA U GRACU \u2013 FOTO\/VIDEO - PrijedorDanas.com - Prijedorski gradski portal\" \/>\n<meta property=\"og:description\" content=\"Orkestar harmonika Muzi\u010dke \u0161kole &#8220;Savo Balaban&#8221; iz Prijedora osvojio je prvu nagradu na me\u0111unarodnom takmi\u010denju u Gracu u Austriji. Prijedorskoj Muzi\u010dkoj \u0161koli ovo je tre\u0107i put da osvaja laureat na [&hellip;]\" \/>\n<meta property=\"og:url\" content=\"https:\/\/www.prijedordanas.com\/?p=116847\" \/>\n<meta property=\"og:site_name\" content=\"PrijedorDanas.com - Prijedorski gradski portal\" \/>\n<meta property=\"article:publisher\" content=\"https:\/\/www.facebook.com\/PrijedorDanasCom\/\" \/>\n<meta property=\"article:published_time\" content=\"2018-11-29T15:15:19+00:00\" \/>\n<meta property=\"og:image\" content=\"https:\/\/www.prijedordanas.com\/wp-content\/uploads\/2018\/11\/orkestar-harmonika-nagrada-grac-1-300x216.jpg\" \/>\n<meta name=\"author\" content=\"admin\" \/>\n<meta name=\"twitter:card\" content=\"summary_large_image\" \/>\n<meta name=\"twitter:label1\" content=\"Written by\" \/>\n\t<meta name=\"twitter:data1\" content=\"admin\" \/>\n\t<meta name=\"twitter:label2\" content=\"Est. reading time\" \/>\n\t<meta name=\"twitter:data2\" content=\"1 minute\" \/>\n<script type=\"application\/ld+json\" class=\"yoast-schema-graph\">{\"@context\":\"https:\/\/schema.org\",\"@graph\":[{\"@type\":\"Article\",\"@id\":\"https:\/\/www.prijedordanas.com\/?p=116847#article\",\"isPartOf\":{\"@id\":\"https:\/\/www.prijedordanas.com\/?p=116847\"},\"author\":{\"name\":\"admin\",\"@id\":\"https:\/\/www.prijedordanas.com\/#\/schema\/person\/4e08ccf29b506ca916ff86d46bb700e6\"},\"headline\":\"ORKESTRU HARMONIKA IZ PRIJEDORA PRVA NAGRADA U GRACU \u2013 FOTO\/VIDEO\",\"datePublished\":\"2018-11-29T15:15:19+00:00\",\"dateModified\":\"2018-11-29T15:15:19+00:00\",\"mainEntityOfPage\":{\"@id\":\"https:\/\/www.prijedordanas.com\/?p=116847\"},\"wordCount\":278,\"publisher\":{\"@id\":\"https:\/\/www.prijedordanas.com\/#organization\"},\"articleSection\":[\"Mladi\"],\"inLanguage\":\"en-US\"},{\"@type\":\"WebPage\",\"@id\":\"https:\/\/www.prijedordanas.com\/?p=116847\",\"url\":\"https:\/\/www.prijedordanas.com\/?p=116847\",\"name\":\"ORKESTRU HARMONIKA IZ PRIJEDORA PRVA NAGRADA U GRACU \u2013 FOTO\/VIDEO - PrijedorDanas.com - Prijedorski gradski portal\",\"isPartOf\":{\"@id\":\"https:\/\/www.prijedordanas.com\/#website\"},\"datePublished\":\"2018-11-29T15:15:19+00:00\",\"dateModified\":\"2018-11-29T15:15:19+00:00\",\"breadcrumb\":{\"@id\":\"https:\/\/www.prijedordanas.com\/?p=116847#breadcrumb\"},\"inLanguage\":\"en-US\",\"potentialAction\":[{\"@type\":\"ReadAction\",\"target\":[\"https:\/\/www.prijedordanas.com\/?p=116847\"]}]},{\"@type\":\"BreadcrumbList\",\"@id\":\"https:\/\/www.prijedordanas.com\/?p=116847#breadcrumb\",\"itemListElement\":[{\"@type\":\"ListItem\",\"position\":1,\"name\":\"Home\",\"item\":\"https:\/\/www.prijedordanas.com\/\"},{\"@type\":\"ListItem\",\"position\":2,\"name\":\"ORKESTRU HARMONIKA IZ PRIJEDORA PRVA NAGRADA U GRACU \u2013 FOTO\/VIDEO\"}]},{\"@type\":\"WebSite\",\"@id\":\"https:\/\/www.prijedordanas.com\/#website\",\"url\":\"https:\/\/www.prijedordanas.com\/\",\"name\":\"PrijedorDanas.com - Prijedorski gradski portal\",\"description\":\"Portal o doga\u0111anjima u gradu Prijedoru\",\"publisher\":{\"@id\":\"https:\/\/www.prijedordanas.com\/#organization\"},\"potentialAction\":[{\"@type\":\"SearchAction\",\"target\":{\"@type\":\"EntryPoint\",\"urlTemplate\":\"https:\/\/www.prijedordanas.com\/?s={search_term_string}\"},\"query-input\":\"required name=search_term_string\"}],\"inLanguage\":\"en-US\"},{\"@type\":\"Organization\",\"@id\":\"https:\/\/www.prijedordanas.com\/#organization\",\"name\":\"PrijedorDanas.com\",\"url\":\"https:\/\/www.prijedordanas.com\/\",\"logo\":{\"@type\":\"ImageObject\",\"inLanguage\":\"en-US\",\"@id\":\"https:\/\/www.prijedordanas.com\/#\/schema\/logo\/image\/\",\"url\":\"http:\/\/www.prijedordanas.com\/wp-content\/uploads\/2021\/12\/logopng.png\",\"contentUrl\":\"http:\/\/www.prijedordanas.com\/wp-content\/uploads\/2021\/12\/logopng.png\",\"width\":1019,\"height\":776,\"caption\":\"PrijedorDanas.com\"},\"image\":{\"@id\":\"https:\/\/www.prijedordanas.com\/#\/schema\/logo\/image\/\"},\"sameAs\":[\"https:\/\/www.facebook.com\/PrijedorDanasCom\/\"]},{\"@type\":\"Person\",\"@id\":\"https:\/\/www.prijedordanas.com\/#\/schema\/person\/4e08ccf29b506ca916ff86d46bb700e6\",\"name\":\"admin\",\"image\":{\"@type\":\"ImageObject\",\"inLanguage\":\"en-US\",\"@id\":\"https:\/\/www.prijedordanas.com\/#\/schema\/person\/image\/\",\"url\":\"https:\/\/secure.gravatar.com\/avatar\/1d3fc949d550f0b53a5f0d51e06dfd79?s=96&d=mm&r=g\",\"contentUrl\":\"https:\/\/secure.gravatar.com\/avatar\/1d3fc949d550f0b53a5f0d51e06dfd79?s=96&d=mm&r=g\",\"caption\":\"admin\"},\"url\":\"https:\/\/www.prijedordanas.com\/?author=1\"}]}<\/script>\n<!-- \/ Yoast SEO plugin. -->","yoast_head_json":{"title":"ORKESTRU HARMONIKA IZ PRIJEDORA PRVA NAGRADA U GRACU \u2013 FOTO\/VIDEO - PrijedorDanas.com - Prijedorski gradski portal","robots":{"index":"index","follow":"follow","max-snippet":"max-snippet:-1","max-image-preview":"max-image-preview:large","max-video-preview":"max-video-preview:-1"},"canonical":"https:\/\/www.prijedordanas.com\/?p=116847","og_locale":"en_US","og_type":"article","og_title":"ORKESTRU HARMONIKA IZ PRIJEDORA PRVA NAGRADA U GRACU \u2013 FOTO\/VIDEO - PrijedorDanas.com - Prijedorski gradski portal","og_description":"Orkestar harmonika Muzi\u010dke \u0161kole &#8220;Savo Balaban&#8221; iz Prijedora osvojio je prvu nagradu na me\u0111unarodnom takmi\u010denju u Gracu u Austriji. Prijedorskoj Muzi\u010dkoj \u0161koli ovo je tre\u0107i put da osvaja laureat na [&hellip;]","og_url":"https:\/\/www.prijedordanas.com\/?p=116847","og_site_name":"PrijedorDanas.com - Prijedorski gradski portal","article_publisher":"https:\/\/www.facebook.com\/PrijedorDanasCom\/","article_published_time":"2018-11-29T15:15:19+00:00","og_image":[{"url":"https:\/\/www.prijedordanas.com\/wp-content\/uploads\/2018\/11\/orkestar-harmonika-nagrada-grac-1-300x216.jpg"}],"author":"admin","twitter_card":"summary_large_image","twitter_misc":{"Written by":"admin","Est. reading time":"1 minute"},"schema":{"@context":"https:\/\/schema.org","@graph":[{"@type":"Article","@id":"https:\/\/www.prijedordanas.com\/?p=116847#article","isPartOf":{"@id":"https:\/\/www.prijedordanas.com\/?p=116847"},"author":{"name":"admin","@id":"https:\/\/www.prijedordanas.com\/#\/schema\/person\/4e08ccf29b506ca916ff86d46bb700e6"},"headline":"ORKESTRU HARMONIKA IZ PRIJEDORA PRVA NAGRADA U GRACU \u2013 FOTO\/VIDEO","datePublished":"2018-11-29T15:15:19+00:00","dateModified":"2018-11-29T15:15:19+00:00","mainEntityOfPage":{"@id":"https:\/\/www.prijedordanas.com\/?p=116847"},"wordCount":278,"publisher":{"@id":"https:\/\/www.prijedordanas.com\/#organization"},"articleSection":["Mladi"],"inLanguage":"en-US"},{"@type":"WebPage","@id":"https:\/\/www.prijedordanas.com\/?p=116847","url":"https:\/\/www.prijedordanas.com\/?p=116847","name":"ORKESTRU HARMONIKA IZ PRIJEDORA PRVA NAGRADA U GRACU \u2013 FOTO\/VIDEO - PrijedorDanas.com - Prijedorski gradski portal","isPartOf":{"@id":"https:\/\/www.prijedordanas.com\/#website"},"datePublished":"2018-11-29T15:15:19+00:00","dateModified":"2018-11-29T15:15:19+00:00","breadcrumb":{"@id":"https:\/\/www.prijedordanas.com\/?p=116847#breadcrumb"},"inLanguage":"en-US","potentialAction":[{"@type":"ReadAction","target":["https:\/\/www.prijedordanas.com\/?p=116847"]}]},{"@type":"BreadcrumbList","@id":"https:\/\/www.prijedordanas.com\/?p=116847#breadcrumb","itemListElement":[{"@type":"ListItem","position":1,"name":"Home","item":"https:\/\/www.prijedordanas.com\/"},{"@type":"ListItem","position":2,"name":"ORKESTRU HARMONIKA IZ PRIJEDORA PRVA NAGRADA U GRACU \u2013 FOTO\/VIDEO"}]},{"@type":"WebSite","@id":"https:\/\/www.prijedordanas.com\/#website","url":"https:\/\/www.prijedordanas.com\/","name":"PrijedorDanas.com - Prijedorski gradski portal","description":"Portal o doga\u0111anjima u gradu Prijedoru","publisher":{"@id":"https:\/\/www.prijedordanas.com\/#organization"},"potentialAction":[{"@type":"SearchAction","target":{"@type":"EntryPoint","urlTemplate":"https:\/\/www.prijedordanas.com\/?s={search_term_string}"},"query-input":"required name=search_term_string"}],"inLanguage":"en-US"},{"@type":"Organization","@id":"https:\/\/www.prijedordanas.com\/#organization","name":"PrijedorDanas.com","url":"https:\/\/www.prijedordanas.com\/","logo":{"@type":"ImageObject","inLanguage":"en-US","@id":"https:\/\/www.prijedordanas.com\/#\/schema\/logo\/image\/","url":"http:\/\/www.prijedordanas.com\/wp-content\/uploads\/2021\/12\/logopng.png","contentUrl":"http:\/\/www.prijedordanas.com\/wp-content\/uploads\/2021\/12\/logopng.png","width":1019,"height":776,"caption":"PrijedorDanas.com"},"image":{"@id":"https:\/\/www.prijedordanas.com\/#\/schema\/logo\/image\/"},"sameAs":["https:\/\/www.facebook.com\/PrijedorDanasCom\/"]},{"@type":"Person","@id":"https:\/\/www.prijedordanas.com\/#\/schema\/person\/4e08ccf29b506ca916ff86d46bb700e6","name":"admin","image":{"@type":"ImageObject","inLanguage":"en-US","@id":"https:\/\/www.prijedordanas.com\/#\/schema\/person\/image\/","url":"https:\/\/secure.gravatar.com\/avatar\/1d3fc949d550f0b53a5f0d51e06dfd79?s=96&d=mm&r=g","contentUrl":"https:\/\/secure.gravatar.com\/avatar\/1d3fc949d550f0b53a5f0d51e06dfd79?s=96&d=mm&r=g","caption":"admin"},"url":"https:\/\/www.prijedordanas.com\/?author=1"}]}},"_links":{"self":[{"href":"https:\/\/www.prijedordanas.com\/index.php?rest_route=\/wp\/v2\/posts\/116847"}],"collection":[{"href":"https:\/\/www.prijedordanas.com\/index.php?rest_route=\/wp\/v2\/posts"}],"about":[{"href":"https:\/\/www.prijedordanas.com\/index.php?rest_route=\/wp\/v2\/types\/post"}],"author":[{"embeddable":true,"href":"https:\/\/www.prijedordanas.com\/index.php?rest_route=\/wp\/v2\/users\/1"}],"replies":[{"embeddable":true,"href":"https:\/\/www.prijedordanas.com\/index.php?rest_route=%2Fwp%2Fv2%2Fcomments&post=116847"}],"version-history":[{"count":1,"href":"https:\/\/www.prijedordanas.com\/index.php?rest_route=\/wp\/v2\/posts\/116847\/revisions"}],"predecessor-version":[{"id":116852,"href":"https:\/\/www.prijedordanas.com\/index.php?rest_route=\/wp\/v2\/posts\/116847\/revisions\/116852"}],"wp:attachment":[{"href":"https:\/\/www.prijedordanas.com\/index.php?rest_route=%2Fwp%2Fv2%2Fmedia&parent=116847"}],"wp:term":[{"taxonomy":"category","embeddable":true,"href":"https:\/\/www.prijedordanas.com\/index.php?rest_route=%2Fwp%2Fv2%2Fcategories&post=116847"},{"taxonomy":"post_tag","embeddable":true,"href":"https:\/\/www.prijedordanas.com\/index.php?rest_route=%2Fwp%2Fv2%2Ftags&post=116847"}],"curies":[{"name":"wp","href":"https:\/\/api.w.org\/{rel}","templated":true}]}}