{"id":116809,"date":"2018-11-28T23:15:59","date_gmt":"2018-11-28T22:15:59","guid":{"rendered":"https:\/\/www.prijedordanas.com\/?p=116809"},"modified":"2018-11-28T23:15:59","modified_gmt":"2018-11-28T22:15:59","slug":"odrzan-nastavak-20-sjednice-skupstine-grada-prijedora-razrijesen-tihomir-timarac","status":"publish","type":"post","link":"https:\/\/www.prijedordanas.com\/?p=116809","title":{"rendered":"ODR\u017dAN NASTAVAK 20.SJEDNICE SKUP\u0160TINE GRADA PRIJEDORA: RAZRIJE\u0160EN TIHOMIR TIMARAC"},"content":{"rendered":"<p><a href=\"https:\/\/www.prijedordanas.com\/wp-content\/uploads\/2018\/11\/skupstina-grada-28novembar-1.jpg\"><img loading=\"lazy\" decoding=\"async\" class=\"alignleft size-medium wp-image-116810\" src=\"https:\/\/www.prijedordanas.com\/wp-content\/uploads\/2018\/11\/skupstina-grada-28novembar-1-300x217.jpg\" alt=\"\" width=\"300\" height=\"217\" srcset=\"https:\/\/www.prijedordanas.com\/wp-content\/uploads\/2018\/11\/skupstina-grada-28novembar-1-300x217.jpg 300w, https:\/\/www.prijedordanas.com\/wp-content\/uploads\/2018\/11\/skupstina-grada-28novembar-1-100x72.jpg 100w, https:\/\/www.prijedordanas.com\/wp-content\/uploads\/2018\/11\/skupstina-grada-28novembar-1.jpg 690w\" sizes=\"(max-width: 300px) 100vw, 300px\" \/><\/a>Danas je odr\u017ean nastavak 20. sjednice Skup\u0161tine grada Prijedora, a pred odbornicima se na\u0161lo 19 ta\u010daka dnevnog reda.<\/p>\n<p>Posebnu pa\u017enju privukla je informacija o dodjeli u zakup poljoprivrednog zemlji\u0161ta u svojini Republike Srpske koje se nalazi na teritoriji grada Prijedora.<\/p>\n<p>\u0160ef odborni\u010dkog kluba SDS-a Radenko Stijepi\u0107 postavio je pitanje kako se u zakup mo\u017ee davati zemlji\u0161te koje je uknji\u017eeno kao vlasni\u0161tvo &#8220;Poljoproizvoda&#8221;.<\/p>\n<p>-&#8220;Poljoproizvod&#8221; ima sudsku presudu Okru\u017enog i Vrhovnog suda. I mi ne mo\u017eemo davati u zakup zemlju koja nije vlasni\u0161tvo Republike Srpske. Ja sam upozorio da to mo\u017ee do\u0107i na naplatu sa bud\u017eeta grada. A mi smo ovdje da branimo interese gra\u0111ana koji su nas izabrali na ove funkcije -rekao je Stijepi\u0107.<\/p>\n<p><a href=\"https:\/\/www.prijedordanas.com\/wp-content\/uploads\/2018\/11\/skupstina-grada-28novembar-2.jpg\"><img loading=\"lazy\" decoding=\"async\" class=\"alignleft size-medium wp-image-116811\" src=\"https:\/\/www.prijedordanas.com\/wp-content\/uploads\/2018\/11\/skupstina-grada-28novembar-2-300x222.jpg\" alt=\"\" width=\"300\" height=\"222\" srcset=\"https:\/\/www.prijedordanas.com\/wp-content\/uploads\/2018\/11\/skupstina-grada-28novembar-2-300x222.jpg 300w, https:\/\/www.prijedordanas.com\/wp-content\/uploads\/2018\/11\/skupstina-grada-28novembar-2-100x74.jpg 100w, https:\/\/www.prijedordanas.com\/wp-content\/uploads\/2018\/11\/skupstina-grada-28novembar-2.jpg 675w\" sizes=\"(max-width: 300px) 100vw, 300px\" \/><\/a>Gradona\u010delnik Milenko \u0110akovi\u0107 napomenuo je da je u ovom slu\u010daju grad Prijedor samo dao tehni\u010dku podr\u0161ku, jer zemlji\u0161te na kori\u0161tenje dodjeljuje Ministarstvo poljoprivrede, \u0161umarstva i vodoprivrede RS. Ipak, gradona\u010delnik j naglasio da je potrebno \u0161to prije rije\u0161Iti ovaj i sli\u010dne sudske postupke, jer nerije\u0161ena imovinsko-pravna pitanja ko\u010de dalji razvoj grada.<\/p>\n<p>-Ja imam nezvani\u010dne informacije da je dio sudskih postupaka, u koje ulazi i zemlji\u0161te namijenjeno za industrijske zone, jo\u0161 uvijek u dugim procesima. \u017delimo da se to \u0161to prije privede kraju. Jer mi \u0107emo veoma bRzo imati potrebu za jo\u0161 zemlji\u0161ta za potrebe privrede &#8211; ka\u017ee \u0110akovi\u0107.<\/p>\n<p>Odbornici su, izme\u0111u ostalog, usvojili i prijedlog zaklju\u010dka o utvr\u0111ivanju Zoning plana ju\u017enog dijele urbanog podru\u010dja Prijedora. Usvojen je i Akcioni plan za spre\u010davanje i suzbijanje maloljetni\u010dke delinkvencije za period 2018-2019. Pored toga, treba napomenuti da je Dalibor Pavlovi\u0107 novi \u0161ef kluba odbornika SNSD-a. Do sad je tu funkciju obavljao Dragoslav Kabi\u0107, koji \u0107e u naredne \u010detiri godine biti poslanik u Narodnoj skup\u0161tini RS.<\/p>\n<p><a href=\"https:\/\/www.prijedordanas.com\/wp-content\/uploads\/2018\/11\/skupstina-grada-28novembar-3.jpg\"><img loading=\"lazy\" decoding=\"async\" class=\"alignleft size-medium wp-image-116812\" src=\"https:\/\/www.prijedordanas.com\/wp-content\/uploads\/2018\/11\/skupstina-grada-28novembar-3-300x199.jpg\" alt=\"\" width=\"300\" height=\"199\" srcset=\"https:\/\/www.prijedordanas.com\/wp-content\/uploads\/2018\/11\/skupstina-grada-28novembar-3-300x199.jpg 300w, https:\/\/www.prijedordanas.com\/wp-content\/uploads\/2018\/11\/skupstina-grada-28novembar-3-100x66.jpg 100w, https:\/\/www.prijedordanas.com\/wp-content\/uploads\/2018\/11\/skupstina-grada-28novembar-3-480x320.jpg 480w, https:\/\/www.prijedordanas.com\/wp-content\/uploads\/2018\/11\/skupstina-grada-28novembar-3.jpg 600w\" sizes=\"(max-width: 300px) 100vw, 300px\" \/><\/a>Usvojen Izvje\u0161taj o realizaciji Plana kapitalnih investicija za 2017.<\/p>\n<p>Planom kapitalnih investicija grada Prijedora za 2017.godinu bila je predvi\u0111ena realizacija 103 projekta,a realizovano je ili se kontinuirano realizuje 62 projekta \u0161to pokazuje 54 odsto ostvarenja planiranih projekata. Iz izvje\u0161taju gradskog Odjeljenja za privredu i poljoprivredu te Odsjeka za strate\u0161ko planiranje navedeno je da je ukupno bilo planirano 34.431.634 KM, a da je realizovano oko 9.438.168 KM odnosno oko 27,41 odsto sredstava u odnosu na plan.<\/p>\n<p>&#8220;Od tih sredstava, najvi\u0161e je obezbije\u0111eno iz bud\u017eeta grada, ta\u010dnije 3.396.573 KM, dio od 1.085.751 KM su kreditna sredstva, a sa nivoa Republike Srpske 2.563.136 KM, dok su ostala sredstva obezbije\u0111ena preko javnih preduze\u0107a, privatnih izvora, projekata EU i donatora&#8221;, navodi se u izvje\u0161taju koji su odbornici Skup\u0161tine grada usvojili na dana\u0161njoj 20. sjednici.<\/p>\n<p><a href=\"https:\/\/www.prijedordanas.com\/wp-content\/uploads\/2018\/11\/skupstina-grada-28novembar-4.jpg\"><img loading=\"lazy\" decoding=\"async\" src=\"https:\/\/www.prijedordanas.com\/wp-content\/uploads\/2018\/11\/skupstina-grada-28novembar-4-300x199.jpg\" alt=\"\" width=\"300\" height=\"199\" class=\"alignleft size-medium wp-image-116813\" srcset=\"https:\/\/www.prijedordanas.com\/wp-content\/uploads\/2018\/11\/skupstina-grada-28novembar-4-300x199.jpg 300w, https:\/\/www.prijedordanas.com\/wp-content\/uploads\/2018\/11\/skupstina-grada-28novembar-4-100x66.jpg 100w, https:\/\/www.prijedordanas.com\/wp-content\/uploads\/2018\/11\/skupstina-grada-28novembar-4-480x320.jpg 480w, https:\/\/www.prijedordanas.com\/wp-content\/uploads\/2018\/11\/skupstina-grada-28novembar-4.jpg 600w\" sizes=\"(max-width: 300px) 100vw, 300px\" \/><\/a>Najvi\u0161e je realizovano projekata u dru\u0161tvenom sektoru, ta\u010dnije 14 djelimi\u010dno realizovanih i pet zavr\u0161enih projekata vrijednosti oko 6,5 miliona KM \u0161to je 40,74 odsto planiranih sredstava i \u0161to je ocijenjeno kao dobar pokazatelj obzirom da su u okviru ovog sektora sadr\u017eani projekti infrastrukturnog karaktera.<\/p>\n<p>U ekonomskom sektoru broj zapo\u010detih i u potpunosti realizovanih projekata iznosi 14,43 odsto ili 34 projekta, a u sferi za\u0161tite \u017eivotne sredine 7,12 odsto ili devet projekata.<\/p>\n<p>Ina\u010de, Plan kapitalnih investicija usvojen je za period 2015-2017.godine i predvidio je realizaciju 150 projekata, i to 55 u ekonomskom, 53 u dru\u0161tvenom i 42 u sektoru za\u0161tite \u017eivotne sredine, ukupne vrijednosti 140.712.100 KM.<\/p>\n<p>Odbornici su na zasjedanju usvojili Izvje\u0161taj o radu Privrednog savjeta grada za 2017.godinu, o radu Dje\u010dijeg vrti\u0107a &#8221; Radost&#8221; te Akcioni plan za spre\u010davanje i suzbijanje maloljetni\u010dke delinkvencije.<br \/>\nO obrazovanju<\/p>\n<p>Od 2006. do 2018.godine , broj u\u010denika u danaest prijedorskih osnovnih \u0161kola manji je za 2051 u\u010denika, a u \u0161est srednjih za 3237 u\u010denika. U Informaciji o \u0161kolskoj 2017\/18.godine koja se danas na\u0161la pred odbornicima Skup\u0161tine grada navedeno je da su dugogodi\u0161nja ekonomska kriza, pad nataliteta, negativna stopa prirodnog prira\u0161taja , nezaposlenost mladih, migracija stanovni\u0161tva osnovni faktori koji su statisti\u010dki uveli Prijedor u podru\u010dje nepovoljne demografske strukture.<\/p>\n<p>&#8220;Samo u \u0161kolskoj 2017\/18. godini broj u\u010denika je manji za 385 u\u010denika, i to u osnovnim \u0161kolama za 167,a u srednjim \u0161kolama za 218 u\u010denika, tako da se taj negativni trend godinama nastavlja&#8221;, navedeno je u ovoj Izvje\u0161taju.<\/p>\n<p>Prosje\u010dna ostvarena srednja ocjena 5338 upisanih osnovaca tokom \u0161kolske 2017\/18. godine je iznosila 4,0 dok je kod 2517 srednjo\u0161kolaca ona iznosila 3,77.<\/p>\n<p>Ukupan broj opravdanih i neopravdanih izostanaka kod osnovaca iznosio je 184.155 \u0161to je u pore\u0111enju sa prethodnom godinom manje za 3,75 odsto, a \u0161to je jo\u0161 va\u017enije je da je broj neopravdanih izostanaka iznosio 0,69 odsto ukupnih izostanaka. Kod srednjo\u0161kolaca broj je izostanak je 150.677.<\/p>\n<p>&#8220;Osnovni razlog izostanaka je \u0161to su od ukupno upisanih 2517.u\u010denika, njih 1380 ili 54,82 odsto \u0111aci -putnici od kojih ve\u0107ina putuje du\u017ee od \u010detiri kilometara \u0161to je \u010desto uzrok ka\u0161njenja ili izostajanja sa nastave&#8221; navodi se u Izvje\u0161taju Odjeljenja za dru\u0161tvene djelatnosti.<\/p>\n<p>Odbornici su se nakon rasprave povodom ovog izvje\u0161taja slo\u017eili da je i dalje potrebno pratiti uslove rada u ustanovama obrazovanja, obezbijediti sredstva za izgradnju nedostaju\u0107e infrastrukture u \u0161kolama, njihovu rekonstrukciju , sanaciju i adaptaciju, opremanje \u0161kola kao i pobolj\u0161ati u\u010deni\u010dki, kao i standard prosvjetnih radnika.<\/p>\n<p>Me\u0111utim, svi su bili slo\u017eni u ocjeni da se mora predlo\u017eiti set mjera za pobo\u0161ljanje populacione politike Republike Srpske u narednom periodu kako bi se najavljeni novi trend porasta broja u\u010denika u teku\u0107oj \u0161kolskoj 2018\/19.godini od 30 u osnovnim i 50 u srednjim \u0161kolama dalje nastavio.<\/p>\n<p>Razrije\u0161en Tihomir Timarac<\/p>\n<p>Odbornici Skup\u0161tine grada Prijedora razrije\u0161ili su danas na 20. zasjedanju , na prijedlog gradona\u010delnika Milenka \u0110akovi\u0107a, Tihomira Timarca vr\u0161ioca du\u017enosti na\u010delnika Odjeljenja za saobra\u0107aj , komunalne poslove i za\u0161titu \u017eivotne sredine i imovinsko-stambene poslove.<\/p>\n<p>O ovoj ta\u010dki dnevnog reda, osim pitanja \u0161efa Kluba odbornika SDS-a Radenka Stijepi\u0107a, \u0161ta je razlog razrje\u0161enja, rasprave nije bilo.<\/p>\n<p>Odbornicima je pro\u010ditano obavje\u0161tenje da, budu\u0107i da je Timarcu istakao tre\u0107i tromjese\u010dni period obavljanja funkcije vr\u0161ioca du\u017enosti na\u010delnika ovog odjeljenja, povu\u010dena slijede\u0107a ta\u010dka dnevnog reda kojom je bilo predvi\u0111eno dono\u0161enje Rje\u0161enja o njegovom ponovnom imenovanju za vr\u0161ioca du\u017enosti na\u010delnika odjeljenja.<\/p>\n<p>&#8220;Poslove rukovo\u0111enja Odjeljenja za saobra\u0107aj, komunalne poslove i za\u0161titu \u017eivotne sredine i imovinsko-stambene poslove \u0107e obavljati gradona\u010delnik od dana razrje\u0161enja Tihomira Timarca do imenovanja novog na\u010delnika Odjeljenja&#8221;, navedeno je u ovom obavje\u0161tenju.<\/p>\n<p>Tihomir Timarac, ina\u010de diplomirani in\u017eenjer gra\u0111evinarstva imenovan je na ovu du\u017enost 7.marta 2018.godine nakon \u0161to je na prijedlog gradona\u010delnika, Skup\u0161tina grada na 15.zasjedanju smijenila tada\u0161njeg na\u010delnika Radana Vukadinovi\u0107a.<\/p>\n<p>www.prijedorgrad.org<\/p>\n","protected":false},"excerpt":{"rendered":"<p>Danas je odr\u017ean nastavak 20. sjednice Skup\u0161tine grada Prijedora, a pred odbornicima se na\u0161lo 19 ta\u010daka dnevnog reda. Posebnu pa\u017enju privukla je informacija o dodjeli u zakup poljoprivrednog zemlji\u0161ta u [&hellip;]<\/p>\n","protected":false},"author":1,"featured_media":0,"comment_status":"closed","ping_status":"open","sticky":false,"template":"","format":"standard","meta":{"_monsterinsights_skip_tracking":false,"_monsterinsights_sitenote_active":false,"_monsterinsights_sitenote_note":"","_monsterinsights_sitenote_category":0,"footnotes":""},"categories":[4],"tags":[],"yoast_head":"<!-- This site is optimized with the Yoast SEO plugin v21.6 - https:\/\/yoast.com\/wordpress\/plugins\/seo\/ -->\n<title>ODR\u017dAN NASTAVAK 20.SJEDNICE SKUP\u0160TINE GRADA PRIJEDORA: RAZRIJE\u0160EN TIHOMIR TIMARAC - PrijedorDanas.com - Prijedorski gradski portal<\/title>\n<meta name=\"robots\" content=\"index, follow, max-snippet:-1, max-image-preview:large, max-video-preview:-1\" \/>\n<link rel=\"canonical\" href=\"https:\/\/www.prijedordanas.com\/?p=116809\" \/>\n<meta property=\"og:locale\" content=\"en_US\" \/>\n<meta property=\"og:type\" content=\"article\" \/>\n<meta property=\"og:title\" content=\"ODR\u017dAN NASTAVAK 20.SJEDNICE SKUP\u0160TINE GRADA PRIJEDORA: RAZRIJE\u0160EN TIHOMIR TIMARAC - PrijedorDanas.com - Prijedorski gradski portal\" \/>\n<meta property=\"og:description\" content=\"Danas je odr\u017ean nastavak 20. sjednice Skup\u0161tine grada Prijedora, a pred odbornicima se na\u0161lo 19 ta\u010daka dnevnog reda. Posebnu pa\u017enju privukla je informacija o dodjeli u zakup poljoprivrednog zemlji\u0161ta u [&hellip;]\" \/>\n<meta property=\"og:url\" content=\"https:\/\/www.prijedordanas.com\/?p=116809\" \/>\n<meta property=\"og:site_name\" content=\"PrijedorDanas.com - Prijedorski gradski portal\" \/>\n<meta property=\"article:publisher\" content=\"https:\/\/www.facebook.com\/PrijedorDanasCom\/\" \/>\n<meta property=\"article:published_time\" content=\"2018-11-28T22:15:59+00:00\" \/>\n<meta property=\"og:image\" content=\"https:\/\/www.prijedordanas.com\/wp-content\/uploads\/2018\/11\/skupstina-grada-28novembar-1-300x217.jpg\" \/>\n<meta name=\"author\" content=\"admin\" \/>\n<meta name=\"twitter:card\" content=\"summary_large_image\" \/>\n<meta name=\"twitter:label1\" content=\"Written by\" \/>\n\t<meta name=\"twitter:data1\" content=\"admin\" \/>\n\t<meta name=\"twitter:label2\" content=\"Est. reading time\" \/>\n\t<meta name=\"twitter:data2\" content=\"6 minutes\" \/>\n<script type=\"application\/ld+json\" class=\"yoast-schema-graph\">{\"@context\":\"https:\/\/schema.org\",\"@graph\":[{\"@type\":\"Article\",\"@id\":\"https:\/\/www.prijedordanas.com\/?p=116809#article\",\"isPartOf\":{\"@id\":\"https:\/\/www.prijedordanas.com\/?p=116809\"},\"author\":{\"name\":\"admin\",\"@id\":\"https:\/\/www.prijedordanas.com\/#\/schema\/person\/4e08ccf29b506ca916ff86d46bb700e6\"},\"headline\":\"ODR\u017dAN NASTAVAK 20.SJEDNICE SKUP\u0160TINE GRADA PRIJEDORA: RAZRIJE\u0160EN TIHOMIR TIMARAC\",\"datePublished\":\"2018-11-28T22:15:59+00:00\",\"dateModified\":\"2018-11-28T22:15:59+00:00\",\"mainEntityOfPage\":{\"@id\":\"https:\/\/www.prijedordanas.com\/?p=116809\"},\"wordCount\":1121,\"publisher\":{\"@id\":\"https:\/\/www.prijedordanas.com\/#organization\"},\"articleSection\":[\"Dru\u0161tvo\"],\"inLanguage\":\"en-US\"},{\"@type\":\"WebPage\",\"@id\":\"https:\/\/www.prijedordanas.com\/?p=116809\",\"url\":\"https:\/\/www.prijedordanas.com\/?p=116809\",\"name\":\"ODR\u017dAN NASTAVAK 20.SJEDNICE SKUP\u0160TINE GRADA PRIJEDORA: RAZRIJE\u0160EN TIHOMIR TIMARAC - PrijedorDanas.com - Prijedorski gradski portal\",\"isPartOf\":{\"@id\":\"https:\/\/www.prijedordanas.com\/#website\"},\"datePublished\":\"2018-11-28T22:15:59+00:00\",\"dateModified\":\"2018-11-28T22:15:59+00:00\",\"breadcrumb\":{\"@id\":\"https:\/\/www.prijedordanas.com\/?p=116809#breadcrumb\"},\"inLanguage\":\"en-US\",\"potentialAction\":[{\"@type\":\"ReadAction\",\"target\":[\"https:\/\/www.prijedordanas.com\/?p=116809\"]}]},{\"@type\":\"BreadcrumbList\",\"@id\":\"https:\/\/www.prijedordanas.com\/?p=116809#breadcrumb\",\"itemListElement\":[{\"@type\":\"ListItem\",\"position\":1,\"name\":\"Home\",\"item\":\"https:\/\/www.prijedordanas.com\/\"},{\"@type\":\"ListItem\",\"position\":2,\"name\":\"ODR\u017dAN NASTAVAK 20.SJEDNICE SKUP\u0160TINE GRADA PRIJEDORA: RAZRIJE\u0160EN TIHOMIR TIMARAC\"}]},{\"@type\":\"WebSite\",\"@id\":\"https:\/\/www.prijedordanas.com\/#website\",\"url\":\"https:\/\/www.prijedordanas.com\/\",\"name\":\"PrijedorDanas.com - Prijedorski gradski portal\",\"description\":\"Portal o doga\u0111anjima u gradu Prijedoru\",\"publisher\":{\"@id\":\"https:\/\/www.prijedordanas.com\/#organization\"},\"potentialAction\":[{\"@type\":\"SearchAction\",\"target\":{\"@type\":\"EntryPoint\",\"urlTemplate\":\"https:\/\/www.prijedordanas.com\/?s={search_term_string}\"},\"query-input\":\"required name=search_term_string\"}],\"inLanguage\":\"en-US\"},{\"@type\":\"Organization\",\"@id\":\"https:\/\/www.prijedordanas.com\/#organization\",\"name\":\"PrijedorDanas.com\",\"url\":\"https:\/\/www.prijedordanas.com\/\",\"logo\":{\"@type\":\"ImageObject\",\"inLanguage\":\"en-US\",\"@id\":\"https:\/\/www.prijedordanas.com\/#\/schema\/logo\/image\/\",\"url\":\"http:\/\/www.prijedordanas.com\/wp-content\/uploads\/2021\/12\/logopng.png\",\"contentUrl\":\"http:\/\/www.prijedordanas.com\/wp-content\/uploads\/2021\/12\/logopng.png\",\"width\":1019,\"height\":776,\"caption\":\"PrijedorDanas.com\"},\"image\":{\"@id\":\"https:\/\/www.prijedordanas.com\/#\/schema\/logo\/image\/\"},\"sameAs\":[\"https:\/\/www.facebook.com\/PrijedorDanasCom\/\"]},{\"@type\":\"Person\",\"@id\":\"https:\/\/www.prijedordanas.com\/#\/schema\/person\/4e08ccf29b506ca916ff86d46bb700e6\",\"name\":\"admin\",\"image\":{\"@type\":\"ImageObject\",\"inLanguage\":\"en-US\",\"@id\":\"https:\/\/www.prijedordanas.com\/#\/schema\/person\/image\/\",\"url\":\"https:\/\/secure.gravatar.com\/avatar\/1d3fc949d550f0b53a5f0d51e06dfd79?s=96&d=mm&r=g\",\"contentUrl\":\"https:\/\/secure.gravatar.com\/avatar\/1d3fc949d550f0b53a5f0d51e06dfd79?s=96&d=mm&r=g\",\"caption\":\"admin\"},\"url\":\"https:\/\/www.prijedordanas.com\/?author=1\"}]}<\/script>\n<!-- \/ Yoast SEO plugin. -->","yoast_head_json":{"title":"ODR\u017dAN NASTAVAK 20.SJEDNICE SKUP\u0160TINE GRADA PRIJEDORA: RAZRIJE\u0160EN TIHOMIR TIMARAC - PrijedorDanas.com - Prijedorski gradski portal","robots":{"index":"index","follow":"follow","max-snippet":"max-snippet:-1","max-image-preview":"max-image-preview:large","max-video-preview":"max-video-preview:-1"},"canonical":"https:\/\/www.prijedordanas.com\/?p=116809","og_locale":"en_US","og_type":"article","og_title":"ODR\u017dAN NASTAVAK 20.SJEDNICE SKUP\u0160TINE GRADA PRIJEDORA: RAZRIJE\u0160EN TIHOMIR TIMARAC - PrijedorDanas.com - Prijedorski gradski portal","og_description":"Danas je odr\u017ean nastavak 20. sjednice Skup\u0161tine grada Prijedora, a pred odbornicima se na\u0161lo 19 ta\u010daka dnevnog reda. Posebnu pa\u017enju privukla je informacija o dodjeli u zakup poljoprivrednog zemlji\u0161ta u [&hellip;]","og_url":"https:\/\/www.prijedordanas.com\/?p=116809","og_site_name":"PrijedorDanas.com - Prijedorski gradski portal","article_publisher":"https:\/\/www.facebook.com\/PrijedorDanasCom\/","article_published_time":"2018-11-28T22:15:59+00:00","og_image":[{"url":"https:\/\/www.prijedordanas.com\/wp-content\/uploads\/2018\/11\/skupstina-grada-28novembar-1-300x217.jpg"}],"author":"admin","twitter_card":"summary_large_image","twitter_misc":{"Written by":"admin","Est. reading time":"6 minutes"},"schema":{"@context":"https:\/\/schema.org","@graph":[{"@type":"Article","@id":"https:\/\/www.prijedordanas.com\/?p=116809#article","isPartOf":{"@id":"https:\/\/www.prijedordanas.com\/?p=116809"},"author":{"name":"admin","@id":"https:\/\/www.prijedordanas.com\/#\/schema\/person\/4e08ccf29b506ca916ff86d46bb700e6"},"headline":"ODR\u017dAN NASTAVAK 20.SJEDNICE SKUP\u0160TINE GRADA PRIJEDORA: RAZRIJE\u0160EN TIHOMIR TIMARAC","datePublished":"2018-11-28T22:15:59+00:00","dateModified":"2018-11-28T22:15:59+00:00","mainEntityOfPage":{"@id":"https:\/\/www.prijedordanas.com\/?p=116809"},"wordCount":1121,"publisher":{"@id":"https:\/\/www.prijedordanas.com\/#organization"},"articleSection":["Dru\u0161tvo"],"inLanguage":"en-US"},{"@type":"WebPage","@id":"https:\/\/www.prijedordanas.com\/?p=116809","url":"https:\/\/www.prijedordanas.com\/?p=116809","name":"ODR\u017dAN NASTAVAK 20.SJEDNICE SKUP\u0160TINE GRADA PRIJEDORA: RAZRIJE\u0160EN TIHOMIR TIMARAC - PrijedorDanas.com - Prijedorski gradski portal","isPartOf":{"@id":"https:\/\/www.prijedordanas.com\/#website"},"datePublished":"2018-11-28T22:15:59+00:00","dateModified":"2018-11-28T22:15:59+00:00","breadcrumb":{"@id":"https:\/\/www.prijedordanas.com\/?p=116809#breadcrumb"},"inLanguage":"en-US","potentialAction":[{"@type":"ReadAction","target":["https:\/\/www.prijedordanas.com\/?p=116809"]}]},{"@type":"BreadcrumbList","@id":"https:\/\/www.prijedordanas.com\/?p=116809#breadcrumb","itemListElement":[{"@type":"ListItem","position":1,"name":"Home","item":"https:\/\/www.prijedordanas.com\/"},{"@type":"ListItem","position":2,"name":"ODR\u017dAN NASTAVAK 20.SJEDNICE SKUP\u0160TINE GRADA PRIJEDORA: RAZRIJE\u0160EN TIHOMIR TIMARAC"}]},{"@type":"WebSite","@id":"https:\/\/www.prijedordanas.com\/#website","url":"https:\/\/www.prijedordanas.com\/","name":"PrijedorDanas.com - Prijedorski gradski portal","description":"Portal o doga\u0111anjima u gradu Prijedoru","publisher":{"@id":"https:\/\/www.prijedordanas.com\/#organization"},"potentialAction":[{"@type":"SearchAction","target":{"@type":"EntryPoint","urlTemplate":"https:\/\/www.prijedordanas.com\/?s={search_term_string}"},"query-input":"required name=search_term_string"}],"inLanguage":"en-US"},{"@type":"Organization","@id":"https:\/\/www.prijedordanas.com\/#organization","name":"PrijedorDanas.com","url":"https:\/\/www.prijedordanas.com\/","logo":{"@type":"ImageObject","inLanguage":"en-US","@id":"https:\/\/www.prijedordanas.com\/#\/schema\/logo\/image\/","url":"http:\/\/www.prijedordanas.com\/wp-content\/uploads\/2021\/12\/logopng.png","contentUrl":"http:\/\/www.prijedordanas.com\/wp-content\/uploads\/2021\/12\/logopng.png","width":1019,"height":776,"caption":"PrijedorDanas.com"},"image":{"@id":"https:\/\/www.prijedordanas.com\/#\/schema\/logo\/image\/"},"sameAs":["https:\/\/www.facebook.com\/PrijedorDanasCom\/"]},{"@type":"Person","@id":"https:\/\/www.prijedordanas.com\/#\/schema\/person\/4e08ccf29b506ca916ff86d46bb700e6","name":"admin","image":{"@type":"ImageObject","inLanguage":"en-US","@id":"https:\/\/www.prijedordanas.com\/#\/schema\/person\/image\/","url":"https:\/\/secure.gravatar.com\/avatar\/1d3fc949d550f0b53a5f0d51e06dfd79?s=96&d=mm&r=g","contentUrl":"https:\/\/secure.gravatar.com\/avatar\/1d3fc949d550f0b53a5f0d51e06dfd79?s=96&d=mm&r=g","caption":"admin"},"url":"https:\/\/www.prijedordanas.com\/?author=1"}]}},"_links":{"self":[{"href":"https:\/\/www.prijedordanas.com\/index.php?rest_route=\/wp\/v2\/posts\/116809"}],"collection":[{"href":"https:\/\/www.prijedordanas.com\/index.php?rest_route=\/wp\/v2\/posts"}],"about":[{"href":"https:\/\/www.prijedordanas.com\/index.php?rest_route=\/wp\/v2\/types\/post"}],"author":[{"embeddable":true,"href":"https:\/\/www.prijedordanas.com\/index.php?rest_route=\/wp\/v2\/users\/1"}],"replies":[{"embeddable":true,"href":"https:\/\/www.prijedordanas.com\/index.php?rest_route=%2Fwp%2Fv2%2Fcomments&post=116809"}],"version-history":[{"count":1,"href":"https:\/\/www.prijedordanas.com\/index.php?rest_route=\/wp\/v2\/posts\/116809\/revisions"}],"predecessor-version":[{"id":116814,"href":"https:\/\/www.prijedordanas.com\/index.php?rest_route=\/wp\/v2\/posts\/116809\/revisions\/116814"}],"wp:attachment":[{"href":"https:\/\/www.prijedordanas.com\/index.php?rest_route=%2Fwp%2Fv2%2Fmedia&parent=116809"}],"wp:term":[{"taxonomy":"category","embeddable":true,"href":"https:\/\/www.prijedordanas.com\/index.php?rest_route=%2Fwp%2Fv2%2Fcategories&post=116809"},{"taxonomy":"post_tag","embeddable":true,"href":"https:\/\/www.prijedordanas.com\/index.php?rest_route=%2Fwp%2Fv2%2Ftags&post=116809"}],"curies":[{"name":"wp","href":"https:\/\/api.w.org\/{rel}","templated":true}]}}