{"id":116774,"date":"2018-11-28T10:46:48","date_gmt":"2018-11-28T09:46:48","guid":{"rendered":"https:\/\/www.prijedordanas.com\/?p=116774"},"modified":"2018-11-28T10:46:48","modified_gmt":"2018-11-28T09:46:48","slug":"presedan-u-pravosudu-srpske-istragu-u-predmetu-dragicevic-preuzima-prijedor","status":"publish","type":"post","link":"https:\/\/www.prijedordanas.com\/?p=116774","title":{"rendered":"PRESEDAN U PRAVOSU\u0110U SRPSKE: ISTRAGU U PREDMETU \u201cDRAGI\u010cEVI\u0106\u201d PREUZIMA PRIJEDOR"},"content":{"rendered":"<p><a href=\"https:\/\/www.prijedordanas.com\/wp-content\/uploads\/2018\/11\/blic-pravda-za-davida-davor-dragicevic.jpg\"><img loading=\"lazy\" decoding=\"async\" src=\"https:\/\/www.prijedordanas.com\/wp-content\/uploads\/2018\/11\/blic-pravda-za-davida-davor-dragicevic-300x224.jpg\" alt=\"\" width=\"300\" height=\"224\" class=\"alignleft size-medium wp-image-116775\" srcset=\"https:\/\/www.prijedordanas.com\/wp-content\/uploads\/2018\/11\/blic-pravda-za-davida-davor-dragicevic-300x224.jpg 300w, https:\/\/www.prijedordanas.com\/wp-content\/uploads\/2018\/11\/blic-pravda-za-davida-davor-dragicevic-100x75.jpg 100w, https:\/\/www.prijedordanas.com\/wp-content\/uploads\/2018\/11\/blic-pravda-za-davida-davor-dragicevic-640x480.jpg 640w, https:\/\/www.prijedordanas.com\/wp-content\/uploads\/2018\/11\/blic-pravda-za-davida-davor-dragicevic.jpg 670w\" sizes=\"(max-width: 300px) 100vw, 300px\" \/><\/a>Glavni republi\u010dki javni tu\u017eilac Mahmut \u0160vraka naredio je Okru\u017enom javnom tu\u017eila\u0161tvu u Prijedoru da preuzme istragu protiv Davora Dragi\u010devi\u0107a, oca ubijenog Davida Dragi\u010devi\u0107a, u slu\u010daju ugro\u017eavanja bezbjednosti slu\u017ebenicima MUP RS.<\/p>\n<p>U prijedorskom tu\u017eila\u0161tvu kratko su potvrdili ovu informaciju uz komentar da je Dragi\u010devi\u0107 pozvan na saslu\u0161anje 3. decembra ove godine u predmetu ugro\u017eavanja bezbjednosti ministra unutra\u0161njih poslova RS Dragana Luka\u010da i na\u010delnika Uprave za organizovani i te\u0161ki kriminalitet MUP RS Darka Ili\u0107a.<\/p>\n<p>Srpskainfo saznaje da je ovakva odluka donesena nakon \u0161to su se iz banjalu\u010dkog tu\u017eila\u0161tva po\u017ealili da su pod velikim pritiskom zbog predmeta \u201eDragi\u010devi\u0107\u201c.<\/p>\n<p>Me\u0111utim, zvani\u010dan odgovor banjalu\u010dkog tu\u017eila\u0161tva glasi da su tra\u017eili delegiranja predmeta zbog \u017eelje da budu nepristrasni.<\/p>\n<p>\u2013 Kako ovo tu\u017eila\u0161tvo ve\u0107 vodi istragu za po\u010dinjeno krivi\u010dno djelo ubistva na \u0161tetu Davida Dragi\u010devi\u0107a, a iz razloga da ne bi do\u0161la u sumnju nepristrasnost ovog tu\u017eila\u0161tva, predmet protiv gra\u0111anina Davora Dragi\u010devi\u0107a je proslije\u0111en Republi\u010dkom javnom tu\u017eila\u0161tvu, na delegiranje drugog tu\u017eila\u0161tva za postupanje \u2013 naveli su u odgovoru iz OJT Banjaluka.<\/p>\n<p>Iz dokumentacije koja je u posjedu Srpskainfo jasno se vidi da \u0107e istragu protiv Dragi\u010devi\u0107a u slu\u010daju ugro\u017eavanja bezbjednosti voditi najmla\u0111e tu\u017eila\u0161tvo u Republici Srpskoj.<\/p>\n<p>\u2013 Ovo je svojevrsni presedan u pravosu\u0111u Republike Srpske. Prema va\u017ee\u0107em zakonu glavni republi\u010dki tu\u017eilac Mahmut \u0160vraka mo\u017ee delegirati bilo koji predmet, bilo kojem tu\u017eila\u0161tvu u Republici Srpskoj, pa je tako predmet po prijavi MUP RS protiv Davora Dragi\u010devi\u0107a dodijelio Okru\u017enom javnom tu\u017eila\u0161tvu u Prijedoru, a nakon tra\u017eenja banjalu\u010dkog tu\u017eila\u0161tva \u2013 objasnio je izvor Srpskainfo iz pravosu\u0111a.<\/p>\n<p>Advokat Ifet Feraget potvrdio je da se radi o presedanu.<\/p>\n<p>\u2013 Svaki \u010dastan tu\u017eilac bi trebao re\u0107i da ne \u017eeli u\u010destvovati u tom predmetu. Za\u0161to nisu delegirani predmeti protiv drugih osoba koje su tako\u0111e povezane sa slu\u010dajem Davida Dragi\u010devi\u0107a \u2013 upitao je Feraget i dodao da je motiv svega o\u010digledan, a to je da se za\u010depe usta Davoru Dragi\u010devi\u0107u.<\/p>\n<p>I dok je Feraget javno govorio o presedanu, ve\u0107ina pravnika sa kojima smo razgovarali ipak je u prvi plan istakla da ne \u017eele zvani\u010dno komentarisati poteze Republi\u010dkog javnog tu\u017eila\u0161tva, jer se radi o \u201evru\u0107em krompiru\u201c. Dodali su kako ovakvi potezi ne idu u prilog povjerenja javnosti u rad pravosu\u0111a.<\/p>\n<p>\u2013 Okru\u017eno javno tu\u017eila\u0161tvo Banjaluka ima dovoljan broj zaposlenih tu\u017eilaca, pa sigurno nije u pitanju nepristrasan rad- izjavio je pravnik koji je zamolio da mu ne navodimo ime.<\/p>\n<p>Dodaje kako je i ranije bilo delegiranja predmeta, ali su bili navedeni uslovi kada se to mo\u017ee uraditi.<\/p>\n<p>-Ranije se znalo da ukoliko se naprimjer sudija pojavljuje kao stranka u postupku, da mu ne mo\u017ee suditi institucija u kojoj je taj sudija radio, ali ovo su sada novi momenti \u2013 objasnio je pravnik.<br \/>\neuroBlic-srpskainfo.com<\/p>\n","protected":false},"excerpt":{"rendered":"<p>Glavni republi\u010dki javni tu\u017eilac Mahmut \u0160vraka naredio je Okru\u017enom javnom tu\u017eila\u0161tvu u Prijedoru da preuzme istragu protiv Davora Dragi\u010devi\u0107a, oca ubijenog Davida Dragi\u010devi\u0107a, u slu\u010daju ugro\u017eavanja bezbjednosti slu\u017ebenicima MUP RS. [&hellip;]<\/p>\n","protected":false},"author":1,"featured_media":0,"comment_status":"closed","ping_status":"open","sticky":false,"template":"","format":"standard","meta":{"_monsterinsights_skip_tracking":false,"_monsterinsights_sitenote_active":false,"_monsterinsights_sitenote_note":"","_monsterinsights_sitenote_category":0,"footnotes":""},"categories":[4],"tags":[],"yoast_head":"<!-- This site is optimized with the Yoast SEO plugin v21.6 - https:\/\/yoast.com\/wordpress\/plugins\/seo\/ -->\n<title>PRESEDAN U PRAVOSU\u0110U SRPSKE: ISTRAGU U PREDMETU \u201cDRAGI\u010cEVI\u0106\u201d PREUZIMA PRIJEDOR - PrijedorDanas.com - Prijedorski gradski portal<\/title>\n<meta name=\"robots\" content=\"index, follow, max-snippet:-1, max-image-preview:large, max-video-preview:-1\" \/>\n<link rel=\"canonical\" href=\"https:\/\/www.prijedordanas.com\/?p=116774\" \/>\n<meta property=\"og:locale\" content=\"en_US\" \/>\n<meta property=\"og:type\" content=\"article\" \/>\n<meta property=\"og:title\" content=\"PRESEDAN U PRAVOSU\u0110U SRPSKE: ISTRAGU U PREDMETU \u201cDRAGI\u010cEVI\u0106\u201d PREUZIMA PRIJEDOR - PrijedorDanas.com - Prijedorski gradski portal\" \/>\n<meta property=\"og:description\" content=\"Glavni republi\u010dki javni tu\u017eilac Mahmut \u0160vraka naredio je Okru\u017enom javnom tu\u017eila\u0161tvu u Prijedoru da preuzme istragu protiv Davora Dragi\u010devi\u0107a, oca ubijenog Davida Dragi\u010devi\u0107a, u slu\u010daju ugro\u017eavanja bezbjednosti slu\u017ebenicima MUP RS. [&hellip;]\" \/>\n<meta property=\"og:url\" content=\"https:\/\/www.prijedordanas.com\/?p=116774\" \/>\n<meta property=\"og:site_name\" content=\"PrijedorDanas.com - Prijedorski gradski portal\" \/>\n<meta property=\"article:publisher\" content=\"https:\/\/www.facebook.com\/PrijedorDanasCom\/\" \/>\n<meta property=\"article:published_time\" content=\"2018-11-28T09:46:48+00:00\" \/>\n<meta property=\"og:image\" content=\"https:\/\/www.prijedordanas.com\/wp-content\/uploads\/2018\/11\/blic-pravda-za-davida-davor-dragicevic-300x224.jpg\" \/>\n<meta name=\"author\" content=\"admin\" \/>\n<meta name=\"twitter:card\" content=\"summary_large_image\" \/>\n<meta name=\"twitter:label1\" content=\"Written by\" \/>\n\t<meta name=\"twitter:data1\" content=\"admin\" \/>\n\t<meta name=\"twitter:label2\" content=\"Est. reading time\" \/>\n\t<meta name=\"twitter:data2\" content=\"3 minutes\" \/>\n<script type=\"application\/ld+json\" class=\"yoast-schema-graph\">{\"@context\":\"https:\/\/schema.org\",\"@graph\":[{\"@type\":\"Article\",\"@id\":\"https:\/\/www.prijedordanas.com\/?p=116774#article\",\"isPartOf\":{\"@id\":\"https:\/\/www.prijedordanas.com\/?p=116774\"},\"author\":{\"name\":\"admin\",\"@id\":\"https:\/\/www.prijedordanas.com\/#\/schema\/person\/4e08ccf29b506ca916ff86d46bb700e6\"},\"headline\":\"PRESEDAN U PRAVOSU\u0110U SRPSKE: ISTRAGU U PREDMETU \u201cDRAGI\u010cEVI\u0106\u201d PREUZIMA PRIJEDOR\",\"datePublished\":\"2018-11-28T09:46:48+00:00\",\"dateModified\":\"2018-11-28T09:46:48+00:00\",\"mainEntityOfPage\":{\"@id\":\"https:\/\/www.prijedordanas.com\/?p=116774\"},\"wordCount\":540,\"publisher\":{\"@id\":\"https:\/\/www.prijedordanas.com\/#organization\"},\"articleSection\":[\"Dru\u0161tvo\"],\"inLanguage\":\"en-US\"},{\"@type\":\"WebPage\",\"@id\":\"https:\/\/www.prijedordanas.com\/?p=116774\",\"url\":\"https:\/\/www.prijedordanas.com\/?p=116774\",\"name\":\"PRESEDAN U PRAVOSU\u0110U SRPSKE: ISTRAGU U PREDMETU \u201cDRAGI\u010cEVI\u0106\u201d PREUZIMA PRIJEDOR - PrijedorDanas.com - Prijedorski gradski portal\",\"isPartOf\":{\"@id\":\"https:\/\/www.prijedordanas.com\/#website\"},\"datePublished\":\"2018-11-28T09:46:48+00:00\",\"dateModified\":\"2018-11-28T09:46:48+00:00\",\"breadcrumb\":{\"@id\":\"https:\/\/www.prijedordanas.com\/?p=116774#breadcrumb\"},\"inLanguage\":\"en-US\",\"potentialAction\":[{\"@type\":\"ReadAction\",\"target\":[\"https:\/\/www.prijedordanas.com\/?p=116774\"]}]},{\"@type\":\"BreadcrumbList\",\"@id\":\"https:\/\/www.prijedordanas.com\/?p=116774#breadcrumb\",\"itemListElement\":[{\"@type\":\"ListItem\",\"position\":1,\"name\":\"Home\",\"item\":\"https:\/\/www.prijedordanas.com\/\"},{\"@type\":\"ListItem\",\"position\":2,\"name\":\"PRESEDAN U PRAVOSU\u0110U SRPSKE: ISTRAGU U PREDMETU \u201cDRAGI\u010cEVI\u0106\u201d PREUZIMA PRIJEDOR\"}]},{\"@type\":\"WebSite\",\"@id\":\"https:\/\/www.prijedordanas.com\/#website\",\"url\":\"https:\/\/www.prijedordanas.com\/\",\"name\":\"PrijedorDanas.com - Prijedorski gradski portal\",\"description\":\"Portal o doga\u0111anjima u gradu Prijedoru\",\"publisher\":{\"@id\":\"https:\/\/www.prijedordanas.com\/#organization\"},\"potentialAction\":[{\"@type\":\"SearchAction\",\"target\":{\"@type\":\"EntryPoint\",\"urlTemplate\":\"https:\/\/www.prijedordanas.com\/?s={search_term_string}\"},\"query-input\":\"required name=search_term_string\"}],\"inLanguage\":\"en-US\"},{\"@type\":\"Organization\",\"@id\":\"https:\/\/www.prijedordanas.com\/#organization\",\"name\":\"PrijedorDanas.com\",\"url\":\"https:\/\/www.prijedordanas.com\/\",\"logo\":{\"@type\":\"ImageObject\",\"inLanguage\":\"en-US\",\"@id\":\"https:\/\/www.prijedordanas.com\/#\/schema\/logo\/image\/\",\"url\":\"http:\/\/www.prijedordanas.com\/wp-content\/uploads\/2021\/12\/logopng.png\",\"contentUrl\":\"http:\/\/www.prijedordanas.com\/wp-content\/uploads\/2021\/12\/logopng.png\",\"width\":1019,\"height\":776,\"caption\":\"PrijedorDanas.com\"},\"image\":{\"@id\":\"https:\/\/www.prijedordanas.com\/#\/schema\/logo\/image\/\"},\"sameAs\":[\"https:\/\/www.facebook.com\/PrijedorDanasCom\/\"]},{\"@type\":\"Person\",\"@id\":\"https:\/\/www.prijedordanas.com\/#\/schema\/person\/4e08ccf29b506ca916ff86d46bb700e6\",\"name\":\"admin\",\"image\":{\"@type\":\"ImageObject\",\"inLanguage\":\"en-US\",\"@id\":\"https:\/\/www.prijedordanas.com\/#\/schema\/person\/image\/\",\"url\":\"https:\/\/secure.gravatar.com\/avatar\/1d3fc949d550f0b53a5f0d51e06dfd79?s=96&d=mm&r=g\",\"contentUrl\":\"https:\/\/secure.gravatar.com\/avatar\/1d3fc949d550f0b53a5f0d51e06dfd79?s=96&d=mm&r=g\",\"caption\":\"admin\"},\"url\":\"https:\/\/www.prijedordanas.com\/?author=1\"}]}<\/script>\n<!-- \/ Yoast SEO plugin. -->","yoast_head_json":{"title":"PRESEDAN U PRAVOSU\u0110U SRPSKE: ISTRAGU U PREDMETU \u201cDRAGI\u010cEVI\u0106\u201d PREUZIMA PRIJEDOR - PrijedorDanas.com - Prijedorski gradski portal","robots":{"index":"index","follow":"follow","max-snippet":"max-snippet:-1","max-image-preview":"max-image-preview:large","max-video-preview":"max-video-preview:-1"},"canonical":"https:\/\/www.prijedordanas.com\/?p=116774","og_locale":"en_US","og_type":"article","og_title":"PRESEDAN U PRAVOSU\u0110U SRPSKE: ISTRAGU U PREDMETU \u201cDRAGI\u010cEVI\u0106\u201d PREUZIMA PRIJEDOR - PrijedorDanas.com - Prijedorski gradski portal","og_description":"Glavni republi\u010dki javni tu\u017eilac Mahmut \u0160vraka naredio je Okru\u017enom javnom tu\u017eila\u0161tvu u Prijedoru da preuzme istragu protiv Davora Dragi\u010devi\u0107a, oca ubijenog Davida Dragi\u010devi\u0107a, u slu\u010daju ugro\u017eavanja bezbjednosti slu\u017ebenicima MUP RS. [&hellip;]","og_url":"https:\/\/www.prijedordanas.com\/?p=116774","og_site_name":"PrijedorDanas.com - Prijedorski gradski portal","article_publisher":"https:\/\/www.facebook.com\/PrijedorDanasCom\/","article_published_time":"2018-11-28T09:46:48+00:00","og_image":[{"url":"https:\/\/www.prijedordanas.com\/wp-content\/uploads\/2018\/11\/blic-pravda-za-davida-davor-dragicevic-300x224.jpg"}],"author":"admin","twitter_card":"summary_large_image","twitter_misc":{"Written by":"admin","Est. reading time":"3 minutes"},"schema":{"@context":"https:\/\/schema.org","@graph":[{"@type":"Article","@id":"https:\/\/www.prijedordanas.com\/?p=116774#article","isPartOf":{"@id":"https:\/\/www.prijedordanas.com\/?p=116774"},"author":{"name":"admin","@id":"https:\/\/www.prijedordanas.com\/#\/schema\/person\/4e08ccf29b506ca916ff86d46bb700e6"},"headline":"PRESEDAN U PRAVOSU\u0110U SRPSKE: ISTRAGU U PREDMETU \u201cDRAGI\u010cEVI\u0106\u201d PREUZIMA PRIJEDOR","datePublished":"2018-11-28T09:46:48+00:00","dateModified":"2018-11-28T09:46:48+00:00","mainEntityOfPage":{"@id":"https:\/\/www.prijedordanas.com\/?p=116774"},"wordCount":540,"publisher":{"@id":"https:\/\/www.prijedordanas.com\/#organization"},"articleSection":["Dru\u0161tvo"],"inLanguage":"en-US"},{"@type":"WebPage","@id":"https:\/\/www.prijedordanas.com\/?p=116774","url":"https:\/\/www.prijedordanas.com\/?p=116774","name":"PRESEDAN U PRAVOSU\u0110U SRPSKE: ISTRAGU U PREDMETU \u201cDRAGI\u010cEVI\u0106\u201d PREUZIMA PRIJEDOR - PrijedorDanas.com - Prijedorski gradski portal","isPartOf":{"@id":"https:\/\/www.prijedordanas.com\/#website"},"datePublished":"2018-11-28T09:46:48+00:00","dateModified":"2018-11-28T09:46:48+00:00","breadcrumb":{"@id":"https:\/\/www.prijedordanas.com\/?p=116774#breadcrumb"},"inLanguage":"en-US","potentialAction":[{"@type":"ReadAction","target":["https:\/\/www.prijedordanas.com\/?p=116774"]}]},{"@type":"BreadcrumbList","@id":"https:\/\/www.prijedordanas.com\/?p=116774#breadcrumb","itemListElement":[{"@type":"ListItem","position":1,"name":"Home","item":"https:\/\/www.prijedordanas.com\/"},{"@type":"ListItem","position":2,"name":"PRESEDAN U PRAVOSU\u0110U SRPSKE: ISTRAGU U PREDMETU \u201cDRAGI\u010cEVI\u0106\u201d PREUZIMA PRIJEDOR"}]},{"@type":"WebSite","@id":"https:\/\/www.prijedordanas.com\/#website","url":"https:\/\/www.prijedordanas.com\/","name":"PrijedorDanas.com - Prijedorski gradski portal","description":"Portal o doga\u0111anjima u gradu Prijedoru","publisher":{"@id":"https:\/\/www.prijedordanas.com\/#organization"},"potentialAction":[{"@type":"SearchAction","target":{"@type":"EntryPoint","urlTemplate":"https:\/\/www.prijedordanas.com\/?s={search_term_string}"},"query-input":"required name=search_term_string"}],"inLanguage":"en-US"},{"@type":"Organization","@id":"https:\/\/www.prijedordanas.com\/#organization","name":"PrijedorDanas.com","url":"https:\/\/www.prijedordanas.com\/","logo":{"@type":"ImageObject","inLanguage":"en-US","@id":"https:\/\/www.prijedordanas.com\/#\/schema\/logo\/image\/","url":"http:\/\/www.prijedordanas.com\/wp-content\/uploads\/2021\/12\/logopng.png","contentUrl":"http:\/\/www.prijedordanas.com\/wp-content\/uploads\/2021\/12\/logopng.png","width":1019,"height":776,"caption":"PrijedorDanas.com"},"image":{"@id":"https:\/\/www.prijedordanas.com\/#\/schema\/logo\/image\/"},"sameAs":["https:\/\/www.facebook.com\/PrijedorDanasCom\/"]},{"@type":"Person","@id":"https:\/\/www.prijedordanas.com\/#\/schema\/person\/4e08ccf29b506ca916ff86d46bb700e6","name":"admin","image":{"@type":"ImageObject","inLanguage":"en-US","@id":"https:\/\/www.prijedordanas.com\/#\/schema\/person\/image\/","url":"https:\/\/secure.gravatar.com\/avatar\/1d3fc949d550f0b53a5f0d51e06dfd79?s=96&d=mm&r=g","contentUrl":"https:\/\/secure.gravatar.com\/avatar\/1d3fc949d550f0b53a5f0d51e06dfd79?s=96&d=mm&r=g","caption":"admin"},"url":"https:\/\/www.prijedordanas.com\/?author=1"}]}},"_links":{"self":[{"href":"https:\/\/www.prijedordanas.com\/index.php?rest_route=\/wp\/v2\/posts\/116774"}],"collection":[{"href":"https:\/\/www.prijedordanas.com\/index.php?rest_route=\/wp\/v2\/posts"}],"about":[{"href":"https:\/\/www.prijedordanas.com\/index.php?rest_route=\/wp\/v2\/types\/post"}],"author":[{"embeddable":true,"href":"https:\/\/www.prijedordanas.com\/index.php?rest_route=\/wp\/v2\/users\/1"}],"replies":[{"embeddable":true,"href":"https:\/\/www.prijedordanas.com\/index.php?rest_route=%2Fwp%2Fv2%2Fcomments&post=116774"}],"version-history":[{"count":2,"href":"https:\/\/www.prijedordanas.com\/index.php?rest_route=\/wp\/v2\/posts\/116774\/revisions"}],"predecessor-version":[{"id":116777,"href":"https:\/\/www.prijedordanas.com\/index.php?rest_route=\/wp\/v2\/posts\/116774\/revisions\/116777"}],"wp:attachment":[{"href":"https:\/\/www.prijedordanas.com\/index.php?rest_route=%2Fwp%2Fv2%2Fmedia&parent=116774"}],"wp:term":[{"taxonomy":"category","embeddable":true,"href":"https:\/\/www.prijedordanas.com\/index.php?rest_route=%2Fwp%2Fv2%2Fcategories&post=116774"},{"taxonomy":"post_tag","embeddable":true,"href":"https:\/\/www.prijedordanas.com\/index.php?rest_route=%2Fwp%2Fv2%2Ftags&post=116774"}],"curies":[{"name":"wp","href":"https:\/\/api.w.org\/{rel}","templated":true}]}}