{"id":116724,"date":"2018-11-27T12:39:33","date_gmt":"2018-11-27T11:39:33","guid":{"rendered":"https:\/\/www.prijedordanas.com\/?p=116724"},"modified":"2018-11-27T12:39:33","modified_gmt":"2018-11-27T11:39:33","slug":"prijedorcanin-mesud-trnjanin-medu-elektorima-za-izbor-delegata-u-klub-bosnjaka-u-vijecu-naroda-rs","status":"publish","type":"post","link":"https:\/\/www.prijedordanas.com\/?p=116724","title":{"rendered":"PRIJEDOR\u010cANIN MESUD TRNJANIN ME\u0110U ELEKTORIMA ZA IZBOR DELEGATA U KLUB BO\u0160NJAKA U VIJE\u0106U NARODA RS"},"content":{"rendered":"<p><a href=\"https:\/\/www.prijedordanas.com\/wp-content\/uploads\/2018\/11\/mesud-trnjanin.jpg\"><img loading=\"lazy\" decoding=\"async\" src=\"https:\/\/www.prijedordanas.com\/wp-content\/uploads\/2018\/11\/mesud-trnjanin-300x250.jpg\" alt=\"\" width=\"300\" height=\"250\" class=\"alignleft size-medium wp-image-116725\" srcset=\"https:\/\/www.prijedordanas.com\/wp-content\/uploads\/2018\/11\/mesud-trnjanin-300x250.jpg 300w, https:\/\/www.prijedordanas.com\/wp-content\/uploads\/2018\/11\/mesud-trnjanin-100x83.jpg 100w, https:\/\/www.prijedordanas.com\/wp-content\/uploads\/2018\/11\/mesud-trnjanin.jpg 600w\" sizes=\"(max-width: 300px) 100vw, 300px\" \/><\/a>U Narodnoj skup\u0161tini Republike Srpske izabrani su elektori iz reda bo\u0161nja\u010dkih odbornika u skup\u0161tinama op\u0161tina i gradova u Republici Srpskoj za izbor delegata u Klub Bo\u0161njaka u Vije\u0107u naroda Republike Srpske.<\/p>\n<p>Izabrani elektori iz reda bo\u0161nja\u010dkog naroda su: Esad Alagi\u0107, Mesud Trnjanin, Mersad Mehmedovi\u0107 i Murat Avdi\u0107.<\/p>\n<p>Mesud Trnjanin je odbornik u Skup\u0161tini grada Prijedora ispred Stranke demokratske akcije.<\/p>\n<p>Vije\u0107e naroda Republike Srpske \u010dini osam delegata Srba, osam Hrvata, osam Bo\u0161njaka i \u010detiri iz reda ostalih naroda. Ukoliko je broj delegata u Vije\u0107u naroda ve\u0107i od broja poslanika iz jednog naroda u Narodnoj skup\u0161tini, onda se biraju elektori iz reda odbornika pomenutog naroda u skup\u0161tinama op\u0161tina i gradova u Republici Srpskoj.<\/p>\n<p>Budu\u0107i da predstavnici bo\u0161nja\u010dkog i hrvatskog naroda, te oni iz reda ostalih naroda nemaju dovoljan broj narodnih poslanika, oni \u0107e delegate birati glasovima poslanika, te glasovima izabranih elektora.<\/p>\n<p>Srpski poslanici u Narodnoj skup\u0161tini Republike Srpske, njih 75, bira\u0107e srpske delegate za Vije\u0107e naroda.<\/p>\n<p>Kandidatske liste delegata za Vije\u0107e naroda Republike Srpske Centralnoj izbornoj komisiji treba da budu dostavljene najkasnije do 28. novembra do 15 \u010dasova.<\/p>\n<p>Narodna skup\u0161tina obavezna je da u roku od jednog mjeseca nakon zvani\u010dnog objavljivanja rezultata izbora sazove i drugo zakonodavno tijelo u Republici Srpskoj, Vije\u0107e naroda. Konstituisanje Vije\u0107a naroda Republike Srpske se o\u010dekuje na sjednici Narodne skup\u0161tine 5. decembra.<\/p>\n<p>Izboru elektora iz reda bo\u0161nja\u010dkog naroda prisustvovao je potpredsjednik Narodne skup\u0161tine Republike Srpske Senad Brati\u0107.<\/p>\n<p>Na izboru elektora bili su prisutni i \u010dlanovi Komisije za izbor i imenovanje Narodne skup\u0161tine.<\/p>\n<p>NSRS\/Aleksandar Drakuli\u0107 \u2013 <a href=\"https:\/\/www.prijedordanas.com\" target=\"_blank\" rel=\"noopener noreferrer\">www.prijedordanas.com<\/a><\/p>\n","protected":false},"excerpt":{"rendered":"<p>U Narodnoj skup\u0161tini Republike Srpske izabrani su elektori iz reda bo\u0161nja\u010dkih odbornika u skup\u0161tinama op\u0161tina i gradova u Republici Srpskoj za izbor delegata u Klub Bo\u0161njaka u Vije\u0107u naroda Republike [&hellip;]<\/p>\n","protected":false},"author":1,"featured_media":0,"comment_status":"closed","ping_status":"open","sticky":false,"template":"","format":"standard","meta":{"_monsterinsights_skip_tracking":false,"_monsterinsights_sitenote_active":false,"_monsterinsights_sitenote_note":"","_monsterinsights_sitenote_category":0,"footnotes":""},"categories":[8],"tags":[],"yoast_head":"<!-- This site is optimized with the Yoast SEO plugin v21.6 - https:\/\/yoast.com\/wordpress\/plugins\/seo\/ -->\n<title>PRIJEDOR\u010cANIN MESUD TRNJANIN ME\u0110U ELEKTORIMA ZA IZBOR DELEGATA U KLUB BO\u0160NJAKA U VIJE\u0106U NARODA RS - PrijedorDanas.com - Prijedorski gradski portal<\/title>\n<meta name=\"robots\" content=\"index, follow, max-snippet:-1, max-image-preview:large, max-video-preview:-1\" \/>\n<link rel=\"canonical\" href=\"https:\/\/www.prijedordanas.com\/?p=116724\" \/>\n<meta property=\"og:locale\" content=\"en_US\" \/>\n<meta property=\"og:type\" content=\"article\" \/>\n<meta property=\"og:title\" content=\"PRIJEDOR\u010cANIN MESUD TRNJANIN ME\u0110U ELEKTORIMA ZA IZBOR DELEGATA U KLUB BO\u0160NJAKA U VIJE\u0106U NARODA RS - PrijedorDanas.com - Prijedorski gradski portal\" \/>\n<meta property=\"og:description\" content=\"U Narodnoj skup\u0161tini Republike Srpske izabrani su elektori iz reda bo\u0161nja\u010dkih odbornika u skup\u0161tinama op\u0161tina i gradova u Republici Srpskoj za izbor delegata u Klub Bo\u0161njaka u Vije\u0107u naroda Republike [&hellip;]\" \/>\n<meta property=\"og:url\" content=\"https:\/\/www.prijedordanas.com\/?p=116724\" \/>\n<meta property=\"og:site_name\" content=\"PrijedorDanas.com - Prijedorski gradski portal\" \/>\n<meta property=\"article:publisher\" content=\"https:\/\/www.facebook.com\/PrijedorDanasCom\/\" \/>\n<meta property=\"article:published_time\" content=\"2018-11-27T11:39:33+00:00\" \/>\n<meta property=\"og:image\" content=\"https:\/\/www.prijedordanas.com\/wp-content\/uploads\/2018\/11\/mesud-trnjanin-300x250.jpg\" \/>\n<meta name=\"author\" content=\"admin\" \/>\n<meta name=\"twitter:card\" content=\"summary_large_image\" \/>\n<meta name=\"twitter:label1\" content=\"Written by\" \/>\n\t<meta name=\"twitter:data1\" content=\"admin\" \/>\n\t<meta name=\"twitter:label2\" content=\"Est. reading time\" \/>\n\t<meta name=\"twitter:data2\" content=\"1 minute\" \/>\n<script type=\"application\/ld+json\" class=\"yoast-schema-graph\">{\"@context\":\"https:\/\/schema.org\",\"@graph\":[{\"@type\":\"Article\",\"@id\":\"https:\/\/www.prijedordanas.com\/?p=116724#article\",\"isPartOf\":{\"@id\":\"https:\/\/www.prijedordanas.com\/?p=116724\"},\"author\":{\"name\":\"admin\",\"@id\":\"https:\/\/www.prijedordanas.com\/#\/schema\/person\/4e08ccf29b506ca916ff86d46bb700e6\"},\"headline\":\"PRIJEDOR\u010cANIN MESUD TRNJANIN ME\u0110U ELEKTORIMA ZA IZBOR DELEGATA U KLUB BO\u0160NJAKA U VIJE\u0106U NARODA RS\",\"datePublished\":\"2018-11-27T11:39:33+00:00\",\"dateModified\":\"2018-11-27T11:39:33+00:00\",\"mainEntityOfPage\":{\"@id\":\"https:\/\/www.prijedordanas.com\/?p=116724\"},\"wordCount\":299,\"publisher\":{\"@id\":\"https:\/\/www.prijedordanas.com\/#organization\"},\"articleSection\":[\"Svakodnevno\"],\"inLanguage\":\"en-US\"},{\"@type\":\"WebPage\",\"@id\":\"https:\/\/www.prijedordanas.com\/?p=116724\",\"url\":\"https:\/\/www.prijedordanas.com\/?p=116724\",\"name\":\"PRIJEDOR\u010cANIN MESUD TRNJANIN ME\u0110U ELEKTORIMA ZA IZBOR DELEGATA U KLUB BO\u0160NJAKA U VIJE\u0106U NARODA RS - PrijedorDanas.com - Prijedorski gradski portal\",\"isPartOf\":{\"@id\":\"https:\/\/www.prijedordanas.com\/#website\"},\"datePublished\":\"2018-11-27T11:39:33+00:00\",\"dateModified\":\"2018-11-27T11:39:33+00:00\",\"breadcrumb\":{\"@id\":\"https:\/\/www.prijedordanas.com\/?p=116724#breadcrumb\"},\"inLanguage\":\"en-US\",\"potentialAction\":[{\"@type\":\"ReadAction\",\"target\":[\"https:\/\/www.prijedordanas.com\/?p=116724\"]}]},{\"@type\":\"BreadcrumbList\",\"@id\":\"https:\/\/www.prijedordanas.com\/?p=116724#breadcrumb\",\"itemListElement\":[{\"@type\":\"ListItem\",\"position\":1,\"name\":\"Home\",\"item\":\"https:\/\/www.prijedordanas.com\/\"},{\"@type\":\"ListItem\",\"position\":2,\"name\":\"PRIJEDOR\u010cANIN MESUD TRNJANIN ME\u0110U ELEKTORIMA ZA IZBOR DELEGATA U KLUB BO\u0160NJAKA U VIJE\u0106U NARODA RS\"}]},{\"@type\":\"WebSite\",\"@id\":\"https:\/\/www.prijedordanas.com\/#website\",\"url\":\"https:\/\/www.prijedordanas.com\/\",\"name\":\"PrijedorDanas.com - Prijedorski gradski portal\",\"description\":\"Portal o doga\u0111anjima u gradu Prijedoru\",\"publisher\":{\"@id\":\"https:\/\/www.prijedordanas.com\/#organization\"},\"potentialAction\":[{\"@type\":\"SearchAction\",\"target\":{\"@type\":\"EntryPoint\",\"urlTemplate\":\"https:\/\/www.prijedordanas.com\/?s={search_term_string}\"},\"query-input\":\"required name=search_term_string\"}],\"inLanguage\":\"en-US\"},{\"@type\":\"Organization\",\"@id\":\"https:\/\/www.prijedordanas.com\/#organization\",\"name\":\"PrijedorDanas.com\",\"url\":\"https:\/\/www.prijedordanas.com\/\",\"logo\":{\"@type\":\"ImageObject\",\"inLanguage\":\"en-US\",\"@id\":\"https:\/\/www.prijedordanas.com\/#\/schema\/logo\/image\/\",\"url\":\"http:\/\/www.prijedordanas.com\/wp-content\/uploads\/2021\/12\/logopng.png\",\"contentUrl\":\"http:\/\/www.prijedordanas.com\/wp-content\/uploads\/2021\/12\/logopng.png\",\"width\":1019,\"height\":776,\"caption\":\"PrijedorDanas.com\"},\"image\":{\"@id\":\"https:\/\/www.prijedordanas.com\/#\/schema\/logo\/image\/\"},\"sameAs\":[\"https:\/\/www.facebook.com\/PrijedorDanasCom\/\"]},{\"@type\":\"Person\",\"@id\":\"https:\/\/www.prijedordanas.com\/#\/schema\/person\/4e08ccf29b506ca916ff86d46bb700e6\",\"name\":\"admin\",\"image\":{\"@type\":\"ImageObject\",\"inLanguage\":\"en-US\",\"@id\":\"https:\/\/www.prijedordanas.com\/#\/schema\/person\/image\/\",\"url\":\"https:\/\/secure.gravatar.com\/avatar\/1d3fc949d550f0b53a5f0d51e06dfd79?s=96&d=mm&r=g\",\"contentUrl\":\"https:\/\/secure.gravatar.com\/avatar\/1d3fc949d550f0b53a5f0d51e06dfd79?s=96&d=mm&r=g\",\"caption\":\"admin\"},\"url\":\"https:\/\/www.prijedordanas.com\/?author=1\"}]}<\/script>\n<!-- \/ Yoast SEO plugin. -->","yoast_head_json":{"title":"PRIJEDOR\u010cANIN MESUD TRNJANIN ME\u0110U ELEKTORIMA ZA IZBOR DELEGATA U KLUB BO\u0160NJAKA U VIJE\u0106U NARODA RS - PrijedorDanas.com - Prijedorski gradski portal","robots":{"index":"index","follow":"follow","max-snippet":"max-snippet:-1","max-image-preview":"max-image-preview:large","max-video-preview":"max-video-preview:-1"},"canonical":"https:\/\/www.prijedordanas.com\/?p=116724","og_locale":"en_US","og_type":"article","og_title":"PRIJEDOR\u010cANIN MESUD TRNJANIN ME\u0110U ELEKTORIMA ZA IZBOR DELEGATA U KLUB BO\u0160NJAKA U VIJE\u0106U NARODA RS - PrijedorDanas.com - Prijedorski gradski portal","og_description":"U Narodnoj skup\u0161tini Republike Srpske izabrani su elektori iz reda bo\u0161nja\u010dkih odbornika u skup\u0161tinama op\u0161tina i gradova u Republici Srpskoj za izbor delegata u Klub Bo\u0161njaka u Vije\u0107u naroda Republike [&hellip;]","og_url":"https:\/\/www.prijedordanas.com\/?p=116724","og_site_name":"PrijedorDanas.com - Prijedorski gradski portal","article_publisher":"https:\/\/www.facebook.com\/PrijedorDanasCom\/","article_published_time":"2018-11-27T11:39:33+00:00","og_image":[{"url":"https:\/\/www.prijedordanas.com\/wp-content\/uploads\/2018\/11\/mesud-trnjanin-300x250.jpg"}],"author":"admin","twitter_card":"summary_large_image","twitter_misc":{"Written by":"admin","Est. reading time":"1 minute"},"schema":{"@context":"https:\/\/schema.org","@graph":[{"@type":"Article","@id":"https:\/\/www.prijedordanas.com\/?p=116724#article","isPartOf":{"@id":"https:\/\/www.prijedordanas.com\/?p=116724"},"author":{"name":"admin","@id":"https:\/\/www.prijedordanas.com\/#\/schema\/person\/4e08ccf29b506ca916ff86d46bb700e6"},"headline":"PRIJEDOR\u010cANIN MESUD TRNJANIN ME\u0110U ELEKTORIMA ZA IZBOR DELEGATA U KLUB BO\u0160NJAKA U VIJE\u0106U NARODA RS","datePublished":"2018-11-27T11:39:33+00:00","dateModified":"2018-11-27T11:39:33+00:00","mainEntityOfPage":{"@id":"https:\/\/www.prijedordanas.com\/?p=116724"},"wordCount":299,"publisher":{"@id":"https:\/\/www.prijedordanas.com\/#organization"},"articleSection":["Svakodnevno"],"inLanguage":"en-US"},{"@type":"WebPage","@id":"https:\/\/www.prijedordanas.com\/?p=116724","url":"https:\/\/www.prijedordanas.com\/?p=116724","name":"PRIJEDOR\u010cANIN MESUD TRNJANIN ME\u0110U ELEKTORIMA ZA IZBOR DELEGATA U KLUB BO\u0160NJAKA U VIJE\u0106U NARODA RS - PrijedorDanas.com - Prijedorski gradski portal","isPartOf":{"@id":"https:\/\/www.prijedordanas.com\/#website"},"datePublished":"2018-11-27T11:39:33+00:00","dateModified":"2018-11-27T11:39:33+00:00","breadcrumb":{"@id":"https:\/\/www.prijedordanas.com\/?p=116724#breadcrumb"},"inLanguage":"en-US","potentialAction":[{"@type":"ReadAction","target":["https:\/\/www.prijedordanas.com\/?p=116724"]}]},{"@type":"BreadcrumbList","@id":"https:\/\/www.prijedordanas.com\/?p=116724#breadcrumb","itemListElement":[{"@type":"ListItem","position":1,"name":"Home","item":"https:\/\/www.prijedordanas.com\/"},{"@type":"ListItem","position":2,"name":"PRIJEDOR\u010cANIN MESUD TRNJANIN ME\u0110U ELEKTORIMA ZA IZBOR DELEGATA U KLUB BO\u0160NJAKA U VIJE\u0106U NARODA RS"}]},{"@type":"WebSite","@id":"https:\/\/www.prijedordanas.com\/#website","url":"https:\/\/www.prijedordanas.com\/","name":"PrijedorDanas.com - Prijedorski gradski portal","description":"Portal o doga\u0111anjima u gradu Prijedoru","publisher":{"@id":"https:\/\/www.prijedordanas.com\/#organization"},"potentialAction":[{"@type":"SearchAction","target":{"@type":"EntryPoint","urlTemplate":"https:\/\/www.prijedordanas.com\/?s={search_term_string}"},"query-input":"required name=search_term_string"}],"inLanguage":"en-US"},{"@type":"Organization","@id":"https:\/\/www.prijedordanas.com\/#organization","name":"PrijedorDanas.com","url":"https:\/\/www.prijedordanas.com\/","logo":{"@type":"ImageObject","inLanguage":"en-US","@id":"https:\/\/www.prijedordanas.com\/#\/schema\/logo\/image\/","url":"http:\/\/www.prijedordanas.com\/wp-content\/uploads\/2021\/12\/logopng.png","contentUrl":"http:\/\/www.prijedordanas.com\/wp-content\/uploads\/2021\/12\/logopng.png","width":1019,"height":776,"caption":"PrijedorDanas.com"},"image":{"@id":"https:\/\/www.prijedordanas.com\/#\/schema\/logo\/image\/"},"sameAs":["https:\/\/www.facebook.com\/PrijedorDanasCom\/"]},{"@type":"Person","@id":"https:\/\/www.prijedordanas.com\/#\/schema\/person\/4e08ccf29b506ca916ff86d46bb700e6","name":"admin","image":{"@type":"ImageObject","inLanguage":"en-US","@id":"https:\/\/www.prijedordanas.com\/#\/schema\/person\/image\/","url":"https:\/\/secure.gravatar.com\/avatar\/1d3fc949d550f0b53a5f0d51e06dfd79?s=96&d=mm&r=g","contentUrl":"https:\/\/secure.gravatar.com\/avatar\/1d3fc949d550f0b53a5f0d51e06dfd79?s=96&d=mm&r=g","caption":"admin"},"url":"https:\/\/www.prijedordanas.com\/?author=1"}]}},"_links":{"self":[{"href":"https:\/\/www.prijedordanas.com\/index.php?rest_route=\/wp\/v2\/posts\/116724"}],"collection":[{"href":"https:\/\/www.prijedordanas.com\/index.php?rest_route=\/wp\/v2\/posts"}],"about":[{"href":"https:\/\/www.prijedordanas.com\/index.php?rest_route=\/wp\/v2\/types\/post"}],"author":[{"embeddable":true,"href":"https:\/\/www.prijedordanas.com\/index.php?rest_route=\/wp\/v2\/users\/1"}],"replies":[{"embeddable":true,"href":"https:\/\/www.prijedordanas.com\/index.php?rest_route=%2Fwp%2Fv2%2Fcomments&post=116724"}],"version-history":[{"count":1,"href":"https:\/\/www.prijedordanas.com\/index.php?rest_route=\/wp\/v2\/posts\/116724\/revisions"}],"predecessor-version":[{"id":116726,"href":"https:\/\/www.prijedordanas.com\/index.php?rest_route=\/wp\/v2\/posts\/116724\/revisions\/116726"}],"wp:attachment":[{"href":"https:\/\/www.prijedordanas.com\/index.php?rest_route=%2Fwp%2Fv2%2Fmedia&parent=116724"}],"wp:term":[{"taxonomy":"category","embeddable":true,"href":"https:\/\/www.prijedordanas.com\/index.php?rest_route=%2Fwp%2Fv2%2Fcategories&post=116724"},{"taxonomy":"post_tag","embeddable":true,"href":"https:\/\/www.prijedordanas.com\/index.php?rest_route=%2Fwp%2Fv2%2Ftags&post=116724"}],"curies":[{"name":"wp","href":"https:\/\/api.w.org\/{rel}","templated":true}]}}