{"id":116720,"date":"2018-11-27T12:15:24","date_gmt":"2018-11-27T11:15:24","guid":{"rendered":"https:\/\/www.prijedordanas.com\/?p=116720"},"modified":"2018-11-27T12:15:24","modified_gmt":"2018-11-27T11:15:24","slug":"aktivisti-tvrde-nehumano-postupanje-prema-psima-u-azilu-u-prijedoru-se-zataskava","status":"publish","type":"post","link":"https:\/\/www.prijedordanas.com\/?p=116720","title":{"rendered":"AKTIVISTI TVRDE: NEHUMANO POSTUPANJE PREMA PSIMA U AZILU U PRIJEDORU SE ZATA\u0160KAVA"},"content":{"rendered":"<p><a href=\"https:\/\/www.prijedordanas.com\/wp-content\/uploads\/2018\/11\/6yka-psi-azil-1.jpg\"><img loading=\"lazy\" decoding=\"async\" src=\"https:\/\/www.prijedordanas.com\/wp-content\/uploads\/2018\/11\/6yka-psi-azil-1-300x225.jpg\" alt=\"\" width=\"300\" height=\"225\" class=\"alignleft size-medium wp-image-116721\" srcset=\"https:\/\/www.prijedordanas.com\/wp-content\/uploads\/2018\/11\/6yka-psi-azil-1-300x225.jpg 300w, https:\/\/www.prijedordanas.com\/wp-content\/uploads\/2018\/11\/6yka-psi-azil-1-100x75.jpg 100w, https:\/\/www.prijedordanas.com\/wp-content\/uploads\/2018\/11\/6yka-psi-azil-1-640x480.jpg 640w, https:\/\/www.prijedordanas.com\/wp-content\/uploads\/2018\/11\/6yka-psi-azil-1.jpg 667w\" sizes=\"(max-width: 300px) 100vw, 300px\" \/><\/a>\u201cZatekla sam pse iznurene, izgladnjele, \u0161tence poluodgri\u017eenih \u0161apica, polumrtve pse i mrtve pse kako se razla\u017eu u \u2018paviljon ku\u0107icama\u2019\u201d, pri\u010da Ina Ritan.<\/p>\n<p>Ina Ritan je profesorica engleskog jezika iz Prijedora, a za\u0161titom \u017eivotinja bavi se ve\u0107 5 godina. Kako ka\u017ee, po\u010dela je time da se bavi nakon \u0161to je prvi put oti\u0161la u azil kojim upravlja &#8220;Komunalno preduze\u0107e&#8221; u Prijedoru.  \u201cZatekla sam pse iznurene, izgladnjele, \u0161tence poluodgri\u017eenih \u0161apica, polumrtve pse i mrtve pse kako se razla\u017eu u \u2018paviljon ku\u0107icama\u2019\u201d, pri\u010da Ina o uslovima koji su tada vladali u ovom azilu, tvrde\u0107i da oni nisu bili u skladu sa Pravilnikom o osnivanju i uslovima koje moraju da ispunjavaju skloni\u0161ta za \u017eivotinje, te da je legalnost takvog azila u potpunosti upitna.<\/p>\n<p>Fotografijama koje su tada nastale, Ina potkrepljuje svoje tvrdnje.<\/p>\n<p>\u201cTo je jedini put kada su nam dozvolili da fotografi\u0161emo pse na licu mjesta, jer nakon objave ovih fotografija, javnost je po\u010dela da reaguje negativnim komentarima, pa su nam zabranili i fotografisanje. Poslije toga, sve informacije koje imamo su one koje smo mi, volonteri i gra\u0111ani zaticali gore na licu mjesta: psi koji se ne tretiraju, nemaju veterinarsku njegu, adekvatan prostor, niti dovoljne koli\u010dine vode i hrane\u201d, pri\u010da Ina.<\/p>\n<p>Prema njenim saznanjima, Grad Prijedor je izdvajao oko 120.000 KM godi\u0161nje za odr\u017eavanje ovog azila, ali su psi, tvrdi ona, bili u katastrofalnom stanju. \u201cAzil se nije trudio da to popravi, ve\u0107 \u0161tavi\u0161e, trudili su se svim silama da onemogu\u0107e i udomljavanja\u201d, ka\u017ee ona.<\/p>\n<p><a href=\"https:\/\/www.prijedordanas.com\/wp-content\/uploads\/2018\/11\/6yka-psi-azil-2.jpg\"><img loading=\"lazy\" decoding=\"async\" src=\"https:\/\/www.prijedordanas.com\/wp-content\/uploads\/2018\/11\/6yka-psi-azil-2-300x225.jpg\" alt=\"\" width=\"300\" height=\"225\" class=\"alignleft size-medium wp-image-116722\" srcset=\"https:\/\/www.prijedordanas.com\/wp-content\/uploads\/2018\/11\/6yka-psi-azil-2-300x225.jpg 300w, https:\/\/www.prijedordanas.com\/wp-content\/uploads\/2018\/11\/6yka-psi-azil-2-100x75.jpg 100w, https:\/\/www.prijedordanas.com\/wp-content\/uploads\/2018\/11\/6yka-psi-azil-2-640x480.jpg 640w, https:\/\/www.prijedordanas.com\/wp-content\/uploads\/2018\/11\/6yka-psi-azil-2.jpg 667w\" sizes=\"(max-width: 300px) 100vw, 300px\" \/><\/a>\u201cU taj azil ne mo\u017ee se u\u0107i, ve\u0107 morate pro\u0107i proceduru od najave upravniku azila, pa veterinaru, pa higijeni\u010darskoj slu\u017ebi, i naj\u010de\u0161\u0107e dozvole samo par minuta da se u\u0111e u krug azila. Ako do\u0111u 2 osobe zajedno da udome psa, onda jedna osoba smije da pri\u0111e azilu i da \u2018bira koga \u0107e obje osobe udomiti\u2019\u201d.<\/p>\n<p>Bore\u0107i se da na\u0111e zajedni\u010dki jezik sa Azilom i da poku\u0161a olak\u0161ati \u017eivot psima i prona\u0107i im udomljenje, Ina je, ka\u017ee, nudila pomo\u0107 u vidu hrane, lije\u010denja, pravljenja stranice za udomljavanje, obezbje\u0111ivanja volontera koji bi pomogli da se psi odr\u017eavaju u boljem stanju.<\/p>\n<p>\u201cMe\u0111utim, odbili su nas\u201d, ka\u017ee Ina, dodaju\u0107i da je nakon toga, zajedno sa nekolicinom volontera krenula u pravnu borbu.<\/p>\n<p>\u201cPosljednji put smo sredinom juna dobili slike iz azila od uznemirenih gra\u0111ana i njih smo iskoristili da pokrenemo peticiju upu\u0107enu nadle\u017enim organima da se zatvori azil na Kurevu ili barem da se izmjesti na drugu lokaciju. Ukoliko to nije mogu\u0107e, da barem rad azila na Kurevu bude transparentan i u skladu sa Zakonom o za\u0161titi i dobrobiti \u017eivotinja BiH i sa Pravilnikom o osnivanju i uslovima koje moraju da ispunjavaju skloni\u0161ta za \u017eivotinje. Sljede\u0107i korak nam je da uputimo tu peticiju nadle\u017enim organima da poduzmu neke mjere i obezbjede humano rje\u0161enje problemu napu\u0161tenih pasa u Prijedoru.\u201c<\/p>\n<p>S druge strane, iz preduze\u0107a \u201cKomunalne usluge\u201d iz Prijedora, uvjeravaju nas da je situacija u azilu u najboljem redu.<\/p>\n<p>\u201cU azilu se svaki dan vr\u0161i pranje, dezinfekcija i dezinsekcija i o tome se uredno vodi evidencija. Hrane ima dovoljno i daje se po normativu. \u010cine se napori da se pobolj\u0161aju uslovi, tako da smo napravili i poseban objekat za \u0161tence. Za eventualnu izgradnju \u010dvrstog objekta, sa svim neophodnim sadr\u017eajima, potrebna su zna\u010dajna finansijska sredstva, koja bi trebalo da obezbijedi Grad Prijedor. \u010cinjenica je da se  objekat nalazi na lokalitetu Regionalne deponije \u201eStara pruga Kurevo\u201c, gdje su prisutne radne ma\u0161ine kao i veliki broj kamiona. Zbog toga je ulazak strogo kontrolisan uz maksimalno po\u0161tovanje bezbjednosnih procedura. Eutanazija se vr\u0161i nad psima koji provedu vi\u0161e od 30 dana u azilu, ali ne nad svima. O tome odlu\u010duje nadle\u017ena veterinarska slu\u017eba i obavlja se pomo\u0107u injekcija, a ne lopatama i sli\u010dno.  Svaku priliku koristimo da pozovemo gra\u0111ane da udomljavaju pse, a broj telefona se nalazi na na\u0161em specijlalnom vozilu. Ogroman broj poziva gra\u0111ana je da se psi sklone sa ulica grada i okolnih naselja, tako da je na\u0161a higijeni\u010darska slu\u017eba pod velikim pritiskom da ovaj problem ubla\u017ei\u201c, navodi se u odgovorima preduze\u0107a \u201eKomunalne usluge\u201c na na\u0161 upit.<\/p>\n<p>Iz prijedorske Gradske uprave tako\u0111e tvrde da je stanje u azilu za pse u mjestu Kurevo uredno.<\/p>\n<p>\u201eGradska uprava raspola\u017ee sa informacijama da je stanje u Azlu za pse u mjestu Kurevo uredno, za razliku od stanja na javnim povr\u0161inama, gdje je registrovan velik broj ugriza pasa lutalica i pasa koji su tretirani od strane veterinarskih stanica na podru\u010dju grada Prijedor\u201c, navodi se u odgovoru Gradske uprave.<\/p>\n<p>Bore\u0107i se za dobrobit \u017eivotinja, Ina je i sama po\u010dela uzima napu\u0161tene, bolesne, i zaboravljene pse.<\/p>\n<p>\u201cSvi moji psi su moji vlasni\u010dki i vode se na meni, te su uredno sterilisani, \u010dipovani, vakcinisani i vodim registar svojih pasa. Svi dobijaju adekvatnu njegu i tra\u017eim im udomljenje\u201d, ka\u017ee Ina, dodaju\u0107i da se u posljednje vrijeme nosi sa izuzetno te\u0161kom situacijom.<\/p>\n<p>Naime, u junu ove godine, prema izvje\u0161taju nadle\u017enih organa, \u201eu krug Azila za pse neovla\u0161teno su u\u0161la nepoznata lica koja su izvr\u0161ili obijanje boksova za smje\u0161taj pasa i otu\u0111ili oko 50 pasa, dok su ostali psi pu\u0161teni u krug Azila\u201c.<\/p>\n<p>Za ovaj doga\u0111aj osumnji\u010dena je Ina Ritan i protiv nje je podignuta optu\u017enica.<\/p>\n<p>\u201ePolicija nas je osumnji\u010dila da smo \u2019bespravno u\u0161li u posjed i napravili materijalnu \u0161tetu u vrijednosti od 1450KM zbog izuzimanja 67 pasa, ponavljam osumnji\u010dila, jer nikakvih materijalnih dokaza nemaju. A Tu\u017eila\u0161tvo ili Sud \u0107e odlu\u010diti koliko su te radnje bile kriminalnog karaktera i da li smo mi uop\u0161te odgovorni za njih\u201c, pri\u010da nam Ina, i dalje tvrde\u0107i da &#8220;Azil&#8221; Kurevo \u201eradi nelegalne poslove i kr\u0161i Zakon o za\u0161titi i dobrobiti \u017eivotinja BiH kao i Pravilnik o osnivanju i dr\u017eanju skloni\u0161ta za napu\u0161tene \u017eivotinje&#8221;.<\/p>\n<p>\u201eOd 2009. godine, zlostavljaju i nehumano postupaju prema psima, a sve to zata\u0161kavaju brane\u0107i ulazak gra\u0111anima pod izgovorima da \u2019ma\u0161ine\u2019 rade na recikla\u017ei i da postoji opasnost od povrede. Pored toga, ne dozvoljavaju fotografisanje pasa, kao ni svakodnevan pristup psima bez najave &#8211; \u0161to apsolutno onemogu\u0107ava poku\u0161aje udomljavanje.\u201c<\/p>\n<p>U svojoj objavi na Facebooku, Ina opisuje cijelu situaciju.<\/p>\n<p>\u201eNa na\u0161e apele i pritu\u017ebe na rad &#8220;Azila&#8221; pri Komunalnom preduze\u0107u su se oglu\u0161ili svi nadle\u017eni organi. A ljudi koji imaju savjest i ljudskost i ikakav osje\u0107aj za moral i pravi\u010dnost nisu mogli ostati ravnodu\u0161ni prema zlo\u010dinu koji se de\u0161ava gore i preuzeli su stvar u svoje ruke &#8211; kad za\u0161titnici zakona nemaju niti hrabrosti niti osje\u0107aj moralne du\u017enosti da za\u0161tite najnemo\u0107nije! Psi nisu ukradeni &#8211; psi su oslobo\u0111eni, a bolesni i iznemogli psi su odvedeni na lije\u010denje! Na kraju krajeva, taj isti azil ne posjeduje nikakav dokaz o vlasni\u0161tvu nad tim psima, jer oni ih niti \u010dipuju niti vode registar, ve\u0107 onako od oka daju procjene!!! Pa su tako i do\u0161li do procjene da su imali 67 pasa koji su vrijedili 1450KM! Sve \u0161to se desilo na Kurevu to ve\u010de je samo pokazatelj koliko je trula ova dr\u017eava, kako se zakon primjenjuje selektivno: moralno se osu\u0111uje, a okre\u0107e pogled od monstruoznosti!\u201c, navodi Ina.<\/p>\n<p>6yka.com<\/p>\n","protected":false},"excerpt":{"rendered":"<p>\u201cZatekla sam pse iznurene, izgladnjele, \u0161tence poluodgri\u017eenih \u0161apica, polumrtve pse i mrtve pse kako se razla\u017eu u \u2018paviljon ku\u0107icama\u2019\u201d, pri\u010da Ina Ritan. Ina Ritan je profesorica engleskog jezika iz Prijedora, [&hellip;]<\/p>\n","protected":false},"author":1,"featured_media":0,"comment_status":"closed","ping_status":"open","sticky":false,"template":"","format":"standard","meta":{"_monsterinsights_skip_tracking":false,"_monsterinsights_sitenote_active":false,"_monsterinsights_sitenote_note":"","_monsterinsights_sitenote_category":0,"footnotes":""},"categories":[8],"tags":[],"yoast_head":"<!-- This site is optimized with the Yoast SEO plugin v21.6 - https:\/\/yoast.com\/wordpress\/plugins\/seo\/ -->\n<title>AKTIVISTI TVRDE: NEHUMANO POSTUPANJE PREMA PSIMA U AZILU U PRIJEDORU SE ZATA\u0160KAVA - PrijedorDanas.com - Prijedorski gradski portal<\/title>\n<meta name=\"robots\" content=\"index, follow, max-snippet:-1, max-image-preview:large, max-video-preview:-1\" \/>\n<link rel=\"canonical\" href=\"https:\/\/www.prijedordanas.com\/?p=116720\" \/>\n<meta property=\"og:locale\" content=\"en_US\" \/>\n<meta property=\"og:type\" content=\"article\" \/>\n<meta property=\"og:title\" content=\"AKTIVISTI TVRDE: NEHUMANO POSTUPANJE PREMA PSIMA U AZILU U PRIJEDORU SE ZATA\u0160KAVA - PrijedorDanas.com - Prijedorski gradski portal\" \/>\n<meta property=\"og:description\" content=\"\u201cZatekla sam pse iznurene, izgladnjele, \u0161tence poluodgri\u017eenih \u0161apica, polumrtve pse i mrtve pse kako se razla\u017eu u \u2018paviljon ku\u0107icama\u2019\u201d, pri\u010da Ina Ritan. Ina Ritan je profesorica engleskog jezika iz Prijedora, [&hellip;]\" \/>\n<meta property=\"og:url\" content=\"https:\/\/www.prijedordanas.com\/?p=116720\" \/>\n<meta property=\"og:site_name\" content=\"PrijedorDanas.com - Prijedorski gradski portal\" \/>\n<meta property=\"article:publisher\" content=\"https:\/\/www.facebook.com\/PrijedorDanasCom\/\" \/>\n<meta property=\"article:published_time\" content=\"2018-11-27T11:15:24+00:00\" \/>\n<meta property=\"og:image\" content=\"https:\/\/www.prijedordanas.com\/wp-content\/uploads\/2018\/11\/6yka-psi-azil-1-300x225.jpg\" \/>\n<meta name=\"author\" content=\"admin\" \/>\n<meta name=\"twitter:card\" content=\"summary_large_image\" \/>\n<meta name=\"twitter:label1\" content=\"Written by\" \/>\n\t<meta name=\"twitter:data1\" content=\"admin\" \/>\n\t<meta name=\"twitter:label2\" content=\"Est. reading time\" \/>\n\t<meta name=\"twitter:data2\" content=\"6 minutes\" \/>\n<script type=\"application\/ld+json\" class=\"yoast-schema-graph\">{\"@context\":\"https:\/\/schema.org\",\"@graph\":[{\"@type\":\"Article\",\"@id\":\"https:\/\/www.prijedordanas.com\/?p=116720#article\",\"isPartOf\":{\"@id\":\"https:\/\/www.prijedordanas.com\/?p=116720\"},\"author\":{\"name\":\"admin\",\"@id\":\"https:\/\/www.prijedordanas.com\/#\/schema\/person\/4e08ccf29b506ca916ff86d46bb700e6\"},\"headline\":\"AKTIVISTI TVRDE: NEHUMANO POSTUPANJE PREMA PSIMA U AZILU U PRIJEDORU SE ZATA\u0160KAVA\",\"datePublished\":\"2018-11-27T11:15:24+00:00\",\"dateModified\":\"2018-11-27T11:15:24+00:00\",\"mainEntityOfPage\":{\"@id\":\"https:\/\/www.prijedordanas.com\/?p=116720\"},\"wordCount\":1285,\"publisher\":{\"@id\":\"https:\/\/www.prijedordanas.com\/#organization\"},\"articleSection\":[\"Svakodnevno\"],\"inLanguage\":\"en-US\"},{\"@type\":\"WebPage\",\"@id\":\"https:\/\/www.prijedordanas.com\/?p=116720\",\"url\":\"https:\/\/www.prijedordanas.com\/?p=116720\",\"name\":\"AKTIVISTI TVRDE: NEHUMANO POSTUPANJE PREMA PSIMA U AZILU U PRIJEDORU SE ZATA\u0160KAVA - PrijedorDanas.com - Prijedorski gradski portal\",\"isPartOf\":{\"@id\":\"https:\/\/www.prijedordanas.com\/#website\"},\"datePublished\":\"2018-11-27T11:15:24+00:00\",\"dateModified\":\"2018-11-27T11:15:24+00:00\",\"breadcrumb\":{\"@id\":\"https:\/\/www.prijedordanas.com\/?p=116720#breadcrumb\"},\"inLanguage\":\"en-US\",\"potentialAction\":[{\"@type\":\"ReadAction\",\"target\":[\"https:\/\/www.prijedordanas.com\/?p=116720\"]}]},{\"@type\":\"BreadcrumbList\",\"@id\":\"https:\/\/www.prijedordanas.com\/?p=116720#breadcrumb\",\"itemListElement\":[{\"@type\":\"ListItem\",\"position\":1,\"name\":\"Home\",\"item\":\"https:\/\/www.prijedordanas.com\/\"},{\"@type\":\"ListItem\",\"position\":2,\"name\":\"AKTIVISTI TVRDE: NEHUMANO POSTUPANJE PREMA PSIMA U AZILU U PRIJEDORU SE ZATA\u0160KAVA\"}]},{\"@type\":\"WebSite\",\"@id\":\"https:\/\/www.prijedordanas.com\/#website\",\"url\":\"https:\/\/www.prijedordanas.com\/\",\"name\":\"PrijedorDanas.com - Prijedorski gradski portal\",\"description\":\"Portal o doga\u0111anjima u gradu Prijedoru\",\"publisher\":{\"@id\":\"https:\/\/www.prijedordanas.com\/#organization\"},\"potentialAction\":[{\"@type\":\"SearchAction\",\"target\":{\"@type\":\"EntryPoint\",\"urlTemplate\":\"https:\/\/www.prijedordanas.com\/?s={search_term_string}\"},\"query-input\":\"required name=search_term_string\"}],\"inLanguage\":\"en-US\"},{\"@type\":\"Organization\",\"@id\":\"https:\/\/www.prijedordanas.com\/#organization\",\"name\":\"PrijedorDanas.com\",\"url\":\"https:\/\/www.prijedordanas.com\/\",\"logo\":{\"@type\":\"ImageObject\",\"inLanguage\":\"en-US\",\"@id\":\"https:\/\/www.prijedordanas.com\/#\/schema\/logo\/image\/\",\"url\":\"http:\/\/www.prijedordanas.com\/wp-content\/uploads\/2021\/12\/logopng.png\",\"contentUrl\":\"http:\/\/www.prijedordanas.com\/wp-content\/uploads\/2021\/12\/logopng.png\",\"width\":1019,\"height\":776,\"caption\":\"PrijedorDanas.com\"},\"image\":{\"@id\":\"https:\/\/www.prijedordanas.com\/#\/schema\/logo\/image\/\"},\"sameAs\":[\"https:\/\/www.facebook.com\/PrijedorDanasCom\/\"]},{\"@type\":\"Person\",\"@id\":\"https:\/\/www.prijedordanas.com\/#\/schema\/person\/4e08ccf29b506ca916ff86d46bb700e6\",\"name\":\"admin\",\"image\":{\"@type\":\"ImageObject\",\"inLanguage\":\"en-US\",\"@id\":\"https:\/\/www.prijedordanas.com\/#\/schema\/person\/image\/\",\"url\":\"https:\/\/secure.gravatar.com\/avatar\/1d3fc949d550f0b53a5f0d51e06dfd79?s=96&d=mm&r=g\",\"contentUrl\":\"https:\/\/secure.gravatar.com\/avatar\/1d3fc949d550f0b53a5f0d51e06dfd79?s=96&d=mm&r=g\",\"caption\":\"admin\"},\"url\":\"https:\/\/www.prijedordanas.com\/?author=1\"}]}<\/script>\n<!-- \/ Yoast SEO plugin. -->","yoast_head_json":{"title":"AKTIVISTI TVRDE: NEHUMANO POSTUPANJE PREMA PSIMA U AZILU U PRIJEDORU SE ZATA\u0160KAVA - PrijedorDanas.com - Prijedorski gradski portal","robots":{"index":"index","follow":"follow","max-snippet":"max-snippet:-1","max-image-preview":"max-image-preview:large","max-video-preview":"max-video-preview:-1"},"canonical":"https:\/\/www.prijedordanas.com\/?p=116720","og_locale":"en_US","og_type":"article","og_title":"AKTIVISTI TVRDE: NEHUMANO POSTUPANJE PREMA PSIMA U AZILU U PRIJEDORU SE ZATA\u0160KAVA - PrijedorDanas.com - Prijedorski gradski portal","og_description":"\u201cZatekla sam pse iznurene, izgladnjele, \u0161tence poluodgri\u017eenih \u0161apica, polumrtve pse i mrtve pse kako se razla\u017eu u \u2018paviljon ku\u0107icama\u2019\u201d, pri\u010da Ina Ritan. Ina Ritan je profesorica engleskog jezika iz Prijedora, [&hellip;]","og_url":"https:\/\/www.prijedordanas.com\/?p=116720","og_site_name":"PrijedorDanas.com - Prijedorski gradski portal","article_publisher":"https:\/\/www.facebook.com\/PrijedorDanasCom\/","article_published_time":"2018-11-27T11:15:24+00:00","og_image":[{"url":"https:\/\/www.prijedordanas.com\/wp-content\/uploads\/2018\/11\/6yka-psi-azil-1-300x225.jpg"}],"author":"admin","twitter_card":"summary_large_image","twitter_misc":{"Written by":"admin","Est. reading time":"6 minutes"},"schema":{"@context":"https:\/\/schema.org","@graph":[{"@type":"Article","@id":"https:\/\/www.prijedordanas.com\/?p=116720#article","isPartOf":{"@id":"https:\/\/www.prijedordanas.com\/?p=116720"},"author":{"name":"admin","@id":"https:\/\/www.prijedordanas.com\/#\/schema\/person\/4e08ccf29b506ca916ff86d46bb700e6"},"headline":"AKTIVISTI TVRDE: NEHUMANO POSTUPANJE PREMA PSIMA U AZILU U PRIJEDORU SE ZATA\u0160KAVA","datePublished":"2018-11-27T11:15:24+00:00","dateModified":"2018-11-27T11:15:24+00:00","mainEntityOfPage":{"@id":"https:\/\/www.prijedordanas.com\/?p=116720"},"wordCount":1285,"publisher":{"@id":"https:\/\/www.prijedordanas.com\/#organization"},"articleSection":["Svakodnevno"],"inLanguage":"en-US"},{"@type":"WebPage","@id":"https:\/\/www.prijedordanas.com\/?p=116720","url":"https:\/\/www.prijedordanas.com\/?p=116720","name":"AKTIVISTI TVRDE: NEHUMANO POSTUPANJE PREMA PSIMA U AZILU U PRIJEDORU SE ZATA\u0160KAVA - PrijedorDanas.com - Prijedorski gradski portal","isPartOf":{"@id":"https:\/\/www.prijedordanas.com\/#website"},"datePublished":"2018-11-27T11:15:24+00:00","dateModified":"2018-11-27T11:15:24+00:00","breadcrumb":{"@id":"https:\/\/www.prijedordanas.com\/?p=116720#breadcrumb"},"inLanguage":"en-US","potentialAction":[{"@type":"ReadAction","target":["https:\/\/www.prijedordanas.com\/?p=116720"]}]},{"@type":"BreadcrumbList","@id":"https:\/\/www.prijedordanas.com\/?p=116720#breadcrumb","itemListElement":[{"@type":"ListItem","position":1,"name":"Home","item":"https:\/\/www.prijedordanas.com\/"},{"@type":"ListItem","position":2,"name":"AKTIVISTI TVRDE: NEHUMANO POSTUPANJE PREMA PSIMA U AZILU U PRIJEDORU SE ZATA\u0160KAVA"}]},{"@type":"WebSite","@id":"https:\/\/www.prijedordanas.com\/#website","url":"https:\/\/www.prijedordanas.com\/","name":"PrijedorDanas.com - Prijedorski gradski portal","description":"Portal o doga\u0111anjima u gradu Prijedoru","publisher":{"@id":"https:\/\/www.prijedordanas.com\/#organization"},"potentialAction":[{"@type":"SearchAction","target":{"@type":"EntryPoint","urlTemplate":"https:\/\/www.prijedordanas.com\/?s={search_term_string}"},"query-input":"required name=search_term_string"}],"inLanguage":"en-US"},{"@type":"Organization","@id":"https:\/\/www.prijedordanas.com\/#organization","name":"PrijedorDanas.com","url":"https:\/\/www.prijedordanas.com\/","logo":{"@type":"ImageObject","inLanguage":"en-US","@id":"https:\/\/www.prijedordanas.com\/#\/schema\/logo\/image\/","url":"http:\/\/www.prijedordanas.com\/wp-content\/uploads\/2021\/12\/logopng.png","contentUrl":"http:\/\/www.prijedordanas.com\/wp-content\/uploads\/2021\/12\/logopng.png","width":1019,"height":776,"caption":"PrijedorDanas.com"},"image":{"@id":"https:\/\/www.prijedordanas.com\/#\/schema\/logo\/image\/"},"sameAs":["https:\/\/www.facebook.com\/PrijedorDanasCom\/"]},{"@type":"Person","@id":"https:\/\/www.prijedordanas.com\/#\/schema\/person\/4e08ccf29b506ca916ff86d46bb700e6","name":"admin","image":{"@type":"ImageObject","inLanguage":"en-US","@id":"https:\/\/www.prijedordanas.com\/#\/schema\/person\/image\/","url":"https:\/\/secure.gravatar.com\/avatar\/1d3fc949d550f0b53a5f0d51e06dfd79?s=96&d=mm&r=g","contentUrl":"https:\/\/secure.gravatar.com\/avatar\/1d3fc949d550f0b53a5f0d51e06dfd79?s=96&d=mm&r=g","caption":"admin"},"url":"https:\/\/www.prijedordanas.com\/?author=1"}]}},"_links":{"self":[{"href":"https:\/\/www.prijedordanas.com\/index.php?rest_route=\/wp\/v2\/posts\/116720"}],"collection":[{"href":"https:\/\/www.prijedordanas.com\/index.php?rest_route=\/wp\/v2\/posts"}],"about":[{"href":"https:\/\/www.prijedordanas.com\/index.php?rest_route=\/wp\/v2\/types\/post"}],"author":[{"embeddable":true,"href":"https:\/\/www.prijedordanas.com\/index.php?rest_route=\/wp\/v2\/users\/1"}],"replies":[{"embeddable":true,"href":"https:\/\/www.prijedordanas.com\/index.php?rest_route=%2Fwp%2Fv2%2Fcomments&post=116720"}],"version-history":[{"count":1,"href":"https:\/\/www.prijedordanas.com\/index.php?rest_route=\/wp\/v2\/posts\/116720\/revisions"}],"predecessor-version":[{"id":116723,"href":"https:\/\/www.prijedordanas.com\/index.php?rest_route=\/wp\/v2\/posts\/116720\/revisions\/116723"}],"wp:attachment":[{"href":"https:\/\/www.prijedordanas.com\/index.php?rest_route=%2Fwp%2Fv2%2Fmedia&parent=116720"}],"wp:term":[{"taxonomy":"category","embeddable":true,"href":"https:\/\/www.prijedordanas.com\/index.php?rest_route=%2Fwp%2Fv2%2Fcategories&post=116720"},{"taxonomy":"post_tag","embeddable":true,"href":"https:\/\/www.prijedordanas.com\/index.php?rest_route=%2Fwp%2Fv2%2Ftags&post=116720"}],"curies":[{"name":"wp","href":"https:\/\/api.w.org\/{rel}","templated":true}]}}