{"id":116091,"date":"2018-11-15T22:15:02","date_gmt":"2018-11-15T21:15:02","guid":{"rendered":"https:\/\/www.prijedordanas.com\/?p=116091"},"modified":"2018-11-15T22:15:02","modified_gmt":"2018-11-15T21:15:02","slug":"obiljezena-peta-godisnjica-formiranja-cjb-prijedor-bezbjednost-na-visokom-nivou-foto-video","status":"publish","type":"post","link":"https:\/\/www.prijedordanas.com\/?p=116091","title":{"rendered":"OBILJE\u017dENA PETA GODI\u0160NJICA FORMIRANJA CJB PRIJEDOR: BEZBJEDNOST NA VISOKOM NIVOU \u2013 FOTO\/VIDEO"},"content":{"rendered":"<p><a href=\"https:\/\/www.prijedordanas.com\/wp-content\/uploads\/2018\/11\/godisnjica-cjb-pu-prijedor-1.jpg\"><img loading=\"lazy\" decoding=\"async\" class=\"alignleft size-medium wp-image-116093\" src=\"https:\/\/www.prijedordanas.com\/wp-content\/uploads\/2018\/11\/godisnjica-cjb-pu-prijedor-1-300x222.jpg\" alt=\"\" width=\"300\" height=\"222\" srcset=\"https:\/\/www.prijedordanas.com\/wp-content\/uploads\/2018\/11\/godisnjica-cjb-pu-prijedor-1-300x222.jpg 300w, https:\/\/www.prijedordanas.com\/wp-content\/uploads\/2018\/11\/godisnjica-cjb-pu-prijedor-1-100x74.jpg 100w, https:\/\/www.prijedordanas.com\/wp-content\/uploads\/2018\/11\/godisnjica-cjb-pu-prijedor-1.jpg 675w\" sizes=\"(max-width: 300px) 100vw, 300px\" \/><\/a>Predat je raport direktoru Policije Republike Srpske \u010dime je obilje\u017eavanje pete godi\u0161njice od ponovnog formiranja Centra javne bezbjednosti, a danas Policijske uprave Prijedor, moglo da po\u010dne.<\/p>\n<p>Pokrivamo nekoliko op\u0161tina, imamo granicu sa Hrvatskom i Federacijom BiH, mnogo obaveza i veliku odgovornost, ka\u017eu u Upravi.<\/p>\n<p>&#8220;Opravdali smo ponovno uspostavljanje Centra javne bezbjednosti Prijedor jer smo podigli li\u010dnu i imovinsku bezbjednost na vi\u0161i nivo, a sasvim sam siguran da smo opravdali i bezbjednosna o\u010dekivanja gra\u0111ana i da smo dodatno oja\u010dali pojverenje gra\u0111ana u policiju,&#8221; rekao je Dalibor Ivani\u0107, na\u010delnik Policijske uprave Prijedor.<\/p>\n<p><a href=\"https:\/\/www.prijedordanas.com\/wp-content\/uploads\/2018\/11\/godisnjica-cjb-pu-prijedor-2.jpg\"><img loading=\"lazy\" decoding=\"async\" class=\"alignleft size-medium wp-image-116094\" src=\"https:\/\/www.prijedordanas.com\/wp-content\/uploads\/2018\/11\/godisnjica-cjb-pu-prijedor-2-300x199.jpg\" alt=\"\" width=\"300\" height=\"199\" srcset=\"https:\/\/www.prijedordanas.com\/wp-content\/uploads\/2018\/11\/godisnjica-cjb-pu-prijedor-2-300x199.jpg 300w, https:\/\/www.prijedordanas.com\/wp-content\/uploads\/2018\/11\/godisnjica-cjb-pu-prijedor-2-100x66.jpg 100w, https:\/\/www.prijedordanas.com\/wp-content\/uploads\/2018\/11\/godisnjica-cjb-pu-prijedor-2-480x320.jpg 480w, https:\/\/www.prijedordanas.com\/wp-content\/uploads\/2018\/11\/godisnjica-cjb-pu-prijedor-2.jpg 600w\" sizes=\"(max-width: 300px) 100vw, 300px\" \/><\/a>Svi pokazatelji rada prijedorske Policijske uprave su pozitivni. Za pet godina prili\u010dno su rasteretili banjalu\u010dki Centar, kome su nekada pripadali i dokazali da je odluka o ponovnom vra\u0107anju nadle\u017enosti bila ispravna poru\u010dili su, iz Prijedora, direktor Policije i ministar unutra\u0161njih poslova Republike Srpske.<\/p>\n<p>&#8220;Jedna veoma dobro organizovana uprava opravdala je ono \u0161to smo radili, u nekom ranijem periodu vratili smo nadle\u017enosti kao Centru javne bezbjednosti, a u novoj organizaciji MUP-a RS postala je Policijska uprava sigurno sa ciljem o\u010duvanja bezbjednosti i \u017eivota gra\u0111ana, u jednom mirnom okru\u017eenju na ovom prostoru, a to je ova PU opravdala&#8221;, rekao je Dragan Luka\u010d, ministar unutra\u0161njih poslova u Vladi RS.<\/p>\n<p><a href=\"https:\/\/www.prijedordanas.com\/wp-content\/uploads\/2018\/11\/godisnjica-cjb-pu-prijedor-3.jpg\"><img loading=\"lazy\" decoding=\"async\" src=\"https:\/\/www.prijedordanas.com\/wp-content\/uploads\/2018\/11\/godisnjica-cjb-pu-prijedor-3-229x300.jpg\" alt=\"\" width=\"229\" height=\"300\" class=\"alignleft size-medium wp-image-116095\" srcset=\"https:\/\/www.prijedordanas.com\/wp-content\/uploads\/2018\/11\/godisnjica-cjb-pu-prijedor-3-229x300.jpg 229w, https:\/\/www.prijedordanas.com\/wp-content\/uploads\/2018\/11\/godisnjica-cjb-pu-prijedor-3-76x100.jpg 76w, https:\/\/www.prijedordanas.com\/wp-content\/uploads\/2018\/11\/godisnjica-cjb-pu-prijedor-3.jpg 458w\" sizes=\"(max-width: 229px) 100vw, 229px\" \/><\/a>&#8220;U to vrijeme, a i sada, CJB Prijedor nosi problematiku Ministarstva sa oko 12 odsto, kada je u pitanju kriminalitet, javni red i mir i saobra\u0107aj. Tako da mislim i danas da je to bila opravdana odluka, a i pokazuje se preko nivoa bezbjednosti koji je podignut na ovom terenu,&#8221; ka\u017ee Darko \u0106ulum, direktor Policije RS.<\/p>\n<p>Osjeti se to na podru\u010dju grada, ka\u017ee prvi \u010dovjek Prijedora. Svima je u interesu da bezbjednosna situacija bude \u0161to stabilnija.<\/p>\n<p>&#8220;A i mi se svi trudimo da pravimo politi\u010dki ambijent da bude prilago\u0111en tim potrebama, da se bezbjednost di\u017ee na jo\u0161 vi\u0161i nivo,&#8221; rekao je Milenko \u0110akovi\u0107, gradona\u010delnik Prijedora.<\/p>\n<p>Povodom obilje\u017eavanja pete godi\u0161njice ponovnog formiranja Centra polo\u017eeni su vijenci na centralno spomen obilje\u017eje borcima poginulim u odbrambeno otad\u017ebinskom ratu.<\/p>\n<p>Prire\u0111ena je i sve\u010dana akademija.<\/p>\n<p>ATV BL<\/p>\n<p><iframe loading=\"lazy\" width=\"500\" height=\"281\" src=\"https:\/\/www.youtube.com\/embed\/2hL4-lhxgv0?feature=oembed\" frameborder=\"0\" allow=\"accelerometer; autoplay; encrypted-media; gyroscope; picture-in-picture\" allowfullscreen><\/iframe><\/p>\n<p><a href=\"https:\/\/www.prijedordanas.com\/wp-content\/uploads\/2018\/11\/godisnjica-cjb-pu-prijedor-4.jpg\"><img loading=\"lazy\" decoding=\"async\" src=\"https:\/\/www.prijedordanas.com\/wp-content\/uploads\/2018\/11\/godisnjica-cjb-pu-prijedor-4-300x199.jpg\" alt=\"\" width=\"300\" height=\"199\" class=\"alignleft size-medium wp-image-116096\" srcset=\"https:\/\/www.prijedordanas.com\/wp-content\/uploads\/2018\/11\/godisnjica-cjb-pu-prijedor-4-300x199.jpg 300w, https:\/\/www.prijedordanas.com\/wp-content\/uploads\/2018\/11\/godisnjica-cjb-pu-prijedor-4-100x66.jpg 100w, https:\/\/www.prijedordanas.com\/wp-content\/uploads\/2018\/11\/godisnjica-cjb-pu-prijedor-4-480x320.jpg 480w, https:\/\/www.prijedordanas.com\/wp-content\/uploads\/2018\/11\/godisnjica-cjb-pu-prijedor-4.jpg 600w\" sizes=\"(max-width: 300px) 100vw, 300px\" \/><\/a> <a href=\"https:\/\/www.prijedordanas.com\/wp-content\/uploads\/2018\/11\/godisnjica-cjb-pu-prijedor-5.jpg\"><img loading=\"lazy\" decoding=\"async\" src=\"https:\/\/www.prijedordanas.com\/wp-content\/uploads\/2018\/11\/godisnjica-cjb-pu-prijedor-5-300x199.jpg\" alt=\"\" width=\"300\" height=\"199\" class=\"alignleft size-medium wp-image-116097\" srcset=\"https:\/\/www.prijedordanas.com\/wp-content\/uploads\/2018\/11\/godisnjica-cjb-pu-prijedor-5-300x199.jpg 300w, https:\/\/www.prijedordanas.com\/wp-content\/uploads\/2018\/11\/godisnjica-cjb-pu-prijedor-5-100x66.jpg 100w, https:\/\/www.prijedordanas.com\/wp-content\/uploads\/2018\/11\/godisnjica-cjb-pu-prijedor-5-480x320.jpg 480w, https:\/\/www.prijedordanas.com\/wp-content\/uploads\/2018\/11\/godisnjica-cjb-pu-prijedor-5.jpg 600w\" sizes=\"(max-width: 300px) 100vw, 300px\" \/><\/a> <a href=\"https:\/\/www.prijedordanas.com\/wp-content\/uploads\/2018\/11\/godisnjica-cjb-pu-prijedor-6.jpg\"><img loading=\"lazy\" decoding=\"async\" src=\"https:\/\/www.prijedordanas.com\/wp-content\/uploads\/2018\/11\/godisnjica-cjb-pu-prijedor-6-300x199.jpg\" alt=\"\" width=\"300\" height=\"199\" class=\"alignleft size-medium wp-image-116098\" srcset=\"https:\/\/www.prijedordanas.com\/wp-content\/uploads\/2018\/11\/godisnjica-cjb-pu-prijedor-6-300x199.jpg 300w, https:\/\/www.prijedordanas.com\/wp-content\/uploads\/2018\/11\/godisnjica-cjb-pu-prijedor-6-100x66.jpg 100w, https:\/\/www.prijedordanas.com\/wp-content\/uploads\/2018\/11\/godisnjica-cjb-pu-prijedor-6-480x320.jpg 480w, https:\/\/www.prijedordanas.com\/wp-content\/uploads\/2018\/11\/godisnjica-cjb-pu-prijedor-6.jpg 600w\" sizes=\"(max-width: 300px) 100vw, 300px\" \/><\/a> <a href=\"https:\/\/www.prijedordanas.com\/wp-content\/uploads\/2018\/11\/godisnjica-cjb-pu-prijedor-7.jpg\"><img loading=\"lazy\" decoding=\"async\" src=\"https:\/\/www.prijedordanas.com\/wp-content\/uploads\/2018\/11\/godisnjica-cjb-pu-prijedor-7-300x199.jpg\" alt=\"\" width=\"300\" height=\"199\" class=\"alignleft size-medium wp-image-116099\" srcset=\"https:\/\/www.prijedordanas.com\/wp-content\/uploads\/2018\/11\/godisnjica-cjb-pu-prijedor-7-300x199.jpg 300w, https:\/\/www.prijedordanas.com\/wp-content\/uploads\/2018\/11\/godisnjica-cjb-pu-prijedor-7-100x66.jpg 100w, https:\/\/www.prijedordanas.com\/wp-content\/uploads\/2018\/11\/godisnjica-cjb-pu-prijedor-7-480x320.jpg 480w, https:\/\/www.prijedordanas.com\/wp-content\/uploads\/2018\/11\/godisnjica-cjb-pu-prijedor-7.jpg 600w\" sizes=\"(max-width: 300px) 100vw, 300px\" \/><\/a> <a href=\"https:\/\/www.prijedordanas.com\/wp-content\/uploads\/2018\/11\/godisnjica-cjb-pu-prijedor-8.jpg\"><img loading=\"lazy\" decoding=\"async\" src=\"https:\/\/www.prijedordanas.com\/wp-content\/uploads\/2018\/11\/godisnjica-cjb-pu-prijedor-8-300x199.jpg\" alt=\"\" width=\"300\" height=\"199\" class=\"alignleft size-medium wp-image-116100\" srcset=\"https:\/\/www.prijedordanas.com\/wp-content\/uploads\/2018\/11\/godisnjica-cjb-pu-prijedor-8-300x199.jpg 300w, https:\/\/www.prijedordanas.com\/wp-content\/uploads\/2018\/11\/godisnjica-cjb-pu-prijedor-8-100x66.jpg 100w, https:\/\/www.prijedordanas.com\/wp-content\/uploads\/2018\/11\/godisnjica-cjb-pu-prijedor-8-480x320.jpg 480w, https:\/\/www.prijedordanas.com\/wp-content\/uploads\/2018\/11\/godisnjica-cjb-pu-prijedor-8.jpg 600w\" sizes=\"(max-width: 300px) 100vw, 300px\" \/><\/a> <a href=\"https:\/\/www.prijedordanas.com\/wp-content\/uploads\/2018\/11\/godisnjica-cjb-pu-prijedor-9.jpg\"><img loading=\"lazy\" decoding=\"async\" src=\"https:\/\/www.prijedordanas.com\/wp-content\/uploads\/2018\/11\/godisnjica-cjb-pu-prijedor-9-300x199.jpg\" alt=\"\" width=\"300\" height=\"199\" class=\"alignleft size-medium wp-image-116101\" srcset=\"https:\/\/www.prijedordanas.com\/wp-content\/uploads\/2018\/11\/godisnjica-cjb-pu-prijedor-9-300x199.jpg 300w, https:\/\/www.prijedordanas.com\/wp-content\/uploads\/2018\/11\/godisnjica-cjb-pu-prijedor-9-100x66.jpg 100w, https:\/\/www.prijedordanas.com\/wp-content\/uploads\/2018\/11\/godisnjica-cjb-pu-prijedor-9-480x320.jpg 480w, https:\/\/www.prijedordanas.com\/wp-content\/uploads\/2018\/11\/godisnjica-cjb-pu-prijedor-9.jpg 600w\" sizes=\"(max-width: 300px) 100vw, 300px\" \/><\/a> <a href=\"https:\/\/www.prijedordanas.com\/wp-content\/uploads\/2018\/11\/godisnjica-cjb-pu-prijedor-10.jpg\"><img loading=\"lazy\" decoding=\"async\" src=\"https:\/\/www.prijedordanas.com\/wp-content\/uploads\/2018\/11\/godisnjica-cjb-pu-prijedor-10-300x199.jpg\" alt=\"\" width=\"300\" height=\"199\" class=\"alignleft size-medium wp-image-116102\" srcset=\"https:\/\/www.prijedordanas.com\/wp-content\/uploads\/2018\/11\/godisnjica-cjb-pu-prijedor-10-300x199.jpg 300w, https:\/\/www.prijedordanas.com\/wp-content\/uploads\/2018\/11\/godisnjica-cjb-pu-prijedor-10-100x66.jpg 100w, https:\/\/www.prijedordanas.com\/wp-content\/uploads\/2018\/11\/godisnjica-cjb-pu-prijedor-10-480x320.jpg 480w, https:\/\/www.prijedordanas.com\/wp-content\/uploads\/2018\/11\/godisnjica-cjb-pu-prijedor-10.jpg 600w\" sizes=\"(max-width: 300px) 100vw, 300px\" \/><\/a> <a href=\"https:\/\/www.prijedordanas.com\/wp-content\/uploads\/2018\/11\/godisnjica-cjb-pu-prijedor-11.jpg\"><img loading=\"lazy\" decoding=\"async\" src=\"https:\/\/www.prijedordanas.com\/wp-content\/uploads\/2018\/11\/godisnjica-cjb-pu-prijedor-11-300x199.jpg\" alt=\"\" width=\"300\" height=\"199\" class=\"alignleft size-medium wp-image-116103\" srcset=\"https:\/\/www.prijedordanas.com\/wp-content\/uploads\/2018\/11\/godisnjica-cjb-pu-prijedor-11-300x199.jpg 300w, https:\/\/www.prijedordanas.com\/wp-content\/uploads\/2018\/11\/godisnjica-cjb-pu-prijedor-11-100x66.jpg 100w, https:\/\/www.prijedordanas.com\/wp-content\/uploads\/2018\/11\/godisnjica-cjb-pu-prijedor-11-480x320.jpg 480w, https:\/\/www.prijedordanas.com\/wp-content\/uploads\/2018\/11\/godisnjica-cjb-pu-prijedor-11.jpg 600w\" sizes=\"(max-width: 300px) 100vw, 300px\" \/><\/a> <a href=\"https:\/\/www.prijedordanas.com\/wp-content\/uploads\/2018\/11\/godisnjica-cjb-pu-prijedor-12.jpg\"><img loading=\"lazy\" decoding=\"async\" src=\"https:\/\/www.prijedordanas.com\/wp-content\/uploads\/2018\/11\/godisnjica-cjb-pu-prijedor-12-300x199.jpg\" alt=\"\" width=\"300\" height=\"199\" class=\"alignleft size-medium wp-image-116104\" srcset=\"https:\/\/www.prijedordanas.com\/wp-content\/uploads\/2018\/11\/godisnjica-cjb-pu-prijedor-12-300x199.jpg 300w, https:\/\/www.prijedordanas.com\/wp-content\/uploads\/2018\/11\/godisnjica-cjb-pu-prijedor-12-100x66.jpg 100w, https:\/\/www.prijedordanas.com\/wp-content\/uploads\/2018\/11\/godisnjica-cjb-pu-prijedor-12-480x320.jpg 480w, https:\/\/www.prijedordanas.com\/wp-content\/uploads\/2018\/11\/godisnjica-cjb-pu-prijedor-12.jpg 600w\" sizes=\"(max-width: 300px) 100vw, 300px\" \/><\/a> <a href=\"https:\/\/www.prijedordanas.com\/wp-content\/uploads\/2018\/11\/godisnjica-cjb-pu-prijedor-13.jpg\"><img loading=\"lazy\" decoding=\"async\" src=\"https:\/\/www.prijedordanas.com\/wp-content\/uploads\/2018\/11\/godisnjica-cjb-pu-prijedor-13-300x199.jpg\" alt=\"\" width=\"300\" height=\"199\" class=\"alignleft size-medium wp-image-116105\" srcset=\"https:\/\/www.prijedordanas.com\/wp-content\/uploads\/2018\/11\/godisnjica-cjb-pu-prijedor-13-300x199.jpg 300w, https:\/\/www.prijedordanas.com\/wp-content\/uploads\/2018\/11\/godisnjica-cjb-pu-prijedor-13-100x66.jpg 100w, https:\/\/www.prijedordanas.com\/wp-content\/uploads\/2018\/11\/godisnjica-cjb-pu-prijedor-13-480x320.jpg 480w, https:\/\/www.prijedordanas.com\/wp-content\/uploads\/2018\/11\/godisnjica-cjb-pu-prijedor-13.jpg 600w\" sizes=\"(max-width: 300px) 100vw, 300px\" \/><\/a><\/p>\n","protected":false},"excerpt":{"rendered":"<p>Predat je raport direktoru Policije Republike Srpske \u010dime je obilje\u017eavanje pete godi\u0161njice od ponovnog formiranja Centra javne bezbjednosti, a danas Policijske uprave Prijedor, moglo da po\u010dne. Pokrivamo nekoliko op\u0161tina, imamo [&hellip;]<\/p>\n","protected":false},"author":1,"featured_media":0,"comment_status":"closed","ping_status":"open","sticky":false,"template":"","format":"standard","meta":{"_monsterinsights_skip_tracking":false,"_monsterinsights_sitenote_active":false,"_monsterinsights_sitenote_note":"","_monsterinsights_sitenote_category":0,"footnotes":""},"categories":[4],"tags":[],"yoast_head":"<!-- This site is optimized with the Yoast SEO plugin v21.6 - https:\/\/yoast.com\/wordpress\/plugins\/seo\/ -->\n<title>OBILJE\u017dENA PETA GODI\u0160NJICA FORMIRANJA CJB PRIJEDOR: BEZBJEDNOST NA VISOKOM NIVOU \u2013 FOTO\/VIDEO - PrijedorDanas.com - Prijedorski gradski portal<\/title>\n<meta name=\"robots\" content=\"index, follow, max-snippet:-1, max-image-preview:large, max-video-preview:-1\" \/>\n<link rel=\"canonical\" href=\"https:\/\/www.prijedordanas.com\/?p=116091\" \/>\n<meta property=\"og:locale\" content=\"en_US\" \/>\n<meta property=\"og:type\" content=\"article\" \/>\n<meta property=\"og:title\" content=\"OBILJE\u017dENA PETA GODI\u0160NJICA FORMIRANJA CJB PRIJEDOR: BEZBJEDNOST NA VISOKOM NIVOU \u2013 FOTO\/VIDEO - PrijedorDanas.com - Prijedorski gradski portal\" \/>\n<meta property=\"og:description\" content=\"Predat je raport direktoru Policije Republike Srpske \u010dime je obilje\u017eavanje pete godi\u0161njice od ponovnog formiranja Centra javne bezbjednosti, a danas Policijske uprave Prijedor, moglo da po\u010dne. Pokrivamo nekoliko op\u0161tina, imamo [&hellip;]\" \/>\n<meta property=\"og:url\" content=\"https:\/\/www.prijedordanas.com\/?p=116091\" \/>\n<meta property=\"og:site_name\" content=\"PrijedorDanas.com - Prijedorski gradski portal\" \/>\n<meta property=\"article:publisher\" content=\"https:\/\/www.facebook.com\/PrijedorDanasCom\/\" \/>\n<meta property=\"article:published_time\" content=\"2018-11-15T21:15:02+00:00\" \/>\n<meta property=\"og:image\" content=\"https:\/\/www.prijedordanas.com\/wp-content\/uploads\/2018\/11\/godisnjica-cjb-pu-prijedor-1-300x222.jpg\" \/>\n<meta name=\"author\" content=\"admin\" \/>\n<meta name=\"twitter:card\" content=\"summary_large_image\" \/>\n<meta name=\"twitter:label1\" content=\"Written by\" \/>\n\t<meta name=\"twitter:data1\" content=\"admin\" \/>\n\t<meta name=\"twitter:label2\" content=\"Est. reading time\" \/>\n\t<meta name=\"twitter:data2\" content=\"2 minutes\" \/>\n<script type=\"application\/ld+json\" class=\"yoast-schema-graph\">{\"@context\":\"https:\/\/schema.org\",\"@graph\":[{\"@type\":\"Article\",\"@id\":\"https:\/\/www.prijedordanas.com\/?p=116091#article\",\"isPartOf\":{\"@id\":\"https:\/\/www.prijedordanas.com\/?p=116091\"},\"author\":{\"name\":\"admin\",\"@id\":\"https:\/\/www.prijedordanas.com\/#\/schema\/person\/4e08ccf29b506ca916ff86d46bb700e6\"},\"headline\":\"OBILJE\u017dENA PETA GODI\u0160NJICA FORMIRANJA CJB PRIJEDOR: BEZBJEDNOST NA VISOKOM NIVOU \u2013 FOTO\/VIDEO\",\"datePublished\":\"2018-11-15T21:15:02+00:00\",\"dateModified\":\"2018-11-15T21:15:02+00:00\",\"mainEntityOfPage\":{\"@id\":\"https:\/\/www.prijedordanas.com\/?p=116091\"},\"wordCount\":385,\"publisher\":{\"@id\":\"https:\/\/www.prijedordanas.com\/#organization\"},\"articleSection\":[\"Dru\u0161tvo\"],\"inLanguage\":\"en-US\"},{\"@type\":\"WebPage\",\"@id\":\"https:\/\/www.prijedordanas.com\/?p=116091\",\"url\":\"https:\/\/www.prijedordanas.com\/?p=116091\",\"name\":\"OBILJE\u017dENA PETA GODI\u0160NJICA FORMIRANJA CJB PRIJEDOR: BEZBJEDNOST NA VISOKOM NIVOU \u2013 FOTO\/VIDEO - PrijedorDanas.com - Prijedorski gradski portal\",\"isPartOf\":{\"@id\":\"https:\/\/www.prijedordanas.com\/#website\"},\"datePublished\":\"2018-11-15T21:15:02+00:00\",\"dateModified\":\"2018-11-15T21:15:02+00:00\",\"breadcrumb\":{\"@id\":\"https:\/\/www.prijedordanas.com\/?p=116091#breadcrumb\"},\"inLanguage\":\"en-US\",\"potentialAction\":[{\"@type\":\"ReadAction\",\"target\":[\"https:\/\/www.prijedordanas.com\/?p=116091\"]}]},{\"@type\":\"BreadcrumbList\",\"@id\":\"https:\/\/www.prijedordanas.com\/?p=116091#breadcrumb\",\"itemListElement\":[{\"@type\":\"ListItem\",\"position\":1,\"name\":\"Home\",\"item\":\"https:\/\/www.prijedordanas.com\/\"},{\"@type\":\"ListItem\",\"position\":2,\"name\":\"OBILJE\u017dENA PETA GODI\u0160NJICA FORMIRANJA CJB PRIJEDOR: BEZBJEDNOST NA VISOKOM NIVOU \u2013 FOTO\/VIDEO\"}]},{\"@type\":\"WebSite\",\"@id\":\"https:\/\/www.prijedordanas.com\/#website\",\"url\":\"https:\/\/www.prijedordanas.com\/\",\"name\":\"PrijedorDanas.com - Prijedorski gradski portal\",\"description\":\"Portal o doga\u0111anjima u gradu Prijedoru\",\"publisher\":{\"@id\":\"https:\/\/www.prijedordanas.com\/#organization\"},\"potentialAction\":[{\"@type\":\"SearchAction\",\"target\":{\"@type\":\"EntryPoint\",\"urlTemplate\":\"https:\/\/www.prijedordanas.com\/?s={search_term_string}\"},\"query-input\":\"required name=search_term_string\"}],\"inLanguage\":\"en-US\"},{\"@type\":\"Organization\",\"@id\":\"https:\/\/www.prijedordanas.com\/#organization\",\"name\":\"PrijedorDanas.com\",\"url\":\"https:\/\/www.prijedordanas.com\/\",\"logo\":{\"@type\":\"ImageObject\",\"inLanguage\":\"en-US\",\"@id\":\"https:\/\/www.prijedordanas.com\/#\/schema\/logo\/image\/\",\"url\":\"http:\/\/www.prijedordanas.com\/wp-content\/uploads\/2021\/12\/logopng.png\",\"contentUrl\":\"http:\/\/www.prijedordanas.com\/wp-content\/uploads\/2021\/12\/logopng.png\",\"width\":1019,\"height\":776,\"caption\":\"PrijedorDanas.com\"},\"image\":{\"@id\":\"https:\/\/www.prijedordanas.com\/#\/schema\/logo\/image\/\"},\"sameAs\":[\"https:\/\/www.facebook.com\/PrijedorDanasCom\/\"]},{\"@type\":\"Person\",\"@id\":\"https:\/\/www.prijedordanas.com\/#\/schema\/person\/4e08ccf29b506ca916ff86d46bb700e6\",\"name\":\"admin\",\"image\":{\"@type\":\"ImageObject\",\"inLanguage\":\"en-US\",\"@id\":\"https:\/\/www.prijedordanas.com\/#\/schema\/person\/image\/\",\"url\":\"https:\/\/secure.gravatar.com\/avatar\/1d3fc949d550f0b53a5f0d51e06dfd79?s=96&d=mm&r=g\",\"contentUrl\":\"https:\/\/secure.gravatar.com\/avatar\/1d3fc949d550f0b53a5f0d51e06dfd79?s=96&d=mm&r=g\",\"caption\":\"admin\"},\"url\":\"https:\/\/www.prijedordanas.com\/?author=1\"}]}<\/script>\n<!-- \/ Yoast SEO plugin. -->","yoast_head_json":{"title":"OBILJE\u017dENA PETA GODI\u0160NJICA FORMIRANJA CJB PRIJEDOR: BEZBJEDNOST NA VISOKOM NIVOU \u2013 FOTO\/VIDEO - PrijedorDanas.com - Prijedorski gradski portal","robots":{"index":"index","follow":"follow","max-snippet":"max-snippet:-1","max-image-preview":"max-image-preview:large","max-video-preview":"max-video-preview:-1"},"canonical":"https:\/\/www.prijedordanas.com\/?p=116091","og_locale":"en_US","og_type":"article","og_title":"OBILJE\u017dENA PETA GODI\u0160NJICA FORMIRANJA CJB PRIJEDOR: BEZBJEDNOST NA VISOKOM NIVOU \u2013 FOTO\/VIDEO - PrijedorDanas.com - Prijedorski gradski portal","og_description":"Predat je raport direktoru Policije Republike Srpske \u010dime je obilje\u017eavanje pete godi\u0161njice od ponovnog formiranja Centra javne bezbjednosti, a danas Policijske uprave Prijedor, moglo da po\u010dne. Pokrivamo nekoliko op\u0161tina, imamo [&hellip;]","og_url":"https:\/\/www.prijedordanas.com\/?p=116091","og_site_name":"PrijedorDanas.com - Prijedorski gradski portal","article_publisher":"https:\/\/www.facebook.com\/PrijedorDanasCom\/","article_published_time":"2018-11-15T21:15:02+00:00","og_image":[{"url":"https:\/\/www.prijedordanas.com\/wp-content\/uploads\/2018\/11\/godisnjica-cjb-pu-prijedor-1-300x222.jpg"}],"author":"admin","twitter_card":"summary_large_image","twitter_misc":{"Written by":"admin","Est. reading time":"2 minutes"},"schema":{"@context":"https:\/\/schema.org","@graph":[{"@type":"Article","@id":"https:\/\/www.prijedordanas.com\/?p=116091#article","isPartOf":{"@id":"https:\/\/www.prijedordanas.com\/?p=116091"},"author":{"name":"admin","@id":"https:\/\/www.prijedordanas.com\/#\/schema\/person\/4e08ccf29b506ca916ff86d46bb700e6"},"headline":"OBILJE\u017dENA PETA GODI\u0160NJICA FORMIRANJA CJB PRIJEDOR: BEZBJEDNOST NA VISOKOM NIVOU \u2013 FOTO\/VIDEO","datePublished":"2018-11-15T21:15:02+00:00","dateModified":"2018-11-15T21:15:02+00:00","mainEntityOfPage":{"@id":"https:\/\/www.prijedordanas.com\/?p=116091"},"wordCount":385,"publisher":{"@id":"https:\/\/www.prijedordanas.com\/#organization"},"articleSection":["Dru\u0161tvo"],"inLanguage":"en-US"},{"@type":"WebPage","@id":"https:\/\/www.prijedordanas.com\/?p=116091","url":"https:\/\/www.prijedordanas.com\/?p=116091","name":"OBILJE\u017dENA PETA GODI\u0160NJICA FORMIRANJA CJB PRIJEDOR: BEZBJEDNOST NA VISOKOM NIVOU \u2013 FOTO\/VIDEO - PrijedorDanas.com - Prijedorski gradski portal","isPartOf":{"@id":"https:\/\/www.prijedordanas.com\/#website"},"datePublished":"2018-11-15T21:15:02+00:00","dateModified":"2018-11-15T21:15:02+00:00","breadcrumb":{"@id":"https:\/\/www.prijedordanas.com\/?p=116091#breadcrumb"},"inLanguage":"en-US","potentialAction":[{"@type":"ReadAction","target":["https:\/\/www.prijedordanas.com\/?p=116091"]}]},{"@type":"BreadcrumbList","@id":"https:\/\/www.prijedordanas.com\/?p=116091#breadcrumb","itemListElement":[{"@type":"ListItem","position":1,"name":"Home","item":"https:\/\/www.prijedordanas.com\/"},{"@type":"ListItem","position":2,"name":"OBILJE\u017dENA PETA GODI\u0160NJICA FORMIRANJA CJB PRIJEDOR: BEZBJEDNOST NA VISOKOM NIVOU \u2013 FOTO\/VIDEO"}]},{"@type":"WebSite","@id":"https:\/\/www.prijedordanas.com\/#website","url":"https:\/\/www.prijedordanas.com\/","name":"PrijedorDanas.com - Prijedorski gradski portal","description":"Portal o doga\u0111anjima u gradu Prijedoru","publisher":{"@id":"https:\/\/www.prijedordanas.com\/#organization"},"potentialAction":[{"@type":"SearchAction","target":{"@type":"EntryPoint","urlTemplate":"https:\/\/www.prijedordanas.com\/?s={search_term_string}"},"query-input":"required name=search_term_string"}],"inLanguage":"en-US"},{"@type":"Organization","@id":"https:\/\/www.prijedordanas.com\/#organization","name":"PrijedorDanas.com","url":"https:\/\/www.prijedordanas.com\/","logo":{"@type":"ImageObject","inLanguage":"en-US","@id":"https:\/\/www.prijedordanas.com\/#\/schema\/logo\/image\/","url":"http:\/\/www.prijedordanas.com\/wp-content\/uploads\/2021\/12\/logopng.png","contentUrl":"http:\/\/www.prijedordanas.com\/wp-content\/uploads\/2021\/12\/logopng.png","width":1019,"height":776,"caption":"PrijedorDanas.com"},"image":{"@id":"https:\/\/www.prijedordanas.com\/#\/schema\/logo\/image\/"},"sameAs":["https:\/\/www.facebook.com\/PrijedorDanasCom\/"]},{"@type":"Person","@id":"https:\/\/www.prijedordanas.com\/#\/schema\/person\/4e08ccf29b506ca916ff86d46bb700e6","name":"admin","image":{"@type":"ImageObject","inLanguage":"en-US","@id":"https:\/\/www.prijedordanas.com\/#\/schema\/person\/image\/","url":"https:\/\/secure.gravatar.com\/avatar\/1d3fc949d550f0b53a5f0d51e06dfd79?s=96&d=mm&r=g","contentUrl":"https:\/\/secure.gravatar.com\/avatar\/1d3fc949d550f0b53a5f0d51e06dfd79?s=96&d=mm&r=g","caption":"admin"},"url":"https:\/\/www.prijedordanas.com\/?author=1"}]}},"_links":{"self":[{"href":"https:\/\/www.prijedordanas.com\/index.php?rest_route=\/wp\/v2\/posts\/116091"}],"collection":[{"href":"https:\/\/www.prijedordanas.com\/index.php?rest_route=\/wp\/v2\/posts"}],"about":[{"href":"https:\/\/www.prijedordanas.com\/index.php?rest_route=\/wp\/v2\/types\/post"}],"author":[{"embeddable":true,"href":"https:\/\/www.prijedordanas.com\/index.php?rest_route=\/wp\/v2\/users\/1"}],"replies":[{"embeddable":true,"href":"https:\/\/www.prijedordanas.com\/index.php?rest_route=%2Fwp%2Fv2%2Fcomments&post=116091"}],"version-history":[{"count":1,"href":"https:\/\/www.prijedordanas.com\/index.php?rest_route=\/wp\/v2\/posts\/116091\/revisions"}],"predecessor-version":[{"id":116106,"href":"https:\/\/www.prijedordanas.com\/index.php?rest_route=\/wp\/v2\/posts\/116091\/revisions\/116106"}],"wp:attachment":[{"href":"https:\/\/www.prijedordanas.com\/index.php?rest_route=%2Fwp%2Fv2%2Fmedia&parent=116091"}],"wp:term":[{"taxonomy":"category","embeddable":true,"href":"https:\/\/www.prijedordanas.com\/index.php?rest_route=%2Fwp%2Fv2%2Fcategories&post=116091"},{"taxonomy":"post_tag","embeddable":true,"href":"https:\/\/www.prijedordanas.com\/index.php?rest_route=%2Fwp%2Fv2%2Ftags&post=116091"}],"curies":[{"name":"wp","href":"https:\/\/api.w.org\/{rel}","templated":true}]}}