{"id":115384,"date":"2018-11-01T22:31:59","date_gmt":"2018-11-01T21:31:59","guid":{"rendered":"https:\/\/www.prijedordanas.com\/?p=115384"},"modified":"2018-11-01T22:31:59","modified_gmt":"2018-11-01T21:31:59","slug":"muzej-kozare-prijedor-otvorena-nova-izlozba-i-obiljezena-krsna-slava-sveti-luka-foto","status":"publish","type":"post","link":"https:\/\/www.prijedordanas.com\/?p=115384","title":{"rendered":"MUZEJ KOZARE PRIJEDOR: OTVORENA NOVA IZLO\u017dBA I OBILJE\u017dENA KRSNA SLAVA SVETI LUKA \u2013 FOTO"},"content":{"rendered":"<p><a href=\"https:\/\/www.prijedordanas.com\/wp-content\/uploads\/2018\/11\/muzej-kozare-izlozba-slava-sveti-luka-1.jpg\"><img loading=\"lazy\" decoding=\"async\" class=\"alignleft size-medium wp-image-115385\" src=\"https:\/\/www.prijedordanas.com\/wp-content\/uploads\/2018\/11\/muzej-kozare-izlozba-slava-sveti-luka-1-300x217.jpg\" alt=\"\" width=\"300\" height=\"217\" srcset=\"https:\/\/www.prijedordanas.com\/wp-content\/uploads\/2018\/11\/muzej-kozare-izlozba-slava-sveti-luka-1-300x217.jpg 300w, https:\/\/www.prijedordanas.com\/wp-content\/uploads\/2018\/11\/muzej-kozare-izlozba-slava-sveti-luka-1-100x72.jpg 100w, https:\/\/www.prijedordanas.com\/wp-content\/uploads\/2018\/11\/muzej-kozare-izlozba-slava-sveti-luka-1.jpg 690w\" sizes=\"(max-width: 300px) 100vw, 300px\" \/><\/a>U Muzeju Kozare u Prijedoru u srijedu je otvorena izlo\u017eba fotografija pod nazivom \u201cSrpska revolucija i stvaranje moderne srpske dr\u017eave 1804-1878\u201d koju je priredila sekcija fotografa Dru\u0161tva konzervatora Srbije.<\/p>\n<p>Izlo\u017ebom je ova kulturna ustanova u gradu na Sani tradicionalno obilje\u017eila i svoju krsnu slavu, Svetog apostola i jevan\u0111elistu Luku.<\/p>\n<p>Direktor Muzeja Kozare Zoran Radonji\u0107 podsjetio je da je Sveti Luka, po predanju, prvi naslikao ikonu Isusa Hrista, Presvete Bogorodice i Svetih apostola Petra i Pavla i da su sve ikone koje su kasnije nastajale bile po uzoru na ovu.<\/p>\n<p><a href=\"https:\/\/www.prijedordanas.com\/wp-content\/uploads\/2018\/11\/muzej-kozare-izlozba-slava-sveti-luka-2.jpg\"><img loading=\"lazy\" decoding=\"async\" class=\"alignleft size-medium wp-image-115386\" src=\"https:\/\/www.prijedordanas.com\/wp-content\/uploads\/2018\/11\/muzej-kozare-izlozba-slava-sveti-luka-2-300x217.jpg\" alt=\"\" width=\"300\" height=\"217\" srcset=\"https:\/\/www.prijedordanas.com\/wp-content\/uploads\/2018\/11\/muzej-kozare-izlozba-slava-sveti-luka-2-300x217.jpg 300w, https:\/\/www.prijedordanas.com\/wp-content\/uploads\/2018\/11\/muzej-kozare-izlozba-slava-sveti-luka-2-100x72.jpg 100w, https:\/\/www.prijedordanas.com\/wp-content\/uploads\/2018\/11\/muzej-kozare-izlozba-slava-sveti-luka-2.jpg 690w\" sizes=\"(max-width: 300px) 100vw, 300px\" \/><\/a>-Izlo\u017eba, koja je primjerena ovom doga\u0111aju, na veoma ilustrativan na\u010din, kroz fotografije memorijalnih mjesta i istorijskih de\u0161avanja, podsje\u0107a nas na svijetle ta\u010dke i put ka samostalnosti i slobodi nakon srednjovjekovnog ropstva tokom kojeg je srpski narod uspio da sa\u010duva svoj identitet, tradiciju i jezik &#8211; rekao je Radonji\u0107.<\/p>\n<p>-Ova izlo\u017eba je obuhvatila period od 74 godine i fotografije dana\u0161njeg izgleda memorijalnih mjesta vezanih za tok Prvog i Drugog srpskog ustanka, doga\u0111aje iz srpske revolucije, istaknutih li\u010dnosti i zna\u010dajna de\u0161avanja iz tog vremena \u2013 rekla je predsjednica sekcija fotografa Dru\u0161tva konzervatora Srbije Sne\u017eana Negovanovi\u0107.<\/p>\n<p>Ona je dodala da su na panoima i fotografije prvih institucija koje su vodile ka stvaranju i osamostaljivanju moderne srpske dr\u017eave, predstavljenih iz ugla slu\u017ebe za\u0161tite nepokretnog kulturnog naslje\u0111a Srbije, kao i fotografije spomen obilje\u017eja, gra\u0111evina, manastirskih kompleksa i bogatog spomeni\u010dkog naslje\u0111a koje je sa\u010duvano i svjedo\u010di o vi\u0161edecenijskoj borbi srpskog naroda ka sticanju dr\u017eave i samostalnosti.<\/p>\n<p><a href=\"https:\/\/www.prijedordanas.com\/wp-content\/uploads\/2018\/11\/muzej-kozare-izlozba-slava-sveti-luka-3.jpg\"><img loading=\"lazy\" decoding=\"async\" src=\"https:\/\/www.prijedordanas.com\/wp-content\/uploads\/2018\/11\/muzej-kozare-izlozba-slava-sveti-luka-3-300x217.jpg\" alt=\"\" width=\"300\" height=\"217\" class=\"alignleft size-medium wp-image-115387\" srcset=\"https:\/\/www.prijedordanas.com\/wp-content\/uploads\/2018\/11\/muzej-kozare-izlozba-slava-sveti-luka-3-300x217.jpg 300w, https:\/\/www.prijedordanas.com\/wp-content\/uploads\/2018\/11\/muzej-kozare-izlozba-slava-sveti-luka-3-100x72.jpg 100w, https:\/\/www.prijedordanas.com\/wp-content\/uploads\/2018\/11\/muzej-kozare-izlozba-slava-sveti-luka-3.jpg 690w\" sizes=\"(max-width: 300px) 100vw, 300px\" \/><\/a>Otvaranju izlo\u017ebe i slavskim sve\u010danostima i ove godine je prisustvovao kum Muzeja Drago Dragi\u0107, koji redovno dolazi iz Francuske, gdje \u017eivi i radi ve\u0107 pet decenija godina.<\/p>\n<p>Dragi\u0107 je i ovoga puta Muzeju Kozare poklonio svoju umjetni\u010dku sliku.<\/p>\n<p>Nakon otvaranja izlo\u017ebe, prire\u0111en je i slavski ru\u010dak kome je prisustvovao gradona\u010delnik Prijedora Milenko \u0110akovi\u0107 te brojni gosti iz dru\u0161tveno-politi\u010dkog \u017eivota na\u0161eg grada.<\/p>\n<p>Izlo\u017eba \u201cSrpska revolucija i stvaranje moderne srpske dr\u017eave 1804-1878\u201d \u0107e biti otvorena do 30. novembra.<\/p>\n<p>Tekst i foto &#8211; Aleksandar Drakuli\u0107 \u2013 <a href=\"https:\/\/www.prijedordanas.com\" target=\"_blank\" rel=\"noopener noreferrer\">www.prijedordanas.com<\/a><\/p>\n<p><a href=\"https:\/\/www.prijedordanas.com\/wp-content\/uploads\/2018\/11\/muzej-kozare-izlozba-slava-sveti-luka-4.jpg\"><img loading=\"lazy\" decoding=\"async\" src=\"https:\/\/www.prijedordanas.com\/wp-content\/uploads\/2018\/11\/muzej-kozare-izlozba-slava-sveti-luka-4-300x199.jpg\" alt=\"\" width=\"300\" height=\"199\" class=\"alignleft size-medium wp-image-115388\" srcset=\"https:\/\/www.prijedordanas.com\/wp-content\/uploads\/2018\/11\/muzej-kozare-izlozba-slava-sveti-luka-4-300x199.jpg 300w, https:\/\/www.prijedordanas.com\/wp-content\/uploads\/2018\/11\/muzej-kozare-izlozba-slava-sveti-luka-4-100x66.jpg 100w, https:\/\/www.prijedordanas.com\/wp-content\/uploads\/2018\/11\/muzej-kozare-izlozba-slava-sveti-luka-4-480x320.jpg 480w, https:\/\/www.prijedordanas.com\/wp-content\/uploads\/2018\/11\/muzej-kozare-izlozba-slava-sveti-luka-4.jpg 600w\" sizes=\"(max-width: 300px) 100vw, 300px\" \/><\/a> <a href=\"https:\/\/www.prijedordanas.com\/wp-content\/uploads\/2018\/11\/muzej-kozare-izlozba-slava-sveti-luka-5.jpg\"><img loading=\"lazy\" decoding=\"async\" src=\"https:\/\/www.prijedordanas.com\/wp-content\/uploads\/2018\/11\/muzej-kozare-izlozba-slava-sveti-luka-5-300x199.jpg\" alt=\"\" width=\"300\" height=\"199\" class=\"alignleft size-medium wp-image-115389\" srcset=\"https:\/\/www.prijedordanas.com\/wp-content\/uploads\/2018\/11\/muzej-kozare-izlozba-slava-sveti-luka-5-300x199.jpg 300w, https:\/\/www.prijedordanas.com\/wp-content\/uploads\/2018\/11\/muzej-kozare-izlozba-slava-sveti-luka-5-100x66.jpg 100w, https:\/\/www.prijedordanas.com\/wp-content\/uploads\/2018\/11\/muzej-kozare-izlozba-slava-sveti-luka-5-480x320.jpg 480w, https:\/\/www.prijedordanas.com\/wp-content\/uploads\/2018\/11\/muzej-kozare-izlozba-slava-sveti-luka-5.jpg 600w\" sizes=\"(max-width: 300px) 100vw, 300px\" \/><\/a> <a href=\"https:\/\/www.prijedordanas.com\/wp-content\/uploads\/2018\/11\/muzej-kozare-izlozba-slava-sveti-luka-6.jpg\"><img loading=\"lazy\" decoding=\"async\" src=\"https:\/\/www.prijedordanas.com\/wp-content\/uploads\/2018\/11\/muzej-kozare-izlozba-slava-sveti-luka-6-300x199.jpg\" alt=\"\" width=\"300\" height=\"199\" class=\"alignleft size-medium wp-image-115390\" srcset=\"https:\/\/www.prijedordanas.com\/wp-content\/uploads\/2018\/11\/muzej-kozare-izlozba-slava-sveti-luka-6-300x199.jpg 300w, https:\/\/www.prijedordanas.com\/wp-content\/uploads\/2018\/11\/muzej-kozare-izlozba-slava-sveti-luka-6-100x66.jpg 100w, https:\/\/www.prijedordanas.com\/wp-content\/uploads\/2018\/11\/muzej-kozare-izlozba-slava-sveti-luka-6-480x320.jpg 480w, https:\/\/www.prijedordanas.com\/wp-content\/uploads\/2018\/11\/muzej-kozare-izlozba-slava-sveti-luka-6.jpg 600w\" sizes=\"(max-width: 300px) 100vw, 300px\" \/><\/a> <a href=\"https:\/\/www.prijedordanas.com\/wp-content\/uploads\/2018\/11\/muzej-kozare-izlozba-slava-sveti-luka-7.jpg\"><img loading=\"lazy\" decoding=\"async\" src=\"https:\/\/www.prijedordanas.com\/wp-content\/uploads\/2018\/11\/muzej-kozare-izlozba-slava-sveti-luka-7-300x199.jpg\" alt=\"\" width=\"300\" height=\"199\" class=\"alignleft size-medium wp-image-115391\" srcset=\"https:\/\/www.prijedordanas.com\/wp-content\/uploads\/2018\/11\/muzej-kozare-izlozba-slava-sveti-luka-7-300x199.jpg 300w, https:\/\/www.prijedordanas.com\/wp-content\/uploads\/2018\/11\/muzej-kozare-izlozba-slava-sveti-luka-7-100x66.jpg 100w, https:\/\/www.prijedordanas.com\/wp-content\/uploads\/2018\/11\/muzej-kozare-izlozba-slava-sveti-luka-7-480x320.jpg 480w, https:\/\/www.prijedordanas.com\/wp-content\/uploads\/2018\/11\/muzej-kozare-izlozba-slava-sveti-luka-7.jpg 600w\" sizes=\"(max-width: 300px) 100vw, 300px\" \/><\/a> <a href=\"https:\/\/www.prijedordanas.com\/wp-content\/uploads\/2018\/11\/muzej-kozare-izlozba-slava-sveti-luka-8.jpg\"><img loading=\"lazy\" decoding=\"async\" src=\"https:\/\/www.prijedordanas.com\/wp-content\/uploads\/2018\/11\/muzej-kozare-izlozba-slava-sveti-luka-8-300x199.jpg\" alt=\"\" width=\"300\" height=\"199\" class=\"alignleft size-medium wp-image-115392\" srcset=\"https:\/\/www.prijedordanas.com\/wp-content\/uploads\/2018\/11\/muzej-kozare-izlozba-slava-sveti-luka-8-300x199.jpg 300w, https:\/\/www.prijedordanas.com\/wp-content\/uploads\/2018\/11\/muzej-kozare-izlozba-slava-sveti-luka-8-100x66.jpg 100w, https:\/\/www.prijedordanas.com\/wp-content\/uploads\/2018\/11\/muzej-kozare-izlozba-slava-sveti-luka-8-480x320.jpg 480w, https:\/\/www.prijedordanas.com\/wp-content\/uploads\/2018\/11\/muzej-kozare-izlozba-slava-sveti-luka-8.jpg 600w\" sizes=\"(max-width: 300px) 100vw, 300px\" \/><\/a> <a href=\"https:\/\/www.prijedordanas.com\/wp-content\/uploads\/2018\/11\/muzej-kozare-izlozba-slava-sveti-luka-9.jpg\"><img loading=\"lazy\" decoding=\"async\" src=\"https:\/\/www.prijedordanas.com\/wp-content\/uploads\/2018\/11\/muzej-kozare-izlozba-slava-sveti-luka-9-300x199.jpg\" alt=\"\" width=\"300\" height=\"199\" class=\"alignleft size-medium wp-image-115393\" srcset=\"https:\/\/www.prijedordanas.com\/wp-content\/uploads\/2018\/11\/muzej-kozare-izlozba-slava-sveti-luka-9-300x199.jpg 300w, https:\/\/www.prijedordanas.com\/wp-content\/uploads\/2018\/11\/muzej-kozare-izlozba-slava-sveti-luka-9-100x66.jpg 100w, https:\/\/www.prijedordanas.com\/wp-content\/uploads\/2018\/11\/muzej-kozare-izlozba-slava-sveti-luka-9-480x320.jpg 480w, https:\/\/www.prijedordanas.com\/wp-content\/uploads\/2018\/11\/muzej-kozare-izlozba-slava-sveti-luka-9.jpg 600w\" sizes=\"(max-width: 300px) 100vw, 300px\" \/><\/a> <a href=\"https:\/\/www.prijedordanas.com\/wp-content\/uploads\/2018\/11\/muzej-kozare-izlozba-slava-sveti-luka-10.jpg\"><img loading=\"lazy\" decoding=\"async\" src=\"https:\/\/www.prijedordanas.com\/wp-content\/uploads\/2018\/11\/muzej-kozare-izlozba-slava-sveti-luka-10-300x199.jpg\" alt=\"\" width=\"300\" height=\"199\" class=\"alignleft size-medium wp-image-115394\" srcset=\"https:\/\/www.prijedordanas.com\/wp-content\/uploads\/2018\/11\/muzej-kozare-izlozba-slava-sveti-luka-10-300x199.jpg 300w, https:\/\/www.prijedordanas.com\/wp-content\/uploads\/2018\/11\/muzej-kozare-izlozba-slava-sveti-luka-10-100x66.jpg 100w, https:\/\/www.prijedordanas.com\/wp-content\/uploads\/2018\/11\/muzej-kozare-izlozba-slava-sveti-luka-10-480x320.jpg 480w, https:\/\/www.prijedordanas.com\/wp-content\/uploads\/2018\/11\/muzej-kozare-izlozba-slava-sveti-luka-10.jpg 600w\" sizes=\"(max-width: 300px) 100vw, 300px\" \/><\/a> <a href=\"https:\/\/www.prijedordanas.com\/wp-content\/uploads\/2018\/11\/muzej-kozare-izlozba-slava-sveti-luka-11.jpg\"><img loading=\"lazy\" decoding=\"async\" src=\"https:\/\/www.prijedordanas.com\/wp-content\/uploads\/2018\/11\/muzej-kozare-izlozba-slava-sveti-luka-11-300x199.jpg\" alt=\"\" width=\"300\" height=\"199\" class=\"alignleft size-medium wp-image-115395\" srcset=\"https:\/\/www.prijedordanas.com\/wp-content\/uploads\/2018\/11\/muzej-kozare-izlozba-slava-sveti-luka-11-300x199.jpg 300w, https:\/\/www.prijedordanas.com\/wp-content\/uploads\/2018\/11\/muzej-kozare-izlozba-slava-sveti-luka-11-100x66.jpg 100w, https:\/\/www.prijedordanas.com\/wp-content\/uploads\/2018\/11\/muzej-kozare-izlozba-slava-sveti-luka-11-480x320.jpg 480w, https:\/\/www.prijedordanas.com\/wp-content\/uploads\/2018\/11\/muzej-kozare-izlozba-slava-sveti-luka-11.jpg 600w\" sizes=\"(max-width: 300px) 100vw, 300px\" \/><\/a><\/p>\n","protected":false},"excerpt":{"rendered":"<p>U Muzeju Kozare u Prijedoru u srijedu je otvorena izlo\u017eba fotografija pod nazivom \u201cSrpska revolucija i stvaranje moderne srpske dr\u017eave 1804-1878\u201d koju je priredila sekcija fotografa Dru\u0161tva konzervatora Srbije. Izlo\u017ebom [&hellip;]<\/p>\n","protected":false},"author":1,"featured_media":0,"comment_status":"closed","ping_status":"open","sticky":false,"template":"","format":"standard","meta":{"_monsterinsights_skip_tracking":false,"_monsterinsights_sitenote_active":false,"_monsterinsights_sitenote_note":"","_monsterinsights_sitenote_category":0,"footnotes":""},"categories":[6],"tags":[],"yoast_head":"<!-- This site is optimized with the Yoast SEO plugin v21.6 - https:\/\/yoast.com\/wordpress\/plugins\/seo\/ -->\n<title>MUZEJ KOZARE PRIJEDOR: OTVORENA NOVA IZLO\u017dBA I OBILJE\u017dENA KRSNA SLAVA SVETI LUKA \u2013 FOTO - PrijedorDanas.com - Prijedorski gradski portal<\/title>\n<meta name=\"robots\" content=\"index, follow, max-snippet:-1, max-image-preview:large, max-video-preview:-1\" \/>\n<link rel=\"canonical\" href=\"https:\/\/www.prijedordanas.com\/?p=115384\" \/>\n<meta property=\"og:locale\" content=\"en_US\" \/>\n<meta property=\"og:type\" content=\"article\" \/>\n<meta property=\"og:title\" content=\"MUZEJ KOZARE PRIJEDOR: OTVORENA NOVA IZLO\u017dBA I OBILJE\u017dENA KRSNA SLAVA SVETI LUKA \u2013 FOTO - PrijedorDanas.com - Prijedorski gradski portal\" \/>\n<meta property=\"og:description\" content=\"U Muzeju Kozare u Prijedoru u srijedu je otvorena izlo\u017eba fotografija pod nazivom \u201cSrpska revolucija i stvaranje moderne srpske dr\u017eave 1804-1878\u201d koju je priredila sekcija fotografa Dru\u0161tva konzervatora Srbije. Izlo\u017ebom [&hellip;]\" \/>\n<meta property=\"og:url\" content=\"https:\/\/www.prijedordanas.com\/?p=115384\" \/>\n<meta property=\"og:site_name\" content=\"PrijedorDanas.com - Prijedorski gradski portal\" \/>\n<meta property=\"article:publisher\" content=\"https:\/\/www.facebook.com\/PrijedorDanasCom\/\" \/>\n<meta property=\"article:published_time\" content=\"2018-11-01T21:31:59+00:00\" \/>\n<meta property=\"og:image\" content=\"https:\/\/www.prijedordanas.com\/wp-content\/uploads\/2018\/11\/muzej-kozare-izlozba-slava-sveti-luka-1-300x217.jpg\" \/>\n<meta name=\"author\" content=\"admin\" \/>\n<meta name=\"twitter:card\" content=\"summary_large_image\" \/>\n<meta name=\"twitter:label1\" content=\"Written by\" \/>\n\t<meta name=\"twitter:data1\" content=\"admin\" \/>\n\t<meta name=\"twitter:label2\" content=\"Est. reading time\" \/>\n\t<meta name=\"twitter:data2\" content=\"2 minutes\" \/>\n<script type=\"application\/ld+json\" class=\"yoast-schema-graph\">{\"@context\":\"https:\/\/schema.org\",\"@graph\":[{\"@type\":\"Article\",\"@id\":\"https:\/\/www.prijedordanas.com\/?p=115384#article\",\"isPartOf\":{\"@id\":\"https:\/\/www.prijedordanas.com\/?p=115384\"},\"author\":{\"name\":\"admin\",\"@id\":\"https:\/\/www.prijedordanas.com\/#\/schema\/person\/4e08ccf29b506ca916ff86d46bb700e6\"},\"headline\":\"MUZEJ KOZARE PRIJEDOR: OTVORENA NOVA IZLO\u017dBA I OBILJE\u017dENA KRSNA SLAVA SVETI LUKA \u2013 FOTO\",\"datePublished\":\"2018-11-01T21:31:59+00:00\",\"dateModified\":\"2018-11-01T21:31:59+00:00\",\"mainEntityOfPage\":{\"@id\":\"https:\/\/www.prijedordanas.com\/?p=115384\"},\"wordCount\":381,\"publisher\":{\"@id\":\"https:\/\/www.prijedordanas.com\/#organization\"},\"articleSection\":[\"Kultura\"],\"inLanguage\":\"en-US\"},{\"@type\":\"WebPage\",\"@id\":\"https:\/\/www.prijedordanas.com\/?p=115384\",\"url\":\"https:\/\/www.prijedordanas.com\/?p=115384\",\"name\":\"MUZEJ KOZARE PRIJEDOR: OTVORENA NOVA IZLO\u017dBA I OBILJE\u017dENA KRSNA SLAVA SVETI LUKA \u2013 FOTO - PrijedorDanas.com - Prijedorski gradski portal\",\"isPartOf\":{\"@id\":\"https:\/\/www.prijedordanas.com\/#website\"},\"datePublished\":\"2018-11-01T21:31:59+00:00\",\"dateModified\":\"2018-11-01T21:31:59+00:00\",\"breadcrumb\":{\"@id\":\"https:\/\/www.prijedordanas.com\/?p=115384#breadcrumb\"},\"inLanguage\":\"en-US\",\"potentialAction\":[{\"@type\":\"ReadAction\",\"target\":[\"https:\/\/www.prijedordanas.com\/?p=115384\"]}]},{\"@type\":\"BreadcrumbList\",\"@id\":\"https:\/\/www.prijedordanas.com\/?p=115384#breadcrumb\",\"itemListElement\":[{\"@type\":\"ListItem\",\"position\":1,\"name\":\"Home\",\"item\":\"https:\/\/www.prijedordanas.com\/\"},{\"@type\":\"ListItem\",\"position\":2,\"name\":\"MUZEJ KOZARE PRIJEDOR: OTVORENA NOVA IZLO\u017dBA I OBILJE\u017dENA KRSNA SLAVA SVETI LUKA \u2013 FOTO\"}]},{\"@type\":\"WebSite\",\"@id\":\"https:\/\/www.prijedordanas.com\/#website\",\"url\":\"https:\/\/www.prijedordanas.com\/\",\"name\":\"PrijedorDanas.com - Prijedorski gradski portal\",\"description\":\"Portal o doga\u0111anjima u gradu Prijedoru\",\"publisher\":{\"@id\":\"https:\/\/www.prijedordanas.com\/#organization\"},\"potentialAction\":[{\"@type\":\"SearchAction\",\"target\":{\"@type\":\"EntryPoint\",\"urlTemplate\":\"https:\/\/www.prijedordanas.com\/?s={search_term_string}\"},\"query-input\":\"required name=search_term_string\"}],\"inLanguage\":\"en-US\"},{\"@type\":\"Organization\",\"@id\":\"https:\/\/www.prijedordanas.com\/#organization\",\"name\":\"PrijedorDanas.com\",\"url\":\"https:\/\/www.prijedordanas.com\/\",\"logo\":{\"@type\":\"ImageObject\",\"inLanguage\":\"en-US\",\"@id\":\"https:\/\/www.prijedordanas.com\/#\/schema\/logo\/image\/\",\"url\":\"http:\/\/www.prijedordanas.com\/wp-content\/uploads\/2021\/12\/logopng.png\",\"contentUrl\":\"http:\/\/www.prijedordanas.com\/wp-content\/uploads\/2021\/12\/logopng.png\",\"width\":1019,\"height\":776,\"caption\":\"PrijedorDanas.com\"},\"image\":{\"@id\":\"https:\/\/www.prijedordanas.com\/#\/schema\/logo\/image\/\"},\"sameAs\":[\"https:\/\/www.facebook.com\/PrijedorDanasCom\/\"]},{\"@type\":\"Person\",\"@id\":\"https:\/\/www.prijedordanas.com\/#\/schema\/person\/4e08ccf29b506ca916ff86d46bb700e6\",\"name\":\"admin\",\"image\":{\"@type\":\"ImageObject\",\"inLanguage\":\"en-US\",\"@id\":\"https:\/\/www.prijedordanas.com\/#\/schema\/person\/image\/\",\"url\":\"https:\/\/secure.gravatar.com\/avatar\/1d3fc949d550f0b53a5f0d51e06dfd79?s=96&d=mm&r=g\",\"contentUrl\":\"https:\/\/secure.gravatar.com\/avatar\/1d3fc949d550f0b53a5f0d51e06dfd79?s=96&d=mm&r=g\",\"caption\":\"admin\"},\"url\":\"https:\/\/www.prijedordanas.com\/?author=1\"}]}<\/script>\n<!-- \/ Yoast SEO plugin. -->","yoast_head_json":{"title":"MUZEJ KOZARE PRIJEDOR: OTVORENA NOVA IZLO\u017dBA I OBILJE\u017dENA KRSNA SLAVA SVETI LUKA \u2013 FOTO - PrijedorDanas.com - Prijedorski gradski portal","robots":{"index":"index","follow":"follow","max-snippet":"max-snippet:-1","max-image-preview":"max-image-preview:large","max-video-preview":"max-video-preview:-1"},"canonical":"https:\/\/www.prijedordanas.com\/?p=115384","og_locale":"en_US","og_type":"article","og_title":"MUZEJ KOZARE PRIJEDOR: OTVORENA NOVA IZLO\u017dBA I OBILJE\u017dENA KRSNA SLAVA SVETI LUKA \u2013 FOTO - PrijedorDanas.com - Prijedorski gradski portal","og_description":"U Muzeju Kozare u Prijedoru u srijedu je otvorena izlo\u017eba fotografija pod nazivom \u201cSrpska revolucija i stvaranje moderne srpske dr\u017eave 1804-1878\u201d koju je priredila sekcija fotografa Dru\u0161tva konzervatora Srbije. Izlo\u017ebom [&hellip;]","og_url":"https:\/\/www.prijedordanas.com\/?p=115384","og_site_name":"PrijedorDanas.com - Prijedorski gradski portal","article_publisher":"https:\/\/www.facebook.com\/PrijedorDanasCom\/","article_published_time":"2018-11-01T21:31:59+00:00","og_image":[{"url":"https:\/\/www.prijedordanas.com\/wp-content\/uploads\/2018\/11\/muzej-kozare-izlozba-slava-sveti-luka-1-300x217.jpg"}],"author":"admin","twitter_card":"summary_large_image","twitter_misc":{"Written by":"admin","Est. reading time":"2 minutes"},"schema":{"@context":"https:\/\/schema.org","@graph":[{"@type":"Article","@id":"https:\/\/www.prijedordanas.com\/?p=115384#article","isPartOf":{"@id":"https:\/\/www.prijedordanas.com\/?p=115384"},"author":{"name":"admin","@id":"https:\/\/www.prijedordanas.com\/#\/schema\/person\/4e08ccf29b506ca916ff86d46bb700e6"},"headline":"MUZEJ KOZARE PRIJEDOR: OTVORENA NOVA IZLO\u017dBA I OBILJE\u017dENA KRSNA SLAVA SVETI LUKA \u2013 FOTO","datePublished":"2018-11-01T21:31:59+00:00","dateModified":"2018-11-01T21:31:59+00:00","mainEntityOfPage":{"@id":"https:\/\/www.prijedordanas.com\/?p=115384"},"wordCount":381,"publisher":{"@id":"https:\/\/www.prijedordanas.com\/#organization"},"articleSection":["Kultura"],"inLanguage":"en-US"},{"@type":"WebPage","@id":"https:\/\/www.prijedordanas.com\/?p=115384","url":"https:\/\/www.prijedordanas.com\/?p=115384","name":"MUZEJ KOZARE PRIJEDOR: OTVORENA NOVA IZLO\u017dBA I OBILJE\u017dENA KRSNA SLAVA SVETI LUKA \u2013 FOTO - PrijedorDanas.com - Prijedorski gradski portal","isPartOf":{"@id":"https:\/\/www.prijedordanas.com\/#website"},"datePublished":"2018-11-01T21:31:59+00:00","dateModified":"2018-11-01T21:31:59+00:00","breadcrumb":{"@id":"https:\/\/www.prijedordanas.com\/?p=115384#breadcrumb"},"inLanguage":"en-US","potentialAction":[{"@type":"ReadAction","target":["https:\/\/www.prijedordanas.com\/?p=115384"]}]},{"@type":"BreadcrumbList","@id":"https:\/\/www.prijedordanas.com\/?p=115384#breadcrumb","itemListElement":[{"@type":"ListItem","position":1,"name":"Home","item":"https:\/\/www.prijedordanas.com\/"},{"@type":"ListItem","position":2,"name":"MUZEJ KOZARE PRIJEDOR: OTVORENA NOVA IZLO\u017dBA I OBILJE\u017dENA KRSNA SLAVA SVETI LUKA \u2013 FOTO"}]},{"@type":"WebSite","@id":"https:\/\/www.prijedordanas.com\/#website","url":"https:\/\/www.prijedordanas.com\/","name":"PrijedorDanas.com - Prijedorski gradski portal","description":"Portal o doga\u0111anjima u gradu Prijedoru","publisher":{"@id":"https:\/\/www.prijedordanas.com\/#organization"},"potentialAction":[{"@type":"SearchAction","target":{"@type":"EntryPoint","urlTemplate":"https:\/\/www.prijedordanas.com\/?s={search_term_string}"},"query-input":"required name=search_term_string"}],"inLanguage":"en-US"},{"@type":"Organization","@id":"https:\/\/www.prijedordanas.com\/#organization","name":"PrijedorDanas.com","url":"https:\/\/www.prijedordanas.com\/","logo":{"@type":"ImageObject","inLanguage":"en-US","@id":"https:\/\/www.prijedordanas.com\/#\/schema\/logo\/image\/","url":"http:\/\/www.prijedordanas.com\/wp-content\/uploads\/2021\/12\/logopng.png","contentUrl":"http:\/\/www.prijedordanas.com\/wp-content\/uploads\/2021\/12\/logopng.png","width":1019,"height":776,"caption":"PrijedorDanas.com"},"image":{"@id":"https:\/\/www.prijedordanas.com\/#\/schema\/logo\/image\/"},"sameAs":["https:\/\/www.facebook.com\/PrijedorDanasCom\/"]},{"@type":"Person","@id":"https:\/\/www.prijedordanas.com\/#\/schema\/person\/4e08ccf29b506ca916ff86d46bb700e6","name":"admin","image":{"@type":"ImageObject","inLanguage":"en-US","@id":"https:\/\/www.prijedordanas.com\/#\/schema\/person\/image\/","url":"https:\/\/secure.gravatar.com\/avatar\/1d3fc949d550f0b53a5f0d51e06dfd79?s=96&d=mm&r=g","contentUrl":"https:\/\/secure.gravatar.com\/avatar\/1d3fc949d550f0b53a5f0d51e06dfd79?s=96&d=mm&r=g","caption":"admin"},"url":"https:\/\/www.prijedordanas.com\/?author=1"}]}},"_links":{"self":[{"href":"https:\/\/www.prijedordanas.com\/index.php?rest_route=\/wp\/v2\/posts\/115384"}],"collection":[{"href":"https:\/\/www.prijedordanas.com\/index.php?rest_route=\/wp\/v2\/posts"}],"about":[{"href":"https:\/\/www.prijedordanas.com\/index.php?rest_route=\/wp\/v2\/types\/post"}],"author":[{"embeddable":true,"href":"https:\/\/www.prijedordanas.com\/index.php?rest_route=\/wp\/v2\/users\/1"}],"replies":[{"embeddable":true,"href":"https:\/\/www.prijedordanas.com\/index.php?rest_route=%2Fwp%2Fv2%2Fcomments&post=115384"}],"version-history":[{"count":1,"href":"https:\/\/www.prijedordanas.com\/index.php?rest_route=\/wp\/v2\/posts\/115384\/revisions"}],"predecessor-version":[{"id":115396,"href":"https:\/\/www.prijedordanas.com\/index.php?rest_route=\/wp\/v2\/posts\/115384\/revisions\/115396"}],"wp:attachment":[{"href":"https:\/\/www.prijedordanas.com\/index.php?rest_route=%2Fwp%2Fv2%2Fmedia&parent=115384"}],"wp:term":[{"taxonomy":"category","embeddable":true,"href":"https:\/\/www.prijedordanas.com\/index.php?rest_route=%2Fwp%2Fv2%2Fcategories&post=115384"},{"taxonomy":"post_tag","embeddable":true,"href":"https:\/\/www.prijedordanas.com\/index.php?rest_route=%2Fwp%2Fv2%2Ftags&post=115384"}],"curies":[{"name":"wp","href":"https:\/\/api.w.org\/{rel}","templated":true}]}}