{"id":115371,"date":"2018-11-01T16:02:24","date_gmt":"2018-11-01T15:02:24","guid":{"rendered":"https:\/\/www.prijedordanas.com\/?p=115371"},"modified":"2018-11-01T16:02:24","modified_gmt":"2018-11-01T15:02:24","slug":"gradska-citaonica-prijedor-promocija-knjige-kulturno-pamcenje-trscanskih-srba","status":"publish","type":"post","link":"https:\/\/www.prijedordanas.com\/?p=115371","title":{"rendered":"GRADSKA \u010cITAONICA PRIJEDOR: PROMOCIJA KNJIGE \u201cKULTURNO PAM\u0106ENJE TR\u0160\u0106ANSKIH SRBA\u201d"},"content":{"rendered":"<p><a href=\"https:\/\/www.prijedordanas.com\/wp-content\/uploads\/2018\/11\/kulturno-pamcenje-trscanskih-srba.jpg\"><img loading=\"lazy\" decoding=\"async\" src=\"https:\/\/www.prijedordanas.com\/wp-content\/uploads\/2018\/11\/kulturno-pamcenje-trscanskih-srba-211x300.jpg\" alt=\"\" width=\"211\" height=\"300\" class=\"alignleft size-medium wp-image-115372\" srcset=\"https:\/\/www.prijedordanas.com\/wp-content\/uploads\/2018\/11\/kulturno-pamcenje-trscanskih-srba-211x300.jpg 211w, https:\/\/www.prijedordanas.com\/wp-content\/uploads\/2018\/11\/kulturno-pamcenje-trscanskih-srba-70x100.jpg 70w, https:\/\/www.prijedordanas.com\/wp-content\/uploads\/2018\/11\/kulturno-pamcenje-trscanskih-srba.jpg 458w\" sizes=\"(max-width: 211px) 100vw, 211px\" \/><\/a>Kulturno pam\u0107enje tr\u0161\u0107anskih Srba, Dr Mila Mihajlovi\u0107<br \/>\nGradska \u010ditaonica Prijedor, 1. novembra (\u010detvrtak) 2018. godine u 18 \u010dasova<\/p>\n<p>Knjiga je jedinstvena nau\u010dna studija koja kroz teorijski i empirijski pregled naslova defini\u0161e dva pojma: kulturno pam\u0107enje u dijaspori i nacionalnu kulturu u dijaspori, formira jasnu, op\u0161tu sliku o kulturolo\u0161kim specifi\u010dnostima Srba u Trstu, s ciljem da ponudi predlog novog, jedinstvenog i sofisticiranog konceptualnog modela upravljanja nacionalnim kulturnim nasle\u0111em van granica matice, modela kompatibilnog i interoperabilnog s drugim sistemima i da formira platformu za formulisanje preciznih misija, ciljeva i zadataka dr\u017eavnih organa i institucija u smislu o\u010duvanja manjinskog kulturnog nasle\u0111a u inostranstvu.U tom smislu, ova knjiga ima univerzalni zna\u010daj, jer na jedinstvenom primeru tr\u0161\u0107anskih Srba razmatra tematiku razloga asimilacije, odnosno, u kakvim uslovima jedna manjinska zajednica, druga\u010dijeg jezika, kulture i vere od ve\u0107ine koja je okru\u017euje, mo\u017ee da sa\u010duva vlastiti identitet, svoje razli\u010ditosti i specifi\u010dnosti i koliko dugo mo\u017ee da opstane; kakve joj okolnosti pogoduju, a kakve neumoljivo vode u asimilaciju u ve\u0107insko dru\u0161tvo, \u0161to zna\u010di utapanje i gubljenje identiteta; dokle idu granice integracije, a kada i za\u0161to se ona neprimetno pretvara u asimilaciju; da li su spomenici kulture odista toliko sna\u017ean epicentar kulturnog pam\u0107enja u stanju da, u kriznim situacijama gubljenja veze sa maticom, budu sto\u017eer o\u010duvanja kulturnog identiteta manjine; koji je istinski faktor o\u010duvanja identiteta i koji je instrument kojim se to posti\u017ee. Istra\u017eivanje kulturnog pam\u0107enja na primeru tr\u0161\u0107anskih Srba omogu\u0107ava nau\u010dnu kritiku i usavr\u0161avanje dosada\u0161njeih nau\u010dnih saznanja o aktuelnim sistemima o\u010duvanja nacionalnog identiteta, kao i njihovu implementaciju u nau\u010dnu teoriju i praksu, ali i proveru i usavr\u0161avanje do sada primenjenih metoda, tehnika i instrumenata u istra\u017eivanju slo\u017eenih sistema kulturnog pam\u0107enja.<br \/>\nPokrovitelj knjige je NJ.K.V. prestolonaslednik Aleksandar II Kara\u0111or\u0111evi\u0107.<br \/>\nUvodnu re\u010d napisao je, osim pokrovitelja, guverner pokrajine Furlanija &#8211; Julijska Venecija Masimilijano Fedriga i potpredsednik SPCO u Trstu, g. Zlatimir Selakovi\u0107.<br \/>\nRecenzenti knjige su prof. dr Milivoje Pavlovi\u0107, prof.dr Zoran Mirkovi\u0107, prof. dr Dragan Nikodijevi\u0107 i prof. dr Mom\u010dilo Pavlovi\u0107.<br \/>\nObjavljivanje ove knjige omogu\u0107ila je Uprava za saradnju s dijasporom i Srbima u regionu Ministarstva spoljnih poslova Republike Srbije.<br \/>\nKao najbolje prozno delo, knjiga je dobitnik Povelje &#8220;Rastko Petrovi\u0107&#8221; za 2017, koju dodeljuje Matica iseljenika Srbije i Srba u regionu.<br \/>\nKnjiga je 2018. godine prevedena i objavljena na italijanskom jeziku, tako\u0111e uz podr\u0161ku Uprave za saradnju s dijasporom i Srbima u regionu Ministarstva spoljnih poslova i Ministarstva za kulturu i informisanje Republike Srbije.<\/p>\n<p>O AUTORU<br \/>\nDr Mila Mihajlovi\u0107 &#8211; ro\u0111ena Zrenjaninka, rimski \u0111ak, umetnik, komunikolog, istori\u010dar, knji\u017eevnik, prevodilac, novinar.<br \/>\n\u010clan je UKS, UNS, Istorijske sekcije Srpskog lekarskog dru\u0161tva. Odlukom Mati\u010dnog odbora Ministarstva prosvete Republike Srbije, stekla je zvanje nau\u010dnog saradnika. Autor je osam nau\u010dnih knjiga od kojih su neke prevedene na strane jezike.<br \/>\nSve\u010danim predstavljanjem njene knjige &#8220;Za srpsku vojsku &#8211; jedna zaboravljena pri\u010da&#8221; u izdanju italijanskog General\u0161taba oru\u017eanih snaga, dr\u017eava Italija je zvani\u010dno otvorila obele\u017eavanje 100 &#8211; godi\u0161njice od po\u010detka Prvog svetskog rata.<br \/>\nIstaknuta li\u010dnost Srba u svetu, dobitnik je Nagrade Grada Zrenjanina za 2012, Specijalne nagrade \u017eirija italijanske knji\u017eevne nagrade &#8220;\u010ceruljo&#8221; za 2014, priznanja UKS &#8220;Blagodarje&#8221; za 2014, Zlatne zna\u010dke Kulturno-prosvetne zajednice Srbije za 2017. Za knjigu &#8220;Kulturno pam\u0107enje tr\u0161\u0107anskih Srba&#8221; dobitnik je povelje &#8220;Rastko Petrovi\u0107&#8221; 2017. za najbolje prozno delo godine. Istaknuta li\u010dnost Srba u svetu, bila je po\u010dasni gost jubilarnog 50. Srpskog dana na Nijagarinima vodopadima na poziv Srpske narodne odbrane u Kanadi.<\/p>\n","protected":false},"excerpt":{"rendered":"<p>Kulturno pam\u0107enje tr\u0161\u0107anskih Srba, Dr Mila Mihajlovi\u0107 Gradska \u010ditaonica Prijedor, 1. novembra (\u010detvrtak) 2018. godine u 18 \u010dasova Knjiga je jedinstvena nau\u010dna studija koja kroz teorijski i empirijski pregled naslova [&hellip;]<\/p>\n","protected":false},"author":1,"featured_media":0,"comment_status":"closed","ping_status":"open","sticky":false,"template":"","format":"standard","meta":{"_monsterinsights_skip_tracking":false,"_monsterinsights_sitenote_active":false,"_monsterinsights_sitenote_note":"","_monsterinsights_sitenote_category":0,"footnotes":""},"categories":[6],"tags":[],"yoast_head":"<!-- This site is optimized with the Yoast SEO plugin v21.6 - https:\/\/yoast.com\/wordpress\/plugins\/seo\/ -->\n<title>GRADSKA \u010cITAONICA PRIJEDOR: PROMOCIJA KNJIGE \u201cKULTURNO PAM\u0106ENJE TR\u0160\u0106ANSKIH SRBA\u201d - PrijedorDanas.com - Prijedorski gradski portal<\/title>\n<meta name=\"robots\" content=\"index, follow, max-snippet:-1, max-image-preview:large, max-video-preview:-1\" \/>\n<link rel=\"canonical\" href=\"https:\/\/www.prijedordanas.com\/?p=115371\" \/>\n<meta property=\"og:locale\" content=\"en_US\" \/>\n<meta property=\"og:type\" content=\"article\" \/>\n<meta property=\"og:title\" content=\"GRADSKA \u010cITAONICA PRIJEDOR: PROMOCIJA KNJIGE \u201cKULTURNO PAM\u0106ENJE TR\u0160\u0106ANSKIH SRBA\u201d - PrijedorDanas.com - Prijedorski gradski portal\" \/>\n<meta property=\"og:description\" content=\"Kulturno pam\u0107enje tr\u0161\u0107anskih Srba, Dr Mila Mihajlovi\u0107 Gradska \u010ditaonica Prijedor, 1. novembra (\u010detvrtak) 2018. godine u 18 \u010dasova Knjiga je jedinstvena nau\u010dna studija koja kroz teorijski i empirijski pregled naslova [&hellip;]\" \/>\n<meta property=\"og:url\" content=\"https:\/\/www.prijedordanas.com\/?p=115371\" \/>\n<meta property=\"og:site_name\" content=\"PrijedorDanas.com - Prijedorski gradski portal\" \/>\n<meta property=\"article:publisher\" content=\"https:\/\/www.facebook.com\/PrijedorDanasCom\/\" \/>\n<meta property=\"article:published_time\" content=\"2018-11-01T15:02:24+00:00\" \/>\n<meta property=\"og:image\" content=\"https:\/\/www.prijedordanas.com\/wp-content\/uploads\/2018\/11\/kulturno-pamcenje-trscanskih-srba-211x300.jpg\" \/>\n<meta name=\"author\" content=\"admin\" \/>\n<meta name=\"twitter:card\" content=\"summary_large_image\" \/>\n<meta name=\"twitter:label1\" content=\"Written by\" \/>\n\t<meta name=\"twitter:data1\" content=\"admin\" \/>\n\t<meta name=\"twitter:label2\" content=\"Est. reading time\" \/>\n\t<meta name=\"twitter:data2\" content=\"3 minutes\" \/>\n<script type=\"application\/ld+json\" class=\"yoast-schema-graph\">{\"@context\":\"https:\/\/schema.org\",\"@graph\":[{\"@type\":\"Article\",\"@id\":\"https:\/\/www.prijedordanas.com\/?p=115371#article\",\"isPartOf\":{\"@id\":\"https:\/\/www.prijedordanas.com\/?p=115371\"},\"author\":{\"name\":\"admin\",\"@id\":\"https:\/\/www.prijedordanas.com\/#\/schema\/person\/4e08ccf29b506ca916ff86d46bb700e6\"},\"headline\":\"GRADSKA \u010cITAONICA PRIJEDOR: PROMOCIJA KNJIGE \u201cKULTURNO PAM\u0106ENJE TR\u0160\u0106ANSKIH SRBA\u201d\",\"datePublished\":\"2018-11-01T15:02:24+00:00\",\"dateModified\":\"2018-11-01T15:02:24+00:00\",\"mainEntityOfPage\":{\"@id\":\"https:\/\/www.prijedordanas.com\/?p=115371\"},\"wordCount\":625,\"publisher\":{\"@id\":\"https:\/\/www.prijedordanas.com\/#organization\"},\"articleSection\":[\"Kultura\"],\"inLanguage\":\"en-US\"},{\"@type\":\"WebPage\",\"@id\":\"https:\/\/www.prijedordanas.com\/?p=115371\",\"url\":\"https:\/\/www.prijedordanas.com\/?p=115371\",\"name\":\"GRADSKA \u010cITAONICA PRIJEDOR: PROMOCIJA KNJIGE \u201cKULTURNO PAM\u0106ENJE TR\u0160\u0106ANSKIH SRBA\u201d - PrijedorDanas.com - Prijedorski gradski portal\",\"isPartOf\":{\"@id\":\"https:\/\/www.prijedordanas.com\/#website\"},\"datePublished\":\"2018-11-01T15:02:24+00:00\",\"dateModified\":\"2018-11-01T15:02:24+00:00\",\"breadcrumb\":{\"@id\":\"https:\/\/www.prijedordanas.com\/?p=115371#breadcrumb\"},\"inLanguage\":\"en-US\",\"potentialAction\":[{\"@type\":\"ReadAction\",\"target\":[\"https:\/\/www.prijedordanas.com\/?p=115371\"]}]},{\"@type\":\"BreadcrumbList\",\"@id\":\"https:\/\/www.prijedordanas.com\/?p=115371#breadcrumb\",\"itemListElement\":[{\"@type\":\"ListItem\",\"position\":1,\"name\":\"Home\",\"item\":\"https:\/\/www.prijedordanas.com\/\"},{\"@type\":\"ListItem\",\"position\":2,\"name\":\"GRADSKA \u010cITAONICA PRIJEDOR: PROMOCIJA KNJIGE \u201cKULTURNO PAM\u0106ENJE TR\u0160\u0106ANSKIH SRBA\u201d\"}]},{\"@type\":\"WebSite\",\"@id\":\"https:\/\/www.prijedordanas.com\/#website\",\"url\":\"https:\/\/www.prijedordanas.com\/\",\"name\":\"PrijedorDanas.com - Prijedorski gradski portal\",\"description\":\"Portal o doga\u0111anjima u gradu Prijedoru\",\"publisher\":{\"@id\":\"https:\/\/www.prijedordanas.com\/#organization\"},\"potentialAction\":[{\"@type\":\"SearchAction\",\"target\":{\"@type\":\"EntryPoint\",\"urlTemplate\":\"https:\/\/www.prijedordanas.com\/?s={search_term_string}\"},\"query-input\":\"required name=search_term_string\"}],\"inLanguage\":\"en-US\"},{\"@type\":\"Organization\",\"@id\":\"https:\/\/www.prijedordanas.com\/#organization\",\"name\":\"PrijedorDanas.com\",\"url\":\"https:\/\/www.prijedordanas.com\/\",\"logo\":{\"@type\":\"ImageObject\",\"inLanguage\":\"en-US\",\"@id\":\"https:\/\/www.prijedordanas.com\/#\/schema\/logo\/image\/\",\"url\":\"http:\/\/www.prijedordanas.com\/wp-content\/uploads\/2021\/12\/logopng.png\",\"contentUrl\":\"http:\/\/www.prijedordanas.com\/wp-content\/uploads\/2021\/12\/logopng.png\",\"width\":1019,\"height\":776,\"caption\":\"PrijedorDanas.com\"},\"image\":{\"@id\":\"https:\/\/www.prijedordanas.com\/#\/schema\/logo\/image\/\"},\"sameAs\":[\"https:\/\/www.facebook.com\/PrijedorDanasCom\/\"]},{\"@type\":\"Person\",\"@id\":\"https:\/\/www.prijedordanas.com\/#\/schema\/person\/4e08ccf29b506ca916ff86d46bb700e6\",\"name\":\"admin\",\"image\":{\"@type\":\"ImageObject\",\"inLanguage\":\"en-US\",\"@id\":\"https:\/\/www.prijedordanas.com\/#\/schema\/person\/image\/\",\"url\":\"https:\/\/secure.gravatar.com\/avatar\/1d3fc949d550f0b53a5f0d51e06dfd79?s=96&d=mm&r=g\",\"contentUrl\":\"https:\/\/secure.gravatar.com\/avatar\/1d3fc949d550f0b53a5f0d51e06dfd79?s=96&d=mm&r=g\",\"caption\":\"admin\"},\"url\":\"https:\/\/www.prijedordanas.com\/?author=1\"}]}<\/script>\n<!-- \/ Yoast SEO plugin. -->","yoast_head_json":{"title":"GRADSKA \u010cITAONICA PRIJEDOR: PROMOCIJA KNJIGE \u201cKULTURNO PAM\u0106ENJE TR\u0160\u0106ANSKIH SRBA\u201d - PrijedorDanas.com - Prijedorski gradski portal","robots":{"index":"index","follow":"follow","max-snippet":"max-snippet:-1","max-image-preview":"max-image-preview:large","max-video-preview":"max-video-preview:-1"},"canonical":"https:\/\/www.prijedordanas.com\/?p=115371","og_locale":"en_US","og_type":"article","og_title":"GRADSKA \u010cITAONICA PRIJEDOR: PROMOCIJA KNJIGE \u201cKULTURNO PAM\u0106ENJE TR\u0160\u0106ANSKIH SRBA\u201d - PrijedorDanas.com - Prijedorski gradski portal","og_description":"Kulturno pam\u0107enje tr\u0161\u0107anskih Srba, Dr Mila Mihajlovi\u0107 Gradska \u010ditaonica Prijedor, 1. novembra (\u010detvrtak) 2018. godine u 18 \u010dasova Knjiga je jedinstvena nau\u010dna studija koja kroz teorijski i empirijski pregled naslova [&hellip;]","og_url":"https:\/\/www.prijedordanas.com\/?p=115371","og_site_name":"PrijedorDanas.com - Prijedorski gradski portal","article_publisher":"https:\/\/www.facebook.com\/PrijedorDanasCom\/","article_published_time":"2018-11-01T15:02:24+00:00","og_image":[{"url":"https:\/\/www.prijedordanas.com\/wp-content\/uploads\/2018\/11\/kulturno-pamcenje-trscanskih-srba-211x300.jpg"}],"author":"admin","twitter_card":"summary_large_image","twitter_misc":{"Written by":"admin","Est. reading time":"3 minutes"},"schema":{"@context":"https:\/\/schema.org","@graph":[{"@type":"Article","@id":"https:\/\/www.prijedordanas.com\/?p=115371#article","isPartOf":{"@id":"https:\/\/www.prijedordanas.com\/?p=115371"},"author":{"name":"admin","@id":"https:\/\/www.prijedordanas.com\/#\/schema\/person\/4e08ccf29b506ca916ff86d46bb700e6"},"headline":"GRADSKA \u010cITAONICA PRIJEDOR: PROMOCIJA KNJIGE \u201cKULTURNO PAM\u0106ENJE TR\u0160\u0106ANSKIH SRBA\u201d","datePublished":"2018-11-01T15:02:24+00:00","dateModified":"2018-11-01T15:02:24+00:00","mainEntityOfPage":{"@id":"https:\/\/www.prijedordanas.com\/?p=115371"},"wordCount":625,"publisher":{"@id":"https:\/\/www.prijedordanas.com\/#organization"},"articleSection":["Kultura"],"inLanguage":"en-US"},{"@type":"WebPage","@id":"https:\/\/www.prijedordanas.com\/?p=115371","url":"https:\/\/www.prijedordanas.com\/?p=115371","name":"GRADSKA \u010cITAONICA PRIJEDOR: PROMOCIJA KNJIGE \u201cKULTURNO PAM\u0106ENJE TR\u0160\u0106ANSKIH SRBA\u201d - PrijedorDanas.com - Prijedorski gradski portal","isPartOf":{"@id":"https:\/\/www.prijedordanas.com\/#website"},"datePublished":"2018-11-01T15:02:24+00:00","dateModified":"2018-11-01T15:02:24+00:00","breadcrumb":{"@id":"https:\/\/www.prijedordanas.com\/?p=115371#breadcrumb"},"inLanguage":"en-US","potentialAction":[{"@type":"ReadAction","target":["https:\/\/www.prijedordanas.com\/?p=115371"]}]},{"@type":"BreadcrumbList","@id":"https:\/\/www.prijedordanas.com\/?p=115371#breadcrumb","itemListElement":[{"@type":"ListItem","position":1,"name":"Home","item":"https:\/\/www.prijedordanas.com\/"},{"@type":"ListItem","position":2,"name":"GRADSKA \u010cITAONICA PRIJEDOR: PROMOCIJA KNJIGE \u201cKULTURNO PAM\u0106ENJE TR\u0160\u0106ANSKIH SRBA\u201d"}]},{"@type":"WebSite","@id":"https:\/\/www.prijedordanas.com\/#website","url":"https:\/\/www.prijedordanas.com\/","name":"PrijedorDanas.com - Prijedorski gradski portal","description":"Portal o doga\u0111anjima u gradu Prijedoru","publisher":{"@id":"https:\/\/www.prijedordanas.com\/#organization"},"potentialAction":[{"@type":"SearchAction","target":{"@type":"EntryPoint","urlTemplate":"https:\/\/www.prijedordanas.com\/?s={search_term_string}"},"query-input":"required name=search_term_string"}],"inLanguage":"en-US"},{"@type":"Organization","@id":"https:\/\/www.prijedordanas.com\/#organization","name":"PrijedorDanas.com","url":"https:\/\/www.prijedordanas.com\/","logo":{"@type":"ImageObject","inLanguage":"en-US","@id":"https:\/\/www.prijedordanas.com\/#\/schema\/logo\/image\/","url":"http:\/\/www.prijedordanas.com\/wp-content\/uploads\/2021\/12\/logopng.png","contentUrl":"http:\/\/www.prijedordanas.com\/wp-content\/uploads\/2021\/12\/logopng.png","width":1019,"height":776,"caption":"PrijedorDanas.com"},"image":{"@id":"https:\/\/www.prijedordanas.com\/#\/schema\/logo\/image\/"},"sameAs":["https:\/\/www.facebook.com\/PrijedorDanasCom\/"]},{"@type":"Person","@id":"https:\/\/www.prijedordanas.com\/#\/schema\/person\/4e08ccf29b506ca916ff86d46bb700e6","name":"admin","image":{"@type":"ImageObject","inLanguage":"en-US","@id":"https:\/\/www.prijedordanas.com\/#\/schema\/person\/image\/","url":"https:\/\/secure.gravatar.com\/avatar\/1d3fc949d550f0b53a5f0d51e06dfd79?s=96&d=mm&r=g","contentUrl":"https:\/\/secure.gravatar.com\/avatar\/1d3fc949d550f0b53a5f0d51e06dfd79?s=96&d=mm&r=g","caption":"admin"},"url":"https:\/\/www.prijedordanas.com\/?author=1"}]}},"_links":{"self":[{"href":"https:\/\/www.prijedordanas.com\/index.php?rest_route=\/wp\/v2\/posts\/115371"}],"collection":[{"href":"https:\/\/www.prijedordanas.com\/index.php?rest_route=\/wp\/v2\/posts"}],"about":[{"href":"https:\/\/www.prijedordanas.com\/index.php?rest_route=\/wp\/v2\/types\/post"}],"author":[{"embeddable":true,"href":"https:\/\/www.prijedordanas.com\/index.php?rest_route=\/wp\/v2\/users\/1"}],"replies":[{"embeddable":true,"href":"https:\/\/www.prijedordanas.com\/index.php?rest_route=%2Fwp%2Fv2%2Fcomments&post=115371"}],"version-history":[{"count":1,"href":"https:\/\/www.prijedordanas.com\/index.php?rest_route=\/wp\/v2\/posts\/115371\/revisions"}],"predecessor-version":[{"id":115373,"href":"https:\/\/www.prijedordanas.com\/index.php?rest_route=\/wp\/v2\/posts\/115371\/revisions\/115373"}],"wp:attachment":[{"href":"https:\/\/www.prijedordanas.com\/index.php?rest_route=%2Fwp%2Fv2%2Fmedia&parent=115371"}],"wp:term":[{"taxonomy":"category","embeddable":true,"href":"https:\/\/www.prijedordanas.com\/index.php?rest_route=%2Fwp%2Fv2%2Fcategories&post=115371"},{"taxonomy":"post_tag","embeddable":true,"href":"https:\/\/www.prijedordanas.com\/index.php?rest_route=%2Fwp%2Fv2%2Ftags&post=115371"}],"curies":[{"name":"wp","href":"https:\/\/api.w.org\/{rel}","templated":true}]}}