{"id":11473,"date":"2014-11-30T10:57:23","date_gmt":"2014-11-30T09:57:23","guid":{"rendered":"https:\/\/www.prijedordanas.com\/?p=11473"},"modified":"2014-11-30T10:57:23","modified_gmt":"2014-11-30T09:57:23","slug":"prijedor-preko-15-miliona-km-stete-od-poplava","status":"publish","type":"post","link":"https:\/\/www.prijedordanas.com\/?p=11473","title":{"rendered":"PRIJEDOR: PREKO 15 MILIONA KM \u0160TETE OD POPLAVA"},"content":{"rendered":"<p><a href=\"https:\/\/www.prijedordanas.com\/wp-content\/uploads\/2014\/11\/poplave-prijedor-iz-vazduha-13.jpg\"><img loading=\"lazy\" decoding=\"async\" src=\"https:\/\/www.prijedordanas.com\/wp-content\/uploads\/2014\/11\/poplave-prijedor-iz-vazduha-13-225x300.jpg\" alt=\"poplave prijedor iz vazduha (13)\" width=\"225\" height=\"300\" class=\"alignleft size-medium wp-image-11474\" srcset=\"https:\/\/www.prijedordanas.com\/wp-content\/uploads\/2014\/11\/poplave-prijedor-iz-vazduha-13-225x300.jpg 225w, https:\/\/www.prijedordanas.com\/wp-content\/uploads\/2014\/11\/poplave-prijedor-iz-vazduha-13.jpg 600w\" sizes=\"(max-width: 225px) 100vw, 225px\" \/><\/a>Ukupne \u0161tete od ovogodi\u0161njih poplava na podru\u010dju grada Prijedora procijenjene su na 15 miliona i 20 hiljada maraka. <\/p>\n<p>Ne postoje zvani\u010dni podaci u kom procentu su o\u0161te\u0107eni gra\u0111ani, privrednici i drugi subjekti do sada namireni, po\u0161to je u tu aktivnost bilo uklju\u010deno vi\u0161e doma\u0107ih i stranih subjekata. <\/p>\n<p>-Mjere za\u0161tite i spasavanja, koje su preduzimane na lokalnom nivou u toku poplava, te neposredno poslije povla\u010denja vode, ko\u0161tale su oko 800 hiljada maraka. Tome treba dodati i tro\u0161kove sanacije: odvoza kabastog otpada, dezinfekcije i stvaranja sanitarno-higijenskih uslova. Tako\u0111e su preduzete mjere na ja\u010danju lokalnih kapaciteta naijmenjenih za evakuaciju i spasavanje ljudi i materijalnih dobara &#8211; rekao je Du\u0161an Vranje\u0161, \u0161ef Odsjeka Civilne za\u0161tite.<\/p>\n<p>Na izgradnji objekata za za\u0161titu od poplava, koji moraju biti izvedeni stru\u010dno i po propisima uz lokalnu zajednicu, bi\u0107e uklju\u010dena nadle\u017ena ministarstva i Direkcija za vode Republike Srpske.  <\/p>\n<p>RTV Prijedor<\/p>\n","protected":false},"excerpt":{"rendered":"<p>Ukupne \u0161tete od ovogodi\u0161njih poplava na podru\u010dju grada Prijedora procijenjene su na 15 miliona i 20 hiljada maraka. Ne postoje zvani\u010dni podaci u kom procentu su o\u0161te\u0107eni gra\u0111ani, privrednici i [&hellip;]<\/p>\n","protected":false},"author":1,"featured_media":0,"comment_status":"closed","ping_status":"open","sticky":false,"template":"","format":"standard","meta":{"_monsterinsights_skip_tracking":false,"_monsterinsights_sitenote_active":false,"_monsterinsights_sitenote_note":"","_monsterinsights_sitenote_category":0,"footnotes":""},"categories":[4],"tags":[1038,602],"yoast_head":"<!-- This site is optimized with the Yoast SEO plugin v21.6 - https:\/\/yoast.com\/wordpress\/plugins\/seo\/ -->\n<title>PRIJEDOR: PREKO 15 MILIONA KM \u0160TETE OD POPLAVA - PrijedorDanas.com - Prijedorski gradski portal<\/title>\n<meta name=\"robots\" content=\"index, follow, max-snippet:-1, max-image-preview:large, max-video-preview:-1\" \/>\n<link rel=\"canonical\" href=\"https:\/\/www.prijedordanas.com\/?p=11473\" \/>\n<meta property=\"og:locale\" content=\"en_US\" \/>\n<meta property=\"og:type\" content=\"article\" \/>\n<meta property=\"og:title\" content=\"PRIJEDOR: PREKO 15 MILIONA KM \u0160TETE OD POPLAVA - PrijedorDanas.com - Prijedorski gradski portal\" \/>\n<meta property=\"og:description\" content=\"Ukupne \u0161tete od ovogodi\u0161njih poplava na podru\u010dju grada Prijedora procijenjene su na 15 miliona i 20 hiljada maraka. Ne postoje zvani\u010dni podaci u kom procentu su o\u0161te\u0107eni gra\u0111ani, privrednici i [&hellip;]\" \/>\n<meta property=\"og:url\" content=\"https:\/\/www.prijedordanas.com\/?p=11473\" \/>\n<meta property=\"og:site_name\" content=\"PrijedorDanas.com - Prijedorski gradski portal\" \/>\n<meta property=\"article:publisher\" content=\"https:\/\/www.facebook.com\/PrijedorDanasCom\/\" \/>\n<meta property=\"article:published_time\" content=\"2014-11-30T09:57:23+00:00\" \/>\n<meta property=\"og:image\" content=\"https:\/\/www.prijedordanas.com\/wp-content\/uploads\/2014\/11\/poplave-prijedor-iz-vazduha-13-225x300.jpg\" \/>\n<meta name=\"author\" content=\"admin\" \/>\n<meta name=\"twitter:card\" content=\"summary_large_image\" \/>\n<meta name=\"twitter:label1\" content=\"Written by\" \/>\n\t<meta name=\"twitter:data1\" content=\"admin\" \/>\n\t<meta name=\"twitter:label2\" content=\"Est. reading time\" \/>\n\t<meta name=\"twitter:data2\" content=\"1 minute\" \/>\n<script type=\"application\/ld+json\" class=\"yoast-schema-graph\">{\"@context\":\"https:\/\/schema.org\",\"@graph\":[{\"@type\":\"Article\",\"@id\":\"https:\/\/www.prijedordanas.com\/?p=11473#article\",\"isPartOf\":{\"@id\":\"https:\/\/www.prijedordanas.com\/?p=11473\"},\"author\":{\"name\":\"admin\",\"@id\":\"https:\/\/www.prijedordanas.com\/#\/schema\/person\/4e08ccf29b506ca916ff86d46bb700e6\"},\"headline\":\"PRIJEDOR: PREKO 15 MILIONA KM \u0160TETE OD POPLAVA\",\"datePublished\":\"2014-11-30T09:57:23+00:00\",\"dateModified\":\"2014-11-30T09:57:23+00:00\",\"mainEntityOfPage\":{\"@id\":\"https:\/\/www.prijedordanas.com\/?p=11473\"},\"wordCount\":168,\"publisher\":{\"@id\":\"https:\/\/www.prijedordanas.com\/#organization\"},\"keywords\":[\"poplave\",\"\u0161teta\"],\"articleSection\":[\"Dru\u0161tvo\"],\"inLanguage\":\"en-US\"},{\"@type\":\"WebPage\",\"@id\":\"https:\/\/www.prijedordanas.com\/?p=11473\",\"url\":\"https:\/\/www.prijedordanas.com\/?p=11473\",\"name\":\"PRIJEDOR: PREKO 15 MILIONA KM \u0160TETE OD POPLAVA - PrijedorDanas.com - Prijedorski gradski portal\",\"isPartOf\":{\"@id\":\"https:\/\/www.prijedordanas.com\/#website\"},\"datePublished\":\"2014-11-30T09:57:23+00:00\",\"dateModified\":\"2014-11-30T09:57:23+00:00\",\"breadcrumb\":{\"@id\":\"https:\/\/www.prijedordanas.com\/?p=11473#breadcrumb\"},\"inLanguage\":\"en-US\",\"potentialAction\":[{\"@type\":\"ReadAction\",\"target\":[\"https:\/\/www.prijedordanas.com\/?p=11473\"]}]},{\"@type\":\"BreadcrumbList\",\"@id\":\"https:\/\/www.prijedordanas.com\/?p=11473#breadcrumb\",\"itemListElement\":[{\"@type\":\"ListItem\",\"position\":1,\"name\":\"Home\",\"item\":\"https:\/\/www.prijedordanas.com\/\"},{\"@type\":\"ListItem\",\"position\":2,\"name\":\"PRIJEDOR: PREKO 15 MILIONA KM \u0160TETE OD POPLAVA\"}]},{\"@type\":\"WebSite\",\"@id\":\"https:\/\/www.prijedordanas.com\/#website\",\"url\":\"https:\/\/www.prijedordanas.com\/\",\"name\":\"PrijedorDanas.com - Prijedorski gradski portal\",\"description\":\"Portal o doga\u0111anjima u gradu Prijedoru\",\"publisher\":{\"@id\":\"https:\/\/www.prijedordanas.com\/#organization\"},\"potentialAction\":[{\"@type\":\"SearchAction\",\"target\":{\"@type\":\"EntryPoint\",\"urlTemplate\":\"https:\/\/www.prijedordanas.com\/?s={search_term_string}\"},\"query-input\":\"required name=search_term_string\"}],\"inLanguage\":\"en-US\"},{\"@type\":\"Organization\",\"@id\":\"https:\/\/www.prijedordanas.com\/#organization\",\"name\":\"PrijedorDanas.com\",\"url\":\"https:\/\/www.prijedordanas.com\/\",\"logo\":{\"@type\":\"ImageObject\",\"inLanguage\":\"en-US\",\"@id\":\"https:\/\/www.prijedordanas.com\/#\/schema\/logo\/image\/\",\"url\":\"http:\/\/www.prijedordanas.com\/wp-content\/uploads\/2021\/12\/logopng.png\",\"contentUrl\":\"http:\/\/www.prijedordanas.com\/wp-content\/uploads\/2021\/12\/logopng.png\",\"width\":1019,\"height\":776,\"caption\":\"PrijedorDanas.com\"},\"image\":{\"@id\":\"https:\/\/www.prijedordanas.com\/#\/schema\/logo\/image\/\"},\"sameAs\":[\"https:\/\/www.facebook.com\/PrijedorDanasCom\/\"]},{\"@type\":\"Person\",\"@id\":\"https:\/\/www.prijedordanas.com\/#\/schema\/person\/4e08ccf29b506ca916ff86d46bb700e6\",\"name\":\"admin\",\"image\":{\"@type\":\"ImageObject\",\"inLanguage\":\"en-US\",\"@id\":\"https:\/\/www.prijedordanas.com\/#\/schema\/person\/image\/\",\"url\":\"https:\/\/secure.gravatar.com\/avatar\/1d3fc949d550f0b53a5f0d51e06dfd79?s=96&d=mm&r=g\",\"contentUrl\":\"https:\/\/secure.gravatar.com\/avatar\/1d3fc949d550f0b53a5f0d51e06dfd79?s=96&d=mm&r=g\",\"caption\":\"admin\"},\"url\":\"https:\/\/www.prijedordanas.com\/?author=1\"}]}<\/script>\n<!-- \/ Yoast SEO plugin. -->","yoast_head_json":{"title":"PRIJEDOR: PREKO 15 MILIONA KM \u0160TETE OD POPLAVA - PrijedorDanas.com - Prijedorski gradski portal","robots":{"index":"index","follow":"follow","max-snippet":"max-snippet:-1","max-image-preview":"max-image-preview:large","max-video-preview":"max-video-preview:-1"},"canonical":"https:\/\/www.prijedordanas.com\/?p=11473","og_locale":"en_US","og_type":"article","og_title":"PRIJEDOR: PREKO 15 MILIONA KM \u0160TETE OD POPLAVA - PrijedorDanas.com - Prijedorski gradski portal","og_description":"Ukupne \u0161tete od ovogodi\u0161njih poplava na podru\u010dju grada Prijedora procijenjene su na 15 miliona i 20 hiljada maraka. Ne postoje zvani\u010dni podaci u kom procentu su o\u0161te\u0107eni gra\u0111ani, privrednici i [&hellip;]","og_url":"https:\/\/www.prijedordanas.com\/?p=11473","og_site_name":"PrijedorDanas.com - Prijedorski gradski portal","article_publisher":"https:\/\/www.facebook.com\/PrijedorDanasCom\/","article_published_time":"2014-11-30T09:57:23+00:00","og_image":[{"url":"https:\/\/www.prijedordanas.com\/wp-content\/uploads\/2014\/11\/poplave-prijedor-iz-vazduha-13-225x300.jpg"}],"author":"admin","twitter_card":"summary_large_image","twitter_misc":{"Written by":"admin","Est. reading time":"1 minute"},"schema":{"@context":"https:\/\/schema.org","@graph":[{"@type":"Article","@id":"https:\/\/www.prijedordanas.com\/?p=11473#article","isPartOf":{"@id":"https:\/\/www.prijedordanas.com\/?p=11473"},"author":{"name":"admin","@id":"https:\/\/www.prijedordanas.com\/#\/schema\/person\/4e08ccf29b506ca916ff86d46bb700e6"},"headline":"PRIJEDOR: PREKO 15 MILIONA KM \u0160TETE OD POPLAVA","datePublished":"2014-11-30T09:57:23+00:00","dateModified":"2014-11-30T09:57:23+00:00","mainEntityOfPage":{"@id":"https:\/\/www.prijedordanas.com\/?p=11473"},"wordCount":168,"publisher":{"@id":"https:\/\/www.prijedordanas.com\/#organization"},"keywords":["poplave","\u0161teta"],"articleSection":["Dru\u0161tvo"],"inLanguage":"en-US"},{"@type":"WebPage","@id":"https:\/\/www.prijedordanas.com\/?p=11473","url":"https:\/\/www.prijedordanas.com\/?p=11473","name":"PRIJEDOR: PREKO 15 MILIONA KM \u0160TETE OD POPLAVA - PrijedorDanas.com - Prijedorski gradski portal","isPartOf":{"@id":"https:\/\/www.prijedordanas.com\/#website"},"datePublished":"2014-11-30T09:57:23+00:00","dateModified":"2014-11-30T09:57:23+00:00","breadcrumb":{"@id":"https:\/\/www.prijedordanas.com\/?p=11473#breadcrumb"},"inLanguage":"en-US","potentialAction":[{"@type":"ReadAction","target":["https:\/\/www.prijedordanas.com\/?p=11473"]}]},{"@type":"BreadcrumbList","@id":"https:\/\/www.prijedordanas.com\/?p=11473#breadcrumb","itemListElement":[{"@type":"ListItem","position":1,"name":"Home","item":"https:\/\/www.prijedordanas.com\/"},{"@type":"ListItem","position":2,"name":"PRIJEDOR: PREKO 15 MILIONA KM \u0160TETE OD POPLAVA"}]},{"@type":"WebSite","@id":"https:\/\/www.prijedordanas.com\/#website","url":"https:\/\/www.prijedordanas.com\/","name":"PrijedorDanas.com - Prijedorski gradski portal","description":"Portal o doga\u0111anjima u gradu Prijedoru","publisher":{"@id":"https:\/\/www.prijedordanas.com\/#organization"},"potentialAction":[{"@type":"SearchAction","target":{"@type":"EntryPoint","urlTemplate":"https:\/\/www.prijedordanas.com\/?s={search_term_string}"},"query-input":"required name=search_term_string"}],"inLanguage":"en-US"},{"@type":"Organization","@id":"https:\/\/www.prijedordanas.com\/#organization","name":"PrijedorDanas.com","url":"https:\/\/www.prijedordanas.com\/","logo":{"@type":"ImageObject","inLanguage":"en-US","@id":"https:\/\/www.prijedordanas.com\/#\/schema\/logo\/image\/","url":"http:\/\/www.prijedordanas.com\/wp-content\/uploads\/2021\/12\/logopng.png","contentUrl":"http:\/\/www.prijedordanas.com\/wp-content\/uploads\/2021\/12\/logopng.png","width":1019,"height":776,"caption":"PrijedorDanas.com"},"image":{"@id":"https:\/\/www.prijedordanas.com\/#\/schema\/logo\/image\/"},"sameAs":["https:\/\/www.facebook.com\/PrijedorDanasCom\/"]},{"@type":"Person","@id":"https:\/\/www.prijedordanas.com\/#\/schema\/person\/4e08ccf29b506ca916ff86d46bb700e6","name":"admin","image":{"@type":"ImageObject","inLanguage":"en-US","@id":"https:\/\/www.prijedordanas.com\/#\/schema\/person\/image\/","url":"https:\/\/secure.gravatar.com\/avatar\/1d3fc949d550f0b53a5f0d51e06dfd79?s=96&d=mm&r=g","contentUrl":"https:\/\/secure.gravatar.com\/avatar\/1d3fc949d550f0b53a5f0d51e06dfd79?s=96&d=mm&r=g","caption":"admin"},"url":"https:\/\/www.prijedordanas.com\/?author=1"}]}},"_links":{"self":[{"href":"https:\/\/www.prijedordanas.com\/index.php?rest_route=\/wp\/v2\/posts\/11473"}],"collection":[{"href":"https:\/\/www.prijedordanas.com\/index.php?rest_route=\/wp\/v2\/posts"}],"about":[{"href":"https:\/\/www.prijedordanas.com\/index.php?rest_route=\/wp\/v2\/types\/post"}],"author":[{"embeddable":true,"href":"https:\/\/www.prijedordanas.com\/index.php?rest_route=\/wp\/v2\/users\/1"}],"replies":[{"embeddable":true,"href":"https:\/\/www.prijedordanas.com\/index.php?rest_route=%2Fwp%2Fv2%2Fcomments&post=11473"}],"version-history":[{"count":1,"href":"https:\/\/www.prijedordanas.com\/index.php?rest_route=\/wp\/v2\/posts\/11473\/revisions"}],"predecessor-version":[{"id":11475,"href":"https:\/\/www.prijedordanas.com\/index.php?rest_route=\/wp\/v2\/posts\/11473\/revisions\/11475"}],"wp:attachment":[{"href":"https:\/\/www.prijedordanas.com\/index.php?rest_route=%2Fwp%2Fv2%2Fmedia&parent=11473"}],"wp:term":[{"taxonomy":"category","embeddable":true,"href":"https:\/\/www.prijedordanas.com\/index.php?rest_route=%2Fwp%2Fv2%2Fcategories&post=11473"},{"taxonomy":"post_tag","embeddable":true,"href":"https:\/\/www.prijedordanas.com\/index.php?rest_route=%2Fwp%2Fv2%2Ftags&post=11473"}],"curies":[{"name":"wp","href":"https:\/\/api.w.org\/{rel}","templated":true}]}}