{"id":114508,"date":"2018-10-16T09:12:03","date_gmt":"2018-10-16T07:12:03","guid":{"rendered":"https:\/\/www.prijedordanas.com\/?p=114508"},"modified":"2018-10-16T09:12:03","modified_gmt":"2018-10-16T07:12:03","slug":"komsiju-uzalud-molio-da-ga-ne-ubije","status":"publish","type":"post","link":"https:\/\/www.prijedordanas.com\/?p=114508","title":{"rendered":"KOM\u0160IJU UZALUD MOLIO DA GA NE UBIJE"},"content":{"rendered":"<p><a href=\"https:\/\/www.prijedordanas.com\/wp-content\/uploads\/2018\/10\/nezavisne-mjesto-ubistva-tubica.jpg\"><img loading=\"lazy\" decoding=\"async\" src=\"https:\/\/www.prijedordanas.com\/wp-content\/uploads\/2018\/10\/nezavisne-mjesto-ubistva-tubica-300x217.jpg\" alt=\"\" width=\"300\" height=\"217\" class=\"alignleft size-medium wp-image-114509\" srcset=\"https:\/\/www.prijedordanas.com\/wp-content\/uploads\/2018\/10\/nezavisne-mjesto-ubistva-tubica-300x217.jpg 300w, https:\/\/www.prijedordanas.com\/wp-content\/uploads\/2018\/10\/nezavisne-mjesto-ubistva-tubica-100x72.jpg 100w, https:\/\/www.prijedordanas.com\/wp-content\/uploads\/2018\/10\/nezavisne-mjesto-ubistva-tubica.jpg 690w\" sizes=\"(max-width: 300px) 100vw, 300px\" \/><\/a>Nemoj pucati, bile su posljednje rije\u010di koje je izgovorio Mile Tubi\u0107 (66) iz sela Dizdarlije, op\u0161tina Kozarska Dubica, prije nego \u0161to \u0107e u njega nekoliko metaka ispaliti kom\u0161ija B.P. (28).<\/p>\n<p>Navodi se to u optu\u017enici protiv dvadesetosmogodi\u0161njaka, kojem ne navodimo ime jer je u tim momentima, kako je utvr\u0111eno, bio u stanju neura\u010dunljivosti usljed du\u0161evnog oboljenja paranoidna \u0161izofrenija.<\/p>\n<p>Sudija za prethodno saslu\u0161anje Okru\u017enog suda u Prijedoru potvrdio je optu\u017enicu prijedorskog Okru\u017enog javnog tu\u017eila\u0161tva, a koja B.P. tereti da je u stanju neura\u010dunljivosti ubio Tubi\u0107a.<\/p>\n<p>Stoga je optu\u017enicom predlo\u017eeno da tom mladi\u0107u bude izre\u010deno obavezno psihijatrijsko lije\u010denje i \u010duvanje u zdravstvenoj ustanovi.<\/p>\n<p>&#8220;B.P. terete da je 9. juna, oko 8.30, u selu Dizdarlije, u Kozarskoj Dubici, dok je bio u stanju neura\u010dunljivosti, zbog \u010dega nije bio sposoban da upravlja svojim postupcima, iz svoje ku\u0107e uzeo automatsku pu\u0161ku sa okvirom i municijom, te ubio svog kom\u0161iju&#8221;, navodi se u optu\u017enici.<\/p>\n<p>Kako je precizirano, B.P. je oko devet \u010dasova do\u0161ao do dvori\u0161ta Tubi\u0107a, gdje je zatekao Mileta kako stoji pored ograde, pa je sa udaljenosti od oko 10 metara repetirao pu\u0161ku i ispalio jedan metak prema kom\u0161iji.<\/p>\n<p>&#8220;Tubi\u0107 mu je upla\u0161en za svoj \u017eivot rekao &#8216;nemoj pucati&#8217;, a B.P. je zatim  pojedina\u010dnom paljbom ispalio jo\u0161 dva metka koja su pogodila Tubi\u0107a u grudni ko\u0161, usljed \u010dega je Mile pao na zemlju&#8221;, navodi se u optu\u017enici.<\/p>\n<p>Potom je, dodaje se, mladi\u0107 pri\u0161ao Tubi\u0107u koji je le\u017eao.<\/p>\n<p>&#8220;Iz neposredne blizine ispalio mu je jedan metak u grudni ko\u0161, pa je usljed masivnog uni\u0161tenja i spolja\u0161njeg iskrvarenja iz razorenih organa i velikih krvnih sudova grudnog ko\u0161a i trbuha nastupila smrt Tubi\u0107a&#8221;, navodi se u optu\u017enici, te se dodaje da se B.P. potom vratio do svoje ku\u0107e gdje je ostavio pu\u0161ku.<\/p>\n<p>Podsjetimo, nakon \u0161to je Tubi\u0107 ubijen, policija je danima bila na nogama, te je, zajedno sa postupaju\u0107im tu\u017eiocem, zlo\u010din rasvijetljen. Prvi tragovi na mladi\u0107a nisu ukazivali, a kada je on uhap\u0161en, sve je priznao.<\/p>\n<p>&#8220;Malo koji trag je ispo\u010detka vodio ka njemu. Netrpeljivost izme\u0111u njih dvojice u posljednje vrijeme nije buktala, ve\u0107 datira od prije nekoliko godina, valjda zbog neke zemlje. Za tog momka se nije ni znalo u selu, toliko je bio miran. Nije bio problemati\u010dan uop\u0161te&#8221;, ispri\u010dali su ranije za &#8220;Nezavisne&#8221; mje\u0161tani Dizdarlija.<\/p>\n<p>Tijelo Tubi\u0107a, kojeg mje\u0161tani opisuju kao po\u0161tenog, mirnog i porodi\u010dnog \u010dovjeka, na nekoliko desetina metara od ku\u0107e prona\u0161la je njegova supruga Rada.<\/p>\n<p>Nezavisne novine<\/p>\n","protected":false},"excerpt":{"rendered":"<p>Nemoj pucati, bile su posljednje rije\u010di koje je izgovorio Mile Tubi\u0107 (66) iz sela Dizdarlije, op\u0161tina Kozarska Dubica, prije nego \u0161to \u0107e u njega nekoliko metaka ispaliti kom\u0161ija B.P. (28). [&hellip;]<\/p>\n","protected":false},"author":1,"featured_media":0,"comment_status":"closed","ping_status":"open","sticky":false,"template":"","format":"standard","meta":{"_monsterinsights_skip_tracking":false,"_monsterinsights_sitenote_active":false,"_monsterinsights_sitenote_note":"","_monsterinsights_sitenote_category":0,"footnotes":""},"categories":[5],"tags":[],"yoast_head":"<!-- This site is optimized with the Yoast SEO plugin v21.6 - https:\/\/yoast.com\/wordpress\/plugins\/seo\/ -->\n<title>KOM\u0160IJU UZALUD MOLIO DA GA NE UBIJE - PrijedorDanas.com - Prijedorski gradski portal<\/title>\n<meta name=\"robots\" content=\"index, follow, max-snippet:-1, max-image-preview:large, max-video-preview:-1\" \/>\n<link rel=\"canonical\" href=\"https:\/\/www.prijedordanas.com\/?p=114508\" \/>\n<meta property=\"og:locale\" content=\"en_US\" \/>\n<meta property=\"og:type\" content=\"article\" \/>\n<meta property=\"og:title\" content=\"KOM\u0160IJU UZALUD MOLIO DA GA NE UBIJE - PrijedorDanas.com - Prijedorski gradski portal\" \/>\n<meta property=\"og:description\" content=\"Nemoj pucati, bile su posljednje rije\u010di koje je izgovorio Mile Tubi\u0107 (66) iz sela Dizdarlije, op\u0161tina Kozarska Dubica, prije nego \u0161to \u0107e u njega nekoliko metaka ispaliti kom\u0161ija B.P. (28). [&hellip;]\" \/>\n<meta property=\"og:url\" content=\"https:\/\/www.prijedordanas.com\/?p=114508\" \/>\n<meta property=\"og:site_name\" content=\"PrijedorDanas.com - Prijedorski gradski portal\" \/>\n<meta property=\"article:publisher\" content=\"https:\/\/www.facebook.com\/PrijedorDanasCom\/\" \/>\n<meta property=\"article:published_time\" content=\"2018-10-16T07:12:03+00:00\" \/>\n<meta property=\"og:image\" content=\"https:\/\/www.prijedordanas.com\/wp-content\/uploads\/2018\/10\/nezavisne-mjesto-ubistva-tubica-300x217.jpg\" \/>\n<meta name=\"author\" content=\"admin\" \/>\n<meta name=\"twitter:card\" content=\"summary_large_image\" \/>\n<meta name=\"twitter:label1\" content=\"Written by\" \/>\n\t<meta name=\"twitter:data1\" content=\"admin\" \/>\n\t<meta name=\"twitter:label2\" content=\"Est. reading time\" \/>\n\t<meta name=\"twitter:data2\" content=\"2 minutes\" \/>\n<script type=\"application\/ld+json\" class=\"yoast-schema-graph\">{\"@context\":\"https:\/\/schema.org\",\"@graph\":[{\"@type\":\"Article\",\"@id\":\"https:\/\/www.prijedordanas.com\/?p=114508#article\",\"isPartOf\":{\"@id\":\"https:\/\/www.prijedordanas.com\/?p=114508\"},\"author\":{\"name\":\"admin\",\"@id\":\"https:\/\/www.prijedordanas.com\/#\/schema\/person\/4e08ccf29b506ca916ff86d46bb700e6\"},\"headline\":\"KOM\u0160IJU UZALUD MOLIO DA GA NE UBIJE\",\"datePublished\":\"2018-10-16T07:12:03+00:00\",\"dateModified\":\"2018-10-16T07:12:03+00:00\",\"mainEntityOfPage\":{\"@id\":\"https:\/\/www.prijedordanas.com\/?p=114508\"},\"wordCount\":464,\"publisher\":{\"@id\":\"https:\/\/www.prijedordanas.com\/#organization\"},\"articleSection\":[\"Hronika\"],\"inLanguage\":\"en-US\"},{\"@type\":\"WebPage\",\"@id\":\"https:\/\/www.prijedordanas.com\/?p=114508\",\"url\":\"https:\/\/www.prijedordanas.com\/?p=114508\",\"name\":\"KOM\u0160IJU UZALUD MOLIO DA GA NE UBIJE - PrijedorDanas.com - Prijedorski gradski portal\",\"isPartOf\":{\"@id\":\"https:\/\/www.prijedordanas.com\/#website\"},\"datePublished\":\"2018-10-16T07:12:03+00:00\",\"dateModified\":\"2018-10-16T07:12:03+00:00\",\"breadcrumb\":{\"@id\":\"https:\/\/www.prijedordanas.com\/?p=114508#breadcrumb\"},\"inLanguage\":\"en-US\",\"potentialAction\":[{\"@type\":\"ReadAction\",\"target\":[\"https:\/\/www.prijedordanas.com\/?p=114508\"]}]},{\"@type\":\"BreadcrumbList\",\"@id\":\"https:\/\/www.prijedordanas.com\/?p=114508#breadcrumb\",\"itemListElement\":[{\"@type\":\"ListItem\",\"position\":1,\"name\":\"Home\",\"item\":\"https:\/\/www.prijedordanas.com\/\"},{\"@type\":\"ListItem\",\"position\":2,\"name\":\"KOM\u0160IJU UZALUD MOLIO DA GA NE UBIJE\"}]},{\"@type\":\"WebSite\",\"@id\":\"https:\/\/www.prijedordanas.com\/#website\",\"url\":\"https:\/\/www.prijedordanas.com\/\",\"name\":\"PrijedorDanas.com - Prijedorski gradski portal\",\"description\":\"Portal o doga\u0111anjima u gradu Prijedoru\",\"publisher\":{\"@id\":\"https:\/\/www.prijedordanas.com\/#organization\"},\"potentialAction\":[{\"@type\":\"SearchAction\",\"target\":{\"@type\":\"EntryPoint\",\"urlTemplate\":\"https:\/\/www.prijedordanas.com\/?s={search_term_string}\"},\"query-input\":\"required name=search_term_string\"}],\"inLanguage\":\"en-US\"},{\"@type\":\"Organization\",\"@id\":\"https:\/\/www.prijedordanas.com\/#organization\",\"name\":\"PrijedorDanas.com\",\"url\":\"https:\/\/www.prijedordanas.com\/\",\"logo\":{\"@type\":\"ImageObject\",\"inLanguage\":\"en-US\",\"@id\":\"https:\/\/www.prijedordanas.com\/#\/schema\/logo\/image\/\",\"url\":\"http:\/\/www.prijedordanas.com\/wp-content\/uploads\/2021\/12\/logopng.png\",\"contentUrl\":\"http:\/\/www.prijedordanas.com\/wp-content\/uploads\/2021\/12\/logopng.png\",\"width\":1019,\"height\":776,\"caption\":\"PrijedorDanas.com\"},\"image\":{\"@id\":\"https:\/\/www.prijedordanas.com\/#\/schema\/logo\/image\/\"},\"sameAs\":[\"https:\/\/www.facebook.com\/PrijedorDanasCom\/\"]},{\"@type\":\"Person\",\"@id\":\"https:\/\/www.prijedordanas.com\/#\/schema\/person\/4e08ccf29b506ca916ff86d46bb700e6\",\"name\":\"admin\",\"image\":{\"@type\":\"ImageObject\",\"inLanguage\":\"en-US\",\"@id\":\"https:\/\/www.prijedordanas.com\/#\/schema\/person\/image\/\",\"url\":\"https:\/\/secure.gravatar.com\/avatar\/1d3fc949d550f0b53a5f0d51e06dfd79?s=96&d=mm&r=g\",\"contentUrl\":\"https:\/\/secure.gravatar.com\/avatar\/1d3fc949d550f0b53a5f0d51e06dfd79?s=96&d=mm&r=g\",\"caption\":\"admin\"},\"url\":\"https:\/\/www.prijedordanas.com\/?author=1\"}]}<\/script>\n<!-- \/ Yoast SEO plugin. -->","yoast_head_json":{"title":"KOM\u0160IJU UZALUD MOLIO DA GA NE UBIJE - PrijedorDanas.com - Prijedorski gradski portal","robots":{"index":"index","follow":"follow","max-snippet":"max-snippet:-1","max-image-preview":"max-image-preview:large","max-video-preview":"max-video-preview:-1"},"canonical":"https:\/\/www.prijedordanas.com\/?p=114508","og_locale":"en_US","og_type":"article","og_title":"KOM\u0160IJU UZALUD MOLIO DA GA NE UBIJE - PrijedorDanas.com - Prijedorski gradski portal","og_description":"Nemoj pucati, bile su posljednje rije\u010di koje je izgovorio Mile Tubi\u0107 (66) iz sela Dizdarlije, op\u0161tina Kozarska Dubica, prije nego \u0161to \u0107e u njega nekoliko metaka ispaliti kom\u0161ija B.P. (28). [&hellip;]","og_url":"https:\/\/www.prijedordanas.com\/?p=114508","og_site_name":"PrijedorDanas.com - Prijedorski gradski portal","article_publisher":"https:\/\/www.facebook.com\/PrijedorDanasCom\/","article_published_time":"2018-10-16T07:12:03+00:00","og_image":[{"url":"https:\/\/www.prijedordanas.com\/wp-content\/uploads\/2018\/10\/nezavisne-mjesto-ubistva-tubica-300x217.jpg"}],"author":"admin","twitter_card":"summary_large_image","twitter_misc":{"Written by":"admin","Est. reading time":"2 minutes"},"schema":{"@context":"https:\/\/schema.org","@graph":[{"@type":"Article","@id":"https:\/\/www.prijedordanas.com\/?p=114508#article","isPartOf":{"@id":"https:\/\/www.prijedordanas.com\/?p=114508"},"author":{"name":"admin","@id":"https:\/\/www.prijedordanas.com\/#\/schema\/person\/4e08ccf29b506ca916ff86d46bb700e6"},"headline":"KOM\u0160IJU UZALUD MOLIO DA GA NE UBIJE","datePublished":"2018-10-16T07:12:03+00:00","dateModified":"2018-10-16T07:12:03+00:00","mainEntityOfPage":{"@id":"https:\/\/www.prijedordanas.com\/?p=114508"},"wordCount":464,"publisher":{"@id":"https:\/\/www.prijedordanas.com\/#organization"},"articleSection":["Hronika"],"inLanguage":"en-US"},{"@type":"WebPage","@id":"https:\/\/www.prijedordanas.com\/?p=114508","url":"https:\/\/www.prijedordanas.com\/?p=114508","name":"KOM\u0160IJU UZALUD MOLIO DA GA NE UBIJE - PrijedorDanas.com - Prijedorski gradski portal","isPartOf":{"@id":"https:\/\/www.prijedordanas.com\/#website"},"datePublished":"2018-10-16T07:12:03+00:00","dateModified":"2018-10-16T07:12:03+00:00","breadcrumb":{"@id":"https:\/\/www.prijedordanas.com\/?p=114508#breadcrumb"},"inLanguage":"en-US","potentialAction":[{"@type":"ReadAction","target":["https:\/\/www.prijedordanas.com\/?p=114508"]}]},{"@type":"BreadcrumbList","@id":"https:\/\/www.prijedordanas.com\/?p=114508#breadcrumb","itemListElement":[{"@type":"ListItem","position":1,"name":"Home","item":"https:\/\/www.prijedordanas.com\/"},{"@type":"ListItem","position":2,"name":"KOM\u0160IJU UZALUD MOLIO DA GA NE UBIJE"}]},{"@type":"WebSite","@id":"https:\/\/www.prijedordanas.com\/#website","url":"https:\/\/www.prijedordanas.com\/","name":"PrijedorDanas.com - Prijedorski gradski portal","description":"Portal o doga\u0111anjima u gradu Prijedoru","publisher":{"@id":"https:\/\/www.prijedordanas.com\/#organization"},"potentialAction":[{"@type":"SearchAction","target":{"@type":"EntryPoint","urlTemplate":"https:\/\/www.prijedordanas.com\/?s={search_term_string}"},"query-input":"required name=search_term_string"}],"inLanguage":"en-US"},{"@type":"Organization","@id":"https:\/\/www.prijedordanas.com\/#organization","name":"PrijedorDanas.com","url":"https:\/\/www.prijedordanas.com\/","logo":{"@type":"ImageObject","inLanguage":"en-US","@id":"https:\/\/www.prijedordanas.com\/#\/schema\/logo\/image\/","url":"http:\/\/www.prijedordanas.com\/wp-content\/uploads\/2021\/12\/logopng.png","contentUrl":"http:\/\/www.prijedordanas.com\/wp-content\/uploads\/2021\/12\/logopng.png","width":1019,"height":776,"caption":"PrijedorDanas.com"},"image":{"@id":"https:\/\/www.prijedordanas.com\/#\/schema\/logo\/image\/"},"sameAs":["https:\/\/www.facebook.com\/PrijedorDanasCom\/"]},{"@type":"Person","@id":"https:\/\/www.prijedordanas.com\/#\/schema\/person\/4e08ccf29b506ca916ff86d46bb700e6","name":"admin","image":{"@type":"ImageObject","inLanguage":"en-US","@id":"https:\/\/www.prijedordanas.com\/#\/schema\/person\/image\/","url":"https:\/\/secure.gravatar.com\/avatar\/1d3fc949d550f0b53a5f0d51e06dfd79?s=96&d=mm&r=g","contentUrl":"https:\/\/secure.gravatar.com\/avatar\/1d3fc949d550f0b53a5f0d51e06dfd79?s=96&d=mm&r=g","caption":"admin"},"url":"https:\/\/www.prijedordanas.com\/?author=1"}]}},"_links":{"self":[{"href":"https:\/\/www.prijedordanas.com\/index.php?rest_route=\/wp\/v2\/posts\/114508"}],"collection":[{"href":"https:\/\/www.prijedordanas.com\/index.php?rest_route=\/wp\/v2\/posts"}],"about":[{"href":"https:\/\/www.prijedordanas.com\/index.php?rest_route=\/wp\/v2\/types\/post"}],"author":[{"embeddable":true,"href":"https:\/\/www.prijedordanas.com\/index.php?rest_route=\/wp\/v2\/users\/1"}],"replies":[{"embeddable":true,"href":"https:\/\/www.prijedordanas.com\/index.php?rest_route=%2Fwp%2Fv2%2Fcomments&post=114508"}],"version-history":[{"count":1,"href":"https:\/\/www.prijedordanas.com\/index.php?rest_route=\/wp\/v2\/posts\/114508\/revisions"}],"predecessor-version":[{"id":114510,"href":"https:\/\/www.prijedordanas.com\/index.php?rest_route=\/wp\/v2\/posts\/114508\/revisions\/114510"}],"wp:attachment":[{"href":"https:\/\/www.prijedordanas.com\/index.php?rest_route=%2Fwp%2Fv2%2Fmedia&parent=114508"}],"wp:term":[{"taxonomy":"category","embeddable":true,"href":"https:\/\/www.prijedordanas.com\/index.php?rest_route=%2Fwp%2Fv2%2Fcategories&post=114508"},{"taxonomy":"post_tag","embeddable":true,"href":"https:\/\/www.prijedordanas.com\/index.php?rest_route=%2Fwp%2Fv2%2Ftags&post=114508"}],"curies":[{"name":"wp","href":"https:\/\/api.w.org\/{rel}","templated":true}]}}