{"id":114399,"date":"2018-10-14T11:41:52","date_gmt":"2018-10-14T09:41:52","guid":{"rendered":"https:\/\/www.prijedordanas.com\/?p=114399"},"modified":"2018-10-14T11:41:52","modified_gmt":"2018-10-14T09:41:52","slug":"uhapseno-cetvoro-drzavljana-hrvatske-zbog-krada-i-prevara-na-podrucju-prijedora","status":"publish","type":"post","link":"https:\/\/www.prijedordanas.com\/?p=114399","title":{"rendered":"UHAP\u0160ENO \u010cETVORO DR\u017dAVLJANA HRVATSKE ZBOG KRA\u0110A I PREVARA NA PODRU\u010cJU PRIJEDORA"},"content":{"rendered":"<p><a href=\"https:\/\/www.prijedordanas.com\/wp-content\/uploads\/2018\/10\/policija-prijedor-septembar-2018-5.jpg\"><img loading=\"lazy\" decoding=\"async\" src=\"https:\/\/www.prijedordanas.com\/wp-content\/uploads\/2018\/10\/policija-prijedor-septembar-2018-5-300x231.jpg\" alt=\"\" width=\"300\" height=\"231\" class=\"alignleft size-medium wp-image-114400\" srcset=\"https:\/\/www.prijedordanas.com\/wp-content\/uploads\/2018\/10\/policija-prijedor-septembar-2018-5-300x231.jpg 300w, https:\/\/www.prijedordanas.com\/wp-content\/uploads\/2018\/10\/policija-prijedor-septembar-2018-5-100x77.jpg 100w, https:\/\/www.prijedordanas.com\/wp-content\/uploads\/2018\/10\/policija-prijedor-septembar-2018-5.jpg 650w\" sizes=\"(max-width: 300px) 100vw, 300px\" \/><\/a>Na osnovu raspisane potrage od strane Policijske uprave Prijedor, pripadnici Jedinice grani\u010dne policije Bijeljina, na grani\u010dnom prelazu Popovi, dana 10.10.2018. godine, li\u0161ili su slobode lica K.\u0160. (1992), J.\u0160. (1995) i K.\u0160. (1987) svi iz Zagreba, dr\u017eavljani Hrvatske, zbog postojanja osnova sumnje na izvr\u0161enje krivi\u010dnih djela \u201cPrevara\u201d, \u201eKra\u0111a\u201c i \u201eLa\u017eno predstavljanje\u201c a koji su predati u nadle\u017enost policijskim slu\u017ebenicima PU Prijedor. <\/p>\n<p>Preduzimajuc\u0301i dalje mjere i radnje a zbog postojanja osnova sumnje da je zajedno sa pomenutim licima po\u010dinio navedena krivi\u010dna djela, policijski slu\u017ebenici PU Prijedor, dana 11.10.2018. godine, u Prijedoru li\u0161ili su slobode lice S.R. (1988) iz Zagreba.<\/p>\n<p>Tokom kriminalisti\u010dke obrade utvr\u0111eno je da su osumnji\u010dena lica K.\u0160., J.\u0160. i jo\u0161 jedno lice, dana 23.09.2018. godine, u mjesto \u010carakovo, dovela u zabludu o\u0161tec\u0301eno lice \u0160.K. iz Prijedora, te istu navele da im da novac u iznosu od 450 KM \u010dime su po\u010dinili krivi\u010dno djelo \u201ePrevara\u201c.<\/p>\n<p>Za osumnji\u010dena lica K.\u0160. i S.R. utvr\u0111eno je da su dana 23.09.2018. godine, la\u017eno se predstavljajuc\u0301i kao policijski inspektori, doveli u zabludu o\u0161tec\u0301enu S.D\u017d. iz Prijedora, nakon \u010dega je lice S.R. iskoristilo nepa\u017enju o\u0161tec\u0301ene te otu\u0111ilo novac u iznosu od 600 KM i tri zlatna prstena, \u010dime su po\u010dinili krivi\u010dna djela \u201ePrevara\u201c i \u201eLa\u017eno predstavljanje\u201c.<\/p>\n<p>Preduzimajuc\u0301i dalje aktivnosti za osumnji\u010dena lica K.\u0160., J.\u0160. i jo\u0161 jedno lice, utvr\u0111eno je da su dana 24.09.2018. godine, u Prijedoru, u porodi\u010dnoj kuc\u0301i lica M.R. iz Prijedora, nudec\u0301i na prodaju masa\u017eere za tijelo i prezentaciju rada masa\u017eera, iskoristili nepa\u017enju o\u0161tec\u0301enog lica, te iz prostorije kuhinje otu\u0111ili novac u iznosu od 5.500 KM, \u010dime su po\u010dinila krivi\u010dno djelo \u201eKra\u0111a\u201c.<\/p>\n<p>Rasvjetljavajuc\u0301i krivi\u010dno djelo \u201eKra\u0111a\u201c koje je izvr\u0161eno dana 26.09.2018. godine u mjestu Brekinja, op\u0161tina Kozarska Dubica na \u0161tetu lica N.M. utvr\u0111eno je da je lice K.\u0160. zajedno sa jo\u0161 jednim licem, iskoristilo nepa\u017enju o\u0161tec\u0301ene te iz kuc\u0301e otu\u0111ilo novac u iznosu od 700 KM.<\/p>\n<p>Ukupna materijalna \u0161teta pri\u010dinjena izvr\u0161enjem ovih krivi\u010dnih djela iznosi oko 8.000 KM.<\/p>\n<p>O navedenom obavje\u0161teno DKP Republike Hrvatske u BiH kao i Slu\u017eba za poslove sa strancima-Terenski centar Banja Luka, dok su lica li\u0161ena slobode, nakon zavr\u0161ene kriminalisti\u010dke obrade, uz saglasnost de\u017eurnog tu\u017eioca OJT Prijedor, otpu\u0161tena iz slu\u017ebenih prostorija.<\/p>\n<p>Nakon dokumentovanja i kompletiranja predmeta, Okru\u017enom javnom tu\u017eila\u0161tvu Prijedor, protiv lica K.\u0160., J.\u0160., K.\u0160. i S.R. bic\u0301e dostavljen izvje\u0161taj za po\u010dinjena krivi\u010dna djela.<\/p>\n<p>PU Prijedor<br \/>\nFoto &#8211; ilustracija<\/p>\n","protected":false},"excerpt":{"rendered":"<p>Na osnovu raspisane potrage od strane Policijske uprave Prijedor, pripadnici Jedinice grani\u010dne policije Bijeljina, na grani\u010dnom prelazu Popovi, dana 10.10.2018. godine, li\u0161ili su slobode lica K.\u0160. (1992), J.\u0160. (1995) i [&hellip;]<\/p>\n","protected":false},"author":1,"featured_media":0,"comment_status":"closed","ping_status":"open","sticky":false,"template":"","format":"standard","meta":{"_monsterinsights_skip_tracking":false,"_monsterinsights_sitenote_active":false,"_monsterinsights_sitenote_note":"","_monsterinsights_sitenote_category":0,"footnotes":""},"categories":[5],"tags":[],"yoast_head":"<!-- This site is optimized with the Yoast SEO plugin v21.6 - https:\/\/yoast.com\/wordpress\/plugins\/seo\/ -->\n<title>UHAP\u0160ENO \u010cETVORO DR\u017dAVLJANA HRVATSKE ZBOG KRA\u0110A I PREVARA NA PODRU\u010cJU PRIJEDORA - PrijedorDanas.com - Prijedorski gradski portal<\/title>\n<meta name=\"robots\" content=\"index, follow, max-snippet:-1, max-image-preview:large, max-video-preview:-1\" \/>\n<link rel=\"canonical\" href=\"https:\/\/www.prijedordanas.com\/?p=114399\" \/>\n<meta property=\"og:locale\" content=\"en_US\" \/>\n<meta property=\"og:type\" content=\"article\" \/>\n<meta property=\"og:title\" content=\"UHAP\u0160ENO \u010cETVORO DR\u017dAVLJANA HRVATSKE ZBOG KRA\u0110A I PREVARA NA PODRU\u010cJU PRIJEDORA - PrijedorDanas.com - Prijedorski gradski portal\" \/>\n<meta property=\"og:description\" content=\"Na osnovu raspisane potrage od strane Policijske uprave Prijedor, pripadnici Jedinice grani\u010dne policije Bijeljina, na grani\u010dnom prelazu Popovi, dana 10.10.2018. godine, li\u0161ili su slobode lica K.\u0160. (1992), J.\u0160. (1995) i [&hellip;]\" \/>\n<meta property=\"og:url\" content=\"https:\/\/www.prijedordanas.com\/?p=114399\" \/>\n<meta property=\"og:site_name\" content=\"PrijedorDanas.com - Prijedorski gradski portal\" \/>\n<meta property=\"article:publisher\" content=\"https:\/\/www.facebook.com\/PrijedorDanasCom\/\" \/>\n<meta property=\"article:published_time\" content=\"2018-10-14T09:41:52+00:00\" \/>\n<meta property=\"og:image\" content=\"https:\/\/www.prijedordanas.com\/wp-content\/uploads\/2018\/10\/policija-prijedor-septembar-2018-5-300x231.jpg\" \/>\n<meta name=\"author\" content=\"admin\" \/>\n<meta name=\"twitter:card\" content=\"summary_large_image\" \/>\n<meta name=\"twitter:label1\" content=\"Written by\" \/>\n\t<meta name=\"twitter:data1\" content=\"admin\" \/>\n\t<meta name=\"twitter:label2\" content=\"Est. reading time\" \/>\n\t<meta name=\"twitter:data2\" content=\"2 minutes\" \/>\n<script type=\"application\/ld+json\" class=\"yoast-schema-graph\">{\"@context\":\"https:\/\/schema.org\",\"@graph\":[{\"@type\":\"Article\",\"@id\":\"https:\/\/www.prijedordanas.com\/?p=114399#article\",\"isPartOf\":{\"@id\":\"https:\/\/www.prijedordanas.com\/?p=114399\"},\"author\":{\"name\":\"admin\",\"@id\":\"https:\/\/www.prijedordanas.com\/#\/schema\/person\/4e08ccf29b506ca916ff86d46bb700e6\"},\"headline\":\"UHAP\u0160ENO \u010cETVORO DR\u017dAVLJANA HRVATSKE ZBOG KRA\u0110A I PREVARA NA PODRU\u010cJU PRIJEDORA\",\"datePublished\":\"2018-10-14T09:41:52+00:00\",\"dateModified\":\"2018-10-14T09:41:52+00:00\",\"mainEntityOfPage\":{\"@id\":\"https:\/\/www.prijedordanas.com\/?p=114399\"},\"wordCount\":466,\"publisher\":{\"@id\":\"https:\/\/www.prijedordanas.com\/#organization\"},\"articleSection\":[\"Hronika\"],\"inLanguage\":\"en-US\"},{\"@type\":\"WebPage\",\"@id\":\"https:\/\/www.prijedordanas.com\/?p=114399\",\"url\":\"https:\/\/www.prijedordanas.com\/?p=114399\",\"name\":\"UHAP\u0160ENO \u010cETVORO DR\u017dAVLJANA HRVATSKE ZBOG KRA\u0110A I PREVARA NA PODRU\u010cJU PRIJEDORA - PrijedorDanas.com - Prijedorski gradski portal\",\"isPartOf\":{\"@id\":\"https:\/\/www.prijedordanas.com\/#website\"},\"datePublished\":\"2018-10-14T09:41:52+00:00\",\"dateModified\":\"2018-10-14T09:41:52+00:00\",\"breadcrumb\":{\"@id\":\"https:\/\/www.prijedordanas.com\/?p=114399#breadcrumb\"},\"inLanguage\":\"en-US\",\"potentialAction\":[{\"@type\":\"ReadAction\",\"target\":[\"https:\/\/www.prijedordanas.com\/?p=114399\"]}]},{\"@type\":\"BreadcrumbList\",\"@id\":\"https:\/\/www.prijedordanas.com\/?p=114399#breadcrumb\",\"itemListElement\":[{\"@type\":\"ListItem\",\"position\":1,\"name\":\"Home\",\"item\":\"https:\/\/www.prijedordanas.com\/\"},{\"@type\":\"ListItem\",\"position\":2,\"name\":\"UHAP\u0160ENO \u010cETVORO DR\u017dAVLJANA HRVATSKE ZBOG KRA\u0110A I PREVARA NA PODRU\u010cJU PRIJEDORA\"}]},{\"@type\":\"WebSite\",\"@id\":\"https:\/\/www.prijedordanas.com\/#website\",\"url\":\"https:\/\/www.prijedordanas.com\/\",\"name\":\"PrijedorDanas.com - Prijedorski gradski portal\",\"description\":\"Portal o doga\u0111anjima u gradu Prijedoru\",\"publisher\":{\"@id\":\"https:\/\/www.prijedordanas.com\/#organization\"},\"potentialAction\":[{\"@type\":\"SearchAction\",\"target\":{\"@type\":\"EntryPoint\",\"urlTemplate\":\"https:\/\/www.prijedordanas.com\/?s={search_term_string}\"},\"query-input\":\"required name=search_term_string\"}],\"inLanguage\":\"en-US\"},{\"@type\":\"Organization\",\"@id\":\"https:\/\/www.prijedordanas.com\/#organization\",\"name\":\"PrijedorDanas.com\",\"url\":\"https:\/\/www.prijedordanas.com\/\",\"logo\":{\"@type\":\"ImageObject\",\"inLanguage\":\"en-US\",\"@id\":\"https:\/\/www.prijedordanas.com\/#\/schema\/logo\/image\/\",\"url\":\"http:\/\/www.prijedordanas.com\/wp-content\/uploads\/2021\/12\/logopng.png\",\"contentUrl\":\"http:\/\/www.prijedordanas.com\/wp-content\/uploads\/2021\/12\/logopng.png\",\"width\":1019,\"height\":776,\"caption\":\"PrijedorDanas.com\"},\"image\":{\"@id\":\"https:\/\/www.prijedordanas.com\/#\/schema\/logo\/image\/\"},\"sameAs\":[\"https:\/\/www.facebook.com\/PrijedorDanasCom\/\"]},{\"@type\":\"Person\",\"@id\":\"https:\/\/www.prijedordanas.com\/#\/schema\/person\/4e08ccf29b506ca916ff86d46bb700e6\",\"name\":\"admin\",\"image\":{\"@type\":\"ImageObject\",\"inLanguage\":\"en-US\",\"@id\":\"https:\/\/www.prijedordanas.com\/#\/schema\/person\/image\/\",\"url\":\"https:\/\/secure.gravatar.com\/avatar\/1d3fc949d550f0b53a5f0d51e06dfd79?s=96&d=mm&r=g\",\"contentUrl\":\"https:\/\/secure.gravatar.com\/avatar\/1d3fc949d550f0b53a5f0d51e06dfd79?s=96&d=mm&r=g\",\"caption\":\"admin\"},\"url\":\"https:\/\/www.prijedordanas.com\/?author=1\"}]}<\/script>\n<!-- \/ Yoast SEO plugin. -->","yoast_head_json":{"title":"UHAP\u0160ENO \u010cETVORO DR\u017dAVLJANA HRVATSKE ZBOG KRA\u0110A I PREVARA NA PODRU\u010cJU PRIJEDORA - PrijedorDanas.com - Prijedorski gradski portal","robots":{"index":"index","follow":"follow","max-snippet":"max-snippet:-1","max-image-preview":"max-image-preview:large","max-video-preview":"max-video-preview:-1"},"canonical":"https:\/\/www.prijedordanas.com\/?p=114399","og_locale":"en_US","og_type":"article","og_title":"UHAP\u0160ENO \u010cETVORO DR\u017dAVLJANA HRVATSKE ZBOG KRA\u0110A I PREVARA NA PODRU\u010cJU PRIJEDORA - PrijedorDanas.com - Prijedorski gradski portal","og_description":"Na osnovu raspisane potrage od strane Policijske uprave Prijedor, pripadnici Jedinice grani\u010dne policije Bijeljina, na grani\u010dnom prelazu Popovi, dana 10.10.2018. godine, li\u0161ili su slobode lica K.\u0160. (1992), J.\u0160. (1995) i [&hellip;]","og_url":"https:\/\/www.prijedordanas.com\/?p=114399","og_site_name":"PrijedorDanas.com - Prijedorski gradski portal","article_publisher":"https:\/\/www.facebook.com\/PrijedorDanasCom\/","article_published_time":"2018-10-14T09:41:52+00:00","og_image":[{"url":"https:\/\/www.prijedordanas.com\/wp-content\/uploads\/2018\/10\/policija-prijedor-septembar-2018-5-300x231.jpg"}],"author":"admin","twitter_card":"summary_large_image","twitter_misc":{"Written by":"admin","Est. reading time":"2 minutes"},"schema":{"@context":"https:\/\/schema.org","@graph":[{"@type":"Article","@id":"https:\/\/www.prijedordanas.com\/?p=114399#article","isPartOf":{"@id":"https:\/\/www.prijedordanas.com\/?p=114399"},"author":{"name":"admin","@id":"https:\/\/www.prijedordanas.com\/#\/schema\/person\/4e08ccf29b506ca916ff86d46bb700e6"},"headline":"UHAP\u0160ENO \u010cETVORO DR\u017dAVLJANA HRVATSKE ZBOG KRA\u0110A I PREVARA NA PODRU\u010cJU PRIJEDORA","datePublished":"2018-10-14T09:41:52+00:00","dateModified":"2018-10-14T09:41:52+00:00","mainEntityOfPage":{"@id":"https:\/\/www.prijedordanas.com\/?p=114399"},"wordCount":466,"publisher":{"@id":"https:\/\/www.prijedordanas.com\/#organization"},"articleSection":["Hronika"],"inLanguage":"en-US"},{"@type":"WebPage","@id":"https:\/\/www.prijedordanas.com\/?p=114399","url":"https:\/\/www.prijedordanas.com\/?p=114399","name":"UHAP\u0160ENO \u010cETVORO DR\u017dAVLJANA HRVATSKE ZBOG KRA\u0110A I PREVARA NA PODRU\u010cJU PRIJEDORA - PrijedorDanas.com - Prijedorski gradski portal","isPartOf":{"@id":"https:\/\/www.prijedordanas.com\/#website"},"datePublished":"2018-10-14T09:41:52+00:00","dateModified":"2018-10-14T09:41:52+00:00","breadcrumb":{"@id":"https:\/\/www.prijedordanas.com\/?p=114399#breadcrumb"},"inLanguage":"en-US","potentialAction":[{"@type":"ReadAction","target":["https:\/\/www.prijedordanas.com\/?p=114399"]}]},{"@type":"BreadcrumbList","@id":"https:\/\/www.prijedordanas.com\/?p=114399#breadcrumb","itemListElement":[{"@type":"ListItem","position":1,"name":"Home","item":"https:\/\/www.prijedordanas.com\/"},{"@type":"ListItem","position":2,"name":"UHAP\u0160ENO \u010cETVORO DR\u017dAVLJANA HRVATSKE ZBOG KRA\u0110A I PREVARA NA PODRU\u010cJU PRIJEDORA"}]},{"@type":"WebSite","@id":"https:\/\/www.prijedordanas.com\/#website","url":"https:\/\/www.prijedordanas.com\/","name":"PrijedorDanas.com - Prijedorski gradski portal","description":"Portal o doga\u0111anjima u gradu Prijedoru","publisher":{"@id":"https:\/\/www.prijedordanas.com\/#organization"},"potentialAction":[{"@type":"SearchAction","target":{"@type":"EntryPoint","urlTemplate":"https:\/\/www.prijedordanas.com\/?s={search_term_string}"},"query-input":"required name=search_term_string"}],"inLanguage":"en-US"},{"@type":"Organization","@id":"https:\/\/www.prijedordanas.com\/#organization","name":"PrijedorDanas.com","url":"https:\/\/www.prijedordanas.com\/","logo":{"@type":"ImageObject","inLanguage":"en-US","@id":"https:\/\/www.prijedordanas.com\/#\/schema\/logo\/image\/","url":"http:\/\/www.prijedordanas.com\/wp-content\/uploads\/2021\/12\/logopng.png","contentUrl":"http:\/\/www.prijedordanas.com\/wp-content\/uploads\/2021\/12\/logopng.png","width":1019,"height":776,"caption":"PrijedorDanas.com"},"image":{"@id":"https:\/\/www.prijedordanas.com\/#\/schema\/logo\/image\/"},"sameAs":["https:\/\/www.facebook.com\/PrijedorDanasCom\/"]},{"@type":"Person","@id":"https:\/\/www.prijedordanas.com\/#\/schema\/person\/4e08ccf29b506ca916ff86d46bb700e6","name":"admin","image":{"@type":"ImageObject","inLanguage":"en-US","@id":"https:\/\/www.prijedordanas.com\/#\/schema\/person\/image\/","url":"https:\/\/secure.gravatar.com\/avatar\/1d3fc949d550f0b53a5f0d51e06dfd79?s=96&d=mm&r=g","contentUrl":"https:\/\/secure.gravatar.com\/avatar\/1d3fc949d550f0b53a5f0d51e06dfd79?s=96&d=mm&r=g","caption":"admin"},"url":"https:\/\/www.prijedordanas.com\/?author=1"}]}},"_links":{"self":[{"href":"https:\/\/www.prijedordanas.com\/index.php?rest_route=\/wp\/v2\/posts\/114399"}],"collection":[{"href":"https:\/\/www.prijedordanas.com\/index.php?rest_route=\/wp\/v2\/posts"}],"about":[{"href":"https:\/\/www.prijedordanas.com\/index.php?rest_route=\/wp\/v2\/types\/post"}],"author":[{"embeddable":true,"href":"https:\/\/www.prijedordanas.com\/index.php?rest_route=\/wp\/v2\/users\/1"}],"replies":[{"embeddable":true,"href":"https:\/\/www.prijedordanas.com\/index.php?rest_route=%2Fwp%2Fv2%2Fcomments&post=114399"}],"version-history":[{"count":1,"href":"https:\/\/www.prijedordanas.com\/index.php?rest_route=\/wp\/v2\/posts\/114399\/revisions"}],"predecessor-version":[{"id":114401,"href":"https:\/\/www.prijedordanas.com\/index.php?rest_route=\/wp\/v2\/posts\/114399\/revisions\/114401"}],"wp:attachment":[{"href":"https:\/\/www.prijedordanas.com\/index.php?rest_route=%2Fwp%2Fv2%2Fmedia&parent=114399"}],"wp:term":[{"taxonomy":"category","embeddable":true,"href":"https:\/\/www.prijedordanas.com\/index.php?rest_route=%2Fwp%2Fv2%2Fcategories&post=114399"},{"taxonomy":"post_tag","embeddable":true,"href":"https:\/\/www.prijedordanas.com\/index.php?rest_route=%2Fwp%2Fv2%2Ftags&post=114399"}],"curies":[{"name":"wp","href":"https:\/\/api.w.org\/{rel}","templated":true}]}}