{"id":114110,"date":"2018-10-09T11:28:40","date_gmt":"2018-10-09T09:28:40","guid":{"rendered":"https:\/\/www.prijedordanas.com\/?p=114110"},"modified":"2018-10-09T11:28:40","modified_gmt":"2018-10-09T09:28:40","slug":"pd-klekovaca-prijedor-organizuje-10-jubilarni-uspon-na-vranicu","status":"publish","type":"post","link":"https:\/\/www.prijedordanas.com\/?p=114110","title":{"rendered":"PD \u201cKLEKOVA\u010cA\u201d PRIJEDOR ORGANIZUJE 10. JUBILARNI USPON NA VRANICU"},"content":{"rendered":"<p><a href=\"https:\/\/www.prijedordanas.com\/wp-content\/uploads\/2018\/10\/vranica.jpg\"><img loading=\"lazy\" decoding=\"async\" src=\"https:\/\/www.prijedordanas.com\/wp-content\/uploads\/2018\/10\/vranica-300x217.jpg\" alt=\"\" width=\"300\" height=\"217\" class=\"alignleft size-medium wp-image-114111\" srcset=\"https:\/\/www.prijedordanas.com\/wp-content\/uploads\/2018\/10\/vranica-300x217.jpg 300w, https:\/\/www.prijedordanas.com\/wp-content\/uploads\/2018\/10\/vranica-100x72.jpg 100w, https:\/\/www.prijedordanas.com\/wp-content\/uploads\/2018\/10\/vranica.jpg 690w\" sizes=\"(max-width: 300px) 100vw, 300px\" \/><\/a>PD \u201cKlekova\u010da\u201d, u okviru planiranih aktivnosti, organizuje 10. jubilarni uspon na Vranicu (2112 m) u subotu i nedjelju, 13-14.10.2018. godine.<\/p>\n<p>Program pohoda:<\/p>\n<p>I dan, subota<br \/>\n7h \u2013 polazak ispred sportske dvorane \u201cMladost\u201d u Prijedoru;<br \/>\n8h \u2013 polazak sa stare autobuske stanice u Banja Luci;<br \/>\n9:30 \u2013 dolazak u Jajce i razgledanje starog dijela grada i vodopada do 11h;<br \/>\n11h \u2013 polazak prema Gornjem Vakufu (Uskoplje);<br \/>\n14h \u2013 dolazak u planinarski dom Rosinj (1700 m) na Vranici, smje\u0161tanje po sobama, odmor;<br \/>\n15h \u2013 polazak iz doma prema vrhu Rosinj;<br \/>\n16:30 \u2013 izlazak na vrh Rosinj (2059 m);<br \/>\n17h \u2013 polazak sa vrha prema pl. domu;<br \/>\n18h \u2013 dolazak u pl. dom, dru\u017eenje, odmor, no\u0107enje.<\/p>\n<p>II dan, nedjelja<br \/>\n7h \u2013 ustajanje, jutarnja higijena, doru\u010dak;<br \/>\n8h \u2013 polazak prema vrhu Nadkrstac;<br \/>\n10h \u2013 izlazak na vrh Nadkrstac (2112 m);<br \/>\n10:30 \u2013 polazak sa vrha prema Proko\u0161kom jezeru;<br \/>\n12h \u2013 dolazak na Proko\u0161ko jezero;<br \/>\n13h \u2013 polazak sa jezera prema pl. domu Rosinj;<br \/>\n15h \u2013 dolazak do doma, pakovanje, ru\u010dak;<br \/>\n16h \u2013 polazak prema Prijedoru i Banja Luci;<br \/>\ndolazak u Banja Luku oko 20h a u Prijedor oko 21h.<\/p>\n<p>Op\u0161ti uslovi za u\u010de\u0161\u0107e na akciji: dobro fizi\u010dko zdravlje i psihi\u010dka stabilnost.<\/p>\n<p>Potrebna oprema: planinarske cipele (patike ne dolaze u obzir!), hla\u010de, ranac, jakna, rezervna presvlaka, kapa i nao\u010dale za za\u0161titu od sunca, \u0161tapovi za hodanje, vre\u0107a za spavanje (ko ne \u017eeli nositi vre\u0107u mo\u017ee doplatiti 3KM za posteljinu u pl. domu), hrana, voda, \u010deona lampa, planinarska knji\u017eica sa pla\u0107enom \u010dlanarinom za teku\u0107u godinu, komplet prve pomo\u0107i.<\/p>\n<p>Cijena u\u010de\u0161\u0107a na pohodu je 40KM \u0161to uklju\u010duje prevoz i no\u0107enje u pl. domu \u201cRosinj\u201d.<\/p>\n<p>Doma\u0107in, PD \u201cGoran\u201d Gornji Vakuf organizuje sve\u010danu ve\u010deru i pi\u0107e za sve u\u010desnike pohoda.<\/p>\n<p>Prijave izvr\u0161iti pozivom na tel. 065\/611-052 kod Du\u0161ka Vuji\u010di\u0107a do \u010detvrtka 11.10.2018. Uplate mo\u017eete izvr\u0161iti u kancelariji PD \u201cKlekova\u010da\u201d koja se nalazi u ulici Kralja Petra I Oslobodioca 16 (KUD \u201cDr Mladen Stojanovi\u0107\u201d, II sprat) \u010detvrtkom od 19-20h.<\/p>\n<p>Zbog ograni\u010denog broja mjesta samo oni koji izvr\u0161e uplatu sti\u010du pravo u\u010de\u0161\u0107a na akciji. Prednost kod prijavljivanja imaju \u010dlanovi PD \u201cKlekova\u010da\u201d.<\/p>\n<p>Vodi\u010d je Du\u0161ko Vuji\u010di\u0107.<\/p>\n<p>Svi u\u010desnici uspona du\u017eni su da po\u0161tuju upute vodi\u010da i da se pridr\u017eavaju pravila o ku\u0107nom redu u pl. domu. <\/p>\n<p>Vodi\u010di zadr\u017eavaju pravo izmjene plana pohoda u odnosu na meteorolo\u0161ke prilike.<\/p>\n<p>Srda\u010dan planinarski pozdrav!<\/p>\n<p>PD Klekova\u010da Prijedor<\/p>\n","protected":false},"excerpt":{"rendered":"<p>PD \u201cKlekova\u010da\u201d, u okviru planiranih aktivnosti, organizuje 10. jubilarni uspon na Vranicu (2112 m) u subotu i nedjelju, 13-14.10.2018. godine. Program pohoda: I dan, subota 7h \u2013 polazak ispred sportske [&hellip;]<\/p>\n","protected":false},"author":1,"featured_media":0,"comment_status":"closed","ping_status":"open","sticky":false,"template":"","format":"standard","meta":{"_monsterinsights_skip_tracking":false,"_monsterinsights_sitenote_active":false,"_monsterinsights_sitenote_note":"","_monsterinsights_sitenote_category":0,"footnotes":""},"categories":[8],"tags":[],"yoast_head":"<!-- This site is optimized with the Yoast SEO plugin v21.6 - https:\/\/yoast.com\/wordpress\/plugins\/seo\/ -->\n<title>PD \u201cKLEKOVA\u010cA\u201d PRIJEDOR ORGANIZUJE 10. JUBILARNI USPON NA VRANICU - PrijedorDanas.com - Prijedorski gradski portal<\/title>\n<meta name=\"robots\" content=\"index, follow, max-snippet:-1, max-image-preview:large, max-video-preview:-1\" \/>\n<link rel=\"canonical\" href=\"https:\/\/www.prijedordanas.com\/?p=114110\" \/>\n<meta property=\"og:locale\" content=\"en_US\" \/>\n<meta property=\"og:type\" content=\"article\" \/>\n<meta property=\"og:title\" content=\"PD \u201cKLEKOVA\u010cA\u201d PRIJEDOR ORGANIZUJE 10. JUBILARNI USPON NA VRANICU - PrijedorDanas.com - Prijedorski gradski portal\" \/>\n<meta property=\"og:description\" content=\"PD \u201cKlekova\u010da\u201d, u okviru planiranih aktivnosti, organizuje 10. jubilarni uspon na Vranicu (2112 m) u subotu i nedjelju, 13-14.10.2018. godine. Program pohoda: I dan, subota 7h \u2013 polazak ispred sportske [&hellip;]\" \/>\n<meta property=\"og:url\" content=\"https:\/\/www.prijedordanas.com\/?p=114110\" \/>\n<meta property=\"og:site_name\" content=\"PrijedorDanas.com - Prijedorski gradski portal\" \/>\n<meta property=\"article:publisher\" content=\"https:\/\/www.facebook.com\/PrijedorDanasCom\/\" \/>\n<meta property=\"article:published_time\" content=\"2018-10-09T09:28:40+00:00\" \/>\n<meta property=\"og:image\" content=\"https:\/\/www.prijedordanas.com\/wp-content\/uploads\/2018\/10\/vranica-300x217.jpg\" \/>\n<meta name=\"author\" content=\"admin\" \/>\n<meta name=\"twitter:card\" content=\"summary_large_image\" \/>\n<meta name=\"twitter:label1\" content=\"Written by\" \/>\n\t<meta name=\"twitter:data1\" content=\"admin\" \/>\n\t<meta name=\"twitter:label2\" content=\"Est. reading time\" \/>\n\t<meta name=\"twitter:data2\" content=\"2 minutes\" \/>\n<script type=\"application\/ld+json\" class=\"yoast-schema-graph\">{\"@context\":\"https:\/\/schema.org\",\"@graph\":[{\"@type\":\"Article\",\"@id\":\"https:\/\/www.prijedordanas.com\/?p=114110#article\",\"isPartOf\":{\"@id\":\"https:\/\/www.prijedordanas.com\/?p=114110\"},\"author\":{\"name\":\"admin\",\"@id\":\"https:\/\/www.prijedordanas.com\/#\/schema\/person\/4e08ccf29b506ca916ff86d46bb700e6\"},\"headline\":\"PD \u201cKLEKOVA\u010cA\u201d PRIJEDOR ORGANIZUJE 10. JUBILARNI USPON NA VRANICU\",\"datePublished\":\"2018-10-09T09:28:40+00:00\",\"dateModified\":\"2018-10-09T09:28:40+00:00\",\"mainEntityOfPage\":{\"@id\":\"https:\/\/www.prijedordanas.com\/?p=114110\"},\"wordCount\":422,\"publisher\":{\"@id\":\"https:\/\/www.prijedordanas.com\/#organization\"},\"articleSection\":[\"Svakodnevno\"],\"inLanguage\":\"en-US\"},{\"@type\":\"WebPage\",\"@id\":\"https:\/\/www.prijedordanas.com\/?p=114110\",\"url\":\"https:\/\/www.prijedordanas.com\/?p=114110\",\"name\":\"PD \u201cKLEKOVA\u010cA\u201d PRIJEDOR ORGANIZUJE 10. JUBILARNI USPON NA VRANICU - PrijedorDanas.com - Prijedorski gradski portal\",\"isPartOf\":{\"@id\":\"https:\/\/www.prijedordanas.com\/#website\"},\"datePublished\":\"2018-10-09T09:28:40+00:00\",\"dateModified\":\"2018-10-09T09:28:40+00:00\",\"breadcrumb\":{\"@id\":\"https:\/\/www.prijedordanas.com\/?p=114110#breadcrumb\"},\"inLanguage\":\"en-US\",\"potentialAction\":[{\"@type\":\"ReadAction\",\"target\":[\"https:\/\/www.prijedordanas.com\/?p=114110\"]}]},{\"@type\":\"BreadcrumbList\",\"@id\":\"https:\/\/www.prijedordanas.com\/?p=114110#breadcrumb\",\"itemListElement\":[{\"@type\":\"ListItem\",\"position\":1,\"name\":\"Home\",\"item\":\"https:\/\/www.prijedordanas.com\/\"},{\"@type\":\"ListItem\",\"position\":2,\"name\":\"PD \u201cKLEKOVA\u010cA\u201d PRIJEDOR ORGANIZUJE 10. JUBILARNI USPON NA VRANICU\"}]},{\"@type\":\"WebSite\",\"@id\":\"https:\/\/www.prijedordanas.com\/#website\",\"url\":\"https:\/\/www.prijedordanas.com\/\",\"name\":\"PrijedorDanas.com - Prijedorski gradski portal\",\"description\":\"Portal o doga\u0111anjima u gradu Prijedoru\",\"publisher\":{\"@id\":\"https:\/\/www.prijedordanas.com\/#organization\"},\"potentialAction\":[{\"@type\":\"SearchAction\",\"target\":{\"@type\":\"EntryPoint\",\"urlTemplate\":\"https:\/\/www.prijedordanas.com\/?s={search_term_string}\"},\"query-input\":\"required name=search_term_string\"}],\"inLanguage\":\"en-US\"},{\"@type\":\"Organization\",\"@id\":\"https:\/\/www.prijedordanas.com\/#organization\",\"name\":\"PrijedorDanas.com\",\"url\":\"https:\/\/www.prijedordanas.com\/\",\"logo\":{\"@type\":\"ImageObject\",\"inLanguage\":\"en-US\",\"@id\":\"https:\/\/www.prijedordanas.com\/#\/schema\/logo\/image\/\",\"url\":\"http:\/\/www.prijedordanas.com\/wp-content\/uploads\/2021\/12\/logopng.png\",\"contentUrl\":\"http:\/\/www.prijedordanas.com\/wp-content\/uploads\/2021\/12\/logopng.png\",\"width\":1019,\"height\":776,\"caption\":\"PrijedorDanas.com\"},\"image\":{\"@id\":\"https:\/\/www.prijedordanas.com\/#\/schema\/logo\/image\/\"},\"sameAs\":[\"https:\/\/www.facebook.com\/PrijedorDanasCom\/\"]},{\"@type\":\"Person\",\"@id\":\"https:\/\/www.prijedordanas.com\/#\/schema\/person\/4e08ccf29b506ca916ff86d46bb700e6\",\"name\":\"admin\",\"image\":{\"@type\":\"ImageObject\",\"inLanguage\":\"en-US\",\"@id\":\"https:\/\/www.prijedordanas.com\/#\/schema\/person\/image\/\",\"url\":\"https:\/\/secure.gravatar.com\/avatar\/1d3fc949d550f0b53a5f0d51e06dfd79?s=96&d=mm&r=g\",\"contentUrl\":\"https:\/\/secure.gravatar.com\/avatar\/1d3fc949d550f0b53a5f0d51e06dfd79?s=96&d=mm&r=g\",\"caption\":\"admin\"},\"url\":\"https:\/\/www.prijedordanas.com\/?author=1\"}]}<\/script>\n<!-- \/ Yoast SEO plugin. -->","yoast_head_json":{"title":"PD \u201cKLEKOVA\u010cA\u201d PRIJEDOR ORGANIZUJE 10. JUBILARNI USPON NA VRANICU - PrijedorDanas.com - Prijedorski gradski portal","robots":{"index":"index","follow":"follow","max-snippet":"max-snippet:-1","max-image-preview":"max-image-preview:large","max-video-preview":"max-video-preview:-1"},"canonical":"https:\/\/www.prijedordanas.com\/?p=114110","og_locale":"en_US","og_type":"article","og_title":"PD \u201cKLEKOVA\u010cA\u201d PRIJEDOR ORGANIZUJE 10. JUBILARNI USPON NA VRANICU - PrijedorDanas.com - Prijedorski gradski portal","og_description":"PD \u201cKlekova\u010da\u201d, u okviru planiranih aktivnosti, organizuje 10. jubilarni uspon na Vranicu (2112 m) u subotu i nedjelju, 13-14.10.2018. godine. Program pohoda: I dan, subota 7h \u2013 polazak ispred sportske [&hellip;]","og_url":"https:\/\/www.prijedordanas.com\/?p=114110","og_site_name":"PrijedorDanas.com - Prijedorski gradski portal","article_publisher":"https:\/\/www.facebook.com\/PrijedorDanasCom\/","article_published_time":"2018-10-09T09:28:40+00:00","og_image":[{"url":"https:\/\/www.prijedordanas.com\/wp-content\/uploads\/2018\/10\/vranica-300x217.jpg"}],"author":"admin","twitter_card":"summary_large_image","twitter_misc":{"Written by":"admin","Est. reading time":"2 minutes"},"schema":{"@context":"https:\/\/schema.org","@graph":[{"@type":"Article","@id":"https:\/\/www.prijedordanas.com\/?p=114110#article","isPartOf":{"@id":"https:\/\/www.prijedordanas.com\/?p=114110"},"author":{"name":"admin","@id":"https:\/\/www.prijedordanas.com\/#\/schema\/person\/4e08ccf29b506ca916ff86d46bb700e6"},"headline":"PD \u201cKLEKOVA\u010cA\u201d PRIJEDOR ORGANIZUJE 10. JUBILARNI USPON NA VRANICU","datePublished":"2018-10-09T09:28:40+00:00","dateModified":"2018-10-09T09:28:40+00:00","mainEntityOfPage":{"@id":"https:\/\/www.prijedordanas.com\/?p=114110"},"wordCount":422,"publisher":{"@id":"https:\/\/www.prijedordanas.com\/#organization"},"articleSection":["Svakodnevno"],"inLanguage":"en-US"},{"@type":"WebPage","@id":"https:\/\/www.prijedordanas.com\/?p=114110","url":"https:\/\/www.prijedordanas.com\/?p=114110","name":"PD \u201cKLEKOVA\u010cA\u201d PRIJEDOR ORGANIZUJE 10. JUBILARNI USPON NA VRANICU - PrijedorDanas.com - Prijedorski gradski portal","isPartOf":{"@id":"https:\/\/www.prijedordanas.com\/#website"},"datePublished":"2018-10-09T09:28:40+00:00","dateModified":"2018-10-09T09:28:40+00:00","breadcrumb":{"@id":"https:\/\/www.prijedordanas.com\/?p=114110#breadcrumb"},"inLanguage":"en-US","potentialAction":[{"@type":"ReadAction","target":["https:\/\/www.prijedordanas.com\/?p=114110"]}]},{"@type":"BreadcrumbList","@id":"https:\/\/www.prijedordanas.com\/?p=114110#breadcrumb","itemListElement":[{"@type":"ListItem","position":1,"name":"Home","item":"https:\/\/www.prijedordanas.com\/"},{"@type":"ListItem","position":2,"name":"PD \u201cKLEKOVA\u010cA\u201d PRIJEDOR ORGANIZUJE 10. JUBILARNI USPON NA VRANICU"}]},{"@type":"WebSite","@id":"https:\/\/www.prijedordanas.com\/#website","url":"https:\/\/www.prijedordanas.com\/","name":"PrijedorDanas.com - Prijedorski gradski portal","description":"Portal o doga\u0111anjima u gradu Prijedoru","publisher":{"@id":"https:\/\/www.prijedordanas.com\/#organization"},"potentialAction":[{"@type":"SearchAction","target":{"@type":"EntryPoint","urlTemplate":"https:\/\/www.prijedordanas.com\/?s={search_term_string}"},"query-input":"required name=search_term_string"}],"inLanguage":"en-US"},{"@type":"Organization","@id":"https:\/\/www.prijedordanas.com\/#organization","name":"PrijedorDanas.com","url":"https:\/\/www.prijedordanas.com\/","logo":{"@type":"ImageObject","inLanguage":"en-US","@id":"https:\/\/www.prijedordanas.com\/#\/schema\/logo\/image\/","url":"http:\/\/www.prijedordanas.com\/wp-content\/uploads\/2021\/12\/logopng.png","contentUrl":"http:\/\/www.prijedordanas.com\/wp-content\/uploads\/2021\/12\/logopng.png","width":1019,"height":776,"caption":"PrijedorDanas.com"},"image":{"@id":"https:\/\/www.prijedordanas.com\/#\/schema\/logo\/image\/"},"sameAs":["https:\/\/www.facebook.com\/PrijedorDanasCom\/"]},{"@type":"Person","@id":"https:\/\/www.prijedordanas.com\/#\/schema\/person\/4e08ccf29b506ca916ff86d46bb700e6","name":"admin","image":{"@type":"ImageObject","inLanguage":"en-US","@id":"https:\/\/www.prijedordanas.com\/#\/schema\/person\/image\/","url":"https:\/\/secure.gravatar.com\/avatar\/1d3fc949d550f0b53a5f0d51e06dfd79?s=96&d=mm&r=g","contentUrl":"https:\/\/secure.gravatar.com\/avatar\/1d3fc949d550f0b53a5f0d51e06dfd79?s=96&d=mm&r=g","caption":"admin"},"url":"https:\/\/www.prijedordanas.com\/?author=1"}]}},"_links":{"self":[{"href":"https:\/\/www.prijedordanas.com\/index.php?rest_route=\/wp\/v2\/posts\/114110"}],"collection":[{"href":"https:\/\/www.prijedordanas.com\/index.php?rest_route=\/wp\/v2\/posts"}],"about":[{"href":"https:\/\/www.prijedordanas.com\/index.php?rest_route=\/wp\/v2\/types\/post"}],"author":[{"embeddable":true,"href":"https:\/\/www.prijedordanas.com\/index.php?rest_route=\/wp\/v2\/users\/1"}],"replies":[{"embeddable":true,"href":"https:\/\/www.prijedordanas.com\/index.php?rest_route=%2Fwp%2Fv2%2Fcomments&post=114110"}],"version-history":[{"count":1,"href":"https:\/\/www.prijedordanas.com\/index.php?rest_route=\/wp\/v2\/posts\/114110\/revisions"}],"predecessor-version":[{"id":114112,"href":"https:\/\/www.prijedordanas.com\/index.php?rest_route=\/wp\/v2\/posts\/114110\/revisions\/114112"}],"wp:attachment":[{"href":"https:\/\/www.prijedordanas.com\/index.php?rest_route=%2Fwp%2Fv2%2Fmedia&parent=114110"}],"wp:term":[{"taxonomy":"category","embeddable":true,"href":"https:\/\/www.prijedordanas.com\/index.php?rest_route=%2Fwp%2Fv2%2Fcategories&post=114110"},{"taxonomy":"post_tag","embeddable":true,"href":"https:\/\/www.prijedordanas.com\/index.php?rest_route=%2Fwp%2Fv2%2Ftags&post=114110"}],"curies":[{"name":"wp","href":"https:\/\/api.w.org\/{rel}","templated":true}]}}