{"id":113950,"date":"2018-10-06T08:37:09","date_gmt":"2018-10-06T06:37:09","guid":{"rendered":"https:\/\/www.prijedordanas.com\/?p=113950"},"modified":"2018-10-06T08:37:09","modified_gmt":"2018-10-06T06:37:09","slug":"u-omarskoj-polozen-kamen-temeljac-za-izgradnju-sportske-dvorane-foto-video","status":"publish","type":"post","link":"https:\/\/www.prijedordanas.com\/?p=113950","title":{"rendered":"U OMARSKOJ POLO\u017dEN KAMEN TEMELJAC ZA IZGRADNJU SPORTSKE DVORANE \u2013 FOTO\/VIDEO"},"content":{"rendered":"<p><a href=\"https:\/\/www.prijedordanas.com\/wp-content\/uploads\/2018\/10\/kamen-temeljac-dvorana-omarska-1.jpg\"><img loading=\"lazy\" decoding=\"async\" class=\"alignleft size-medium wp-image-113951\" src=\"https:\/\/www.prijedordanas.com\/wp-content\/uploads\/2018\/10\/kamen-temeljac-dvorana-omarska-1-300x222.jpg\" alt=\"\" width=\"300\" height=\"222\" srcset=\"https:\/\/www.prijedordanas.com\/wp-content\/uploads\/2018\/10\/kamen-temeljac-dvorana-omarska-1-300x222.jpg 300w, https:\/\/www.prijedordanas.com\/wp-content\/uploads\/2018\/10\/kamen-temeljac-dvorana-omarska-1-100x74.jpg 100w, https:\/\/www.prijedordanas.com\/wp-content\/uploads\/2018\/10\/kamen-temeljac-dvorana-omarska-1.jpg 675w\" sizes=\"(max-width: 300px) 100vw, 300px\" \/><\/a>U Omarskoj kod Prijedora polo\u017een je kamen temeljac za izgradnju Sportske dvorane, u neposrednoj blizini Osnovne \u0161kole &#8220;Vuk Karad\u017ei\u0107&#8221;.<\/p>\n<p>Projekat se finansira zajedni\u010dkim sredstvima Republike Srpske i Srbije.<\/p>\n<p>U\u010denici Osnovne \u0161kole iz Omarske, \u010dasove fizi\u010dkog vaspitanja imali su u maloj i neuslovnoj sali. Zbog toga je po\u010detak izgradnje sve obradovao.<\/p>\n<p>&#8211; Evo napokon smo do\u0161li do toga da danas, 5. oktobra po\u010dinje izgradnja sportske dvorane za sve u\u010denike ali i rekreativce &#8211; ka\u017ee Branko Babi\u0107, direktor Osnovne \u0161kole &#8220;Vuk Karad\u017ei\u0107&#8221; Omarska.<\/p>\n<p><a href=\"https:\/\/www.prijedordanas.com\/wp-content\/uploads\/2018\/10\/kamen-temeljac-dvorana-omarska-2.jpg\"><img loading=\"lazy\" decoding=\"async\" class=\"alignleft size-medium wp-image-113952\" src=\"https:\/\/www.prijedordanas.com\/wp-content\/uploads\/2018\/10\/kamen-temeljac-dvorana-omarska-2-300x199.jpg\" alt=\"\" width=\"300\" height=\"199\" srcset=\"https:\/\/www.prijedordanas.com\/wp-content\/uploads\/2018\/10\/kamen-temeljac-dvorana-omarska-2-300x199.jpg 300w, https:\/\/www.prijedordanas.com\/wp-content\/uploads\/2018\/10\/kamen-temeljac-dvorana-omarska-2-100x66.jpg 100w, https:\/\/www.prijedordanas.com\/wp-content\/uploads\/2018\/10\/kamen-temeljac-dvorana-omarska-2-480x320.jpg 480w, https:\/\/www.prijedordanas.com\/wp-content\/uploads\/2018\/10\/kamen-temeljac-dvorana-omarska-2.jpg 600w\" sizes=\"(max-width: 300px) 100vw, 300px\" \/><\/a>Gradona\u010delnik Prijedora Milenko \u0110akovi\u0107 poru\u010dio je svim budu\u0107im korisnicima sportske dvorane da se kvalitetno bave sportom i da odr\u017eavaju razne dru\u0161tvene manifestacije.<\/p>\n<p>Izgradnja se finansira sredstvima Srpske i Srbije. Po\u010detni kapital za izgradnju, od 490 hiljada maraka, obezbije\u0111en je iz projekta Srbija 2.<\/p>\n<p>&#8211; Povodom Dana u\u010ditelja \u017eelim svima sre\u0107an taj dan, ali sre\u0107an na taj na\u010din da po\u010dinje izgradnja fiskulturne dvorane i sigurno da \u0107e imati daleko bolje uslove nego do sada &#8211; poru\u010dio je Dane Male\u0161evi\u0107, ministar prosvjete i kulture Republike Srpske.<\/p>\n<p><a href=\"https:\/\/www.prijedordanas.com\/wp-content\/uploads\/2018\/10\/kamen-temeljac-dvorana-omarska-3.jpg\"><img loading=\"lazy\" decoding=\"async\" src=\"https:\/\/www.prijedordanas.com\/wp-content\/uploads\/2018\/10\/kamen-temeljac-dvorana-omarska-3-300x199.jpg\" alt=\"\" width=\"300\" height=\"199\" class=\"alignleft size-medium wp-image-113953\" srcset=\"https:\/\/www.prijedordanas.com\/wp-content\/uploads\/2018\/10\/kamen-temeljac-dvorana-omarska-3-300x199.jpg 300w, https:\/\/www.prijedordanas.com\/wp-content\/uploads\/2018\/10\/kamen-temeljac-dvorana-omarska-3-100x66.jpg 100w, https:\/\/www.prijedordanas.com\/wp-content\/uploads\/2018\/10\/kamen-temeljac-dvorana-omarska-3-480x320.jpg 480w, https:\/\/www.prijedordanas.com\/wp-content\/uploads\/2018\/10\/kamen-temeljac-dvorana-omarska-3.jpg 600w\" sizes=\"(max-width: 300px) 100vw, 300px\" \/><\/a>U proteklih godinu, infrastrukturne projekte u Prijedoru, Vlada Srpske finansirala je sa 8,1 milion.<\/p>\n<p>&#8211; Danas sam zaista sre\u0107na i zadovoljna \u0161to je prva faza ovog projekta, koji ko\u0161ta oko 1.8 miliona maraka danas zavr\u0161ena, a nadam se da \u0107e uz pomo\u0107 Vlade Republike Srpske objekat biti i zavr\u0161en &#8211; napomenula je Srebrenka Goli\u0107, potpredsjednica Vlade Republike Srpske.<\/p>\n<p>U posljednjih \u010detiri godine, Vlada je u obnovu \u0161kolskih i objekata za boravak studenata, ulo\u017eila 92 miliona maraka.<\/p>\n<p>RTRS<\/p>\n<div style=\"width: 640px;\" class=\"wp-video\"><!--[if lt IE 9]><script>document.createElement('video');<\/script><![endif]-->\n<video class=\"wp-video-shortcode\" id=\"video-113950-1\" width=\"640\" height=\"360\" preload=\"metadata\" controls=\"controls\"><source type=\"video\/mp4\" src=\"http:\/\/arh3.rtrs.tv\/arhiva\/2018\/10\/05\/tvclip031185.mp4?_=1\" \/><a href=\"http:\/\/arh3.rtrs.tv\/arhiva\/2018\/10\/05\/tvclip031185.mp4\">http:\/\/arh3.rtrs.tv\/arhiva\/2018\/10\/05\/tvclip031185.mp4<\/a><\/video><\/div>\n<p><a href=\"https:\/\/www.prijedordanas.com\/wp-content\/uploads\/2018\/10\/kamen-temeljac-dvorana-omarska-4.jpg\"><img loading=\"lazy\" decoding=\"async\" src=\"https:\/\/www.prijedordanas.com\/wp-content\/uploads\/2018\/10\/kamen-temeljac-dvorana-omarska-4-300x199.jpg\" alt=\"\" width=\"300\" height=\"199\" class=\"alignleft size-medium wp-image-113954\" srcset=\"https:\/\/www.prijedordanas.com\/wp-content\/uploads\/2018\/10\/kamen-temeljac-dvorana-omarska-4-300x199.jpg 300w, https:\/\/www.prijedordanas.com\/wp-content\/uploads\/2018\/10\/kamen-temeljac-dvorana-omarska-4-100x66.jpg 100w, https:\/\/www.prijedordanas.com\/wp-content\/uploads\/2018\/10\/kamen-temeljac-dvorana-omarska-4-480x320.jpg 480w, https:\/\/www.prijedordanas.com\/wp-content\/uploads\/2018\/10\/kamen-temeljac-dvorana-omarska-4.jpg 600w\" sizes=\"(max-width: 300px) 100vw, 300px\" \/><\/a> <a href=\"https:\/\/www.prijedordanas.com\/wp-content\/uploads\/2018\/10\/kamen-temeljac-dvorana-omarska-5.jpg\"><img loading=\"lazy\" decoding=\"async\" src=\"https:\/\/www.prijedordanas.com\/wp-content\/uploads\/2018\/10\/kamen-temeljac-dvorana-omarska-5-300x199.jpg\" alt=\"\" width=\"300\" height=\"199\" class=\"alignleft size-medium wp-image-113955\" srcset=\"https:\/\/www.prijedordanas.com\/wp-content\/uploads\/2018\/10\/kamen-temeljac-dvorana-omarska-5-300x199.jpg 300w, https:\/\/www.prijedordanas.com\/wp-content\/uploads\/2018\/10\/kamen-temeljac-dvorana-omarska-5-100x66.jpg 100w, https:\/\/www.prijedordanas.com\/wp-content\/uploads\/2018\/10\/kamen-temeljac-dvorana-omarska-5-480x320.jpg 480w, https:\/\/www.prijedordanas.com\/wp-content\/uploads\/2018\/10\/kamen-temeljac-dvorana-omarska-5.jpg 600w\" sizes=\"(max-width: 300px) 100vw, 300px\" \/><\/a> <a href=\"https:\/\/www.prijedordanas.com\/wp-content\/uploads\/2018\/10\/kamen-temeljac-dvorana-omarska-6.jpg\"><img loading=\"lazy\" decoding=\"async\" src=\"https:\/\/www.prijedordanas.com\/wp-content\/uploads\/2018\/10\/kamen-temeljac-dvorana-omarska-6-300x199.jpg\" alt=\"\" width=\"300\" height=\"199\" class=\"alignleft size-medium wp-image-113956\" srcset=\"https:\/\/www.prijedordanas.com\/wp-content\/uploads\/2018\/10\/kamen-temeljac-dvorana-omarska-6-300x199.jpg 300w, https:\/\/www.prijedordanas.com\/wp-content\/uploads\/2018\/10\/kamen-temeljac-dvorana-omarska-6-100x66.jpg 100w, https:\/\/www.prijedordanas.com\/wp-content\/uploads\/2018\/10\/kamen-temeljac-dvorana-omarska-6-480x320.jpg 480w, https:\/\/www.prijedordanas.com\/wp-content\/uploads\/2018\/10\/kamen-temeljac-dvorana-omarska-6.jpg 600w\" sizes=\"(max-width: 300px) 100vw, 300px\" \/><\/a> <a href=\"https:\/\/www.prijedordanas.com\/wp-content\/uploads\/2018\/10\/kamen-temeljac-dvorana-omarska-7.jpg\"><img loading=\"lazy\" decoding=\"async\" src=\"https:\/\/www.prijedordanas.com\/wp-content\/uploads\/2018\/10\/kamen-temeljac-dvorana-omarska-7-300x199.jpg\" alt=\"\" width=\"300\" height=\"199\" class=\"alignleft size-medium wp-image-113957\" srcset=\"https:\/\/www.prijedordanas.com\/wp-content\/uploads\/2018\/10\/kamen-temeljac-dvorana-omarska-7-300x199.jpg 300w, https:\/\/www.prijedordanas.com\/wp-content\/uploads\/2018\/10\/kamen-temeljac-dvorana-omarska-7-100x66.jpg 100w, https:\/\/www.prijedordanas.com\/wp-content\/uploads\/2018\/10\/kamen-temeljac-dvorana-omarska-7-480x320.jpg 480w, https:\/\/www.prijedordanas.com\/wp-content\/uploads\/2018\/10\/kamen-temeljac-dvorana-omarska-7.jpg 600w\" sizes=\"(max-width: 300px) 100vw, 300px\" \/><\/a> <a href=\"https:\/\/www.prijedordanas.com\/wp-content\/uploads\/2018\/10\/kamen-temeljac-dvorana-omarska-8.jpg\"><img loading=\"lazy\" decoding=\"async\" src=\"https:\/\/www.prijedordanas.com\/wp-content\/uploads\/2018\/10\/kamen-temeljac-dvorana-omarska-8-300x199.jpg\" alt=\"\" width=\"300\" height=\"199\" class=\"alignleft size-medium wp-image-113958\" srcset=\"https:\/\/www.prijedordanas.com\/wp-content\/uploads\/2018\/10\/kamen-temeljac-dvorana-omarska-8-300x199.jpg 300w, https:\/\/www.prijedordanas.com\/wp-content\/uploads\/2018\/10\/kamen-temeljac-dvorana-omarska-8-100x66.jpg 100w, https:\/\/www.prijedordanas.com\/wp-content\/uploads\/2018\/10\/kamen-temeljac-dvorana-omarska-8-480x320.jpg 480w, https:\/\/www.prijedordanas.com\/wp-content\/uploads\/2018\/10\/kamen-temeljac-dvorana-omarska-8.jpg 600w\" sizes=\"(max-width: 300px) 100vw, 300px\" \/><\/a> <a href=\"https:\/\/www.prijedordanas.com\/wp-content\/uploads\/2018\/10\/kamen-temeljac-dvorana-omarska-9.jpg\"><img loading=\"lazy\" decoding=\"async\" src=\"https:\/\/www.prijedordanas.com\/wp-content\/uploads\/2018\/10\/kamen-temeljac-dvorana-omarska-9-300x199.jpg\" alt=\"\" width=\"300\" height=\"199\" class=\"alignleft size-medium wp-image-113959\" srcset=\"https:\/\/www.prijedordanas.com\/wp-content\/uploads\/2018\/10\/kamen-temeljac-dvorana-omarska-9-300x199.jpg 300w, https:\/\/www.prijedordanas.com\/wp-content\/uploads\/2018\/10\/kamen-temeljac-dvorana-omarska-9-100x66.jpg 100w, https:\/\/www.prijedordanas.com\/wp-content\/uploads\/2018\/10\/kamen-temeljac-dvorana-omarska-9-480x320.jpg 480w, https:\/\/www.prijedordanas.com\/wp-content\/uploads\/2018\/10\/kamen-temeljac-dvorana-omarska-9.jpg 600w\" sizes=\"(max-width: 300px) 100vw, 300px\" \/><\/a> <a href=\"https:\/\/www.prijedordanas.com\/wp-content\/uploads\/2018\/10\/kamen-temeljac-dvorana-omarska-10.jpg\"><img loading=\"lazy\" decoding=\"async\" src=\"https:\/\/www.prijedordanas.com\/wp-content\/uploads\/2018\/10\/kamen-temeljac-dvorana-omarska-10-300x199.jpg\" alt=\"\" width=\"300\" height=\"199\" class=\"alignleft size-medium wp-image-113960\" srcset=\"https:\/\/www.prijedordanas.com\/wp-content\/uploads\/2018\/10\/kamen-temeljac-dvorana-omarska-10-300x199.jpg 300w, https:\/\/www.prijedordanas.com\/wp-content\/uploads\/2018\/10\/kamen-temeljac-dvorana-omarska-10-100x66.jpg 100w, https:\/\/www.prijedordanas.com\/wp-content\/uploads\/2018\/10\/kamen-temeljac-dvorana-omarska-10-480x320.jpg 480w, https:\/\/www.prijedordanas.com\/wp-content\/uploads\/2018\/10\/kamen-temeljac-dvorana-omarska-10.jpg 600w\" sizes=\"(max-width: 300px) 100vw, 300px\" \/><\/a><\/p>\n","protected":false},"excerpt":{"rendered":"<p>U Omarskoj kod Prijedora polo\u017een je kamen temeljac za izgradnju Sportske dvorane, u neposrednoj blizini Osnovne \u0161kole &#8220;Vuk Karad\u017ei\u0107&#8221;. Projekat se finansira zajedni\u010dkim sredstvima Republike Srpske i Srbije. U\u010denici Osnovne [&hellip;]<\/p>\n","protected":false},"author":1,"featured_media":0,"comment_status":"closed","ping_status":"open","sticky":false,"template":"","format":"standard","meta":{"_monsterinsights_skip_tracking":false,"_monsterinsights_sitenote_active":false,"_monsterinsights_sitenote_note":"","_monsterinsights_sitenote_category":0,"footnotes":""},"categories":[4],"tags":[],"yoast_head":"<!-- This site is optimized with the Yoast SEO plugin v21.6 - https:\/\/yoast.com\/wordpress\/plugins\/seo\/ -->\n<title>U OMARSKOJ POLO\u017dEN KAMEN TEMELJAC ZA IZGRADNJU SPORTSKE DVORANE \u2013 FOTO\/VIDEO - PrijedorDanas.com - Prijedorski gradski portal<\/title>\n<meta name=\"robots\" content=\"index, follow, max-snippet:-1, max-image-preview:large, max-video-preview:-1\" \/>\n<link rel=\"canonical\" href=\"https:\/\/www.prijedordanas.com\/?p=113950\" \/>\n<meta property=\"og:locale\" content=\"en_US\" \/>\n<meta property=\"og:type\" content=\"article\" \/>\n<meta property=\"og:title\" content=\"U OMARSKOJ POLO\u017dEN KAMEN TEMELJAC ZA IZGRADNJU SPORTSKE DVORANE \u2013 FOTO\/VIDEO - PrijedorDanas.com - Prijedorski gradski portal\" \/>\n<meta property=\"og:description\" content=\"U Omarskoj kod Prijedora polo\u017een je kamen temeljac za izgradnju Sportske dvorane, u neposrednoj blizini Osnovne \u0161kole &#8220;Vuk Karad\u017ei\u0107&#8221;. Projekat se finansira zajedni\u010dkim sredstvima Republike Srpske i Srbije. U\u010denici Osnovne [&hellip;]\" \/>\n<meta property=\"og:url\" content=\"https:\/\/www.prijedordanas.com\/?p=113950\" \/>\n<meta property=\"og:site_name\" content=\"PrijedorDanas.com - Prijedorski gradski portal\" \/>\n<meta property=\"article:publisher\" content=\"https:\/\/www.facebook.com\/PrijedorDanasCom\/\" \/>\n<meta property=\"article:published_time\" content=\"2018-10-06T06:37:09+00:00\" \/>\n<meta property=\"og:image\" content=\"https:\/\/www.prijedordanas.com\/wp-content\/uploads\/2018\/10\/kamen-temeljac-dvorana-omarska-1-300x222.jpg\" \/>\n<meta name=\"author\" content=\"admin\" \/>\n<meta name=\"twitter:card\" content=\"summary_large_image\" \/>\n<meta name=\"twitter:label1\" content=\"Written by\" \/>\n\t<meta name=\"twitter:data1\" content=\"admin\" \/>\n\t<meta name=\"twitter:label2\" content=\"Est. reading time\" \/>\n\t<meta name=\"twitter:data2\" content=\"1 minute\" \/>\n<script type=\"application\/ld+json\" class=\"yoast-schema-graph\">{\"@context\":\"https:\/\/schema.org\",\"@graph\":[{\"@type\":\"Article\",\"@id\":\"https:\/\/www.prijedordanas.com\/?p=113950#article\",\"isPartOf\":{\"@id\":\"https:\/\/www.prijedordanas.com\/?p=113950\"},\"author\":{\"name\":\"admin\",\"@id\":\"https:\/\/www.prijedordanas.com\/#\/schema\/person\/4e08ccf29b506ca916ff86d46bb700e6\"},\"headline\":\"U OMARSKOJ POLO\u017dEN KAMEN TEMELJAC ZA IZGRADNJU SPORTSKE DVORANE \u2013 FOTO\/VIDEO\",\"datePublished\":\"2018-10-06T06:37:09+00:00\",\"dateModified\":\"2018-10-06T06:37:09+00:00\",\"mainEntityOfPage\":{\"@id\":\"https:\/\/www.prijedordanas.com\/?p=113950\"},\"wordCount\":285,\"publisher\":{\"@id\":\"https:\/\/www.prijedordanas.com\/#organization\"},\"articleSection\":[\"Dru\u0161tvo\"],\"inLanguage\":\"en-US\"},{\"@type\":\"WebPage\",\"@id\":\"https:\/\/www.prijedordanas.com\/?p=113950\",\"url\":\"https:\/\/www.prijedordanas.com\/?p=113950\",\"name\":\"U OMARSKOJ POLO\u017dEN KAMEN TEMELJAC ZA IZGRADNJU SPORTSKE DVORANE \u2013 FOTO\/VIDEO - PrijedorDanas.com - Prijedorski gradski portal\",\"isPartOf\":{\"@id\":\"https:\/\/www.prijedordanas.com\/#website\"},\"datePublished\":\"2018-10-06T06:37:09+00:00\",\"dateModified\":\"2018-10-06T06:37:09+00:00\",\"breadcrumb\":{\"@id\":\"https:\/\/www.prijedordanas.com\/?p=113950#breadcrumb\"},\"inLanguage\":\"en-US\",\"potentialAction\":[{\"@type\":\"ReadAction\",\"target\":[\"https:\/\/www.prijedordanas.com\/?p=113950\"]}]},{\"@type\":\"BreadcrumbList\",\"@id\":\"https:\/\/www.prijedordanas.com\/?p=113950#breadcrumb\",\"itemListElement\":[{\"@type\":\"ListItem\",\"position\":1,\"name\":\"Home\",\"item\":\"https:\/\/www.prijedordanas.com\/\"},{\"@type\":\"ListItem\",\"position\":2,\"name\":\"U OMARSKOJ POLO\u017dEN KAMEN TEMELJAC ZA IZGRADNJU SPORTSKE DVORANE \u2013 FOTO\/VIDEO\"}]},{\"@type\":\"WebSite\",\"@id\":\"https:\/\/www.prijedordanas.com\/#website\",\"url\":\"https:\/\/www.prijedordanas.com\/\",\"name\":\"PrijedorDanas.com - Prijedorski gradski portal\",\"description\":\"Portal o doga\u0111anjima u gradu Prijedoru\",\"publisher\":{\"@id\":\"https:\/\/www.prijedordanas.com\/#organization\"},\"potentialAction\":[{\"@type\":\"SearchAction\",\"target\":{\"@type\":\"EntryPoint\",\"urlTemplate\":\"https:\/\/www.prijedordanas.com\/?s={search_term_string}\"},\"query-input\":\"required name=search_term_string\"}],\"inLanguage\":\"en-US\"},{\"@type\":\"Organization\",\"@id\":\"https:\/\/www.prijedordanas.com\/#organization\",\"name\":\"PrijedorDanas.com\",\"url\":\"https:\/\/www.prijedordanas.com\/\",\"logo\":{\"@type\":\"ImageObject\",\"inLanguage\":\"en-US\",\"@id\":\"https:\/\/www.prijedordanas.com\/#\/schema\/logo\/image\/\",\"url\":\"http:\/\/www.prijedordanas.com\/wp-content\/uploads\/2021\/12\/logopng.png\",\"contentUrl\":\"http:\/\/www.prijedordanas.com\/wp-content\/uploads\/2021\/12\/logopng.png\",\"width\":1019,\"height\":776,\"caption\":\"PrijedorDanas.com\"},\"image\":{\"@id\":\"https:\/\/www.prijedordanas.com\/#\/schema\/logo\/image\/\"},\"sameAs\":[\"https:\/\/www.facebook.com\/PrijedorDanasCom\/\"]},{\"@type\":\"Person\",\"@id\":\"https:\/\/www.prijedordanas.com\/#\/schema\/person\/4e08ccf29b506ca916ff86d46bb700e6\",\"name\":\"admin\",\"image\":{\"@type\":\"ImageObject\",\"inLanguage\":\"en-US\",\"@id\":\"https:\/\/www.prijedordanas.com\/#\/schema\/person\/image\/\",\"url\":\"https:\/\/secure.gravatar.com\/avatar\/1d3fc949d550f0b53a5f0d51e06dfd79?s=96&d=mm&r=g\",\"contentUrl\":\"https:\/\/secure.gravatar.com\/avatar\/1d3fc949d550f0b53a5f0d51e06dfd79?s=96&d=mm&r=g\",\"caption\":\"admin\"},\"url\":\"https:\/\/www.prijedordanas.com\/?author=1\"}]}<\/script>\n<!-- \/ Yoast SEO plugin. -->","yoast_head_json":{"title":"U OMARSKOJ POLO\u017dEN KAMEN TEMELJAC ZA IZGRADNJU SPORTSKE DVORANE \u2013 FOTO\/VIDEO - PrijedorDanas.com - Prijedorski gradski portal","robots":{"index":"index","follow":"follow","max-snippet":"max-snippet:-1","max-image-preview":"max-image-preview:large","max-video-preview":"max-video-preview:-1"},"canonical":"https:\/\/www.prijedordanas.com\/?p=113950","og_locale":"en_US","og_type":"article","og_title":"U OMARSKOJ POLO\u017dEN KAMEN TEMELJAC ZA IZGRADNJU SPORTSKE DVORANE \u2013 FOTO\/VIDEO - PrijedorDanas.com - Prijedorski gradski portal","og_description":"U Omarskoj kod Prijedora polo\u017een je kamen temeljac za izgradnju Sportske dvorane, u neposrednoj blizini Osnovne \u0161kole &#8220;Vuk Karad\u017ei\u0107&#8221;. Projekat se finansira zajedni\u010dkim sredstvima Republike Srpske i Srbije. U\u010denici Osnovne [&hellip;]","og_url":"https:\/\/www.prijedordanas.com\/?p=113950","og_site_name":"PrijedorDanas.com - Prijedorski gradski portal","article_publisher":"https:\/\/www.facebook.com\/PrijedorDanasCom\/","article_published_time":"2018-10-06T06:37:09+00:00","og_image":[{"url":"https:\/\/www.prijedordanas.com\/wp-content\/uploads\/2018\/10\/kamen-temeljac-dvorana-omarska-1-300x222.jpg"}],"author":"admin","twitter_card":"summary_large_image","twitter_misc":{"Written by":"admin","Est. reading time":"1 minute"},"schema":{"@context":"https:\/\/schema.org","@graph":[{"@type":"Article","@id":"https:\/\/www.prijedordanas.com\/?p=113950#article","isPartOf":{"@id":"https:\/\/www.prijedordanas.com\/?p=113950"},"author":{"name":"admin","@id":"https:\/\/www.prijedordanas.com\/#\/schema\/person\/4e08ccf29b506ca916ff86d46bb700e6"},"headline":"U OMARSKOJ POLO\u017dEN KAMEN TEMELJAC ZA IZGRADNJU SPORTSKE DVORANE \u2013 FOTO\/VIDEO","datePublished":"2018-10-06T06:37:09+00:00","dateModified":"2018-10-06T06:37:09+00:00","mainEntityOfPage":{"@id":"https:\/\/www.prijedordanas.com\/?p=113950"},"wordCount":285,"publisher":{"@id":"https:\/\/www.prijedordanas.com\/#organization"},"articleSection":["Dru\u0161tvo"],"inLanguage":"en-US"},{"@type":"WebPage","@id":"https:\/\/www.prijedordanas.com\/?p=113950","url":"https:\/\/www.prijedordanas.com\/?p=113950","name":"U OMARSKOJ POLO\u017dEN KAMEN TEMELJAC ZA IZGRADNJU SPORTSKE DVORANE \u2013 FOTO\/VIDEO - PrijedorDanas.com - Prijedorski gradski portal","isPartOf":{"@id":"https:\/\/www.prijedordanas.com\/#website"},"datePublished":"2018-10-06T06:37:09+00:00","dateModified":"2018-10-06T06:37:09+00:00","breadcrumb":{"@id":"https:\/\/www.prijedordanas.com\/?p=113950#breadcrumb"},"inLanguage":"en-US","potentialAction":[{"@type":"ReadAction","target":["https:\/\/www.prijedordanas.com\/?p=113950"]}]},{"@type":"BreadcrumbList","@id":"https:\/\/www.prijedordanas.com\/?p=113950#breadcrumb","itemListElement":[{"@type":"ListItem","position":1,"name":"Home","item":"https:\/\/www.prijedordanas.com\/"},{"@type":"ListItem","position":2,"name":"U OMARSKOJ POLO\u017dEN KAMEN TEMELJAC ZA IZGRADNJU SPORTSKE DVORANE \u2013 FOTO\/VIDEO"}]},{"@type":"WebSite","@id":"https:\/\/www.prijedordanas.com\/#website","url":"https:\/\/www.prijedordanas.com\/","name":"PrijedorDanas.com - Prijedorski gradski portal","description":"Portal o doga\u0111anjima u gradu Prijedoru","publisher":{"@id":"https:\/\/www.prijedordanas.com\/#organization"},"potentialAction":[{"@type":"SearchAction","target":{"@type":"EntryPoint","urlTemplate":"https:\/\/www.prijedordanas.com\/?s={search_term_string}"},"query-input":"required name=search_term_string"}],"inLanguage":"en-US"},{"@type":"Organization","@id":"https:\/\/www.prijedordanas.com\/#organization","name":"PrijedorDanas.com","url":"https:\/\/www.prijedordanas.com\/","logo":{"@type":"ImageObject","inLanguage":"en-US","@id":"https:\/\/www.prijedordanas.com\/#\/schema\/logo\/image\/","url":"http:\/\/www.prijedordanas.com\/wp-content\/uploads\/2021\/12\/logopng.png","contentUrl":"http:\/\/www.prijedordanas.com\/wp-content\/uploads\/2021\/12\/logopng.png","width":1019,"height":776,"caption":"PrijedorDanas.com"},"image":{"@id":"https:\/\/www.prijedordanas.com\/#\/schema\/logo\/image\/"},"sameAs":["https:\/\/www.facebook.com\/PrijedorDanasCom\/"]},{"@type":"Person","@id":"https:\/\/www.prijedordanas.com\/#\/schema\/person\/4e08ccf29b506ca916ff86d46bb700e6","name":"admin","image":{"@type":"ImageObject","inLanguage":"en-US","@id":"https:\/\/www.prijedordanas.com\/#\/schema\/person\/image\/","url":"https:\/\/secure.gravatar.com\/avatar\/1d3fc949d550f0b53a5f0d51e06dfd79?s=96&d=mm&r=g","contentUrl":"https:\/\/secure.gravatar.com\/avatar\/1d3fc949d550f0b53a5f0d51e06dfd79?s=96&d=mm&r=g","caption":"admin"},"url":"https:\/\/www.prijedordanas.com\/?author=1"}]}},"_links":{"self":[{"href":"https:\/\/www.prijedordanas.com\/index.php?rest_route=\/wp\/v2\/posts\/113950"}],"collection":[{"href":"https:\/\/www.prijedordanas.com\/index.php?rest_route=\/wp\/v2\/posts"}],"about":[{"href":"https:\/\/www.prijedordanas.com\/index.php?rest_route=\/wp\/v2\/types\/post"}],"author":[{"embeddable":true,"href":"https:\/\/www.prijedordanas.com\/index.php?rest_route=\/wp\/v2\/users\/1"}],"replies":[{"embeddable":true,"href":"https:\/\/www.prijedordanas.com\/index.php?rest_route=%2Fwp%2Fv2%2Fcomments&post=113950"}],"version-history":[{"count":1,"href":"https:\/\/www.prijedordanas.com\/index.php?rest_route=\/wp\/v2\/posts\/113950\/revisions"}],"predecessor-version":[{"id":113961,"href":"https:\/\/www.prijedordanas.com\/index.php?rest_route=\/wp\/v2\/posts\/113950\/revisions\/113961"}],"wp:attachment":[{"href":"https:\/\/www.prijedordanas.com\/index.php?rest_route=%2Fwp%2Fv2%2Fmedia&parent=113950"}],"wp:term":[{"taxonomy":"category","embeddable":true,"href":"https:\/\/www.prijedordanas.com\/index.php?rest_route=%2Fwp%2Fv2%2Fcategories&post=113950"},{"taxonomy":"post_tag","embeddable":true,"href":"https:\/\/www.prijedordanas.com\/index.php?rest_route=%2Fwp%2Fv2%2Ftags&post=113950"}],"curies":[{"name":"wp","href":"https:\/\/api.w.org\/{rel}","templated":true}]}}