{"id":113434,"date":"2018-09-28T14:14:17","date_gmt":"2018-09-28T12:14:17","guid":{"rendered":"https:\/\/www.prijedordanas.com\/?p=113434"},"modified":"2018-09-28T14:14:17","modified_gmt":"2018-09-28T12:14:17","slug":"mijatovic-optuzuje-hamzica-za-prijetnje-ovaj-tvrdi-da-mu-je-profil-hakovan","status":"publish","type":"post","link":"https:\/\/www.prijedordanas.com\/?p=113434","title":{"rendered":"MIJATOVI\u0106 OPTU\u017dUJE HAMZI\u0106A ZA PRIJETNJE, OVAJ TVRDI DA MU JE PROFIL HAKOVAN"},"content":{"rendered":"<p><a href=\"https:\/\/www.prijedordanas.com\/wp-content\/uploads\/2018\/09\/blic-mijatovic-hamzic-prijetnje-1.jpg\"><img loading=\"lazy\" decoding=\"async\" class=\"alignleft size-medium wp-image-113435\" src=\"https:\/\/www.prijedordanas.com\/wp-content\/uploads\/2018\/09\/blic-mijatovic-hamzic-prijetnje-1-300x219.jpg\" alt=\"\" width=\"300\" height=\"219\" srcset=\"https:\/\/www.prijedordanas.com\/wp-content\/uploads\/2018\/09\/blic-mijatovic-hamzic-prijetnje-1-300x219.jpg 300w, https:\/\/www.prijedordanas.com\/wp-content\/uploads\/2018\/09\/blic-mijatovic-hamzic-prijetnje-1-100x73.jpg 100w, https:\/\/www.prijedordanas.com\/wp-content\/uploads\/2018\/09\/blic-mijatovic-hamzic-prijetnje-1.jpg 685w\" sizes=\"(max-width: 300px) 100vw, 300px\" \/><\/a>Sa Fejsbuk profila \u010clana koalicije \u201eZajedno za BiH\u201c Elvedina Hamzi\u0107a upu\u0107ene su prijetnje i veoma brutalne uvrede na ra\u010dun Vojina Mijatovi\u0107a \u010dlana SDP-a, saznaje Srpskainfo.<\/p>\n<p>Mijatovi\u0107 i njegov advokat najavljuju tu\u017ebe policiji i prijavu Centralnoj izbornoj komisiji BiH protiv Hamzi\u0107a, dok on tvrdi da mu je neko hakovao profil i da on ne stoji iza tih poruka.<\/p>\n<p>Vojin Mijatovi\u0107 u razgovoru za Srpskainfo ka\u017ee da je dobio prijetnje od Hamzi\u0107a i da su on i njegov advokat Dario Sandi\u0107 odlu\u010dili da sve to prijave.<\/p>\n<p>\u2013 Kada sam ga upozorio da \u0107u sve prijaviti nadle\u017enim organima, po\u010deli su da bri\u0161u poruke. Me\u0111utim, ja sam snimio sve te poruke i dostavi\u0107u ih nadle\u017enim organima kao dokaz \u2013 prokomentarisao je Mijatovi\u0107.<\/p>\n<p>Njegov advokat Sandi\u0107 je rekao da \u0107e ovih dana podnijeti krivi\u010dnu prijavu Okru\u017enom javnom tu\u017eila\u0161tvu u Prijedoru i CIK-u.<\/p>\n<p><a href=\"https:\/\/www.prijedordanas.com\/wp-content\/uploads\/2018\/09\/blic-mijatovic-hamzic-prijetnje-3.jpg\"><img loading=\"lazy\" decoding=\"async\" class=\"alignleft size-medium wp-image-113436\" src=\"https:\/\/www.prijedordanas.com\/wp-content\/uploads\/2018\/09\/blic-mijatovic-hamzic-prijetnje-3-300x217.jpg\" alt=\"\" width=\"300\" height=\"217\" srcset=\"https:\/\/www.prijedordanas.com\/wp-content\/uploads\/2018\/09\/blic-mijatovic-hamzic-prijetnje-3-300x217.jpg 300w, https:\/\/www.prijedordanas.com\/wp-content\/uploads\/2018\/09\/blic-mijatovic-hamzic-prijetnje-3-100x72.jpg 100w, https:\/\/www.prijedordanas.com\/wp-content\/uploads\/2018\/09\/blic-mijatovic-hamzic-prijetnje-3.jpg 690w\" sizes=\"(max-width: 300px) 100vw, 300px\" \/><\/a>U porukama u koje smo imali uvid nalaze se brojne uvrede i pozivi na obra\u010dun. Tako u jednoj od poruka sa profila od Hamzi\u0107a izme\u0111u ostalog pi\u0161e \u201eNije \u201892, nas dvojica sami pokoljene ti je\u2026m, ti i tvoji 9 \u010dlanova mi pobili, 47 dana logora, i ti \u010d\u2026ko kopile da samnom pri\u010da\u0161\u201c.<\/p>\n<p>U drugoj poruci se navodi \u201eJ\u2026. ti svo \u0161to pi\u0161a sjede\u0107i. Sutra sam u Banjaluci, ili bolje tebi u stanu, ku\u0107i\u2026\u201c.<\/p>\n<p>Kako saznajemo, ovaj obra\u010dun je rezultat izbornog mitinga koji je koalicija Zajedno za BiH odr\u017eala nedavno u Prijedoru. Na\u0161i sagovornici isti\u010du da je tada Hamzi\u0107 povezivao Mijatovi\u0107a sa predsjednikom RS Miloradom Dodikom.<\/p>\n<p>Elvedin Hamzi\u0107 je za Srpskainfo rekao da on ne stoji iza ovih poruka i da ne zna o \u010demu Mijatovi\u0107 govori.<\/p>\n<p><a href=\"https:\/\/www.prijedordanas.com\/wp-content\/uploads\/2018\/09\/blic-mijatovic-hamzic-prijetnje-2.jpg\"><img loading=\"lazy\" decoding=\"async\" class=\"alignleft size-medium wp-image-113437\" src=\"https:\/\/www.prijedordanas.com\/wp-content\/uploads\/2018\/09\/blic-mijatovic-hamzic-prijetnje-2-300x228.jpg\" alt=\"\" width=\"300\" height=\"228\" srcset=\"https:\/\/www.prijedordanas.com\/wp-content\/uploads\/2018\/09\/blic-mijatovic-hamzic-prijetnje-2-300x228.jpg 300w, https:\/\/www.prijedordanas.com\/wp-content\/uploads\/2018\/09\/blic-mijatovic-hamzic-prijetnje-2-100x76.jpg 100w, https:\/\/www.prijedordanas.com\/wp-content\/uploads\/2018\/09\/blic-mijatovic-hamzic-prijetnje-2.jpg 658w\" sizes=\"(max-width: 300px) 100vw, 300px\" \/><\/a>\u2013 Ja sam porodi\u010dni \u010dovjek sa dvoje djece. Svoj profil na \u201eFejsbuku\u201c sam ranije blokirao, ali u zadnje vrijeme, pogotovo u predizbornoj kampanji, pojavili su se neki profili. Radi se o provaljenom profilu i znam ko stoji iza toga. Neko je hakovao moju stranicu, postavlja sva\u0161ta ne\u0161to. Jednostavno, u \u017ei\u017ei je tih sva\u0111a i prepiska \u2013 istakao je Hamzi\u0107.<\/p>\n<p>On je dodao da ni na jednoj predizbornoj kampanji nije prekr\u0161io kodeks izbornog pona\u0161anja.<\/p>\n<p>\u2013 Glasa\u010dima sam rekao \u2013 imate dvije opcije, jedna je Vojin Mijatovi\u0107, a druga Edin Rami\u0107. Jedna opcija je Mijatovi\u0107, biv\u0161i Dodikov savjetnik, druga Rami\u0107, savjetnik Bakira Izetbegovi\u0107a. Ni\u0161ta tu nema sporno, nema govora mr\u017enje ako lobiram svoj bo\u0161nja\u010dki korpus da glasa za Bo\u0161njaka. Svaki glas za Proevropski blok dajete Vojinu Mijatovi\u0107u \u2013 isti\u010de Hamzi\u0107.<\/p>\n<p>Prema njegovim rije\u010dima, na ovaj na\u010din se koalicija oko Proevropskog bloka poku\u0161avaju obra\u010dunati sa njima, jer znaju, kako ka\u017ee, da \u0107e on pobijediti i biti novih poslanik u NS RS.<\/p>\n<p>Vjeruju u institucije<\/p>\n<p>Elvedin Hamzi\u0107 je rekao da je obavijestio svoju stranku i advokata o tu\u017ebama koje sprema Vojin Mijatovi\u0107.<\/p>\n<p>\u2013 Mijatovi\u0107 ima pravo da tu\u017ei, sud je mjerodavan i ja vjerujem u instituicije ovog entiteta. Na kraju, ja sam u zakonodavnoj vlasti i takve gluposti sebi ne bih dozvolio \u2013 istakao je Hamzi\u0107.<\/p>\n<p>EuroBlic-srpskainfo.com<\/p>\n","protected":false},"excerpt":{"rendered":"<p>Sa Fejsbuk profila \u010clana koalicije \u201eZajedno za BiH\u201c Elvedina Hamzi\u0107a upu\u0107ene su prijetnje i veoma brutalne uvrede na ra\u010dun Vojina Mijatovi\u0107a \u010dlana SDP-a, saznaje Srpskainfo. Mijatovi\u0107 i njegov advokat najavljuju [&hellip;]<\/p>\n","protected":false},"author":1,"featured_media":0,"comment_status":"closed","ping_status":"open","sticky":false,"template":"","format":"standard","meta":{"_monsterinsights_skip_tracking":false,"_monsterinsights_sitenote_active":false,"_monsterinsights_sitenote_note":"","_monsterinsights_sitenote_category":0,"footnotes":""},"categories":[8],"tags":[],"yoast_head":"<!-- This site is optimized with the Yoast SEO plugin v21.6 - https:\/\/yoast.com\/wordpress\/plugins\/seo\/ -->\n<title>MIJATOVI\u0106 OPTU\u017dUJE HAMZI\u0106A ZA PRIJETNJE, OVAJ TVRDI DA MU JE PROFIL HAKOVAN - PrijedorDanas.com - Prijedorski gradski portal<\/title>\n<meta name=\"robots\" content=\"index, follow, max-snippet:-1, max-image-preview:large, max-video-preview:-1\" \/>\n<link rel=\"canonical\" href=\"https:\/\/www.prijedordanas.com\/?p=113434\" \/>\n<meta property=\"og:locale\" content=\"en_US\" \/>\n<meta property=\"og:type\" content=\"article\" \/>\n<meta property=\"og:title\" content=\"MIJATOVI\u0106 OPTU\u017dUJE HAMZI\u0106A ZA PRIJETNJE, OVAJ TVRDI DA MU JE PROFIL HAKOVAN - PrijedorDanas.com - Prijedorski gradski portal\" \/>\n<meta property=\"og:description\" content=\"Sa Fejsbuk profila \u010clana koalicije \u201eZajedno za BiH\u201c Elvedina Hamzi\u0107a upu\u0107ene su prijetnje i veoma brutalne uvrede na ra\u010dun Vojina Mijatovi\u0107a \u010dlana SDP-a, saznaje Srpskainfo. Mijatovi\u0107 i njegov advokat najavljuju [&hellip;]\" \/>\n<meta property=\"og:url\" content=\"https:\/\/www.prijedordanas.com\/?p=113434\" \/>\n<meta property=\"og:site_name\" content=\"PrijedorDanas.com - Prijedorski gradski portal\" \/>\n<meta property=\"article:publisher\" content=\"https:\/\/www.facebook.com\/PrijedorDanasCom\/\" \/>\n<meta property=\"article:published_time\" content=\"2018-09-28T12:14:17+00:00\" \/>\n<meta property=\"og:image\" content=\"https:\/\/www.prijedordanas.com\/wp-content\/uploads\/2018\/09\/blic-mijatovic-hamzic-prijetnje-1-300x219.jpg\" \/>\n<meta name=\"author\" content=\"admin\" \/>\n<meta name=\"twitter:card\" content=\"summary_large_image\" \/>\n<meta name=\"twitter:label1\" content=\"Written by\" \/>\n\t<meta name=\"twitter:data1\" content=\"admin\" \/>\n\t<meta name=\"twitter:label2\" content=\"Est. reading time\" \/>\n\t<meta name=\"twitter:data2\" content=\"3 minutes\" \/>\n<script type=\"application\/ld+json\" class=\"yoast-schema-graph\">{\"@context\":\"https:\/\/schema.org\",\"@graph\":[{\"@type\":\"Article\",\"@id\":\"https:\/\/www.prijedordanas.com\/?p=113434#article\",\"isPartOf\":{\"@id\":\"https:\/\/www.prijedordanas.com\/?p=113434\"},\"author\":{\"name\":\"admin\",\"@id\":\"https:\/\/www.prijedordanas.com\/#\/schema\/person\/4e08ccf29b506ca916ff86d46bb700e6\"},\"headline\":\"MIJATOVI\u0106 OPTU\u017dUJE HAMZI\u0106A ZA PRIJETNJE, OVAJ TVRDI DA MU JE PROFIL HAKOVAN\",\"datePublished\":\"2018-09-28T12:14:17+00:00\",\"dateModified\":\"2018-09-28T12:14:17+00:00\",\"mainEntityOfPage\":{\"@id\":\"https:\/\/www.prijedordanas.com\/?p=113434\"},\"wordCount\":536,\"publisher\":{\"@id\":\"https:\/\/www.prijedordanas.com\/#organization\"},\"articleSection\":[\"Svakodnevno\"],\"inLanguage\":\"en-US\"},{\"@type\":\"WebPage\",\"@id\":\"https:\/\/www.prijedordanas.com\/?p=113434\",\"url\":\"https:\/\/www.prijedordanas.com\/?p=113434\",\"name\":\"MIJATOVI\u0106 OPTU\u017dUJE HAMZI\u0106A ZA PRIJETNJE, OVAJ TVRDI DA MU JE PROFIL HAKOVAN - PrijedorDanas.com - Prijedorski gradski portal\",\"isPartOf\":{\"@id\":\"https:\/\/www.prijedordanas.com\/#website\"},\"datePublished\":\"2018-09-28T12:14:17+00:00\",\"dateModified\":\"2018-09-28T12:14:17+00:00\",\"breadcrumb\":{\"@id\":\"https:\/\/www.prijedordanas.com\/?p=113434#breadcrumb\"},\"inLanguage\":\"en-US\",\"potentialAction\":[{\"@type\":\"ReadAction\",\"target\":[\"https:\/\/www.prijedordanas.com\/?p=113434\"]}]},{\"@type\":\"BreadcrumbList\",\"@id\":\"https:\/\/www.prijedordanas.com\/?p=113434#breadcrumb\",\"itemListElement\":[{\"@type\":\"ListItem\",\"position\":1,\"name\":\"Home\",\"item\":\"https:\/\/www.prijedordanas.com\/\"},{\"@type\":\"ListItem\",\"position\":2,\"name\":\"MIJATOVI\u0106 OPTU\u017dUJE HAMZI\u0106A ZA PRIJETNJE, OVAJ TVRDI DA MU JE PROFIL HAKOVAN\"}]},{\"@type\":\"WebSite\",\"@id\":\"https:\/\/www.prijedordanas.com\/#website\",\"url\":\"https:\/\/www.prijedordanas.com\/\",\"name\":\"PrijedorDanas.com - Prijedorski gradski portal\",\"description\":\"Portal o doga\u0111anjima u gradu Prijedoru\",\"publisher\":{\"@id\":\"https:\/\/www.prijedordanas.com\/#organization\"},\"potentialAction\":[{\"@type\":\"SearchAction\",\"target\":{\"@type\":\"EntryPoint\",\"urlTemplate\":\"https:\/\/www.prijedordanas.com\/?s={search_term_string}\"},\"query-input\":\"required name=search_term_string\"}],\"inLanguage\":\"en-US\"},{\"@type\":\"Organization\",\"@id\":\"https:\/\/www.prijedordanas.com\/#organization\",\"name\":\"PrijedorDanas.com\",\"url\":\"https:\/\/www.prijedordanas.com\/\",\"logo\":{\"@type\":\"ImageObject\",\"inLanguage\":\"en-US\",\"@id\":\"https:\/\/www.prijedordanas.com\/#\/schema\/logo\/image\/\",\"url\":\"http:\/\/www.prijedordanas.com\/wp-content\/uploads\/2021\/12\/logopng.png\",\"contentUrl\":\"http:\/\/www.prijedordanas.com\/wp-content\/uploads\/2021\/12\/logopng.png\",\"width\":1019,\"height\":776,\"caption\":\"PrijedorDanas.com\"},\"image\":{\"@id\":\"https:\/\/www.prijedordanas.com\/#\/schema\/logo\/image\/\"},\"sameAs\":[\"https:\/\/www.facebook.com\/PrijedorDanasCom\/\"]},{\"@type\":\"Person\",\"@id\":\"https:\/\/www.prijedordanas.com\/#\/schema\/person\/4e08ccf29b506ca916ff86d46bb700e6\",\"name\":\"admin\",\"image\":{\"@type\":\"ImageObject\",\"inLanguage\":\"en-US\",\"@id\":\"https:\/\/www.prijedordanas.com\/#\/schema\/person\/image\/\",\"url\":\"https:\/\/secure.gravatar.com\/avatar\/1d3fc949d550f0b53a5f0d51e06dfd79?s=96&d=mm&r=g\",\"contentUrl\":\"https:\/\/secure.gravatar.com\/avatar\/1d3fc949d550f0b53a5f0d51e06dfd79?s=96&d=mm&r=g\",\"caption\":\"admin\"},\"url\":\"https:\/\/www.prijedordanas.com\/?author=1\"}]}<\/script>\n<!-- \/ Yoast SEO plugin. -->","yoast_head_json":{"title":"MIJATOVI\u0106 OPTU\u017dUJE HAMZI\u0106A ZA PRIJETNJE, OVAJ TVRDI DA MU JE PROFIL HAKOVAN - PrijedorDanas.com - Prijedorski gradski portal","robots":{"index":"index","follow":"follow","max-snippet":"max-snippet:-1","max-image-preview":"max-image-preview:large","max-video-preview":"max-video-preview:-1"},"canonical":"https:\/\/www.prijedordanas.com\/?p=113434","og_locale":"en_US","og_type":"article","og_title":"MIJATOVI\u0106 OPTU\u017dUJE HAMZI\u0106A ZA PRIJETNJE, OVAJ TVRDI DA MU JE PROFIL HAKOVAN - PrijedorDanas.com - Prijedorski gradski portal","og_description":"Sa Fejsbuk profila \u010clana koalicije \u201eZajedno za BiH\u201c Elvedina Hamzi\u0107a upu\u0107ene su prijetnje i veoma brutalne uvrede na ra\u010dun Vojina Mijatovi\u0107a \u010dlana SDP-a, saznaje Srpskainfo. Mijatovi\u0107 i njegov advokat najavljuju [&hellip;]","og_url":"https:\/\/www.prijedordanas.com\/?p=113434","og_site_name":"PrijedorDanas.com - Prijedorski gradski portal","article_publisher":"https:\/\/www.facebook.com\/PrijedorDanasCom\/","article_published_time":"2018-09-28T12:14:17+00:00","og_image":[{"url":"https:\/\/www.prijedordanas.com\/wp-content\/uploads\/2018\/09\/blic-mijatovic-hamzic-prijetnje-1-300x219.jpg"}],"author":"admin","twitter_card":"summary_large_image","twitter_misc":{"Written by":"admin","Est. reading time":"3 minutes"},"schema":{"@context":"https:\/\/schema.org","@graph":[{"@type":"Article","@id":"https:\/\/www.prijedordanas.com\/?p=113434#article","isPartOf":{"@id":"https:\/\/www.prijedordanas.com\/?p=113434"},"author":{"name":"admin","@id":"https:\/\/www.prijedordanas.com\/#\/schema\/person\/4e08ccf29b506ca916ff86d46bb700e6"},"headline":"MIJATOVI\u0106 OPTU\u017dUJE HAMZI\u0106A ZA PRIJETNJE, OVAJ TVRDI DA MU JE PROFIL HAKOVAN","datePublished":"2018-09-28T12:14:17+00:00","dateModified":"2018-09-28T12:14:17+00:00","mainEntityOfPage":{"@id":"https:\/\/www.prijedordanas.com\/?p=113434"},"wordCount":536,"publisher":{"@id":"https:\/\/www.prijedordanas.com\/#organization"},"articleSection":["Svakodnevno"],"inLanguage":"en-US"},{"@type":"WebPage","@id":"https:\/\/www.prijedordanas.com\/?p=113434","url":"https:\/\/www.prijedordanas.com\/?p=113434","name":"MIJATOVI\u0106 OPTU\u017dUJE HAMZI\u0106A ZA PRIJETNJE, OVAJ TVRDI DA MU JE PROFIL HAKOVAN - PrijedorDanas.com - Prijedorski gradski portal","isPartOf":{"@id":"https:\/\/www.prijedordanas.com\/#website"},"datePublished":"2018-09-28T12:14:17+00:00","dateModified":"2018-09-28T12:14:17+00:00","breadcrumb":{"@id":"https:\/\/www.prijedordanas.com\/?p=113434#breadcrumb"},"inLanguage":"en-US","potentialAction":[{"@type":"ReadAction","target":["https:\/\/www.prijedordanas.com\/?p=113434"]}]},{"@type":"BreadcrumbList","@id":"https:\/\/www.prijedordanas.com\/?p=113434#breadcrumb","itemListElement":[{"@type":"ListItem","position":1,"name":"Home","item":"https:\/\/www.prijedordanas.com\/"},{"@type":"ListItem","position":2,"name":"MIJATOVI\u0106 OPTU\u017dUJE HAMZI\u0106A ZA PRIJETNJE, OVAJ TVRDI DA MU JE PROFIL HAKOVAN"}]},{"@type":"WebSite","@id":"https:\/\/www.prijedordanas.com\/#website","url":"https:\/\/www.prijedordanas.com\/","name":"PrijedorDanas.com - Prijedorski gradski portal","description":"Portal o doga\u0111anjima u gradu Prijedoru","publisher":{"@id":"https:\/\/www.prijedordanas.com\/#organization"},"potentialAction":[{"@type":"SearchAction","target":{"@type":"EntryPoint","urlTemplate":"https:\/\/www.prijedordanas.com\/?s={search_term_string}"},"query-input":"required name=search_term_string"}],"inLanguage":"en-US"},{"@type":"Organization","@id":"https:\/\/www.prijedordanas.com\/#organization","name":"PrijedorDanas.com","url":"https:\/\/www.prijedordanas.com\/","logo":{"@type":"ImageObject","inLanguage":"en-US","@id":"https:\/\/www.prijedordanas.com\/#\/schema\/logo\/image\/","url":"http:\/\/www.prijedordanas.com\/wp-content\/uploads\/2021\/12\/logopng.png","contentUrl":"http:\/\/www.prijedordanas.com\/wp-content\/uploads\/2021\/12\/logopng.png","width":1019,"height":776,"caption":"PrijedorDanas.com"},"image":{"@id":"https:\/\/www.prijedordanas.com\/#\/schema\/logo\/image\/"},"sameAs":["https:\/\/www.facebook.com\/PrijedorDanasCom\/"]},{"@type":"Person","@id":"https:\/\/www.prijedordanas.com\/#\/schema\/person\/4e08ccf29b506ca916ff86d46bb700e6","name":"admin","image":{"@type":"ImageObject","inLanguage":"en-US","@id":"https:\/\/www.prijedordanas.com\/#\/schema\/person\/image\/","url":"https:\/\/secure.gravatar.com\/avatar\/1d3fc949d550f0b53a5f0d51e06dfd79?s=96&d=mm&r=g","contentUrl":"https:\/\/secure.gravatar.com\/avatar\/1d3fc949d550f0b53a5f0d51e06dfd79?s=96&d=mm&r=g","caption":"admin"},"url":"https:\/\/www.prijedordanas.com\/?author=1"}]}},"_links":{"self":[{"href":"https:\/\/www.prijedordanas.com\/index.php?rest_route=\/wp\/v2\/posts\/113434"}],"collection":[{"href":"https:\/\/www.prijedordanas.com\/index.php?rest_route=\/wp\/v2\/posts"}],"about":[{"href":"https:\/\/www.prijedordanas.com\/index.php?rest_route=\/wp\/v2\/types\/post"}],"author":[{"embeddable":true,"href":"https:\/\/www.prijedordanas.com\/index.php?rest_route=\/wp\/v2\/users\/1"}],"replies":[{"embeddable":true,"href":"https:\/\/www.prijedordanas.com\/index.php?rest_route=%2Fwp%2Fv2%2Fcomments&post=113434"}],"version-history":[{"count":1,"href":"https:\/\/www.prijedordanas.com\/index.php?rest_route=\/wp\/v2\/posts\/113434\/revisions"}],"predecessor-version":[{"id":113438,"href":"https:\/\/www.prijedordanas.com\/index.php?rest_route=\/wp\/v2\/posts\/113434\/revisions\/113438"}],"wp:attachment":[{"href":"https:\/\/www.prijedordanas.com\/index.php?rest_route=%2Fwp%2Fv2%2Fmedia&parent=113434"}],"wp:term":[{"taxonomy":"category","embeddable":true,"href":"https:\/\/www.prijedordanas.com\/index.php?rest_route=%2Fwp%2Fv2%2Fcategories&post=113434"},{"taxonomy":"post_tag","embeddable":true,"href":"https:\/\/www.prijedordanas.com\/index.php?rest_route=%2Fwp%2Fv2%2Ftags&post=113434"}],"curies":[{"name":"wp","href":"https:\/\/api.w.org\/{rel}","templated":true}]}}