{"id":112307,"date":"2018-09-10T15:35:20","date_gmt":"2018-09-10T13:35:20","guid":{"rendered":"https:\/\/www.prijedordanas.com\/?p=112307"},"modified":"2018-09-10T15:35:20","modified_gmt":"2018-09-10T13:35:20","slug":"centralna-tribina-socijalisticke-partije-prijedor-sigurno-i-slobodno-da-srpska-zivi-i-radi-foto","status":"publish","type":"post","link":"https:\/\/www.prijedordanas.com\/?p=112307","title":{"rendered":"CENTRALNA TRIBINA SOCIJALISTI\u010cKE PARTIJE PRIJEDOR: \u201cSIGURNO I SLOBODNO, DA SRPSKA \u017dIVI I RADI\u201d &#8211; FOTO"},"content":{"rendered":"<p><a href=\"https:\/\/www.prijedordanas.com\/wp-content\/uploads\/2018\/09\/sp-prijedor-centralna-tribina-1.jpg\"><img loading=\"lazy\" decoding=\"async\" class=\"alignleft size-medium wp-image-112308\" src=\"https:\/\/www.prijedordanas.com\/wp-content\/uploads\/2018\/09\/sp-prijedor-centralna-tribina-1-300x222.jpg\" alt=\"\" width=\"300\" height=\"222\" srcset=\"https:\/\/www.prijedordanas.com\/wp-content\/uploads\/2018\/09\/sp-prijedor-centralna-tribina-1-300x222.jpg 300w, https:\/\/www.prijedordanas.com\/wp-content\/uploads\/2018\/09\/sp-prijedor-centralna-tribina-1-100x74.jpg 100w, https:\/\/www.prijedordanas.com\/wp-content\/uploads\/2018\/09\/sp-prijedor-centralna-tribina-1.jpg 675w\" sizes=\"(max-width: 300px) 100vw, 300px\" \/><\/a>Sino\u0107 je u Pozori\u0161tu Prijedor odr\u017eana centralna predizborna tribina Gradskog odbora Socijalisti\u010dke partije Prijedor kao dio kampanje za Op\u0161te izbore 2018.<\/p>\n<p>Predstavljeni su kandidati iz Izborne jedinice 1 za Narodnu skup\u0161tinu Republike Srpske Milenko Puziga\u0107a, Mom\u010dilo Travar, Dragana Vujanovi\u0107, Dragana Rajli\u0107 i Nemanja Gruban (NSRS), te Ranko Kolar i Milica Dvizac, kandidati za za Predstavni\u010dki dom Parlamentarne skup\u0161tine BiH.<\/p>\n<p>Osim njih prisutni su bili i ostali kandidati sa liste SP predvo\u0111eni nosiocima Du\u0161kom Milunovi\u0107em (NSRS) i \u017divkom Marjancem (PDPSBiH).<\/p>\n<p><a href=\"https:\/\/www.prijedordanas.com\/wp-content\/uploads\/2018\/09\/sp-prijedor-centralna-tribina-2.jpg\"><img loading=\"lazy\" decoding=\"async\" src=\"https:\/\/www.prijedordanas.com\/wp-content\/uploads\/2018\/09\/sp-prijedor-centralna-tribina-2-300x199.jpg\" alt=\"\" width=\"300\" height=\"199\" class=\"alignleft size-medium wp-image-112309\" srcset=\"https:\/\/www.prijedordanas.com\/wp-content\/uploads\/2018\/09\/sp-prijedor-centralna-tribina-2-300x199.jpg 300w, https:\/\/www.prijedordanas.com\/wp-content\/uploads\/2018\/09\/sp-prijedor-centralna-tribina-2-100x66.jpg 100w, https:\/\/www.prijedordanas.com\/wp-content\/uploads\/2018\/09\/sp-prijedor-centralna-tribina-2-480x320.jpg 480w, https:\/\/www.prijedordanas.com\/wp-content\/uploads\/2018\/09\/sp-prijedor-centralna-tribina-2.jpg 600w\" sizes=\"(max-width: 300px) 100vw, 300px\" \/><\/a>-Socijalisti\u010dka partija raste u ovoj Izbornoj jedinici. Pozivam svoje sugra\u0111ane da u \u0161to vec\u0301em broju iza\u0111u na izbore i glasaju za na\u0161e kandidate kako bi ostvarili na\u0161 cilj a to je jedan poslani\u010dki mandat iz prijedorske regije \u2013 rekao je Ranko Kolar, predsjednik GO SP Prijedor.<\/p>\n<p>-Sa optimizmom ulazimo u ove izbore. Pred strankom su jasni ciljevi, ekonomska sigurnost, politi\u010dka i bezbjednosna stabilnost, li\u010dna sigurnost i puno slobode Republici Srpskoj. Ovdje u Prijedoru \u0107emo u\u010diniti sve \u0161to je mogu\u0107e da se u Ljubiji obnovi rudarska proizvodnja &#8211; rekao je Petar \u0110oki\u0107, predsjednik Socijalisti\u010dke partije Republike Srpske.<\/p>\n<p>Sa skupa u Prijedoru poru\u010deno je da ova stranka o\u010dekuju pobjedu koalicionih partnera iz SNSD-a, Milorada Dodika i \u017deljke Cvijanovi\u0107, u trci za mjesto \u010dlana Predsjedni\u0161tva BiH iz RS i predsjednika RS.<br \/>\nSocijalisti na izbore idu sa sloganom \u201cSigurno i slobodno, da Srpska \u017eivi i radi\u201d.<\/p>\n<p>Tekst I foto \u2013 Aleksandar Drakuli\u0107 \u2013 <a href=\"https:\/\/www.prijedordanas.com\" target=\"_blank\" rel=\"noopener noreferrer\">www.prijedordanas.com<\/a><\/p>\n<p><a href=\"https:\/\/www.prijedordanas.com\/wp-content\/uploads\/2018\/09\/sp-prijedor-centralna-tribina-3.jpg\"><img loading=\"lazy\" decoding=\"async\" src=\"https:\/\/www.prijedordanas.com\/wp-content\/uploads\/2018\/09\/sp-prijedor-centralna-tribina-3-300x199.jpg\" alt=\"\" width=\"300\" height=\"199\" class=\"alignleft size-medium wp-image-112310\" srcset=\"https:\/\/www.prijedordanas.com\/wp-content\/uploads\/2018\/09\/sp-prijedor-centralna-tribina-3-300x199.jpg 300w, https:\/\/www.prijedordanas.com\/wp-content\/uploads\/2018\/09\/sp-prijedor-centralna-tribina-3-100x66.jpg 100w, https:\/\/www.prijedordanas.com\/wp-content\/uploads\/2018\/09\/sp-prijedor-centralna-tribina-3-480x320.jpg 480w, https:\/\/www.prijedordanas.com\/wp-content\/uploads\/2018\/09\/sp-prijedor-centralna-tribina-3.jpg 600w\" sizes=\"(max-width: 300px) 100vw, 300px\" \/><\/a> <a href=\"https:\/\/www.prijedordanas.com\/wp-content\/uploads\/2018\/09\/sp-prijedor-centralna-tribina-4.jpg\"><img loading=\"lazy\" decoding=\"async\" src=\"https:\/\/www.prijedordanas.com\/wp-content\/uploads\/2018\/09\/sp-prijedor-centralna-tribina-4-300x199.jpg\" alt=\"\" width=\"300\" height=\"199\" class=\"alignleft size-medium wp-image-112311\" srcset=\"https:\/\/www.prijedordanas.com\/wp-content\/uploads\/2018\/09\/sp-prijedor-centralna-tribina-4-300x199.jpg 300w, https:\/\/www.prijedordanas.com\/wp-content\/uploads\/2018\/09\/sp-prijedor-centralna-tribina-4-100x66.jpg 100w, https:\/\/www.prijedordanas.com\/wp-content\/uploads\/2018\/09\/sp-prijedor-centralna-tribina-4-480x320.jpg 480w, https:\/\/www.prijedordanas.com\/wp-content\/uploads\/2018\/09\/sp-prijedor-centralna-tribina-4.jpg 600w\" sizes=\"(max-width: 300px) 100vw, 300px\" \/><\/a> <a href=\"https:\/\/www.prijedordanas.com\/wp-content\/uploads\/2018\/09\/sp-prijedor-centralna-tribina-5.jpg\"><img loading=\"lazy\" decoding=\"async\" src=\"https:\/\/www.prijedordanas.com\/wp-content\/uploads\/2018\/09\/sp-prijedor-centralna-tribina-5-300x199.jpg\" alt=\"\" width=\"300\" height=\"199\" class=\"alignleft size-medium wp-image-112312\" srcset=\"https:\/\/www.prijedordanas.com\/wp-content\/uploads\/2018\/09\/sp-prijedor-centralna-tribina-5-300x199.jpg 300w, https:\/\/www.prijedordanas.com\/wp-content\/uploads\/2018\/09\/sp-prijedor-centralna-tribina-5-100x66.jpg 100w, https:\/\/www.prijedordanas.com\/wp-content\/uploads\/2018\/09\/sp-prijedor-centralna-tribina-5-480x320.jpg 480w, https:\/\/www.prijedordanas.com\/wp-content\/uploads\/2018\/09\/sp-prijedor-centralna-tribina-5.jpg 600w\" sizes=\"(max-width: 300px) 100vw, 300px\" \/><\/a> <a href=\"https:\/\/www.prijedordanas.com\/wp-content\/uploads\/2018\/09\/sp-prijedor-centralna-tribina-6.jpg\"><img loading=\"lazy\" decoding=\"async\" src=\"https:\/\/www.prijedordanas.com\/wp-content\/uploads\/2018\/09\/sp-prijedor-centralna-tribina-6-300x199.jpg\" alt=\"\" width=\"300\" height=\"199\" class=\"alignleft size-medium wp-image-112313\" srcset=\"https:\/\/www.prijedordanas.com\/wp-content\/uploads\/2018\/09\/sp-prijedor-centralna-tribina-6-300x199.jpg 300w, https:\/\/www.prijedordanas.com\/wp-content\/uploads\/2018\/09\/sp-prijedor-centralna-tribina-6-100x66.jpg 100w, https:\/\/www.prijedordanas.com\/wp-content\/uploads\/2018\/09\/sp-prijedor-centralna-tribina-6-480x320.jpg 480w, https:\/\/www.prijedordanas.com\/wp-content\/uploads\/2018\/09\/sp-prijedor-centralna-tribina-6.jpg 600w\" sizes=\"(max-width: 300px) 100vw, 300px\" \/><\/a><\/p>\n","protected":false},"excerpt":{"rendered":"<p>Sino\u0107 je u Pozori\u0161tu Prijedor odr\u017eana centralna predizborna tribina Gradskog odbora Socijalisti\u010dke partije Prijedor kao dio kampanje za Op\u0161te izbore 2018. Predstavljeni su kandidati iz Izborne jedinice 1 za Narodnu [&hellip;]<\/p>\n","protected":false},"author":1,"featured_media":0,"comment_status":"closed","ping_status":"open","sticky":false,"template":"","format":"standard","meta":{"_monsterinsights_skip_tracking":false,"_monsterinsights_sitenote_active":false,"_monsterinsights_sitenote_note":"","_monsterinsights_sitenote_category":0,"footnotes":""},"categories":[8],"tags":[],"yoast_head":"<!-- This site is optimized with the Yoast SEO plugin v21.6 - https:\/\/yoast.com\/wordpress\/plugins\/seo\/ -->\n<title>CENTRALNA TRIBINA SOCIJALISTI\u010cKE PARTIJE PRIJEDOR: \u201cSIGURNO I SLOBODNO, DA SRPSKA \u017dIVI I RADI\u201d - FOTO - PrijedorDanas.com - Prijedorski gradski portal<\/title>\n<meta name=\"robots\" content=\"index, follow, max-snippet:-1, max-image-preview:large, max-video-preview:-1\" \/>\n<link rel=\"canonical\" href=\"https:\/\/www.prijedordanas.com\/?p=112307\" \/>\n<meta property=\"og:locale\" content=\"en_US\" \/>\n<meta property=\"og:type\" content=\"article\" \/>\n<meta property=\"og:title\" content=\"CENTRALNA TRIBINA SOCIJALISTI\u010cKE PARTIJE PRIJEDOR: \u201cSIGURNO I SLOBODNO, DA SRPSKA \u017dIVI I RADI\u201d - FOTO - PrijedorDanas.com - Prijedorski gradski portal\" \/>\n<meta property=\"og:description\" content=\"Sino\u0107 je u Pozori\u0161tu Prijedor odr\u017eana centralna predizborna tribina Gradskog odbora Socijalisti\u010dke partije Prijedor kao dio kampanje za Op\u0161te izbore 2018. Predstavljeni su kandidati iz Izborne jedinice 1 za Narodnu [&hellip;]\" \/>\n<meta property=\"og:url\" content=\"https:\/\/www.prijedordanas.com\/?p=112307\" \/>\n<meta property=\"og:site_name\" content=\"PrijedorDanas.com - Prijedorski gradski portal\" \/>\n<meta property=\"article:publisher\" content=\"https:\/\/www.facebook.com\/PrijedorDanasCom\/\" \/>\n<meta property=\"article:published_time\" content=\"2018-09-10T13:35:20+00:00\" \/>\n<meta property=\"og:image\" content=\"https:\/\/www.prijedordanas.com\/wp-content\/uploads\/2018\/09\/sp-prijedor-centralna-tribina-1-300x222.jpg\" \/>\n<meta name=\"author\" content=\"admin\" \/>\n<meta name=\"twitter:card\" content=\"summary_large_image\" \/>\n<meta name=\"twitter:label1\" content=\"Written by\" \/>\n\t<meta name=\"twitter:data1\" content=\"admin\" \/>\n\t<meta name=\"twitter:label2\" content=\"Est. reading time\" \/>\n\t<meta name=\"twitter:data2\" content=\"1 minute\" \/>\n<script type=\"application\/ld+json\" class=\"yoast-schema-graph\">{\"@context\":\"https:\/\/schema.org\",\"@graph\":[{\"@type\":\"Article\",\"@id\":\"https:\/\/www.prijedordanas.com\/?p=112307#article\",\"isPartOf\":{\"@id\":\"https:\/\/www.prijedordanas.com\/?p=112307\"},\"author\":{\"name\":\"admin\",\"@id\":\"https:\/\/www.prijedordanas.com\/#\/schema\/person\/4e08ccf29b506ca916ff86d46bb700e6\"},\"headline\":\"CENTRALNA TRIBINA SOCIJALISTI\u010cKE PARTIJE PRIJEDOR: \u201cSIGURNO I SLOBODNO, DA SRPSKA \u017dIVI I RADI\u201d &#8211; FOTO\",\"datePublished\":\"2018-09-10T13:35:20+00:00\",\"dateModified\":\"2018-09-10T13:35:20+00:00\",\"mainEntityOfPage\":{\"@id\":\"https:\/\/www.prijedordanas.com\/?p=112307\"},\"wordCount\":268,\"publisher\":{\"@id\":\"https:\/\/www.prijedordanas.com\/#organization\"},\"articleSection\":[\"Svakodnevno\"],\"inLanguage\":\"en-US\"},{\"@type\":\"WebPage\",\"@id\":\"https:\/\/www.prijedordanas.com\/?p=112307\",\"url\":\"https:\/\/www.prijedordanas.com\/?p=112307\",\"name\":\"CENTRALNA TRIBINA SOCIJALISTI\u010cKE PARTIJE PRIJEDOR: \u201cSIGURNO I SLOBODNO, DA SRPSKA \u017dIVI I RADI\u201d - FOTO - PrijedorDanas.com - Prijedorski gradski portal\",\"isPartOf\":{\"@id\":\"https:\/\/www.prijedordanas.com\/#website\"},\"datePublished\":\"2018-09-10T13:35:20+00:00\",\"dateModified\":\"2018-09-10T13:35:20+00:00\",\"breadcrumb\":{\"@id\":\"https:\/\/www.prijedordanas.com\/?p=112307#breadcrumb\"},\"inLanguage\":\"en-US\",\"potentialAction\":[{\"@type\":\"ReadAction\",\"target\":[\"https:\/\/www.prijedordanas.com\/?p=112307\"]}]},{\"@type\":\"BreadcrumbList\",\"@id\":\"https:\/\/www.prijedordanas.com\/?p=112307#breadcrumb\",\"itemListElement\":[{\"@type\":\"ListItem\",\"position\":1,\"name\":\"Home\",\"item\":\"https:\/\/www.prijedordanas.com\/\"},{\"@type\":\"ListItem\",\"position\":2,\"name\":\"CENTRALNA TRIBINA SOCIJALISTI\u010cKE PARTIJE PRIJEDOR: \u201cSIGURNO I SLOBODNO, DA SRPSKA \u017dIVI I RADI\u201d &#8211; FOTO\"}]},{\"@type\":\"WebSite\",\"@id\":\"https:\/\/www.prijedordanas.com\/#website\",\"url\":\"https:\/\/www.prijedordanas.com\/\",\"name\":\"PrijedorDanas.com - Prijedorski gradski portal\",\"description\":\"Portal o doga\u0111anjima u gradu Prijedoru\",\"publisher\":{\"@id\":\"https:\/\/www.prijedordanas.com\/#organization\"},\"potentialAction\":[{\"@type\":\"SearchAction\",\"target\":{\"@type\":\"EntryPoint\",\"urlTemplate\":\"https:\/\/www.prijedordanas.com\/?s={search_term_string}\"},\"query-input\":\"required name=search_term_string\"}],\"inLanguage\":\"en-US\"},{\"@type\":\"Organization\",\"@id\":\"https:\/\/www.prijedordanas.com\/#organization\",\"name\":\"PrijedorDanas.com\",\"url\":\"https:\/\/www.prijedordanas.com\/\",\"logo\":{\"@type\":\"ImageObject\",\"inLanguage\":\"en-US\",\"@id\":\"https:\/\/www.prijedordanas.com\/#\/schema\/logo\/image\/\",\"url\":\"http:\/\/www.prijedordanas.com\/wp-content\/uploads\/2021\/12\/logopng.png\",\"contentUrl\":\"http:\/\/www.prijedordanas.com\/wp-content\/uploads\/2021\/12\/logopng.png\",\"width\":1019,\"height\":776,\"caption\":\"PrijedorDanas.com\"},\"image\":{\"@id\":\"https:\/\/www.prijedordanas.com\/#\/schema\/logo\/image\/\"},\"sameAs\":[\"https:\/\/www.facebook.com\/PrijedorDanasCom\/\"]},{\"@type\":\"Person\",\"@id\":\"https:\/\/www.prijedordanas.com\/#\/schema\/person\/4e08ccf29b506ca916ff86d46bb700e6\",\"name\":\"admin\",\"image\":{\"@type\":\"ImageObject\",\"inLanguage\":\"en-US\",\"@id\":\"https:\/\/www.prijedordanas.com\/#\/schema\/person\/image\/\",\"url\":\"https:\/\/secure.gravatar.com\/avatar\/1d3fc949d550f0b53a5f0d51e06dfd79?s=96&d=mm&r=g\",\"contentUrl\":\"https:\/\/secure.gravatar.com\/avatar\/1d3fc949d550f0b53a5f0d51e06dfd79?s=96&d=mm&r=g\",\"caption\":\"admin\"},\"url\":\"https:\/\/www.prijedordanas.com\/?author=1\"}]}<\/script>\n<!-- \/ Yoast SEO plugin. -->","yoast_head_json":{"title":"CENTRALNA TRIBINA SOCIJALISTI\u010cKE PARTIJE PRIJEDOR: \u201cSIGURNO I SLOBODNO, DA SRPSKA \u017dIVI I RADI\u201d - FOTO - PrijedorDanas.com - Prijedorski gradski portal","robots":{"index":"index","follow":"follow","max-snippet":"max-snippet:-1","max-image-preview":"max-image-preview:large","max-video-preview":"max-video-preview:-1"},"canonical":"https:\/\/www.prijedordanas.com\/?p=112307","og_locale":"en_US","og_type":"article","og_title":"CENTRALNA TRIBINA SOCIJALISTI\u010cKE PARTIJE PRIJEDOR: \u201cSIGURNO I SLOBODNO, DA SRPSKA \u017dIVI I RADI\u201d - FOTO - PrijedorDanas.com - Prijedorski gradski portal","og_description":"Sino\u0107 je u Pozori\u0161tu Prijedor odr\u017eana centralna predizborna tribina Gradskog odbora Socijalisti\u010dke partije Prijedor kao dio kampanje za Op\u0161te izbore 2018. Predstavljeni su kandidati iz Izborne jedinice 1 za Narodnu [&hellip;]","og_url":"https:\/\/www.prijedordanas.com\/?p=112307","og_site_name":"PrijedorDanas.com - Prijedorski gradski portal","article_publisher":"https:\/\/www.facebook.com\/PrijedorDanasCom\/","article_published_time":"2018-09-10T13:35:20+00:00","og_image":[{"url":"https:\/\/www.prijedordanas.com\/wp-content\/uploads\/2018\/09\/sp-prijedor-centralna-tribina-1-300x222.jpg"}],"author":"admin","twitter_card":"summary_large_image","twitter_misc":{"Written by":"admin","Est. reading time":"1 minute"},"schema":{"@context":"https:\/\/schema.org","@graph":[{"@type":"Article","@id":"https:\/\/www.prijedordanas.com\/?p=112307#article","isPartOf":{"@id":"https:\/\/www.prijedordanas.com\/?p=112307"},"author":{"name":"admin","@id":"https:\/\/www.prijedordanas.com\/#\/schema\/person\/4e08ccf29b506ca916ff86d46bb700e6"},"headline":"CENTRALNA TRIBINA SOCIJALISTI\u010cKE PARTIJE PRIJEDOR: \u201cSIGURNO I SLOBODNO, DA SRPSKA \u017dIVI I RADI\u201d &#8211; FOTO","datePublished":"2018-09-10T13:35:20+00:00","dateModified":"2018-09-10T13:35:20+00:00","mainEntityOfPage":{"@id":"https:\/\/www.prijedordanas.com\/?p=112307"},"wordCount":268,"publisher":{"@id":"https:\/\/www.prijedordanas.com\/#organization"},"articleSection":["Svakodnevno"],"inLanguage":"en-US"},{"@type":"WebPage","@id":"https:\/\/www.prijedordanas.com\/?p=112307","url":"https:\/\/www.prijedordanas.com\/?p=112307","name":"CENTRALNA TRIBINA SOCIJALISTI\u010cKE PARTIJE PRIJEDOR: \u201cSIGURNO I SLOBODNO, DA SRPSKA \u017dIVI I RADI\u201d - FOTO - PrijedorDanas.com - Prijedorski gradski portal","isPartOf":{"@id":"https:\/\/www.prijedordanas.com\/#website"},"datePublished":"2018-09-10T13:35:20+00:00","dateModified":"2018-09-10T13:35:20+00:00","breadcrumb":{"@id":"https:\/\/www.prijedordanas.com\/?p=112307#breadcrumb"},"inLanguage":"en-US","potentialAction":[{"@type":"ReadAction","target":["https:\/\/www.prijedordanas.com\/?p=112307"]}]},{"@type":"BreadcrumbList","@id":"https:\/\/www.prijedordanas.com\/?p=112307#breadcrumb","itemListElement":[{"@type":"ListItem","position":1,"name":"Home","item":"https:\/\/www.prijedordanas.com\/"},{"@type":"ListItem","position":2,"name":"CENTRALNA TRIBINA SOCIJALISTI\u010cKE PARTIJE PRIJEDOR: \u201cSIGURNO I SLOBODNO, DA SRPSKA \u017dIVI I RADI\u201d &#8211; FOTO"}]},{"@type":"WebSite","@id":"https:\/\/www.prijedordanas.com\/#website","url":"https:\/\/www.prijedordanas.com\/","name":"PrijedorDanas.com - Prijedorski gradski portal","description":"Portal o doga\u0111anjima u gradu Prijedoru","publisher":{"@id":"https:\/\/www.prijedordanas.com\/#organization"},"potentialAction":[{"@type":"SearchAction","target":{"@type":"EntryPoint","urlTemplate":"https:\/\/www.prijedordanas.com\/?s={search_term_string}"},"query-input":"required name=search_term_string"}],"inLanguage":"en-US"},{"@type":"Organization","@id":"https:\/\/www.prijedordanas.com\/#organization","name":"PrijedorDanas.com","url":"https:\/\/www.prijedordanas.com\/","logo":{"@type":"ImageObject","inLanguage":"en-US","@id":"https:\/\/www.prijedordanas.com\/#\/schema\/logo\/image\/","url":"http:\/\/www.prijedordanas.com\/wp-content\/uploads\/2021\/12\/logopng.png","contentUrl":"http:\/\/www.prijedordanas.com\/wp-content\/uploads\/2021\/12\/logopng.png","width":1019,"height":776,"caption":"PrijedorDanas.com"},"image":{"@id":"https:\/\/www.prijedordanas.com\/#\/schema\/logo\/image\/"},"sameAs":["https:\/\/www.facebook.com\/PrijedorDanasCom\/"]},{"@type":"Person","@id":"https:\/\/www.prijedordanas.com\/#\/schema\/person\/4e08ccf29b506ca916ff86d46bb700e6","name":"admin","image":{"@type":"ImageObject","inLanguage":"en-US","@id":"https:\/\/www.prijedordanas.com\/#\/schema\/person\/image\/","url":"https:\/\/secure.gravatar.com\/avatar\/1d3fc949d550f0b53a5f0d51e06dfd79?s=96&d=mm&r=g","contentUrl":"https:\/\/secure.gravatar.com\/avatar\/1d3fc949d550f0b53a5f0d51e06dfd79?s=96&d=mm&r=g","caption":"admin"},"url":"https:\/\/www.prijedordanas.com\/?author=1"}]}},"_links":{"self":[{"href":"https:\/\/www.prijedordanas.com\/index.php?rest_route=\/wp\/v2\/posts\/112307"}],"collection":[{"href":"https:\/\/www.prijedordanas.com\/index.php?rest_route=\/wp\/v2\/posts"}],"about":[{"href":"https:\/\/www.prijedordanas.com\/index.php?rest_route=\/wp\/v2\/types\/post"}],"author":[{"embeddable":true,"href":"https:\/\/www.prijedordanas.com\/index.php?rest_route=\/wp\/v2\/users\/1"}],"replies":[{"embeddable":true,"href":"https:\/\/www.prijedordanas.com\/index.php?rest_route=%2Fwp%2Fv2%2Fcomments&post=112307"}],"version-history":[{"count":1,"href":"https:\/\/www.prijedordanas.com\/index.php?rest_route=\/wp\/v2\/posts\/112307\/revisions"}],"predecessor-version":[{"id":112314,"href":"https:\/\/www.prijedordanas.com\/index.php?rest_route=\/wp\/v2\/posts\/112307\/revisions\/112314"}],"wp:attachment":[{"href":"https:\/\/www.prijedordanas.com\/index.php?rest_route=%2Fwp%2Fv2%2Fmedia&parent=112307"}],"wp:term":[{"taxonomy":"category","embeddable":true,"href":"https:\/\/www.prijedordanas.com\/index.php?rest_route=%2Fwp%2Fv2%2Fcategories&post=112307"},{"taxonomy":"post_tag","embeddable":true,"href":"https:\/\/www.prijedordanas.com\/index.php?rest_route=%2Fwp%2Fv2%2Ftags&post=112307"}],"curies":[{"name":"wp","href":"https:\/\/api.w.org\/{rel}","templated":true}]}}