{"id":112233,"date":"2018-09-08T22:01:39","date_gmt":"2018-09-08T20:01:39","guid":{"rendered":"https:\/\/www.prijedordanas.com\/?p=112233"},"modified":"2018-09-08T22:01:39","modified_gmt":"2018-09-08T20:01:39","slug":"rudar-prijedor-tekstilac-01-foto","status":"publish","type":"post","link":"https:\/\/www.prijedordanas.com\/?p=112233","title":{"rendered":"RUDAR-PRIJEDOR: TEKSTILAC  0:1 \u2013 FOTO"},"content":{"rendered":"<p><a href=\"https:\/\/www.prijedordanas.com\/wp-content\/uploads\/2018\/09\/rudar-prijedor-tekstilac-jesen-4.jpg\"><img loading=\"lazy\" decoding=\"async\" class=\"alignleft size-medium wp-image-112237\" src=\"https:\/\/www.prijedordanas.com\/wp-content\/uploads\/2018\/09\/rudar-prijedor-tekstilac-jesen-4-300x222.jpg\" alt=\"\" width=\"300\" height=\"222\" srcset=\"https:\/\/www.prijedordanas.com\/wp-content\/uploads\/2018\/09\/rudar-prijedor-tekstilac-jesen-4-300x222.jpg 300w, https:\/\/www.prijedordanas.com\/wp-content\/uploads\/2018\/09\/rudar-prijedor-tekstilac-jesen-4-100x74.jpg 100w, https:\/\/www.prijedordanas.com\/wp-content\/uploads\/2018\/09\/rudar-prijedor-tekstilac-jesen-4.jpg 675w\" sizes=\"(max-width: 300px) 100vw, 300px\" \/><\/a>Fudbaleri Rudar-Prijedora pora\u017eeni su na svom terenu od Tekstilca rezultatom 0:1 u susretu 5.kola prvenstva Prve lige Republike Srpske.<\/p>\n<p>Pogodak vrijedan tri boda za goste je postigao Slavi\u0161a Maksimovi\u0107 udarcem sa ivice kaznenog prostora u 52.minuti.<\/p>\n<p>Treba re\u0107i da je lopta na putu do gola zaka\u010dila Pekiju i promijenila svoju putanju pa ni golman Hamzabegovi\u0107 nije mogao da sprije\u010di pogodak.<\/p>\n<p>Prvo poluvrijeme proteklo je bez ve\u0107ih pilika na obje strane iako treba re\u0107i da su gosti imali loptu vi\u0161e u svom posjedu.<\/p>\n<p>Ovaj dio me\u010da obilje\u017eila je i povreda glave napada\u010da Derven\u0107ana Ozrena Peri\u0107a.<\/p>\n<p><a href=\"https:\/\/www.prijedordanas.com\/wp-content\/uploads\/2018\/09\/rudar-prijedor-tekstilac-jesen-1.jpg\"><img loading=\"lazy\" decoding=\"async\" class=\"alignleft size-medium wp-image-112235\" src=\"https:\/\/www.prijedordanas.com\/wp-content\/uploads\/2018\/09\/rudar-prijedor-tekstilac-jesen-1-300x222.jpg\" alt=\"\" width=\"300\" height=\"222\" srcset=\"https:\/\/www.prijedordanas.com\/wp-content\/uploads\/2018\/09\/rudar-prijedor-tekstilac-jesen-1-300x222.jpg 300w, https:\/\/www.prijedordanas.com\/wp-content\/uploads\/2018\/09\/rudar-prijedor-tekstilac-jesen-1-100x74.jpg 100w, https:\/\/www.prijedordanas.com\/wp-content\/uploads\/2018\/09\/rudar-prijedor-tekstilac-jesen-1.jpg 675w\" sizes=\"(max-width: 300px) 100vw, 300px\" \/><\/a>Pred kraj prvog dijela igre do\u0161lo je do sudara sa doma\u0107im \u010duvarom mre\u017ee pa je iskusni igra\u010d morao van igre.<\/p>\n<p>Nakon \u0161to su postigli gol izabranici Igora Jankovi\u0107a znala\u010dki su \u010duvali loptu i prijetili iz brzih polukontri i kontri.<\/p>\n<p>Imali su i Prijedor\u010dani svojih prilika za izjedna\u010denje.<\/p>\n<p>Kapiten Davidovi\u0107 je nakon centar\u0161uta \u0161utirao glavom sa \u201cpenaltika\u201d u 70.minuti i pogodio stativu.<\/p>\n<p>Utisak je da je bio i ometen prilikom udarca ali sudija Miri\u0107 je ostao \u201cnijem\u201d.<\/p>\n<p>Nakon dodavanja Sajaka, Mujagi\u0107 je \u0161est minuta kasnije sa desne strane ubacio na \u201cpeterac\u201d gdje je natr\u010dao Kova\u010devi\u0107 i poku\u0161ao petom, ali iskusni Plisni\u0107 je instinktivnom reakcijom odbranio \u0161ut iz blizine.<\/p>\n<p><a href=\"https:\/\/www.prijedordanas.com\/wp-content\/uploads\/2018\/09\/rudar-prijedor-tekstilac-jesen-2.jpg\"><img loading=\"lazy\" decoding=\"async\" class=\"alignleft size-medium wp-image-112236\" src=\"https:\/\/www.prijedordanas.com\/wp-content\/uploads\/2018\/09\/rudar-prijedor-tekstilac-jesen-2-300x222.jpg\" alt=\"\" width=\"300\" height=\"222\" srcset=\"https:\/\/www.prijedordanas.com\/wp-content\/uploads\/2018\/09\/rudar-prijedor-tekstilac-jesen-2-300x222.jpg 300w, https:\/\/www.prijedordanas.com\/wp-content\/uploads\/2018\/09\/rudar-prijedor-tekstilac-jesen-2-100x74.jpg 100w, https:\/\/www.prijedordanas.com\/wp-content\/uploads\/2018\/09\/rudar-prijedor-tekstilac-jesen-2.jpg 675w\" sizes=\"(max-width: 300px) 100vw, 300px\" \/><\/a>U nastavku akcije gosti su izbacili loptu u korner, doma\u0107i su smatrali da je neko iz odbrane Tekstilca igrao rukom, ali nesigurni glavni arbitar se ponovo nije oglasio.<\/p>\n<p>Pogledom je tra\u017eio signalizaciju pomo\u0107nika koji nije mahao zastavicom, mo\u017eda i zbog \u010dinjenice da mu je sunce i\u0161lo gotovo direktno u o\u010di tokom drugog dijela igre.<\/p>\n<p>Mogli su gosti rije\u0161iti pitanje pobjednika, ali je \u0161ut Kuki\u0107a nakon prodora po lijevoj strani odli\u010dno odbranio Hamzabegovi\u0107.<\/p>\n<p>\u201cRudari sa Sane\u201d su u zadnjih 10-ak minuta sve karte \u201cbacilli\u201d u napad, ali nisu stigli barem do boda.<\/p>\n<p>Zabrinjava \u010dinjenica da izabranici Ned\u017eada \u017deri\u0107a jo\u0161 nisu postigli pogodak iz igre, a jedini gol koji je zavr\u0161io u mre\u017ei protivnika djelo je Gavranovi\u0107a i to iz penala.<\/p>\n<p>Prijedor\u010dani su ostali na samo dva osvojena boda poslije pet me\u010deva i \u201cprikovani\u201d su za dno tabele.<\/p>\n<p>Po svemu sude\u0107i predstoji im gr\u010devita borba za opstanak.<\/p>\n<p><a href=\"https:\/\/www.prijedordanas.com\/wp-content\/uploads\/2018\/09\/rudar-prijedor-tekstilac-jesen-3.jpg\"><img loading=\"lazy\" decoding=\"async\" src=\"https:\/\/www.prijedordanas.com\/wp-content\/uploads\/2018\/09\/rudar-prijedor-tekstilac-jesen-3-300x222.jpg\" alt=\"\" width=\"300\" height=\"222\" class=\"alignleft size-medium wp-image-112238\" srcset=\"https:\/\/www.prijedordanas.com\/wp-content\/uploads\/2018\/09\/rudar-prijedor-tekstilac-jesen-3-300x222.jpg 300w, https:\/\/www.prijedordanas.com\/wp-content\/uploads\/2018\/09\/rudar-prijedor-tekstilac-jesen-3-100x74.jpg 100w, https:\/\/www.prijedordanas.com\/wp-content\/uploads\/2018\/09\/rudar-prijedor-tekstilac-jesen-3.jpg 675w\" sizes=\"(max-width: 300px) 100vw, 300px\" \/><\/a>Rudar-Prijedor: Tekstilac 0:1 (0:0)<\/p>\n<p>Prijedor<br \/>\nGradski stadion<br \/>\nGledalaca: 150<br \/>\nSudija: Mladen Miri\u0107 (Bijeljina).<br \/>\nStirijelac: Maksimovi\u0107 u 52.minuti za Tekstilac<br \/>\n\u017duti kartoni: Sajak, Mujagi\u0107, Davidov\u0107, Pekija, Hamzabegovi\u0107 (Rudar-Prijedor), \u0110eki\u0107, Maksimovi\u0107, Duspara, Kuki\u0107 (Tekstilac)<\/p>\n<p>Rudar-Prijedor<br \/>\nHamzabegovi\u0107, Lezi\u0107, Laji\u0107(Kova\u010devi\u0107), Pekija, Marmat (Rami\u0107), Crnomarkovi\u0107, Mrki\u0107 (\u017divani\u0107), Mujagi\u0107, Sajak, Kukavica, Davidovi\u0107<br \/>\nTrener: Ned\u017ead \u017deri\u0107<\/p>\n<p>Tekstilac<br \/>\nPlisni\u0107, Mari\u0107, Jolovi\u0107, Maksimovi\u0107, Peri\u0107 (Vugdali\u0107), Susakovi\u0107 (Vukadinovi\u0107), \u0106ori\u0107, Komlenovi\u0107, \u0110eki\u0107 (Duspara), Kuki\u0107, Simi\u0107<br \/>\nTrener: Igor Jankovi\u0107<\/p>\n<p>Tekst I foto \u2013 Aleksandar Drakuli\u0107 \u2013 <a href=\"https:\/\/www.prijedordanas.com\" target=\"_blank\" rel=\"noopener noreferrer\">www.prijedordanas.com<\/a><\/p>\n<p><a href=\"https:\/\/www.prijedordanas.com\/wp-content\/uploads\/2018\/09\/rudar-prijedor-tekstilac-jesen-5.jpg\"><img loading=\"lazy\" decoding=\"async\" src=\"https:\/\/www.prijedordanas.com\/wp-content\/uploads\/2018\/09\/rudar-prijedor-tekstilac-jesen-5-300x222.jpg\" alt=\"\" width=\"300\" height=\"222\" class=\"alignleft size-medium wp-image-112239\" srcset=\"https:\/\/www.prijedordanas.com\/wp-content\/uploads\/2018\/09\/rudar-prijedor-tekstilac-jesen-5-300x222.jpg 300w, https:\/\/www.prijedordanas.com\/wp-content\/uploads\/2018\/09\/rudar-prijedor-tekstilac-jesen-5-100x74.jpg 100w, https:\/\/www.prijedordanas.com\/wp-content\/uploads\/2018\/09\/rudar-prijedor-tekstilac-jesen-5.jpg 675w\" sizes=\"(max-width: 300px) 100vw, 300px\" \/><\/a> <a href=\"https:\/\/www.prijedordanas.com\/wp-content\/uploads\/2018\/09\/rudar-prijedor-tekstilac-jesen-6.jpg\"><img loading=\"lazy\" decoding=\"async\" src=\"https:\/\/www.prijedordanas.com\/wp-content\/uploads\/2018\/09\/rudar-prijedor-tekstilac-jesen-6-300x222.jpg\" alt=\"\" width=\"300\" height=\"222\" class=\"alignleft size-medium wp-image-112240\" srcset=\"https:\/\/www.prijedordanas.com\/wp-content\/uploads\/2018\/09\/rudar-prijedor-tekstilac-jesen-6-300x222.jpg 300w, https:\/\/www.prijedordanas.com\/wp-content\/uploads\/2018\/09\/rudar-prijedor-tekstilac-jesen-6-100x74.jpg 100w, https:\/\/www.prijedordanas.com\/wp-content\/uploads\/2018\/09\/rudar-prijedor-tekstilac-jesen-6.jpg 675w\" sizes=\"(max-width: 300px) 100vw, 300px\" \/><\/a> <a href=\"https:\/\/www.prijedordanas.com\/wp-content\/uploads\/2018\/09\/rudar-prijedor-tekstilac-jesen-7.jpg\"><img loading=\"lazy\" decoding=\"async\" src=\"https:\/\/www.prijedordanas.com\/wp-content\/uploads\/2018\/09\/rudar-prijedor-tekstilac-jesen-7-300x222.jpg\" alt=\"\" width=\"300\" height=\"222\" class=\"alignleft size-medium wp-image-112241\" srcset=\"https:\/\/www.prijedordanas.com\/wp-content\/uploads\/2018\/09\/rudar-prijedor-tekstilac-jesen-7-300x222.jpg 300w, https:\/\/www.prijedordanas.com\/wp-content\/uploads\/2018\/09\/rudar-prijedor-tekstilac-jesen-7-100x74.jpg 100w, https:\/\/www.prijedordanas.com\/wp-content\/uploads\/2018\/09\/rudar-prijedor-tekstilac-jesen-7.jpg 675w\" sizes=\"(max-width: 300px) 100vw, 300px\" \/><\/a> <a href=\"https:\/\/www.prijedordanas.com\/wp-content\/uploads\/2018\/09\/rudar-prijedor-tekstilac-jesen-8.jpg\"><img loading=\"lazy\" decoding=\"async\" src=\"https:\/\/www.prijedordanas.com\/wp-content\/uploads\/2018\/09\/rudar-prijedor-tekstilac-jesen-8-300x222.jpg\" alt=\"\" width=\"300\" height=\"222\" class=\"alignleft size-medium wp-image-112242\" srcset=\"https:\/\/www.prijedordanas.com\/wp-content\/uploads\/2018\/09\/rudar-prijedor-tekstilac-jesen-8-300x222.jpg 300w, https:\/\/www.prijedordanas.com\/wp-content\/uploads\/2018\/09\/rudar-prijedor-tekstilac-jesen-8-100x74.jpg 100w, https:\/\/www.prijedordanas.com\/wp-content\/uploads\/2018\/09\/rudar-prijedor-tekstilac-jesen-8.jpg 675w\" sizes=\"(max-width: 300px) 100vw, 300px\" \/><\/a><\/p>\n","protected":false},"excerpt":{"rendered":"<p>Fudbaleri Rudar-Prijedora pora\u017eeni su na svom terenu od Tekstilca rezultatom 0:1 u susretu 5.kola prvenstva Prve lige Republike Srpske. Pogodak vrijedan tri boda za goste je postigao Slavi\u0161a Maksimovi\u0107 udarcem [&hellip;]<\/p>\n","protected":false},"author":1,"featured_media":0,"comment_status":"closed","ping_status":"open","sticky":false,"template":"","format":"standard","meta":{"_monsterinsights_skip_tracking":false,"_monsterinsights_sitenote_active":false,"_monsterinsights_sitenote_note":"","_monsterinsights_sitenote_category":0,"footnotes":""},"categories":[7],"tags":[],"yoast_head":"<!-- This site is optimized with the Yoast SEO plugin v21.6 - https:\/\/yoast.com\/wordpress\/plugins\/seo\/ -->\n<title>RUDAR-PRIJEDOR: TEKSTILAC 0:1 \u2013 FOTO - PrijedorDanas.com - Prijedorski gradski portal<\/title>\n<meta name=\"robots\" content=\"index, follow, max-snippet:-1, max-image-preview:large, max-video-preview:-1\" \/>\n<link rel=\"canonical\" href=\"https:\/\/www.prijedordanas.com\/?p=112233\" \/>\n<meta property=\"og:locale\" content=\"en_US\" \/>\n<meta property=\"og:type\" content=\"article\" \/>\n<meta property=\"og:title\" content=\"RUDAR-PRIJEDOR: TEKSTILAC 0:1 \u2013 FOTO - PrijedorDanas.com - Prijedorski gradski portal\" \/>\n<meta property=\"og:description\" content=\"Fudbaleri Rudar-Prijedora pora\u017eeni su na svom terenu od Tekstilca rezultatom 0:1 u susretu 5.kola prvenstva Prve lige Republike Srpske. Pogodak vrijedan tri boda za goste je postigao Slavi\u0161a Maksimovi\u0107 udarcem [&hellip;]\" \/>\n<meta property=\"og:url\" content=\"https:\/\/www.prijedordanas.com\/?p=112233\" \/>\n<meta property=\"og:site_name\" content=\"PrijedorDanas.com - Prijedorski gradski portal\" \/>\n<meta property=\"article:publisher\" content=\"https:\/\/www.facebook.com\/PrijedorDanasCom\/\" \/>\n<meta property=\"article:published_time\" content=\"2018-09-08T20:01:39+00:00\" \/>\n<meta property=\"og:image\" content=\"https:\/\/www.prijedordanas.com\/wp-content\/uploads\/2018\/09\/rudar-prijedor-tekstilac-jesen-4-300x222.jpg\" \/>\n<meta name=\"author\" content=\"admin\" \/>\n<meta name=\"twitter:card\" content=\"summary_large_image\" \/>\n<meta name=\"twitter:label1\" content=\"Written by\" \/>\n\t<meta name=\"twitter:data1\" content=\"admin\" \/>\n\t<meta name=\"twitter:label2\" content=\"Est. reading time\" \/>\n\t<meta name=\"twitter:data2\" content=\"2 minutes\" \/>\n<script type=\"application\/ld+json\" class=\"yoast-schema-graph\">{\"@context\":\"https:\/\/schema.org\",\"@graph\":[{\"@type\":\"Article\",\"@id\":\"https:\/\/www.prijedordanas.com\/?p=112233#article\",\"isPartOf\":{\"@id\":\"https:\/\/www.prijedordanas.com\/?p=112233\"},\"author\":{\"name\":\"admin\",\"@id\":\"https:\/\/www.prijedordanas.com\/#\/schema\/person\/4e08ccf29b506ca916ff86d46bb700e6\"},\"headline\":\"RUDAR-PRIJEDOR: TEKSTILAC 0:1 \u2013 FOTO\",\"datePublished\":\"2018-09-08T20:01:39+00:00\",\"dateModified\":\"2018-09-08T20:01:39+00:00\",\"mainEntityOfPage\":{\"@id\":\"https:\/\/www.prijedordanas.com\/?p=112233\"},\"wordCount\":465,\"publisher\":{\"@id\":\"https:\/\/www.prijedordanas.com\/#organization\"},\"articleSection\":[\"Sport\"],\"inLanguage\":\"en-US\"},{\"@type\":\"WebPage\",\"@id\":\"https:\/\/www.prijedordanas.com\/?p=112233\",\"url\":\"https:\/\/www.prijedordanas.com\/?p=112233\",\"name\":\"RUDAR-PRIJEDOR: TEKSTILAC 0:1 \u2013 FOTO - PrijedorDanas.com - Prijedorski gradski portal\",\"isPartOf\":{\"@id\":\"https:\/\/www.prijedordanas.com\/#website\"},\"datePublished\":\"2018-09-08T20:01:39+00:00\",\"dateModified\":\"2018-09-08T20:01:39+00:00\",\"breadcrumb\":{\"@id\":\"https:\/\/www.prijedordanas.com\/?p=112233#breadcrumb\"},\"inLanguage\":\"en-US\",\"potentialAction\":[{\"@type\":\"ReadAction\",\"target\":[\"https:\/\/www.prijedordanas.com\/?p=112233\"]}]},{\"@type\":\"BreadcrumbList\",\"@id\":\"https:\/\/www.prijedordanas.com\/?p=112233#breadcrumb\",\"itemListElement\":[{\"@type\":\"ListItem\",\"position\":1,\"name\":\"Home\",\"item\":\"https:\/\/www.prijedordanas.com\/\"},{\"@type\":\"ListItem\",\"position\":2,\"name\":\"RUDAR-PRIJEDOR: TEKSTILAC 0:1 \u2013 FOTO\"}]},{\"@type\":\"WebSite\",\"@id\":\"https:\/\/www.prijedordanas.com\/#website\",\"url\":\"https:\/\/www.prijedordanas.com\/\",\"name\":\"PrijedorDanas.com - Prijedorski gradski portal\",\"description\":\"Portal o doga\u0111anjima u gradu Prijedoru\",\"publisher\":{\"@id\":\"https:\/\/www.prijedordanas.com\/#organization\"},\"potentialAction\":[{\"@type\":\"SearchAction\",\"target\":{\"@type\":\"EntryPoint\",\"urlTemplate\":\"https:\/\/www.prijedordanas.com\/?s={search_term_string}\"},\"query-input\":\"required name=search_term_string\"}],\"inLanguage\":\"en-US\"},{\"@type\":\"Organization\",\"@id\":\"https:\/\/www.prijedordanas.com\/#organization\",\"name\":\"PrijedorDanas.com\",\"url\":\"https:\/\/www.prijedordanas.com\/\",\"logo\":{\"@type\":\"ImageObject\",\"inLanguage\":\"en-US\",\"@id\":\"https:\/\/www.prijedordanas.com\/#\/schema\/logo\/image\/\",\"url\":\"http:\/\/www.prijedordanas.com\/wp-content\/uploads\/2021\/12\/logopng.png\",\"contentUrl\":\"http:\/\/www.prijedordanas.com\/wp-content\/uploads\/2021\/12\/logopng.png\",\"width\":1019,\"height\":776,\"caption\":\"PrijedorDanas.com\"},\"image\":{\"@id\":\"https:\/\/www.prijedordanas.com\/#\/schema\/logo\/image\/\"},\"sameAs\":[\"https:\/\/www.facebook.com\/PrijedorDanasCom\/\"]},{\"@type\":\"Person\",\"@id\":\"https:\/\/www.prijedordanas.com\/#\/schema\/person\/4e08ccf29b506ca916ff86d46bb700e6\",\"name\":\"admin\",\"image\":{\"@type\":\"ImageObject\",\"inLanguage\":\"en-US\",\"@id\":\"https:\/\/www.prijedordanas.com\/#\/schema\/person\/image\/\",\"url\":\"https:\/\/secure.gravatar.com\/avatar\/1d3fc949d550f0b53a5f0d51e06dfd79?s=96&d=mm&r=g\",\"contentUrl\":\"https:\/\/secure.gravatar.com\/avatar\/1d3fc949d550f0b53a5f0d51e06dfd79?s=96&d=mm&r=g\",\"caption\":\"admin\"},\"url\":\"https:\/\/www.prijedordanas.com\/?author=1\"}]}<\/script>\n<!-- \/ Yoast SEO plugin. -->","yoast_head_json":{"title":"RUDAR-PRIJEDOR: TEKSTILAC 0:1 \u2013 FOTO - PrijedorDanas.com - Prijedorski gradski portal","robots":{"index":"index","follow":"follow","max-snippet":"max-snippet:-1","max-image-preview":"max-image-preview:large","max-video-preview":"max-video-preview:-1"},"canonical":"https:\/\/www.prijedordanas.com\/?p=112233","og_locale":"en_US","og_type":"article","og_title":"RUDAR-PRIJEDOR: TEKSTILAC 0:1 \u2013 FOTO - PrijedorDanas.com - Prijedorski gradski portal","og_description":"Fudbaleri Rudar-Prijedora pora\u017eeni su na svom terenu od Tekstilca rezultatom 0:1 u susretu 5.kola prvenstva Prve lige Republike Srpske. Pogodak vrijedan tri boda za goste je postigao Slavi\u0161a Maksimovi\u0107 udarcem [&hellip;]","og_url":"https:\/\/www.prijedordanas.com\/?p=112233","og_site_name":"PrijedorDanas.com - Prijedorski gradski portal","article_publisher":"https:\/\/www.facebook.com\/PrijedorDanasCom\/","article_published_time":"2018-09-08T20:01:39+00:00","og_image":[{"url":"https:\/\/www.prijedordanas.com\/wp-content\/uploads\/2018\/09\/rudar-prijedor-tekstilac-jesen-4-300x222.jpg"}],"author":"admin","twitter_card":"summary_large_image","twitter_misc":{"Written by":"admin","Est. reading time":"2 minutes"},"schema":{"@context":"https:\/\/schema.org","@graph":[{"@type":"Article","@id":"https:\/\/www.prijedordanas.com\/?p=112233#article","isPartOf":{"@id":"https:\/\/www.prijedordanas.com\/?p=112233"},"author":{"name":"admin","@id":"https:\/\/www.prijedordanas.com\/#\/schema\/person\/4e08ccf29b506ca916ff86d46bb700e6"},"headline":"RUDAR-PRIJEDOR: TEKSTILAC 0:1 \u2013 FOTO","datePublished":"2018-09-08T20:01:39+00:00","dateModified":"2018-09-08T20:01:39+00:00","mainEntityOfPage":{"@id":"https:\/\/www.prijedordanas.com\/?p=112233"},"wordCount":465,"publisher":{"@id":"https:\/\/www.prijedordanas.com\/#organization"},"articleSection":["Sport"],"inLanguage":"en-US"},{"@type":"WebPage","@id":"https:\/\/www.prijedordanas.com\/?p=112233","url":"https:\/\/www.prijedordanas.com\/?p=112233","name":"RUDAR-PRIJEDOR: TEKSTILAC 0:1 \u2013 FOTO - PrijedorDanas.com - Prijedorski gradski portal","isPartOf":{"@id":"https:\/\/www.prijedordanas.com\/#website"},"datePublished":"2018-09-08T20:01:39+00:00","dateModified":"2018-09-08T20:01:39+00:00","breadcrumb":{"@id":"https:\/\/www.prijedordanas.com\/?p=112233#breadcrumb"},"inLanguage":"en-US","potentialAction":[{"@type":"ReadAction","target":["https:\/\/www.prijedordanas.com\/?p=112233"]}]},{"@type":"BreadcrumbList","@id":"https:\/\/www.prijedordanas.com\/?p=112233#breadcrumb","itemListElement":[{"@type":"ListItem","position":1,"name":"Home","item":"https:\/\/www.prijedordanas.com\/"},{"@type":"ListItem","position":2,"name":"RUDAR-PRIJEDOR: TEKSTILAC 0:1 \u2013 FOTO"}]},{"@type":"WebSite","@id":"https:\/\/www.prijedordanas.com\/#website","url":"https:\/\/www.prijedordanas.com\/","name":"PrijedorDanas.com - Prijedorski gradski portal","description":"Portal o doga\u0111anjima u gradu Prijedoru","publisher":{"@id":"https:\/\/www.prijedordanas.com\/#organization"},"potentialAction":[{"@type":"SearchAction","target":{"@type":"EntryPoint","urlTemplate":"https:\/\/www.prijedordanas.com\/?s={search_term_string}"},"query-input":"required name=search_term_string"}],"inLanguage":"en-US"},{"@type":"Organization","@id":"https:\/\/www.prijedordanas.com\/#organization","name":"PrijedorDanas.com","url":"https:\/\/www.prijedordanas.com\/","logo":{"@type":"ImageObject","inLanguage":"en-US","@id":"https:\/\/www.prijedordanas.com\/#\/schema\/logo\/image\/","url":"http:\/\/www.prijedordanas.com\/wp-content\/uploads\/2021\/12\/logopng.png","contentUrl":"http:\/\/www.prijedordanas.com\/wp-content\/uploads\/2021\/12\/logopng.png","width":1019,"height":776,"caption":"PrijedorDanas.com"},"image":{"@id":"https:\/\/www.prijedordanas.com\/#\/schema\/logo\/image\/"},"sameAs":["https:\/\/www.facebook.com\/PrijedorDanasCom\/"]},{"@type":"Person","@id":"https:\/\/www.prijedordanas.com\/#\/schema\/person\/4e08ccf29b506ca916ff86d46bb700e6","name":"admin","image":{"@type":"ImageObject","inLanguage":"en-US","@id":"https:\/\/www.prijedordanas.com\/#\/schema\/person\/image\/","url":"https:\/\/secure.gravatar.com\/avatar\/1d3fc949d550f0b53a5f0d51e06dfd79?s=96&d=mm&r=g","contentUrl":"https:\/\/secure.gravatar.com\/avatar\/1d3fc949d550f0b53a5f0d51e06dfd79?s=96&d=mm&r=g","caption":"admin"},"url":"https:\/\/www.prijedordanas.com\/?author=1"}]}},"_links":{"self":[{"href":"https:\/\/www.prijedordanas.com\/index.php?rest_route=\/wp\/v2\/posts\/112233"}],"collection":[{"href":"https:\/\/www.prijedordanas.com\/index.php?rest_route=\/wp\/v2\/posts"}],"about":[{"href":"https:\/\/www.prijedordanas.com\/index.php?rest_route=\/wp\/v2\/types\/post"}],"author":[{"embeddable":true,"href":"https:\/\/www.prijedordanas.com\/index.php?rest_route=\/wp\/v2\/users\/1"}],"replies":[{"embeddable":true,"href":"https:\/\/www.prijedordanas.com\/index.php?rest_route=%2Fwp%2Fv2%2Fcomments&post=112233"}],"version-history":[{"count":2,"href":"https:\/\/www.prijedordanas.com\/index.php?rest_route=\/wp\/v2\/posts\/112233\/revisions"}],"predecessor-version":[{"id":112243,"href":"https:\/\/www.prijedordanas.com\/index.php?rest_route=\/wp\/v2\/posts\/112233\/revisions\/112243"}],"wp:attachment":[{"href":"https:\/\/www.prijedordanas.com\/index.php?rest_route=%2Fwp%2Fv2%2Fmedia&parent=112233"}],"wp:term":[{"taxonomy":"category","embeddable":true,"href":"https:\/\/www.prijedordanas.com\/index.php?rest_route=%2Fwp%2Fv2%2Fcategories&post=112233"},{"taxonomy":"post_tag","embeddable":true,"href":"https:\/\/www.prijedordanas.com\/index.php?rest_route=%2Fwp%2Fv2%2Ftags&post=112233"}],"curies":[{"name":"wp","href":"https:\/\/api.w.org\/{rel}","templated":true}]}}