{"id":112132,"date":"2018-09-07T13:55:58","date_gmt":"2018-09-07T11:55:58","guid":{"rendered":"https:\/\/www.prijedordanas.com\/?p=112132"},"modified":"2018-09-07T15:06:14","modified_gmt":"2018-09-07T13:06:14","slug":"dual-radar-na-podrucju-pu-prijedor-od-8-do-30-septembra","status":"publish","type":"post","link":"https:\/\/www.prijedordanas.com\/?p=112132","title":{"rendered":"DUAL RADAR NA PODRU\u010cJU PU PRIJEDOR OD 8. DO 30. SEPTEMBRA"},"content":{"rendered":"<p><img loading=\"lazy\" decoding=\"async\" src=\"https:\/\/www.prijedordanas.com\/wp-content\/uploads\/2017\/08\/dual-radar-300x232.jpg\" alt=\"\" width=\"300\" height=\"232\" class=\"alignleft size-medium wp-image-86891\" srcset=\"https:\/\/www.prijedordanas.com\/wp-content\/uploads\/2017\/08\/dual-radar-300x232.jpg 300w, https:\/\/www.prijedordanas.com\/wp-content\/uploads\/2017\/08\/dual-radar-100x77.jpg 100w, https:\/\/www.prijedordanas.com\/wp-content\/uploads\/2017\/08\/dual-radar.jpg 647w\" sizes=\"(max-width: 300px) 100vw, 300px\" \/>Na podru\u010dju Policijske uprave Prijedor u periodu od 08.09. do 30.09.2018. godine, izvr\u0161i\u0107e se poja\u010dana kontrola u\u010desnika u saobra\u0107aju sa \u201eDual\u201c radarskim sistemom za kontrolu brzine kretanja motornih vozila, bez zaustavljanja od strane policijskih slu\u017ebenika.<\/p>\n<p>\u201eDual\u201c je savremeni radarski sistem koji mo\u017ee da mjeri brzinu vozila u vi\u0161e saobra\u0107ajnih traka u oba pravca, bez obzira na doba dana i vremenske prilike. <\/p>\n<p>Radar \u201eDual\u201c je ure\u0111aj koji ima memoriju na koju policijski slu\u017ebenik ne mo\u017ee da uti\u010de, \u010dime je smanjena mogu\u0107nost korupcije. Ovaj laserski ure\u0111aj mjeri brzinu kretanja vozila do 500 metara udaljenosti.<\/p>\n<p>Policijska uprava Prijedor apeluje na voza\u010de da po\u0161tuju saobra\u0107ajne propise i pravila, posebno kada su u pitanju ograni\u010denja brzine kretanja,te da odgovornim pona\u0161anjem za\u0161tite sebe i druge u\u010desnike u sobra\u0107aju.<\/p>\n<p>PU Prijedor<br \/>\nFoto &#8211; ilustracija<\/p>\n","protected":false},"excerpt":{"rendered":"<p>Na podru\u010dju Policijske uprave Prijedor u periodu od 08.09. do 30.09.2018. godine, izvr\u0161i\u0107e se poja\u010dana kontrola u\u010desnika u saobra\u0107aju sa \u201eDual\u201c radarskim sistemom za kontrolu brzine kretanja motornih vozila, bez [&hellip;]<\/p>\n","protected":false},"author":1,"featured_media":0,"comment_status":"closed","ping_status":"open","sticky":false,"template":"","format":"standard","meta":{"_monsterinsights_skip_tracking":false,"_monsterinsights_sitenote_active":false,"_monsterinsights_sitenote_note":"","_monsterinsights_sitenote_category":0,"footnotes":""},"categories":[4],"tags":[],"yoast_head":"<!-- This site is optimized with the Yoast SEO plugin v21.6 - https:\/\/yoast.com\/wordpress\/plugins\/seo\/ -->\n<title>DUAL RADAR NA PODRU\u010cJU PU PRIJEDOR OD 8. DO 30. SEPTEMBRA - PrijedorDanas.com - Prijedorski gradski portal<\/title>\n<meta name=\"robots\" content=\"index, follow, max-snippet:-1, max-image-preview:large, max-video-preview:-1\" \/>\n<link rel=\"canonical\" href=\"https:\/\/www.prijedordanas.com\/?p=112132\" \/>\n<meta property=\"og:locale\" content=\"en_US\" \/>\n<meta property=\"og:type\" content=\"article\" \/>\n<meta property=\"og:title\" content=\"DUAL RADAR NA PODRU\u010cJU PU PRIJEDOR OD 8. DO 30. SEPTEMBRA - PrijedorDanas.com - Prijedorski gradski portal\" \/>\n<meta property=\"og:description\" content=\"Na podru\u010dju Policijske uprave Prijedor u periodu od 08.09. do 30.09.2018. godine, izvr\u0161i\u0107e se poja\u010dana kontrola u\u010desnika u saobra\u0107aju sa \u201eDual\u201c radarskim sistemom za kontrolu brzine kretanja motornih vozila, bez [&hellip;]\" \/>\n<meta property=\"og:url\" content=\"https:\/\/www.prijedordanas.com\/?p=112132\" \/>\n<meta property=\"og:site_name\" content=\"PrijedorDanas.com - Prijedorski gradski portal\" \/>\n<meta property=\"article:publisher\" content=\"https:\/\/www.facebook.com\/PrijedorDanasCom\/\" \/>\n<meta property=\"article:published_time\" content=\"2018-09-07T11:55:58+00:00\" \/>\n<meta property=\"article:modified_time\" content=\"2018-09-07T13:06:14+00:00\" \/>\n<meta property=\"og:image\" content=\"https:\/\/www.prijedordanas.com\/wp-content\/uploads\/2017\/08\/dual-radar-300x232.jpg\" \/>\n<meta name=\"author\" content=\"admin\" \/>\n<meta name=\"twitter:card\" content=\"summary_large_image\" \/>\n<meta name=\"twitter:label1\" content=\"Written by\" \/>\n\t<meta name=\"twitter:data1\" content=\"admin\" \/>\n\t<meta name=\"twitter:label2\" content=\"Est. reading time\" \/>\n\t<meta name=\"twitter:data2\" content=\"1 minute\" \/>\n<script type=\"application\/ld+json\" class=\"yoast-schema-graph\">{\"@context\":\"https:\/\/schema.org\",\"@graph\":[{\"@type\":\"Article\",\"@id\":\"https:\/\/www.prijedordanas.com\/?p=112132#article\",\"isPartOf\":{\"@id\":\"https:\/\/www.prijedordanas.com\/?p=112132\"},\"author\":{\"name\":\"admin\",\"@id\":\"https:\/\/www.prijedordanas.com\/#\/schema\/person\/4e08ccf29b506ca916ff86d46bb700e6\"},\"headline\":\"DUAL RADAR NA PODRU\u010cJU PU PRIJEDOR OD 8. DO 30. SEPTEMBRA\",\"datePublished\":\"2018-09-07T11:55:58+00:00\",\"dateModified\":\"2018-09-07T13:06:14+00:00\",\"mainEntityOfPage\":{\"@id\":\"https:\/\/www.prijedordanas.com\/?p=112132\"},\"wordCount\":159,\"publisher\":{\"@id\":\"https:\/\/www.prijedordanas.com\/#organization\"},\"articleSection\":[\"Dru\u0161tvo\"],\"inLanguage\":\"en-US\"},{\"@type\":\"WebPage\",\"@id\":\"https:\/\/www.prijedordanas.com\/?p=112132\",\"url\":\"https:\/\/www.prijedordanas.com\/?p=112132\",\"name\":\"DUAL RADAR NA PODRU\u010cJU PU PRIJEDOR OD 8. DO 30. SEPTEMBRA - PrijedorDanas.com - Prijedorski gradski portal\",\"isPartOf\":{\"@id\":\"https:\/\/www.prijedordanas.com\/#website\"},\"datePublished\":\"2018-09-07T11:55:58+00:00\",\"dateModified\":\"2018-09-07T13:06:14+00:00\",\"breadcrumb\":{\"@id\":\"https:\/\/www.prijedordanas.com\/?p=112132#breadcrumb\"},\"inLanguage\":\"en-US\",\"potentialAction\":[{\"@type\":\"ReadAction\",\"target\":[\"https:\/\/www.prijedordanas.com\/?p=112132\"]}]},{\"@type\":\"BreadcrumbList\",\"@id\":\"https:\/\/www.prijedordanas.com\/?p=112132#breadcrumb\",\"itemListElement\":[{\"@type\":\"ListItem\",\"position\":1,\"name\":\"Home\",\"item\":\"https:\/\/www.prijedordanas.com\/\"},{\"@type\":\"ListItem\",\"position\":2,\"name\":\"DUAL RADAR NA PODRU\u010cJU PU PRIJEDOR OD 8. DO 30. SEPTEMBRA\"}]},{\"@type\":\"WebSite\",\"@id\":\"https:\/\/www.prijedordanas.com\/#website\",\"url\":\"https:\/\/www.prijedordanas.com\/\",\"name\":\"PrijedorDanas.com - Prijedorski gradski portal\",\"description\":\"Portal o doga\u0111anjima u gradu Prijedoru\",\"publisher\":{\"@id\":\"https:\/\/www.prijedordanas.com\/#organization\"},\"potentialAction\":[{\"@type\":\"SearchAction\",\"target\":{\"@type\":\"EntryPoint\",\"urlTemplate\":\"https:\/\/www.prijedordanas.com\/?s={search_term_string}\"},\"query-input\":\"required name=search_term_string\"}],\"inLanguage\":\"en-US\"},{\"@type\":\"Organization\",\"@id\":\"https:\/\/www.prijedordanas.com\/#organization\",\"name\":\"PrijedorDanas.com\",\"url\":\"https:\/\/www.prijedordanas.com\/\",\"logo\":{\"@type\":\"ImageObject\",\"inLanguage\":\"en-US\",\"@id\":\"https:\/\/www.prijedordanas.com\/#\/schema\/logo\/image\/\",\"url\":\"http:\/\/www.prijedordanas.com\/wp-content\/uploads\/2021\/12\/logopng.png\",\"contentUrl\":\"http:\/\/www.prijedordanas.com\/wp-content\/uploads\/2021\/12\/logopng.png\",\"width\":1019,\"height\":776,\"caption\":\"PrijedorDanas.com\"},\"image\":{\"@id\":\"https:\/\/www.prijedordanas.com\/#\/schema\/logo\/image\/\"},\"sameAs\":[\"https:\/\/www.facebook.com\/PrijedorDanasCom\/\"]},{\"@type\":\"Person\",\"@id\":\"https:\/\/www.prijedordanas.com\/#\/schema\/person\/4e08ccf29b506ca916ff86d46bb700e6\",\"name\":\"admin\",\"image\":{\"@type\":\"ImageObject\",\"inLanguage\":\"en-US\",\"@id\":\"https:\/\/www.prijedordanas.com\/#\/schema\/person\/image\/\",\"url\":\"https:\/\/secure.gravatar.com\/avatar\/1d3fc949d550f0b53a5f0d51e06dfd79?s=96&d=mm&r=g\",\"contentUrl\":\"https:\/\/secure.gravatar.com\/avatar\/1d3fc949d550f0b53a5f0d51e06dfd79?s=96&d=mm&r=g\",\"caption\":\"admin\"},\"url\":\"https:\/\/www.prijedordanas.com\/?author=1\"}]}<\/script>\n<!-- \/ Yoast SEO plugin. -->","yoast_head_json":{"title":"DUAL RADAR NA PODRU\u010cJU PU PRIJEDOR OD 8. DO 30. SEPTEMBRA - PrijedorDanas.com - Prijedorski gradski portal","robots":{"index":"index","follow":"follow","max-snippet":"max-snippet:-1","max-image-preview":"max-image-preview:large","max-video-preview":"max-video-preview:-1"},"canonical":"https:\/\/www.prijedordanas.com\/?p=112132","og_locale":"en_US","og_type":"article","og_title":"DUAL RADAR NA PODRU\u010cJU PU PRIJEDOR OD 8. DO 30. SEPTEMBRA - PrijedorDanas.com - Prijedorski gradski portal","og_description":"Na podru\u010dju Policijske uprave Prijedor u periodu od 08.09. do 30.09.2018. godine, izvr\u0161i\u0107e se poja\u010dana kontrola u\u010desnika u saobra\u0107aju sa \u201eDual\u201c radarskim sistemom za kontrolu brzine kretanja motornih vozila, bez [&hellip;]","og_url":"https:\/\/www.prijedordanas.com\/?p=112132","og_site_name":"PrijedorDanas.com - Prijedorski gradski portal","article_publisher":"https:\/\/www.facebook.com\/PrijedorDanasCom\/","article_published_time":"2018-09-07T11:55:58+00:00","article_modified_time":"2018-09-07T13:06:14+00:00","og_image":[{"url":"https:\/\/www.prijedordanas.com\/wp-content\/uploads\/2017\/08\/dual-radar-300x232.jpg"}],"author":"admin","twitter_card":"summary_large_image","twitter_misc":{"Written by":"admin","Est. reading time":"1 minute"},"schema":{"@context":"https:\/\/schema.org","@graph":[{"@type":"Article","@id":"https:\/\/www.prijedordanas.com\/?p=112132#article","isPartOf":{"@id":"https:\/\/www.prijedordanas.com\/?p=112132"},"author":{"name":"admin","@id":"https:\/\/www.prijedordanas.com\/#\/schema\/person\/4e08ccf29b506ca916ff86d46bb700e6"},"headline":"DUAL RADAR NA PODRU\u010cJU PU PRIJEDOR OD 8. DO 30. SEPTEMBRA","datePublished":"2018-09-07T11:55:58+00:00","dateModified":"2018-09-07T13:06:14+00:00","mainEntityOfPage":{"@id":"https:\/\/www.prijedordanas.com\/?p=112132"},"wordCount":159,"publisher":{"@id":"https:\/\/www.prijedordanas.com\/#organization"},"articleSection":["Dru\u0161tvo"],"inLanguage":"en-US"},{"@type":"WebPage","@id":"https:\/\/www.prijedordanas.com\/?p=112132","url":"https:\/\/www.prijedordanas.com\/?p=112132","name":"DUAL RADAR NA PODRU\u010cJU PU PRIJEDOR OD 8. DO 30. SEPTEMBRA - PrijedorDanas.com - Prijedorski gradski portal","isPartOf":{"@id":"https:\/\/www.prijedordanas.com\/#website"},"datePublished":"2018-09-07T11:55:58+00:00","dateModified":"2018-09-07T13:06:14+00:00","breadcrumb":{"@id":"https:\/\/www.prijedordanas.com\/?p=112132#breadcrumb"},"inLanguage":"en-US","potentialAction":[{"@type":"ReadAction","target":["https:\/\/www.prijedordanas.com\/?p=112132"]}]},{"@type":"BreadcrumbList","@id":"https:\/\/www.prijedordanas.com\/?p=112132#breadcrumb","itemListElement":[{"@type":"ListItem","position":1,"name":"Home","item":"https:\/\/www.prijedordanas.com\/"},{"@type":"ListItem","position":2,"name":"DUAL RADAR NA PODRU\u010cJU PU PRIJEDOR OD 8. DO 30. SEPTEMBRA"}]},{"@type":"WebSite","@id":"https:\/\/www.prijedordanas.com\/#website","url":"https:\/\/www.prijedordanas.com\/","name":"PrijedorDanas.com - Prijedorski gradski portal","description":"Portal o doga\u0111anjima u gradu Prijedoru","publisher":{"@id":"https:\/\/www.prijedordanas.com\/#organization"},"potentialAction":[{"@type":"SearchAction","target":{"@type":"EntryPoint","urlTemplate":"https:\/\/www.prijedordanas.com\/?s={search_term_string}"},"query-input":"required name=search_term_string"}],"inLanguage":"en-US"},{"@type":"Organization","@id":"https:\/\/www.prijedordanas.com\/#organization","name":"PrijedorDanas.com","url":"https:\/\/www.prijedordanas.com\/","logo":{"@type":"ImageObject","inLanguage":"en-US","@id":"https:\/\/www.prijedordanas.com\/#\/schema\/logo\/image\/","url":"http:\/\/www.prijedordanas.com\/wp-content\/uploads\/2021\/12\/logopng.png","contentUrl":"http:\/\/www.prijedordanas.com\/wp-content\/uploads\/2021\/12\/logopng.png","width":1019,"height":776,"caption":"PrijedorDanas.com"},"image":{"@id":"https:\/\/www.prijedordanas.com\/#\/schema\/logo\/image\/"},"sameAs":["https:\/\/www.facebook.com\/PrijedorDanasCom\/"]},{"@type":"Person","@id":"https:\/\/www.prijedordanas.com\/#\/schema\/person\/4e08ccf29b506ca916ff86d46bb700e6","name":"admin","image":{"@type":"ImageObject","inLanguage":"en-US","@id":"https:\/\/www.prijedordanas.com\/#\/schema\/person\/image\/","url":"https:\/\/secure.gravatar.com\/avatar\/1d3fc949d550f0b53a5f0d51e06dfd79?s=96&d=mm&r=g","contentUrl":"https:\/\/secure.gravatar.com\/avatar\/1d3fc949d550f0b53a5f0d51e06dfd79?s=96&d=mm&r=g","caption":"admin"},"url":"https:\/\/www.prijedordanas.com\/?author=1"}]}},"_links":{"self":[{"href":"https:\/\/www.prijedordanas.com\/index.php?rest_route=\/wp\/v2\/posts\/112132"}],"collection":[{"href":"https:\/\/www.prijedordanas.com\/index.php?rest_route=\/wp\/v2\/posts"}],"about":[{"href":"https:\/\/www.prijedordanas.com\/index.php?rest_route=\/wp\/v2\/types\/post"}],"author":[{"embeddable":true,"href":"https:\/\/www.prijedordanas.com\/index.php?rest_route=\/wp\/v2\/users\/1"}],"replies":[{"embeddable":true,"href":"https:\/\/www.prijedordanas.com\/index.php?rest_route=%2Fwp%2Fv2%2Fcomments&post=112132"}],"version-history":[{"count":1,"href":"https:\/\/www.prijedordanas.com\/index.php?rest_route=\/wp\/v2\/posts\/112132\/revisions"}],"predecessor-version":[{"id":112133,"href":"https:\/\/www.prijedordanas.com\/index.php?rest_route=\/wp\/v2\/posts\/112132\/revisions\/112133"}],"wp:attachment":[{"href":"https:\/\/www.prijedordanas.com\/index.php?rest_route=%2Fwp%2Fv2%2Fmedia&parent=112132"}],"wp:term":[{"taxonomy":"category","embeddable":true,"href":"https:\/\/www.prijedordanas.com\/index.php?rest_route=%2Fwp%2Fv2%2Fcategories&post=112132"},{"taxonomy":"post_tag","embeddable":true,"href":"https:\/\/www.prijedordanas.com\/index.php?rest_route=%2Fwp%2Fv2%2Ftags&post=112132"}],"curies":[{"name":"wp","href":"https:\/\/api.w.org\/{rel}","templated":true}]}}