{"id":111905,"date":"2018-09-04T08:48:01","date_gmt":"2018-09-04T06:48:01","guid":{"rendered":"https:\/\/www.prijedordanas.com\/?p=111905"},"modified":"2018-09-04T08:48:01","modified_gmt":"2018-09-04T06:48:01","slug":"sudenje-mici-jurisicu-noz-pod-grkljanom","status":"publish","type":"post","link":"https:\/\/www.prijedordanas.com\/?p=111905","title":{"rendered":"SU\u0110ENJE MI\u0106I JURI\u0160I\u0106U: NO\u017d POD GRKLJANOM"},"content":{"rendered":"<p><a href=\"https:\/\/www.prijedordanas.com\/wp-content\/uploads\/2016\/02\/sud-bih-2-2.jpg\"><img loading=\"lazy\" decoding=\"async\" src=\"https:\/\/www.prijedordanas.com\/wp-content\/uploads\/2016\/02\/sud-bih-2-2-300x225.jpg\" alt=\"\" width=\"300\" height=\"225\" class=\"alignleft size-medium wp-image-41824\" srcset=\"https:\/\/www.prijedordanas.com\/wp-content\/uploads\/2016\/02\/sud-bih-2-2-300x225.jpg 300w, https:\/\/www.prijedordanas.com\/wp-content\/uploads\/2016\/02\/sud-bih-2-2.jpg 500w\" sizes=\"(max-width: 300px) 100vw, 300px\" \/><\/a>Na su\u0111enju za zlo\u010dine po\u010dinjene u Prijedoru, svjedok Dr\u017eavnog tu\u017eila\u0161tva ispri\u010dao je da mu je optu\u017eeni Mi\u0107o Juri\u0161i\u0107 stavio no\u017e pod grkljan i tra\u017eio od njega da ka\u017ee ko hrani \u201cZelene beretke\u201d.<\/p>\n<p>Edin Veliba\u0161i\u0107 je izjavio da su u junu ili julu 1992. godine srpski vojnici odveli njegovog oca Fadila.<\/p>\n<p>\u201cDo\u0161la je vojska i odvela ga negdje i nikad se vi\u0161e nije ni vratio\u2026 Bio je zaklan, sjekli su mu prste noge. Bio je sav krvav\u201d, kazao je Veliba\u0161i\u0107.<\/p>\n<p>Tu\u017eila\u0161tvo BiH tereti Mi\u0107u Juri\u0161i\u0107a, biv\u0161eg pripadnika rezervnog sastava milicije Tukovi pri Stanici javne bezbjednosti (SJB) Prijedor, da je 1992. u\u010destvovao u progonu nesrpskog civilnog stanovni\u0161tva i to ubistvima, mu\u010denjima, nezakonitim li\u0161avanjem slobode, sprovo\u0111enjem u logore i drugim ne\u010dovje\u010dnim djelima. S Juri\u0161i\u0107em je bio optu\u017een i Dragomir Tintor, koji je u me\u0111uvremenu preminuo.<\/p>\n<p>Veliba\u0161i\u0107 je ispri\u010dao da odranije poznaje Mi\u0107u Juri\u0161i\u0107a kao voza\u010da gradskog autobusa.<\/p>\n<p>\u201cJedne prilike kad je zapaljena Romska mahala, nai\u0161li smo na tri vojnika, me\u0111u kojima sam prepoznao Mi\u0107u Juri\u0161i\u0107a. Mi\u0107o je naredio da stavim ruke iznad glave i kleknem, stavio mi je no\u017e pod grkljan\u201d, rekao je svjedok, pojasniv\u0161i da ga je prethodno pitao \u201cko hrani \u2018Zelene beretke\u2019 po \u0161umama\u201d.<\/p>\n<p>Veliba\u0161i\u0107 je kazao da je optu\u017eenom tada odgovorio da nosi hljebove samo civilima.<\/p>\n<p>\u201cBrat mi je bio iza le\u0111a, dr\u017eao ga je jedan vojnik i \u010duo sam udarac. Onda kad sam priznao da nosim hljebove, spustio je no\u017e i naredio da, dr\u017ee\u0107i ruke iznad glave, idemo kod ku\u0107e. Onda nas je postrojio \u2013 majku, bra\u0107u, sestre. Pitao je majku hrani li \u2018beretke\u2019\u201d, prisjetio se svjedok i dodao da je Juri\u0161i\u0107 prijetio da \u0107e zaklati njegovu \u010detverogodi\u0161nju sestru.<\/p>\n<p>Nakon \u0161to je njegova majka rekla da hrani civile po \u0161umi, svjedok je kazao da je Juri\u0161i\u0107 u\u0161ao u ku\u0107u i uzeo zlato i papire, te cijelu porodicu odveo u naselje \u017deger i rekao im da moraju i\u0107i sa svojim narodom.<\/p>\n<p>Drugi svjedok Meho Mujid\u017ei\u0107 je ispri\u010dao da je vidio kada je Mi\u0107o Juri\u0161i\u0107 odveo Rasima Kljaji\u0107a.<\/p>\n<p>\u201cVidio sam kad je Mi\u0107o iza\u0161ao iz auta, tad je imao bradu i vojni\u010dku maskirnu uniformu. Mi\u0107o je u\u0161ao u dvori\u0161te, naredio Havi da ka\u017ee Rasimu da iza\u0111e. Rasim izlazi, Mi\u0107o ga preuzima, auto je oti\u0161ao prema glavnoj cesti Prijedor \u2013 Sanski Most\u201d, rekao je Mujid\u017ei\u0107.<\/p>\n<p>Nastavak su\u0111enja zakazan je za 7. septembar.<\/p>\n<p>BIRN<\/p>\n","protected":false},"excerpt":{"rendered":"<p>Na su\u0111enju za zlo\u010dine po\u010dinjene u Prijedoru, svjedok Dr\u017eavnog tu\u017eila\u0161tva ispri\u010dao je da mu je optu\u017eeni Mi\u0107o Juri\u0161i\u0107 stavio no\u017e pod grkljan i tra\u017eio od njega da ka\u017ee ko hrani [&hellip;]<\/p>\n","protected":false},"author":1,"featured_media":0,"comment_status":"closed","ping_status":"open","sticky":false,"template":"","format":"standard","meta":{"_monsterinsights_skip_tracking":false,"_monsterinsights_sitenote_active":false,"_monsterinsights_sitenote_note":"","_monsterinsights_sitenote_category":0,"footnotes":""},"categories":[5],"tags":[],"yoast_head":"<!-- This site is optimized with the Yoast SEO plugin v21.6 - https:\/\/yoast.com\/wordpress\/plugins\/seo\/ -->\n<title>SU\u0110ENJE MI\u0106I JURI\u0160I\u0106U: NO\u017d POD GRKLJANOM - PrijedorDanas.com - Prijedorski gradski portal<\/title>\n<meta name=\"robots\" content=\"index, follow, max-snippet:-1, max-image-preview:large, max-video-preview:-1\" \/>\n<link rel=\"canonical\" href=\"https:\/\/www.prijedordanas.com\/?p=111905\" \/>\n<meta property=\"og:locale\" content=\"en_US\" \/>\n<meta property=\"og:type\" content=\"article\" \/>\n<meta property=\"og:title\" content=\"SU\u0110ENJE MI\u0106I JURI\u0160I\u0106U: NO\u017d POD GRKLJANOM - PrijedorDanas.com - Prijedorski gradski portal\" \/>\n<meta property=\"og:description\" content=\"Na su\u0111enju za zlo\u010dine po\u010dinjene u Prijedoru, svjedok Dr\u017eavnog tu\u017eila\u0161tva ispri\u010dao je da mu je optu\u017eeni Mi\u0107o Juri\u0161i\u0107 stavio no\u017e pod grkljan i tra\u017eio od njega da ka\u017ee ko hrani [&hellip;]\" \/>\n<meta property=\"og:url\" content=\"https:\/\/www.prijedordanas.com\/?p=111905\" \/>\n<meta property=\"og:site_name\" content=\"PrijedorDanas.com - Prijedorski gradski portal\" \/>\n<meta property=\"article:publisher\" content=\"https:\/\/www.facebook.com\/PrijedorDanasCom\/\" \/>\n<meta property=\"article:published_time\" content=\"2018-09-04T06:48:01+00:00\" \/>\n<meta property=\"og:image\" content=\"https:\/\/www.prijedordanas.com\/wp-content\/uploads\/2016\/02\/sud-bih-2-2-300x225.jpg\" \/>\n<meta name=\"author\" content=\"admin\" \/>\n<meta name=\"twitter:card\" content=\"summary_large_image\" \/>\n<meta name=\"twitter:label1\" content=\"Written by\" \/>\n\t<meta name=\"twitter:data1\" content=\"admin\" \/>\n\t<meta name=\"twitter:label2\" content=\"Est. reading time\" \/>\n\t<meta name=\"twitter:data2\" content=\"2 minutes\" \/>\n<script type=\"application\/ld+json\" class=\"yoast-schema-graph\">{\"@context\":\"https:\/\/schema.org\",\"@graph\":[{\"@type\":\"Article\",\"@id\":\"https:\/\/www.prijedordanas.com\/?p=111905#article\",\"isPartOf\":{\"@id\":\"https:\/\/www.prijedordanas.com\/?p=111905\"},\"author\":{\"name\":\"admin\",\"@id\":\"https:\/\/www.prijedordanas.com\/#\/schema\/person\/4e08ccf29b506ca916ff86d46bb700e6\"},\"headline\":\"SU\u0110ENJE MI\u0106I JURI\u0160I\u0106U: NO\u017d POD GRKLJANOM\",\"datePublished\":\"2018-09-04T06:48:01+00:00\",\"dateModified\":\"2018-09-04T06:48:01+00:00\",\"mainEntityOfPage\":{\"@id\":\"https:\/\/www.prijedordanas.com\/?p=111905\"},\"wordCount\":463,\"publisher\":{\"@id\":\"https:\/\/www.prijedordanas.com\/#organization\"},\"articleSection\":[\"Hronika\"],\"inLanguage\":\"en-US\"},{\"@type\":\"WebPage\",\"@id\":\"https:\/\/www.prijedordanas.com\/?p=111905\",\"url\":\"https:\/\/www.prijedordanas.com\/?p=111905\",\"name\":\"SU\u0110ENJE MI\u0106I JURI\u0160I\u0106U: NO\u017d POD GRKLJANOM - PrijedorDanas.com - Prijedorski gradski portal\",\"isPartOf\":{\"@id\":\"https:\/\/www.prijedordanas.com\/#website\"},\"datePublished\":\"2018-09-04T06:48:01+00:00\",\"dateModified\":\"2018-09-04T06:48:01+00:00\",\"breadcrumb\":{\"@id\":\"https:\/\/www.prijedordanas.com\/?p=111905#breadcrumb\"},\"inLanguage\":\"en-US\",\"potentialAction\":[{\"@type\":\"ReadAction\",\"target\":[\"https:\/\/www.prijedordanas.com\/?p=111905\"]}]},{\"@type\":\"BreadcrumbList\",\"@id\":\"https:\/\/www.prijedordanas.com\/?p=111905#breadcrumb\",\"itemListElement\":[{\"@type\":\"ListItem\",\"position\":1,\"name\":\"Home\",\"item\":\"https:\/\/www.prijedordanas.com\/\"},{\"@type\":\"ListItem\",\"position\":2,\"name\":\"SU\u0110ENJE MI\u0106I JURI\u0160I\u0106U: NO\u017d POD GRKLJANOM\"}]},{\"@type\":\"WebSite\",\"@id\":\"https:\/\/www.prijedordanas.com\/#website\",\"url\":\"https:\/\/www.prijedordanas.com\/\",\"name\":\"PrijedorDanas.com - Prijedorski gradski portal\",\"description\":\"Portal o doga\u0111anjima u gradu Prijedoru\",\"publisher\":{\"@id\":\"https:\/\/www.prijedordanas.com\/#organization\"},\"potentialAction\":[{\"@type\":\"SearchAction\",\"target\":{\"@type\":\"EntryPoint\",\"urlTemplate\":\"https:\/\/www.prijedordanas.com\/?s={search_term_string}\"},\"query-input\":\"required name=search_term_string\"}],\"inLanguage\":\"en-US\"},{\"@type\":\"Organization\",\"@id\":\"https:\/\/www.prijedordanas.com\/#organization\",\"name\":\"PrijedorDanas.com\",\"url\":\"https:\/\/www.prijedordanas.com\/\",\"logo\":{\"@type\":\"ImageObject\",\"inLanguage\":\"en-US\",\"@id\":\"https:\/\/www.prijedordanas.com\/#\/schema\/logo\/image\/\",\"url\":\"http:\/\/www.prijedordanas.com\/wp-content\/uploads\/2021\/12\/logopng.png\",\"contentUrl\":\"http:\/\/www.prijedordanas.com\/wp-content\/uploads\/2021\/12\/logopng.png\",\"width\":1019,\"height\":776,\"caption\":\"PrijedorDanas.com\"},\"image\":{\"@id\":\"https:\/\/www.prijedordanas.com\/#\/schema\/logo\/image\/\"},\"sameAs\":[\"https:\/\/www.facebook.com\/PrijedorDanasCom\/\"]},{\"@type\":\"Person\",\"@id\":\"https:\/\/www.prijedordanas.com\/#\/schema\/person\/4e08ccf29b506ca916ff86d46bb700e6\",\"name\":\"admin\",\"image\":{\"@type\":\"ImageObject\",\"inLanguage\":\"en-US\",\"@id\":\"https:\/\/www.prijedordanas.com\/#\/schema\/person\/image\/\",\"url\":\"https:\/\/secure.gravatar.com\/avatar\/1d3fc949d550f0b53a5f0d51e06dfd79?s=96&d=mm&r=g\",\"contentUrl\":\"https:\/\/secure.gravatar.com\/avatar\/1d3fc949d550f0b53a5f0d51e06dfd79?s=96&d=mm&r=g\",\"caption\":\"admin\"},\"url\":\"https:\/\/www.prijedordanas.com\/?author=1\"}]}<\/script>\n<!-- \/ Yoast SEO plugin. -->","yoast_head_json":{"title":"SU\u0110ENJE MI\u0106I JURI\u0160I\u0106U: NO\u017d POD GRKLJANOM - PrijedorDanas.com - Prijedorski gradski portal","robots":{"index":"index","follow":"follow","max-snippet":"max-snippet:-1","max-image-preview":"max-image-preview:large","max-video-preview":"max-video-preview:-1"},"canonical":"https:\/\/www.prijedordanas.com\/?p=111905","og_locale":"en_US","og_type":"article","og_title":"SU\u0110ENJE MI\u0106I JURI\u0160I\u0106U: NO\u017d POD GRKLJANOM - PrijedorDanas.com - Prijedorski gradski portal","og_description":"Na su\u0111enju za zlo\u010dine po\u010dinjene u Prijedoru, svjedok Dr\u017eavnog tu\u017eila\u0161tva ispri\u010dao je da mu je optu\u017eeni Mi\u0107o Juri\u0161i\u0107 stavio no\u017e pod grkljan i tra\u017eio od njega da ka\u017ee ko hrani [&hellip;]","og_url":"https:\/\/www.prijedordanas.com\/?p=111905","og_site_name":"PrijedorDanas.com - Prijedorski gradski portal","article_publisher":"https:\/\/www.facebook.com\/PrijedorDanasCom\/","article_published_time":"2018-09-04T06:48:01+00:00","og_image":[{"url":"https:\/\/www.prijedordanas.com\/wp-content\/uploads\/2016\/02\/sud-bih-2-2-300x225.jpg"}],"author":"admin","twitter_card":"summary_large_image","twitter_misc":{"Written by":"admin","Est. reading time":"2 minutes"},"schema":{"@context":"https:\/\/schema.org","@graph":[{"@type":"Article","@id":"https:\/\/www.prijedordanas.com\/?p=111905#article","isPartOf":{"@id":"https:\/\/www.prijedordanas.com\/?p=111905"},"author":{"name":"admin","@id":"https:\/\/www.prijedordanas.com\/#\/schema\/person\/4e08ccf29b506ca916ff86d46bb700e6"},"headline":"SU\u0110ENJE MI\u0106I JURI\u0160I\u0106U: NO\u017d POD GRKLJANOM","datePublished":"2018-09-04T06:48:01+00:00","dateModified":"2018-09-04T06:48:01+00:00","mainEntityOfPage":{"@id":"https:\/\/www.prijedordanas.com\/?p=111905"},"wordCount":463,"publisher":{"@id":"https:\/\/www.prijedordanas.com\/#organization"},"articleSection":["Hronika"],"inLanguage":"en-US"},{"@type":"WebPage","@id":"https:\/\/www.prijedordanas.com\/?p=111905","url":"https:\/\/www.prijedordanas.com\/?p=111905","name":"SU\u0110ENJE MI\u0106I JURI\u0160I\u0106U: NO\u017d POD GRKLJANOM - PrijedorDanas.com - Prijedorski gradski portal","isPartOf":{"@id":"https:\/\/www.prijedordanas.com\/#website"},"datePublished":"2018-09-04T06:48:01+00:00","dateModified":"2018-09-04T06:48:01+00:00","breadcrumb":{"@id":"https:\/\/www.prijedordanas.com\/?p=111905#breadcrumb"},"inLanguage":"en-US","potentialAction":[{"@type":"ReadAction","target":["https:\/\/www.prijedordanas.com\/?p=111905"]}]},{"@type":"BreadcrumbList","@id":"https:\/\/www.prijedordanas.com\/?p=111905#breadcrumb","itemListElement":[{"@type":"ListItem","position":1,"name":"Home","item":"https:\/\/www.prijedordanas.com\/"},{"@type":"ListItem","position":2,"name":"SU\u0110ENJE MI\u0106I JURI\u0160I\u0106U: NO\u017d POD GRKLJANOM"}]},{"@type":"WebSite","@id":"https:\/\/www.prijedordanas.com\/#website","url":"https:\/\/www.prijedordanas.com\/","name":"PrijedorDanas.com - Prijedorski gradski portal","description":"Portal o doga\u0111anjima u gradu Prijedoru","publisher":{"@id":"https:\/\/www.prijedordanas.com\/#organization"},"potentialAction":[{"@type":"SearchAction","target":{"@type":"EntryPoint","urlTemplate":"https:\/\/www.prijedordanas.com\/?s={search_term_string}"},"query-input":"required name=search_term_string"}],"inLanguage":"en-US"},{"@type":"Organization","@id":"https:\/\/www.prijedordanas.com\/#organization","name":"PrijedorDanas.com","url":"https:\/\/www.prijedordanas.com\/","logo":{"@type":"ImageObject","inLanguage":"en-US","@id":"https:\/\/www.prijedordanas.com\/#\/schema\/logo\/image\/","url":"http:\/\/www.prijedordanas.com\/wp-content\/uploads\/2021\/12\/logopng.png","contentUrl":"http:\/\/www.prijedordanas.com\/wp-content\/uploads\/2021\/12\/logopng.png","width":1019,"height":776,"caption":"PrijedorDanas.com"},"image":{"@id":"https:\/\/www.prijedordanas.com\/#\/schema\/logo\/image\/"},"sameAs":["https:\/\/www.facebook.com\/PrijedorDanasCom\/"]},{"@type":"Person","@id":"https:\/\/www.prijedordanas.com\/#\/schema\/person\/4e08ccf29b506ca916ff86d46bb700e6","name":"admin","image":{"@type":"ImageObject","inLanguage":"en-US","@id":"https:\/\/www.prijedordanas.com\/#\/schema\/person\/image\/","url":"https:\/\/secure.gravatar.com\/avatar\/1d3fc949d550f0b53a5f0d51e06dfd79?s=96&d=mm&r=g","contentUrl":"https:\/\/secure.gravatar.com\/avatar\/1d3fc949d550f0b53a5f0d51e06dfd79?s=96&d=mm&r=g","caption":"admin"},"url":"https:\/\/www.prijedordanas.com\/?author=1"}]}},"_links":{"self":[{"href":"https:\/\/www.prijedordanas.com\/index.php?rest_route=\/wp\/v2\/posts\/111905"}],"collection":[{"href":"https:\/\/www.prijedordanas.com\/index.php?rest_route=\/wp\/v2\/posts"}],"about":[{"href":"https:\/\/www.prijedordanas.com\/index.php?rest_route=\/wp\/v2\/types\/post"}],"author":[{"embeddable":true,"href":"https:\/\/www.prijedordanas.com\/index.php?rest_route=\/wp\/v2\/users\/1"}],"replies":[{"embeddable":true,"href":"https:\/\/www.prijedordanas.com\/index.php?rest_route=%2Fwp%2Fv2%2Fcomments&post=111905"}],"version-history":[{"count":1,"href":"https:\/\/www.prijedordanas.com\/index.php?rest_route=\/wp\/v2\/posts\/111905\/revisions"}],"predecessor-version":[{"id":111906,"href":"https:\/\/www.prijedordanas.com\/index.php?rest_route=\/wp\/v2\/posts\/111905\/revisions\/111906"}],"wp:attachment":[{"href":"https:\/\/www.prijedordanas.com\/index.php?rest_route=%2Fwp%2Fv2%2Fmedia&parent=111905"}],"wp:term":[{"taxonomy":"category","embeddable":true,"href":"https:\/\/www.prijedordanas.com\/index.php?rest_route=%2Fwp%2Fv2%2Fcategories&post=111905"},{"taxonomy":"post_tag","embeddable":true,"href":"https:\/\/www.prijedordanas.com\/index.php?rest_route=%2Fwp%2Fv2%2Ftags&post=111905"}],"curies":[{"name":"wp","href":"https:\/\/api.w.org\/{rel}","templated":true}]}}