{"id":11185,"date":"2014-11-26T11:49:20","date_gmt":"2014-11-26T10:49:20","guid":{"rendered":"https:\/\/www.prijedordanas.com\/?p=11185"},"modified":"2014-11-26T11:49:20","modified_gmt":"2014-11-26T10:49:20","slug":"mihajlo-srecan-ti-rodendan","status":"publish","type":"post","link":"https:\/\/www.prijedordanas.com\/?p=11185","title":{"rendered":"MIHAJLO SRE\u0106AN TI RO\u0110ENDAN"},"content":{"rendered":"<p><a href=\"https:\/\/www.prijedordanas.com\/wp-content\/uploads\/2014\/11\/vesti-mihajlo-rodjendan.jpg\"><img loading=\"lazy\" decoding=\"async\" src=\"https:\/\/www.prijedordanas.com\/wp-content\/uploads\/2014\/11\/vesti-mihajlo-rodjendan-300x181.jpg\" alt=\"vesti-mihajlo rodjendan\" width=\"300\" height=\"181\" class=\"alignleft size-medium wp-image-11186\" srcset=\"https:\/\/www.prijedordanas.com\/wp-content\/uploads\/2014\/11\/vesti-mihajlo-rodjendan-300x181.jpg 300w, https:\/\/www.prijedordanas.com\/wp-content\/uploads\/2014\/11\/vesti-mihajlo-rodjendan.jpg 500w\" sizes=\"(max-width: 300px) 100vw, 300px\" \/><\/a>Mihajlo Kuki\u0107 iz Prijedora, na\u0161 \u0161ti\u0107enik, ovih dana napunio je 14 godina. Gotovo od ro\u0111enja pa do danas ovaj de\u010dak vodi bitku za svoje zdravlje. Mihajlo je jo\u0161 kao beba imao dve transplantacije &#8211; ko\u0161tane sr\u017ei i jetre, a za tre\u0107i zahvat &#8211; presa\u0111ivanje ro\u017enja\u010de \u010deka na znak lekara iz Milana koji \u0107e re\u0107i kada je najpogodnije vreme za ovu operaciju.<\/p>\n<p>U akciji Humanitarnog mosta i \u010ditalaca &#8220;Vesti&#8221; u rekordnom roku je prikupljen potreban novac za tre\u0107u transplantaciju. U Milano pro\u0161log leta Mihajlo nije oti\u0161ao, zbog iznenadnih poplava. Zato s nadom \u010deka prole\u0107e a u me\u0111uvremenu svakog meseca odlazi na preglede u srpsku prestonicu. Osim toga Mihajlo pije i odre\u0111eni lek koji farmaceutski stru\u010dnjaci pripremaju u jednoj od beogradskih apoteka i po koji majka Sonija odlazi svakog meseca. <\/p>\n<p>&#8211; Ispo\u010detka sam uspela da organizujem da mi se lek za Mihajla po\u0161alje autobusom, ali kako su voza\u010di imali problema na granici vi\u0161e tako na \u017ealost ne mogu da ga dobijam. Zato moram i\u0107i svakog meseca u Beograd da ga preuzmem &#8211; ka\u017ee majka Sonija i obja\u0161njava da se ovaj medikament ne mo\u017ee naru\u010diti ni u jednoj apoteci u Srpskoj. &#8211; Pored toga, lekovi u Srbiji tri puta su jeftiniji i za ista sredstva u Beogradu mogu da kupim tri doze ve\u0161ta\u010dkih suza dok ovde u Prijedoru mogu samo jednu &#8211; ka\u017ee majka Sonija kojoj bi zbog svih tih razloga pomo\u0107 ljudi dobre volje zna\u010dila kao &#8216;sunce ozeblima&#8230;&#8221;. <\/p>\n<p>Mihajlo je u septembru po\u010deo da ide tri puta sedmi\u010dno u \u0161kolu i to je trajalo sve donedavno, ali se napor koji je izazivalo \u010ditanje i pisanje odrazio na Mihajlovim o\u010dima, pa su lekari preporu\u010dili da nastavi sa u\u010denjem kod ku\u0107e. Ali ko to danas od siroma\u0161nog naroda mo\u017ee sebi da plati privatnu u\u010diteljicu. Kuki\u0107i svakako ne, pa \u0107e Mihajlova \u017eelja da poha\u0111a \u0161kolu zasad ostati neispunjena, jer je njegovo zdravlje ipak na prvom mestu.<\/p>\n<p>Pa\u017eljivi dijasporci<br \/>\nU ku\u0107i Kuki\u0107a jo\u0161 se se\u0107aju prethodnog Bo\u017ei\u0107a kada ih je obradovala donatorka Rajka Tarla\u0107 iz Australije sa svojim prijateljima kao i poziva Klini\u010dkog centra Banjaluka na uru\u010denje bo\u017ei\u0107nih paketi\u0107a. A ro\u0111endan Mihajla Kuki\u0107a ve\u0107 deset godina ne zaboravlja ni grupa od \u0161est Italijana iz Trenta na \u010delu sa \u0110anijem \u0106itronijem. <\/p>\n<p>POZIV DONATORIMA<br \/>\nAko \u017eelite da se uklju\u010dite u neku od akcija Humanitarnog mosta, javite se na mejl adresu: hmost@frvesti.com. Dobi\u0107ete adresu i broj telefona porodice kojoj \u017eelite da pomognete i dogovoriti se sa njima o na\u010dinu dostave donacije. Informacije mo\u017eete da dobijete i od novinara Humanitarnog mosta na: +381 11 31 93 771 i +381 11 31 90 924. <\/p>\n<p>Vesti-online.com<\/p>\n","protected":false},"excerpt":{"rendered":"<p>Mihajlo Kuki\u0107 iz Prijedora, na\u0161 \u0161ti\u0107enik, ovih dana napunio je 14 godina. Gotovo od ro\u0111enja pa do danas ovaj de\u010dak vodi bitku za svoje zdravlje. Mihajlo je jo\u0161 kao beba [&hellip;]<\/p>\n","protected":false},"author":1,"featured_media":0,"comment_status":"closed","ping_status":"open","sticky":false,"template":"","format":"standard","meta":{"_monsterinsights_skip_tracking":false,"_monsterinsights_sitenote_active":false,"_monsterinsights_sitenote_note":"","_monsterinsights_sitenote_category":0,"footnotes":""},"categories":[3],"tags":[1033],"yoast_head":"<!-- This site is optimized with the Yoast SEO plugin v21.6 - https:\/\/yoast.com\/wordpress\/plugins\/seo\/ -->\n<title>MIHAJLO SRE\u0106AN TI RO\u0110ENDAN - PrijedorDanas.com - Prijedorski gradski portal<\/title>\n<meta name=\"robots\" content=\"index, follow, max-snippet:-1, max-image-preview:large, max-video-preview:-1\" \/>\n<link rel=\"canonical\" href=\"https:\/\/www.prijedordanas.com\/?p=11185\" \/>\n<meta property=\"og:locale\" content=\"en_US\" \/>\n<meta property=\"og:type\" content=\"article\" \/>\n<meta property=\"og:title\" content=\"MIHAJLO SRE\u0106AN TI RO\u0110ENDAN - PrijedorDanas.com - Prijedorski gradski portal\" \/>\n<meta property=\"og:description\" content=\"Mihajlo Kuki\u0107 iz Prijedora, na\u0161 \u0161ti\u0107enik, ovih dana napunio je 14 godina. Gotovo od ro\u0111enja pa do danas ovaj de\u010dak vodi bitku za svoje zdravlje. Mihajlo je jo\u0161 kao beba [&hellip;]\" \/>\n<meta property=\"og:url\" content=\"https:\/\/www.prijedordanas.com\/?p=11185\" \/>\n<meta property=\"og:site_name\" content=\"PrijedorDanas.com - Prijedorski gradski portal\" \/>\n<meta property=\"article:publisher\" content=\"https:\/\/www.facebook.com\/PrijedorDanasCom\/\" \/>\n<meta property=\"article:published_time\" content=\"2014-11-26T10:49:20+00:00\" \/>\n<meta property=\"og:image\" content=\"https:\/\/www.prijedordanas.com\/wp-content\/uploads\/2014\/11\/vesti-mihajlo-rodjendan-300x181.jpg\" \/>\n<meta name=\"author\" content=\"admin\" \/>\n<meta name=\"twitter:card\" content=\"summary_large_image\" \/>\n<meta name=\"twitter:label1\" content=\"Written by\" \/>\n\t<meta name=\"twitter:data1\" content=\"admin\" \/>\n\t<meta name=\"twitter:label2\" content=\"Est. reading time\" \/>\n\t<meta name=\"twitter:data2\" content=\"2 minutes\" \/>\n<script type=\"application\/ld+json\" class=\"yoast-schema-graph\">{\"@context\":\"https:\/\/schema.org\",\"@graph\":[{\"@type\":\"Article\",\"@id\":\"https:\/\/www.prijedordanas.com\/?p=11185#article\",\"isPartOf\":{\"@id\":\"https:\/\/www.prijedordanas.com\/?p=11185\"},\"author\":{\"name\":\"admin\",\"@id\":\"https:\/\/www.prijedordanas.com\/#\/schema\/person\/4e08ccf29b506ca916ff86d46bb700e6\"},\"headline\":\"MIHAJLO SRE\u0106AN TI RO\u0110ENDAN\",\"datePublished\":\"2014-11-26T10:49:20+00:00\",\"dateModified\":\"2014-11-26T10:49:20+00:00\",\"mainEntityOfPage\":{\"@id\":\"https:\/\/www.prijedordanas.com\/?p=11185\"},\"wordCount\":480,\"publisher\":{\"@id\":\"https:\/\/www.prijedordanas.com\/#organization\"},\"keywords\":[\"Mihajlo Kuki\u0107\"],\"articleSection\":[\"\u017divot\"],\"inLanguage\":\"en-US\"},{\"@type\":\"WebPage\",\"@id\":\"https:\/\/www.prijedordanas.com\/?p=11185\",\"url\":\"https:\/\/www.prijedordanas.com\/?p=11185\",\"name\":\"MIHAJLO SRE\u0106AN TI RO\u0110ENDAN - PrijedorDanas.com - Prijedorski gradski portal\",\"isPartOf\":{\"@id\":\"https:\/\/www.prijedordanas.com\/#website\"},\"datePublished\":\"2014-11-26T10:49:20+00:00\",\"dateModified\":\"2014-11-26T10:49:20+00:00\",\"breadcrumb\":{\"@id\":\"https:\/\/www.prijedordanas.com\/?p=11185#breadcrumb\"},\"inLanguage\":\"en-US\",\"potentialAction\":[{\"@type\":\"ReadAction\",\"target\":[\"https:\/\/www.prijedordanas.com\/?p=11185\"]}]},{\"@type\":\"BreadcrumbList\",\"@id\":\"https:\/\/www.prijedordanas.com\/?p=11185#breadcrumb\",\"itemListElement\":[{\"@type\":\"ListItem\",\"position\":1,\"name\":\"Home\",\"item\":\"https:\/\/www.prijedordanas.com\/\"},{\"@type\":\"ListItem\",\"position\":2,\"name\":\"MIHAJLO SRE\u0106AN TI RO\u0110ENDAN\"}]},{\"@type\":\"WebSite\",\"@id\":\"https:\/\/www.prijedordanas.com\/#website\",\"url\":\"https:\/\/www.prijedordanas.com\/\",\"name\":\"PrijedorDanas.com - Prijedorski gradski portal\",\"description\":\"Portal o doga\u0111anjima u gradu Prijedoru\",\"publisher\":{\"@id\":\"https:\/\/www.prijedordanas.com\/#organization\"},\"potentialAction\":[{\"@type\":\"SearchAction\",\"target\":{\"@type\":\"EntryPoint\",\"urlTemplate\":\"https:\/\/www.prijedordanas.com\/?s={search_term_string}\"},\"query-input\":\"required name=search_term_string\"}],\"inLanguage\":\"en-US\"},{\"@type\":\"Organization\",\"@id\":\"https:\/\/www.prijedordanas.com\/#organization\",\"name\":\"PrijedorDanas.com\",\"url\":\"https:\/\/www.prijedordanas.com\/\",\"logo\":{\"@type\":\"ImageObject\",\"inLanguage\":\"en-US\",\"@id\":\"https:\/\/www.prijedordanas.com\/#\/schema\/logo\/image\/\",\"url\":\"http:\/\/www.prijedordanas.com\/wp-content\/uploads\/2021\/12\/logopng.png\",\"contentUrl\":\"http:\/\/www.prijedordanas.com\/wp-content\/uploads\/2021\/12\/logopng.png\",\"width\":1019,\"height\":776,\"caption\":\"PrijedorDanas.com\"},\"image\":{\"@id\":\"https:\/\/www.prijedordanas.com\/#\/schema\/logo\/image\/\"},\"sameAs\":[\"https:\/\/www.facebook.com\/PrijedorDanasCom\/\"]},{\"@type\":\"Person\",\"@id\":\"https:\/\/www.prijedordanas.com\/#\/schema\/person\/4e08ccf29b506ca916ff86d46bb700e6\",\"name\":\"admin\",\"image\":{\"@type\":\"ImageObject\",\"inLanguage\":\"en-US\",\"@id\":\"https:\/\/www.prijedordanas.com\/#\/schema\/person\/image\/\",\"url\":\"https:\/\/secure.gravatar.com\/avatar\/1d3fc949d550f0b53a5f0d51e06dfd79?s=96&d=mm&r=g\",\"contentUrl\":\"https:\/\/secure.gravatar.com\/avatar\/1d3fc949d550f0b53a5f0d51e06dfd79?s=96&d=mm&r=g\",\"caption\":\"admin\"},\"url\":\"https:\/\/www.prijedordanas.com\/?author=1\"}]}<\/script>\n<!-- \/ Yoast SEO plugin. -->","yoast_head_json":{"title":"MIHAJLO SRE\u0106AN TI RO\u0110ENDAN - PrijedorDanas.com - Prijedorski gradski portal","robots":{"index":"index","follow":"follow","max-snippet":"max-snippet:-1","max-image-preview":"max-image-preview:large","max-video-preview":"max-video-preview:-1"},"canonical":"https:\/\/www.prijedordanas.com\/?p=11185","og_locale":"en_US","og_type":"article","og_title":"MIHAJLO SRE\u0106AN TI RO\u0110ENDAN - PrijedorDanas.com - Prijedorski gradski portal","og_description":"Mihajlo Kuki\u0107 iz Prijedora, na\u0161 \u0161ti\u0107enik, ovih dana napunio je 14 godina. Gotovo od ro\u0111enja pa do danas ovaj de\u010dak vodi bitku za svoje zdravlje. Mihajlo je jo\u0161 kao beba [&hellip;]","og_url":"https:\/\/www.prijedordanas.com\/?p=11185","og_site_name":"PrijedorDanas.com - Prijedorski gradski portal","article_publisher":"https:\/\/www.facebook.com\/PrijedorDanasCom\/","article_published_time":"2014-11-26T10:49:20+00:00","og_image":[{"url":"https:\/\/www.prijedordanas.com\/wp-content\/uploads\/2014\/11\/vesti-mihajlo-rodjendan-300x181.jpg"}],"author":"admin","twitter_card":"summary_large_image","twitter_misc":{"Written by":"admin","Est. reading time":"2 minutes"},"schema":{"@context":"https:\/\/schema.org","@graph":[{"@type":"Article","@id":"https:\/\/www.prijedordanas.com\/?p=11185#article","isPartOf":{"@id":"https:\/\/www.prijedordanas.com\/?p=11185"},"author":{"name":"admin","@id":"https:\/\/www.prijedordanas.com\/#\/schema\/person\/4e08ccf29b506ca916ff86d46bb700e6"},"headline":"MIHAJLO SRE\u0106AN TI RO\u0110ENDAN","datePublished":"2014-11-26T10:49:20+00:00","dateModified":"2014-11-26T10:49:20+00:00","mainEntityOfPage":{"@id":"https:\/\/www.prijedordanas.com\/?p=11185"},"wordCount":480,"publisher":{"@id":"https:\/\/www.prijedordanas.com\/#organization"},"keywords":["Mihajlo Kuki\u0107"],"articleSection":["\u017divot"],"inLanguage":"en-US"},{"@type":"WebPage","@id":"https:\/\/www.prijedordanas.com\/?p=11185","url":"https:\/\/www.prijedordanas.com\/?p=11185","name":"MIHAJLO SRE\u0106AN TI RO\u0110ENDAN - PrijedorDanas.com - Prijedorski gradski portal","isPartOf":{"@id":"https:\/\/www.prijedordanas.com\/#website"},"datePublished":"2014-11-26T10:49:20+00:00","dateModified":"2014-11-26T10:49:20+00:00","breadcrumb":{"@id":"https:\/\/www.prijedordanas.com\/?p=11185#breadcrumb"},"inLanguage":"en-US","potentialAction":[{"@type":"ReadAction","target":["https:\/\/www.prijedordanas.com\/?p=11185"]}]},{"@type":"BreadcrumbList","@id":"https:\/\/www.prijedordanas.com\/?p=11185#breadcrumb","itemListElement":[{"@type":"ListItem","position":1,"name":"Home","item":"https:\/\/www.prijedordanas.com\/"},{"@type":"ListItem","position":2,"name":"MIHAJLO SRE\u0106AN TI RO\u0110ENDAN"}]},{"@type":"WebSite","@id":"https:\/\/www.prijedordanas.com\/#website","url":"https:\/\/www.prijedordanas.com\/","name":"PrijedorDanas.com - Prijedorski gradski portal","description":"Portal o doga\u0111anjima u gradu Prijedoru","publisher":{"@id":"https:\/\/www.prijedordanas.com\/#organization"},"potentialAction":[{"@type":"SearchAction","target":{"@type":"EntryPoint","urlTemplate":"https:\/\/www.prijedordanas.com\/?s={search_term_string}"},"query-input":"required name=search_term_string"}],"inLanguage":"en-US"},{"@type":"Organization","@id":"https:\/\/www.prijedordanas.com\/#organization","name":"PrijedorDanas.com","url":"https:\/\/www.prijedordanas.com\/","logo":{"@type":"ImageObject","inLanguage":"en-US","@id":"https:\/\/www.prijedordanas.com\/#\/schema\/logo\/image\/","url":"http:\/\/www.prijedordanas.com\/wp-content\/uploads\/2021\/12\/logopng.png","contentUrl":"http:\/\/www.prijedordanas.com\/wp-content\/uploads\/2021\/12\/logopng.png","width":1019,"height":776,"caption":"PrijedorDanas.com"},"image":{"@id":"https:\/\/www.prijedordanas.com\/#\/schema\/logo\/image\/"},"sameAs":["https:\/\/www.facebook.com\/PrijedorDanasCom\/"]},{"@type":"Person","@id":"https:\/\/www.prijedordanas.com\/#\/schema\/person\/4e08ccf29b506ca916ff86d46bb700e6","name":"admin","image":{"@type":"ImageObject","inLanguage":"en-US","@id":"https:\/\/www.prijedordanas.com\/#\/schema\/person\/image\/","url":"https:\/\/secure.gravatar.com\/avatar\/1d3fc949d550f0b53a5f0d51e06dfd79?s=96&d=mm&r=g","contentUrl":"https:\/\/secure.gravatar.com\/avatar\/1d3fc949d550f0b53a5f0d51e06dfd79?s=96&d=mm&r=g","caption":"admin"},"url":"https:\/\/www.prijedordanas.com\/?author=1"}]}},"_links":{"self":[{"href":"https:\/\/www.prijedordanas.com\/index.php?rest_route=\/wp\/v2\/posts\/11185"}],"collection":[{"href":"https:\/\/www.prijedordanas.com\/index.php?rest_route=\/wp\/v2\/posts"}],"about":[{"href":"https:\/\/www.prijedordanas.com\/index.php?rest_route=\/wp\/v2\/types\/post"}],"author":[{"embeddable":true,"href":"https:\/\/www.prijedordanas.com\/index.php?rest_route=\/wp\/v2\/users\/1"}],"replies":[{"embeddable":true,"href":"https:\/\/www.prijedordanas.com\/index.php?rest_route=%2Fwp%2Fv2%2Fcomments&post=11185"}],"version-history":[{"count":1,"href":"https:\/\/www.prijedordanas.com\/index.php?rest_route=\/wp\/v2\/posts\/11185\/revisions"}],"predecessor-version":[{"id":11187,"href":"https:\/\/www.prijedordanas.com\/index.php?rest_route=\/wp\/v2\/posts\/11185\/revisions\/11187"}],"wp:attachment":[{"href":"https:\/\/www.prijedordanas.com\/index.php?rest_route=%2Fwp%2Fv2%2Fmedia&parent=11185"}],"wp:term":[{"taxonomy":"category","embeddable":true,"href":"https:\/\/www.prijedordanas.com\/index.php?rest_route=%2Fwp%2Fv2%2Fcategories&post=11185"},{"taxonomy":"post_tag","embeddable":true,"href":"https:\/\/www.prijedordanas.com\/index.php?rest_route=%2Fwp%2Fv2%2Ftags&post=11185"}],"curies":[{"name":"wp","href":"https:\/\/api.w.org\/{rel}","templated":true}]}}