{"id":111650,"date":"2018-08-31T18:13:15","date_gmt":"2018-08-31T16:13:15","guid":{"rendered":"https:\/\/www.prijedordanas.com\/?p=111650"},"modified":"2018-08-31T18:13:15","modified_gmt":"2018-08-31T16:13:15","slug":"prijedor-odrzan-poslovni-forum-prijedorske-dijaspore-i-lokalnih-privrednika-video","status":"publish","type":"post","link":"https:\/\/www.prijedordanas.com\/?p=111650","title":{"rendered":"PRIJEDOR: ODR\u017dAN POSLOVNI FORUM PRIJEDORSKE DIJASPORE I LOKALNIH PRIVREDNIKA \u2013 VIDEO"},"content":{"rendered":"<p><a href=\"https:\/\/www.prijedordanas.com\/wp-content\/uploads\/2018\/08\/poslovni-forum-dijaspora-lokalni-privrednici-1.jpg\"><img loading=\"lazy\" decoding=\"async\" class=\"alignleft size-medium wp-image-111651\" src=\"https:\/\/www.prijedordanas.com\/wp-content\/uploads\/2018\/08\/poslovni-forum-dijaspora-lokalni-privrednici-1-300x222.jpg\" alt=\"\" width=\"300\" height=\"222\" srcset=\"https:\/\/www.prijedordanas.com\/wp-content\/uploads\/2018\/08\/poslovni-forum-dijaspora-lokalni-privrednici-1-300x222.jpg 300w, https:\/\/www.prijedordanas.com\/wp-content\/uploads\/2018\/08\/poslovni-forum-dijaspora-lokalni-privrednici-1-100x74.jpg 100w, https:\/\/www.prijedordanas.com\/wp-content\/uploads\/2018\/08\/poslovni-forum-dijaspora-lokalni-privrednici-1.jpg 675w\" sizes=\"(max-width: 300px) 100vw, 300px\" \/><\/a>U organizaciji Gradske uprave, u Prijedoru je odr\u017ean Poslovni forum prijedorske dijaspore i lokalnih privrednika.<\/p>\n<p>Cilj poslovnog foruma, koji je dio aktivnosti u okviru projekta &#8220;Dijaspora za razvoj&#8221; je povezivanje prijedorske dijaspore i lokalnih privrednika, pove\u0107anje broja inostranih ulaga\u010da i otvaranje novih radnih mjesta.<\/p>\n<p>Grad Prijedor u\u010destvuje u ovom projektu, uz saradnju sa Ministarstvom za ljudska prava i izbjeglice BiH, Vladom \u0160vajcarske u partnerstvu sa Razvojnim programom Ujedinjenih nacija i Me\u0111unarodnom organizacijom za migracije u BiH.<\/p>\n<p>Na Poslovnom forumu u Prijedoru predstavljena je investiciona ponuda grada, kao i uspje\u0161ne prijedorske kompanije, koje su pokrenuli ljudi iz dijaspore.<\/p>\n<p><a href=\"https:\/\/www.prijedordanas.com\/wp-content\/uploads\/2018\/08\/poslovni-forum-dijaspora-lokalni-privrednici-2.jpg\"><img loading=\"lazy\" decoding=\"async\" class=\"alignleft size-medium wp-image-111652\" src=\"https:\/\/www.prijedordanas.com\/wp-content\/uploads\/2018\/08\/poslovni-forum-dijaspora-lokalni-privrednici-2-300x199.jpg\" alt=\"\" width=\"300\" height=\"199\" srcset=\"https:\/\/www.prijedordanas.com\/wp-content\/uploads\/2018\/08\/poslovni-forum-dijaspora-lokalni-privrednici-2-300x199.jpg 300w, https:\/\/www.prijedordanas.com\/wp-content\/uploads\/2018\/08\/poslovni-forum-dijaspora-lokalni-privrednici-2-100x66.jpg 100w, https:\/\/www.prijedordanas.com\/wp-content\/uploads\/2018\/08\/poslovni-forum-dijaspora-lokalni-privrednici-2-480x320.jpg 480w, https:\/\/www.prijedordanas.com\/wp-content\/uploads\/2018\/08\/poslovni-forum-dijaspora-lokalni-privrednici-2.jpg 600w\" sizes=\"(max-width: 300px) 100vw, 300px\" \/><\/a>U Prijedoru je do sada, uz inostrani kapital, otvoreno 13 preduze\u0107a.<\/p>\n<p>Me\u0111u njima je i preduze\u0107e &#8220;Edna metalvorking&#8221;, koje je pokrenuto zahvaljuju\u0107i kapitalu, ste\u010denom u Njema\u010dkoj i koje zapo\u0161ljava 29 radnika. Trenutno tra\u017ee jo\u0161 \u010detiri radnika.<\/p>\n<p>&#8220;Tako smo i otpo\u010deli, skromno, malo, sa tri proizvodna radnika. Danas smo narasli, prerasli smo Preduzetni\u010dki inkubator. On je u Njema\u010dkoj, tra\u017ei nam tr\u017ei\u0161te&#8221;, ka\u017ee Edina Rahman, direktorica &#8220;Edna Metalvorking&#8221; Prijedor.<\/p>\n<p>Cilj Poslovnog foruma je zna\u010dajnije uklju\u010divanje dijaspore u razvoj lokalne privrede.<\/p>\n<p><a href=\"https:\/\/www.prijedordanas.com\/wp-content\/uploads\/2018\/08\/poslovni-forum-dijaspora-lokalni-privrednici-3.jpg\"><img loading=\"lazy\" decoding=\"async\" class=\"alignleft size-medium wp-image-111653\" src=\"https:\/\/www.prijedordanas.com\/wp-content\/uploads\/2018\/08\/poslovni-forum-dijaspora-lokalni-privrednici-3-300x199.jpg\" alt=\"\" width=\"300\" height=\"199\" srcset=\"https:\/\/www.prijedordanas.com\/wp-content\/uploads\/2018\/08\/poslovni-forum-dijaspora-lokalni-privrednici-3-300x199.jpg 300w, https:\/\/www.prijedordanas.com\/wp-content\/uploads\/2018\/08\/poslovni-forum-dijaspora-lokalni-privrednici-3-100x66.jpg 100w, https:\/\/www.prijedordanas.com\/wp-content\/uploads\/2018\/08\/poslovni-forum-dijaspora-lokalni-privrednici-3-480x320.jpg 480w, https:\/\/www.prijedordanas.com\/wp-content\/uploads\/2018\/08\/poslovni-forum-dijaspora-lokalni-privrednici-3.jpg 600w\" sizes=\"(max-width: 300px) 100vw, 300px\" \/><\/a>&#8220;Osnovna svrha cijelog projekta je da uve\u017eemo na\u0161u dijasporu i da na neki na\u010din poku\u0161amo da njihova znanja, vje\u0161tine, pa na kraju i njihov kapital pove\u017eemo sa na\u0161im lokalnim privrednicima&#8221;, navodi Zinajda Ho\u0161i\u0107, \u0161efica Odsjeka za strate\u0161ko planiranje Grada Prijedora i vo\u0111a projekta &#8220;Dijaspora za razvoj&#8221;.<\/p>\n<p>Grad Prijedor jedna je od najve\u0107ih multietni\u010dkih lokalnih zajednica u BiH, a prijedorska dijaspora je mnogobrojna i zna\u010dajna za razvoj lokalne privrede.<\/p>\n<p><a href=\"https:\/\/www.prijedordanas.com\/wp-content\/uploads\/2018\/08\/poslovni-forum-dijaspora-lokalni-privrednici-4.jpg\"><img loading=\"lazy\" decoding=\"async\" src=\"https:\/\/www.prijedordanas.com\/wp-content\/uploads\/2018\/08\/poslovni-forum-dijaspora-lokalni-privrednici-4-300x222.jpg\" alt=\"\" width=\"300\" height=\"222\" class=\"alignleft size-medium wp-image-111654\" srcset=\"https:\/\/www.prijedordanas.com\/wp-content\/uploads\/2018\/08\/poslovni-forum-dijaspora-lokalni-privrednici-4-300x222.jpg 300w, https:\/\/www.prijedordanas.com\/wp-content\/uploads\/2018\/08\/poslovni-forum-dijaspora-lokalni-privrednici-4-100x74.jpg 100w, https:\/\/www.prijedordanas.com\/wp-content\/uploads\/2018\/08\/poslovni-forum-dijaspora-lokalni-privrednici-4.jpg 675w\" sizes=\"(max-width: 300px) 100vw, 300px\" \/><\/a>Ovaj forum ima za cilj pove\u0107anje broja inostranih ulaga\u010da i otvaranje novih radnih mjesta.<\/p>\n<p>&#8220;Mi i dalje pozivamo sve pripadnike prijedorske dijaspore koji imaju mogu\u0107nosti da otvaraju privredne subjekte u gradu Prijedoru, jer nam je \u017eelja da \u0161to vi\u0161e gra\u0111ana Prijedora zaposlimo, a to je poziv i ostalim investitorima koji \u017eele da investiraju u gradu&#8221;, rekao je Milenko \u0110akovi\u0107, gradona\u010delnik Prijedora.<\/p>\n<p>Predstavljeni su i dvojezi\u010dni promotivni katalozi sa prijedorskom investicionom ponudom, a kreirana je i veb platforma za uvezivanje dijaspore i lokalnih privrednika.<\/p>\n<p>RTRS<\/p>\n<div style=\"width: 640px;\" class=\"wp-video\"><!--[if lt IE 9]><script>document.createElement('video');<\/script><![endif]-->\n<video class=\"wp-video-shortcode\" id=\"video-111650-1\" width=\"640\" height=\"360\" preload=\"metadata\" controls=\"controls\"><source type=\"video\/mp4\" src=\"http:\/\/arh3.rtrs.tv\/arhiva\/2018\/08\/30\/tvclip030279.mp4?_=1\" \/><a href=\"http:\/\/arh3.rtrs.tv\/arhiva\/2018\/08\/30\/tvclip030279.mp4\">http:\/\/arh3.rtrs.tv\/arhiva\/2018\/08\/30\/tvclip030279.mp4<\/a><\/video><\/div>\n","protected":false},"excerpt":{"rendered":"<p>U organizaciji Gradske uprave, u Prijedoru je odr\u017ean Poslovni forum prijedorske dijaspore i lokalnih privrednika. Cilj poslovnog foruma, koji je dio aktivnosti u okviru projekta &#8220;Dijaspora za razvoj&#8221; je povezivanje [&hellip;]<\/p>\n","protected":false},"author":1,"featured_media":0,"comment_status":"closed","ping_status":"open","sticky":false,"template":"","format":"standard","meta":{"_monsterinsights_skip_tracking":false,"_monsterinsights_sitenote_active":false,"_monsterinsights_sitenote_note":"","_monsterinsights_sitenote_category":0,"footnotes":""},"categories":[8],"tags":[],"yoast_head":"<!-- This site is optimized with the Yoast SEO plugin v21.6 - https:\/\/yoast.com\/wordpress\/plugins\/seo\/ -->\n<title>PRIJEDOR: ODR\u017dAN POSLOVNI FORUM PRIJEDORSKE DIJASPORE I LOKALNIH PRIVREDNIKA \u2013 VIDEO - PrijedorDanas.com - Prijedorski gradski portal<\/title>\n<meta name=\"robots\" content=\"index, follow, max-snippet:-1, max-image-preview:large, max-video-preview:-1\" \/>\n<link rel=\"canonical\" href=\"https:\/\/www.prijedordanas.com\/?p=111650\" \/>\n<meta property=\"og:locale\" content=\"en_US\" \/>\n<meta property=\"og:type\" content=\"article\" \/>\n<meta property=\"og:title\" content=\"PRIJEDOR: ODR\u017dAN POSLOVNI FORUM PRIJEDORSKE DIJASPORE I LOKALNIH PRIVREDNIKA \u2013 VIDEO - PrijedorDanas.com - Prijedorski gradski portal\" \/>\n<meta property=\"og:description\" content=\"U organizaciji Gradske uprave, u Prijedoru je odr\u017ean Poslovni forum prijedorske dijaspore i lokalnih privrednika. Cilj poslovnog foruma, koji je dio aktivnosti u okviru projekta &#8220;Dijaspora za razvoj&#8221; je povezivanje [&hellip;]\" \/>\n<meta property=\"og:url\" content=\"https:\/\/www.prijedordanas.com\/?p=111650\" \/>\n<meta property=\"og:site_name\" content=\"PrijedorDanas.com - Prijedorski gradski portal\" \/>\n<meta property=\"article:publisher\" content=\"https:\/\/www.facebook.com\/PrijedorDanasCom\/\" \/>\n<meta property=\"article:published_time\" content=\"2018-08-31T16:13:15+00:00\" \/>\n<meta property=\"og:image\" content=\"https:\/\/www.prijedordanas.com\/wp-content\/uploads\/2018\/08\/poslovni-forum-dijaspora-lokalni-privrednici-1-300x222.jpg\" \/>\n<meta name=\"author\" content=\"admin\" \/>\n<meta name=\"twitter:card\" content=\"summary_large_image\" \/>\n<meta name=\"twitter:label1\" content=\"Written by\" \/>\n\t<meta name=\"twitter:data1\" content=\"admin\" \/>\n\t<meta name=\"twitter:label2\" content=\"Est. reading time\" \/>\n\t<meta name=\"twitter:data2\" content=\"2 minutes\" \/>\n<script type=\"application\/ld+json\" class=\"yoast-schema-graph\">{\"@context\":\"https:\/\/schema.org\",\"@graph\":[{\"@type\":\"Article\",\"@id\":\"https:\/\/www.prijedordanas.com\/?p=111650#article\",\"isPartOf\":{\"@id\":\"https:\/\/www.prijedordanas.com\/?p=111650\"},\"author\":{\"name\":\"admin\",\"@id\":\"https:\/\/www.prijedordanas.com\/#\/schema\/person\/4e08ccf29b506ca916ff86d46bb700e6\"},\"headline\":\"PRIJEDOR: ODR\u017dAN POSLOVNI FORUM PRIJEDORSKE DIJASPORE I LOKALNIH PRIVREDNIKA \u2013 VIDEO\",\"datePublished\":\"2018-08-31T16:13:15+00:00\",\"dateModified\":\"2018-08-31T16:13:15+00:00\",\"mainEntityOfPage\":{\"@id\":\"https:\/\/www.prijedordanas.com\/?p=111650\"},\"wordCount\":386,\"publisher\":{\"@id\":\"https:\/\/www.prijedordanas.com\/#organization\"},\"articleSection\":[\"Svakodnevno\"],\"inLanguage\":\"en-US\"},{\"@type\":\"WebPage\",\"@id\":\"https:\/\/www.prijedordanas.com\/?p=111650\",\"url\":\"https:\/\/www.prijedordanas.com\/?p=111650\",\"name\":\"PRIJEDOR: ODR\u017dAN POSLOVNI FORUM PRIJEDORSKE DIJASPORE I LOKALNIH PRIVREDNIKA \u2013 VIDEO - PrijedorDanas.com - Prijedorski gradski portal\",\"isPartOf\":{\"@id\":\"https:\/\/www.prijedordanas.com\/#website\"},\"datePublished\":\"2018-08-31T16:13:15+00:00\",\"dateModified\":\"2018-08-31T16:13:15+00:00\",\"breadcrumb\":{\"@id\":\"https:\/\/www.prijedordanas.com\/?p=111650#breadcrumb\"},\"inLanguage\":\"en-US\",\"potentialAction\":[{\"@type\":\"ReadAction\",\"target\":[\"https:\/\/www.prijedordanas.com\/?p=111650\"]}]},{\"@type\":\"BreadcrumbList\",\"@id\":\"https:\/\/www.prijedordanas.com\/?p=111650#breadcrumb\",\"itemListElement\":[{\"@type\":\"ListItem\",\"position\":1,\"name\":\"Home\",\"item\":\"https:\/\/www.prijedordanas.com\/\"},{\"@type\":\"ListItem\",\"position\":2,\"name\":\"PRIJEDOR: ODR\u017dAN POSLOVNI FORUM PRIJEDORSKE DIJASPORE I LOKALNIH PRIVREDNIKA \u2013 VIDEO\"}]},{\"@type\":\"WebSite\",\"@id\":\"https:\/\/www.prijedordanas.com\/#website\",\"url\":\"https:\/\/www.prijedordanas.com\/\",\"name\":\"PrijedorDanas.com - Prijedorski gradski portal\",\"description\":\"Portal o doga\u0111anjima u gradu Prijedoru\",\"publisher\":{\"@id\":\"https:\/\/www.prijedordanas.com\/#organization\"},\"potentialAction\":[{\"@type\":\"SearchAction\",\"target\":{\"@type\":\"EntryPoint\",\"urlTemplate\":\"https:\/\/www.prijedordanas.com\/?s={search_term_string}\"},\"query-input\":\"required name=search_term_string\"}],\"inLanguage\":\"en-US\"},{\"@type\":\"Organization\",\"@id\":\"https:\/\/www.prijedordanas.com\/#organization\",\"name\":\"PrijedorDanas.com\",\"url\":\"https:\/\/www.prijedordanas.com\/\",\"logo\":{\"@type\":\"ImageObject\",\"inLanguage\":\"en-US\",\"@id\":\"https:\/\/www.prijedordanas.com\/#\/schema\/logo\/image\/\",\"url\":\"http:\/\/www.prijedordanas.com\/wp-content\/uploads\/2021\/12\/logopng.png\",\"contentUrl\":\"http:\/\/www.prijedordanas.com\/wp-content\/uploads\/2021\/12\/logopng.png\",\"width\":1019,\"height\":776,\"caption\":\"PrijedorDanas.com\"},\"image\":{\"@id\":\"https:\/\/www.prijedordanas.com\/#\/schema\/logo\/image\/\"},\"sameAs\":[\"https:\/\/www.facebook.com\/PrijedorDanasCom\/\"]},{\"@type\":\"Person\",\"@id\":\"https:\/\/www.prijedordanas.com\/#\/schema\/person\/4e08ccf29b506ca916ff86d46bb700e6\",\"name\":\"admin\",\"image\":{\"@type\":\"ImageObject\",\"inLanguage\":\"en-US\",\"@id\":\"https:\/\/www.prijedordanas.com\/#\/schema\/person\/image\/\",\"url\":\"https:\/\/secure.gravatar.com\/avatar\/1d3fc949d550f0b53a5f0d51e06dfd79?s=96&d=mm&r=g\",\"contentUrl\":\"https:\/\/secure.gravatar.com\/avatar\/1d3fc949d550f0b53a5f0d51e06dfd79?s=96&d=mm&r=g\",\"caption\":\"admin\"},\"url\":\"https:\/\/www.prijedordanas.com\/?author=1\"}]}<\/script>\n<!-- \/ Yoast SEO plugin. -->","yoast_head_json":{"title":"PRIJEDOR: ODR\u017dAN POSLOVNI FORUM PRIJEDORSKE DIJASPORE I LOKALNIH PRIVREDNIKA \u2013 VIDEO - PrijedorDanas.com - Prijedorski gradski portal","robots":{"index":"index","follow":"follow","max-snippet":"max-snippet:-1","max-image-preview":"max-image-preview:large","max-video-preview":"max-video-preview:-1"},"canonical":"https:\/\/www.prijedordanas.com\/?p=111650","og_locale":"en_US","og_type":"article","og_title":"PRIJEDOR: ODR\u017dAN POSLOVNI FORUM PRIJEDORSKE DIJASPORE I LOKALNIH PRIVREDNIKA \u2013 VIDEO - PrijedorDanas.com - Prijedorski gradski portal","og_description":"U organizaciji Gradske uprave, u Prijedoru je odr\u017ean Poslovni forum prijedorske dijaspore i lokalnih privrednika. Cilj poslovnog foruma, koji je dio aktivnosti u okviru projekta &#8220;Dijaspora za razvoj&#8221; je povezivanje [&hellip;]","og_url":"https:\/\/www.prijedordanas.com\/?p=111650","og_site_name":"PrijedorDanas.com - Prijedorski gradski portal","article_publisher":"https:\/\/www.facebook.com\/PrijedorDanasCom\/","article_published_time":"2018-08-31T16:13:15+00:00","og_image":[{"url":"https:\/\/www.prijedordanas.com\/wp-content\/uploads\/2018\/08\/poslovni-forum-dijaspora-lokalni-privrednici-1-300x222.jpg"}],"author":"admin","twitter_card":"summary_large_image","twitter_misc":{"Written by":"admin","Est. reading time":"2 minutes"},"schema":{"@context":"https:\/\/schema.org","@graph":[{"@type":"Article","@id":"https:\/\/www.prijedordanas.com\/?p=111650#article","isPartOf":{"@id":"https:\/\/www.prijedordanas.com\/?p=111650"},"author":{"name":"admin","@id":"https:\/\/www.prijedordanas.com\/#\/schema\/person\/4e08ccf29b506ca916ff86d46bb700e6"},"headline":"PRIJEDOR: ODR\u017dAN POSLOVNI FORUM PRIJEDORSKE DIJASPORE I LOKALNIH PRIVREDNIKA \u2013 VIDEO","datePublished":"2018-08-31T16:13:15+00:00","dateModified":"2018-08-31T16:13:15+00:00","mainEntityOfPage":{"@id":"https:\/\/www.prijedordanas.com\/?p=111650"},"wordCount":386,"publisher":{"@id":"https:\/\/www.prijedordanas.com\/#organization"},"articleSection":["Svakodnevno"],"inLanguage":"en-US"},{"@type":"WebPage","@id":"https:\/\/www.prijedordanas.com\/?p=111650","url":"https:\/\/www.prijedordanas.com\/?p=111650","name":"PRIJEDOR: ODR\u017dAN POSLOVNI FORUM PRIJEDORSKE DIJASPORE I LOKALNIH PRIVREDNIKA \u2013 VIDEO - PrijedorDanas.com - Prijedorski gradski portal","isPartOf":{"@id":"https:\/\/www.prijedordanas.com\/#website"},"datePublished":"2018-08-31T16:13:15+00:00","dateModified":"2018-08-31T16:13:15+00:00","breadcrumb":{"@id":"https:\/\/www.prijedordanas.com\/?p=111650#breadcrumb"},"inLanguage":"en-US","potentialAction":[{"@type":"ReadAction","target":["https:\/\/www.prijedordanas.com\/?p=111650"]}]},{"@type":"BreadcrumbList","@id":"https:\/\/www.prijedordanas.com\/?p=111650#breadcrumb","itemListElement":[{"@type":"ListItem","position":1,"name":"Home","item":"https:\/\/www.prijedordanas.com\/"},{"@type":"ListItem","position":2,"name":"PRIJEDOR: ODR\u017dAN POSLOVNI FORUM PRIJEDORSKE DIJASPORE I LOKALNIH PRIVREDNIKA \u2013 VIDEO"}]},{"@type":"WebSite","@id":"https:\/\/www.prijedordanas.com\/#website","url":"https:\/\/www.prijedordanas.com\/","name":"PrijedorDanas.com - Prijedorski gradski portal","description":"Portal o doga\u0111anjima u gradu Prijedoru","publisher":{"@id":"https:\/\/www.prijedordanas.com\/#organization"},"potentialAction":[{"@type":"SearchAction","target":{"@type":"EntryPoint","urlTemplate":"https:\/\/www.prijedordanas.com\/?s={search_term_string}"},"query-input":"required name=search_term_string"}],"inLanguage":"en-US"},{"@type":"Organization","@id":"https:\/\/www.prijedordanas.com\/#organization","name":"PrijedorDanas.com","url":"https:\/\/www.prijedordanas.com\/","logo":{"@type":"ImageObject","inLanguage":"en-US","@id":"https:\/\/www.prijedordanas.com\/#\/schema\/logo\/image\/","url":"http:\/\/www.prijedordanas.com\/wp-content\/uploads\/2021\/12\/logopng.png","contentUrl":"http:\/\/www.prijedordanas.com\/wp-content\/uploads\/2021\/12\/logopng.png","width":1019,"height":776,"caption":"PrijedorDanas.com"},"image":{"@id":"https:\/\/www.prijedordanas.com\/#\/schema\/logo\/image\/"},"sameAs":["https:\/\/www.facebook.com\/PrijedorDanasCom\/"]},{"@type":"Person","@id":"https:\/\/www.prijedordanas.com\/#\/schema\/person\/4e08ccf29b506ca916ff86d46bb700e6","name":"admin","image":{"@type":"ImageObject","inLanguage":"en-US","@id":"https:\/\/www.prijedordanas.com\/#\/schema\/person\/image\/","url":"https:\/\/secure.gravatar.com\/avatar\/1d3fc949d550f0b53a5f0d51e06dfd79?s=96&d=mm&r=g","contentUrl":"https:\/\/secure.gravatar.com\/avatar\/1d3fc949d550f0b53a5f0d51e06dfd79?s=96&d=mm&r=g","caption":"admin"},"url":"https:\/\/www.prijedordanas.com\/?author=1"}]}},"_links":{"self":[{"href":"https:\/\/www.prijedordanas.com\/index.php?rest_route=\/wp\/v2\/posts\/111650"}],"collection":[{"href":"https:\/\/www.prijedordanas.com\/index.php?rest_route=\/wp\/v2\/posts"}],"about":[{"href":"https:\/\/www.prijedordanas.com\/index.php?rest_route=\/wp\/v2\/types\/post"}],"author":[{"embeddable":true,"href":"https:\/\/www.prijedordanas.com\/index.php?rest_route=\/wp\/v2\/users\/1"}],"replies":[{"embeddable":true,"href":"https:\/\/www.prijedordanas.com\/index.php?rest_route=%2Fwp%2Fv2%2Fcomments&post=111650"}],"version-history":[{"count":1,"href":"https:\/\/www.prijedordanas.com\/index.php?rest_route=\/wp\/v2\/posts\/111650\/revisions"}],"predecessor-version":[{"id":111655,"href":"https:\/\/www.prijedordanas.com\/index.php?rest_route=\/wp\/v2\/posts\/111650\/revisions\/111655"}],"wp:attachment":[{"href":"https:\/\/www.prijedordanas.com\/index.php?rest_route=%2Fwp%2Fv2%2Fmedia&parent=111650"}],"wp:term":[{"taxonomy":"category","embeddable":true,"href":"https:\/\/www.prijedordanas.com\/index.php?rest_route=%2Fwp%2Fv2%2Fcategories&post=111650"},{"taxonomy":"post_tag","embeddable":true,"href":"https:\/\/www.prijedordanas.com\/index.php?rest_route=%2Fwp%2Fv2%2Ftags&post=111650"}],"curies":[{"name":"wp","href":"https:\/\/api.w.org\/{rel}","templated":true}]}}