{"id":111642,"date":"2018-09-01T01:46:22","date_gmt":"2018-08-31T23:46:22","guid":{"rendered":"https:\/\/www.prijedordanas.com\/?p=111642"},"modified":"2018-09-01T01:46:22","modified_gmt":"2018-08-31T23:46:22","slug":"nestalog-poljaka-pronasli-u-napustenoj-kuci-u-kozarcu","status":"publish","type":"post","link":"https:\/\/www.prijedordanas.com\/?p=111642","title":{"rendered":"NESTALOG POLJAKA PRONA\u0160LI U NAPU\u0160TENOJ KU\u0106I U KOZARCU"},"content":{"rendered":"<p><a href=\"https:\/\/www.prijedordanas.com\/wp-content\/uploads\/2018\/08\/nezavisne-kozarac.jpg\"><img loading=\"lazy\" decoding=\"async\" src=\"https:\/\/www.prijedordanas.com\/wp-content\/uploads\/2018\/08\/nezavisne-kozarac-300x227.jpg\" alt=\"\" width=\"300\" height=\"227\" class=\"alignleft size-medium wp-image-111643\" srcset=\"https:\/\/www.prijedordanas.com\/wp-content\/uploads\/2018\/08\/nezavisne-kozarac-300x227.jpg 300w, https:\/\/www.prijedordanas.com\/wp-content\/uploads\/2018\/08\/nezavisne-kozarac-100x76.jpg 100w, https:\/\/www.prijedordanas.com\/wp-content\/uploads\/2018\/08\/nezavisne-kozarac.jpg 660w\" sizes=\"(max-width: 300px) 100vw, 300px\" \/><\/a>Dvadesetpetogodi\u0161nji Poljak S.L., kojeg je Interpol proglasio nestalim, prona\u0111en je u jednoj napu\u0161tenoj ku\u0107i u prijedorskom naselju Kozarac, potvr\u0111eno je iz policije.<\/p>\n<p>Prethodno je MUP RS obavije\u0161ten da je taj mladi\u0107 nestao u Njema\u010dkoj, te da mu se gubi svaki trag.<\/p>\n<p>&#8220;Potraga je za njim pokrenuta isklju\u010divo zbog toga \u0161to nije bilo poznato gdje se nalazi. On, dakle, nije kriminogeno lice&#8221;, poja\u0161njava izvor &#8220;Nezavisnih&#8221;. Policajci iz Prijedora su do\u0161li do saznanja da je on u jednoj napu\u0161tenoj ku\u0107i, gdje su ga i prona\u0161li.<\/p>\n<p>&#8220;Prona\u0111eno lice, istog dana, predato je u dalju nadle\u017enost Slu\u017ebi za poslove sa strancima, Terenski centar Banjaluka&#8221;, rekli su iz policije.<\/p>\n<p>Nezavisne novine<\/p>\n","protected":false},"excerpt":{"rendered":"<p>Dvadesetpetogodi\u0161nji Poljak S.L., kojeg je Interpol proglasio nestalim, prona\u0111en je u jednoj napu\u0161tenoj ku\u0107i u prijedorskom naselju Kozarac, potvr\u0111eno je iz policije. Prethodno je MUP RS obavije\u0161ten da je taj [&hellip;]<\/p>\n","protected":false},"author":1,"featured_media":0,"comment_status":"closed","ping_status":"open","sticky":false,"template":"","format":"standard","meta":{"_monsterinsights_skip_tracking":false,"_monsterinsights_sitenote_active":false,"_monsterinsights_sitenote_note":"","_monsterinsights_sitenote_category":0,"footnotes":""},"categories":[5],"tags":[],"yoast_head":"<!-- This site is optimized with the Yoast SEO plugin v21.6 - https:\/\/yoast.com\/wordpress\/plugins\/seo\/ -->\n<title>NESTALOG POLJAKA PRONA\u0160LI U NAPU\u0160TENOJ KU\u0106I U KOZARCU - PrijedorDanas.com - Prijedorski gradski portal<\/title>\n<meta name=\"robots\" content=\"index, follow, max-snippet:-1, max-image-preview:large, max-video-preview:-1\" \/>\n<link rel=\"canonical\" href=\"https:\/\/www.prijedordanas.com\/?p=111642\" \/>\n<meta property=\"og:locale\" content=\"en_US\" \/>\n<meta property=\"og:type\" content=\"article\" \/>\n<meta property=\"og:title\" content=\"NESTALOG POLJAKA PRONA\u0160LI U NAPU\u0160TENOJ KU\u0106I U KOZARCU - PrijedorDanas.com - Prijedorski gradski portal\" \/>\n<meta property=\"og:description\" content=\"Dvadesetpetogodi\u0161nji Poljak S.L., kojeg je Interpol proglasio nestalim, prona\u0111en je u jednoj napu\u0161tenoj ku\u0107i u prijedorskom naselju Kozarac, potvr\u0111eno je iz policije. Prethodno je MUP RS obavije\u0161ten da je taj [&hellip;]\" \/>\n<meta property=\"og:url\" content=\"https:\/\/www.prijedordanas.com\/?p=111642\" \/>\n<meta property=\"og:site_name\" content=\"PrijedorDanas.com - Prijedorski gradski portal\" \/>\n<meta property=\"article:publisher\" content=\"https:\/\/www.facebook.com\/PrijedorDanasCom\/\" \/>\n<meta property=\"article:published_time\" content=\"2018-08-31T23:46:22+00:00\" \/>\n<meta property=\"og:image\" content=\"https:\/\/www.prijedordanas.com\/wp-content\/uploads\/2018\/08\/nezavisne-kozarac-300x227.jpg\" \/>\n<meta name=\"author\" content=\"admin\" \/>\n<meta name=\"twitter:card\" content=\"summary_large_image\" \/>\n<meta name=\"twitter:label1\" content=\"Written by\" \/>\n\t<meta name=\"twitter:data1\" content=\"admin\" \/>\n\t<meta name=\"twitter:label2\" content=\"Est. reading time\" \/>\n\t<meta name=\"twitter:data2\" content=\"1 minute\" \/>\n<script type=\"application\/ld+json\" class=\"yoast-schema-graph\">{\"@context\":\"https:\/\/schema.org\",\"@graph\":[{\"@type\":\"Article\",\"@id\":\"https:\/\/www.prijedordanas.com\/?p=111642#article\",\"isPartOf\":{\"@id\":\"https:\/\/www.prijedordanas.com\/?p=111642\"},\"author\":{\"name\":\"admin\",\"@id\":\"https:\/\/www.prijedordanas.com\/#\/schema\/person\/4e08ccf29b506ca916ff86d46bb700e6\"},\"headline\":\"NESTALOG POLJAKA PRONA\u0160LI U NAPU\u0160TENOJ KU\u0106I U KOZARCU\",\"datePublished\":\"2018-08-31T23:46:22+00:00\",\"dateModified\":\"2018-08-31T23:46:22+00:00\",\"mainEntityOfPage\":{\"@id\":\"https:\/\/www.prijedordanas.com\/?p=111642\"},\"wordCount\":134,\"publisher\":{\"@id\":\"https:\/\/www.prijedordanas.com\/#organization\"},\"articleSection\":[\"Hronika\"],\"inLanguage\":\"en-US\"},{\"@type\":\"WebPage\",\"@id\":\"https:\/\/www.prijedordanas.com\/?p=111642\",\"url\":\"https:\/\/www.prijedordanas.com\/?p=111642\",\"name\":\"NESTALOG POLJAKA PRONA\u0160LI U NAPU\u0160TENOJ KU\u0106I U KOZARCU - PrijedorDanas.com - Prijedorski gradski portal\",\"isPartOf\":{\"@id\":\"https:\/\/www.prijedordanas.com\/#website\"},\"datePublished\":\"2018-08-31T23:46:22+00:00\",\"dateModified\":\"2018-08-31T23:46:22+00:00\",\"breadcrumb\":{\"@id\":\"https:\/\/www.prijedordanas.com\/?p=111642#breadcrumb\"},\"inLanguage\":\"en-US\",\"potentialAction\":[{\"@type\":\"ReadAction\",\"target\":[\"https:\/\/www.prijedordanas.com\/?p=111642\"]}]},{\"@type\":\"BreadcrumbList\",\"@id\":\"https:\/\/www.prijedordanas.com\/?p=111642#breadcrumb\",\"itemListElement\":[{\"@type\":\"ListItem\",\"position\":1,\"name\":\"Home\",\"item\":\"https:\/\/www.prijedordanas.com\/\"},{\"@type\":\"ListItem\",\"position\":2,\"name\":\"NESTALOG POLJAKA PRONA\u0160LI U NAPU\u0160TENOJ KU\u0106I U KOZARCU\"}]},{\"@type\":\"WebSite\",\"@id\":\"https:\/\/www.prijedordanas.com\/#website\",\"url\":\"https:\/\/www.prijedordanas.com\/\",\"name\":\"PrijedorDanas.com - Prijedorski gradski portal\",\"description\":\"Portal o doga\u0111anjima u gradu Prijedoru\",\"publisher\":{\"@id\":\"https:\/\/www.prijedordanas.com\/#organization\"},\"potentialAction\":[{\"@type\":\"SearchAction\",\"target\":{\"@type\":\"EntryPoint\",\"urlTemplate\":\"https:\/\/www.prijedordanas.com\/?s={search_term_string}\"},\"query-input\":\"required name=search_term_string\"}],\"inLanguage\":\"en-US\"},{\"@type\":\"Organization\",\"@id\":\"https:\/\/www.prijedordanas.com\/#organization\",\"name\":\"PrijedorDanas.com\",\"url\":\"https:\/\/www.prijedordanas.com\/\",\"logo\":{\"@type\":\"ImageObject\",\"inLanguage\":\"en-US\",\"@id\":\"https:\/\/www.prijedordanas.com\/#\/schema\/logo\/image\/\",\"url\":\"http:\/\/www.prijedordanas.com\/wp-content\/uploads\/2021\/12\/logopng.png\",\"contentUrl\":\"http:\/\/www.prijedordanas.com\/wp-content\/uploads\/2021\/12\/logopng.png\",\"width\":1019,\"height\":776,\"caption\":\"PrijedorDanas.com\"},\"image\":{\"@id\":\"https:\/\/www.prijedordanas.com\/#\/schema\/logo\/image\/\"},\"sameAs\":[\"https:\/\/www.facebook.com\/PrijedorDanasCom\/\"]},{\"@type\":\"Person\",\"@id\":\"https:\/\/www.prijedordanas.com\/#\/schema\/person\/4e08ccf29b506ca916ff86d46bb700e6\",\"name\":\"admin\",\"image\":{\"@type\":\"ImageObject\",\"inLanguage\":\"en-US\",\"@id\":\"https:\/\/www.prijedordanas.com\/#\/schema\/person\/image\/\",\"url\":\"https:\/\/secure.gravatar.com\/avatar\/1d3fc949d550f0b53a5f0d51e06dfd79?s=96&d=mm&r=g\",\"contentUrl\":\"https:\/\/secure.gravatar.com\/avatar\/1d3fc949d550f0b53a5f0d51e06dfd79?s=96&d=mm&r=g\",\"caption\":\"admin\"},\"url\":\"https:\/\/www.prijedordanas.com\/?author=1\"}]}<\/script>\n<!-- \/ Yoast SEO plugin. -->","yoast_head_json":{"title":"NESTALOG POLJAKA PRONA\u0160LI U NAPU\u0160TENOJ KU\u0106I U KOZARCU - PrijedorDanas.com - Prijedorski gradski portal","robots":{"index":"index","follow":"follow","max-snippet":"max-snippet:-1","max-image-preview":"max-image-preview:large","max-video-preview":"max-video-preview:-1"},"canonical":"https:\/\/www.prijedordanas.com\/?p=111642","og_locale":"en_US","og_type":"article","og_title":"NESTALOG POLJAKA PRONA\u0160LI U NAPU\u0160TENOJ KU\u0106I U KOZARCU - PrijedorDanas.com - Prijedorski gradski portal","og_description":"Dvadesetpetogodi\u0161nji Poljak S.L., kojeg je Interpol proglasio nestalim, prona\u0111en je u jednoj napu\u0161tenoj ku\u0107i u prijedorskom naselju Kozarac, potvr\u0111eno je iz policije. Prethodno je MUP RS obavije\u0161ten da je taj [&hellip;]","og_url":"https:\/\/www.prijedordanas.com\/?p=111642","og_site_name":"PrijedorDanas.com - Prijedorski gradski portal","article_publisher":"https:\/\/www.facebook.com\/PrijedorDanasCom\/","article_published_time":"2018-08-31T23:46:22+00:00","og_image":[{"url":"https:\/\/www.prijedordanas.com\/wp-content\/uploads\/2018\/08\/nezavisne-kozarac-300x227.jpg"}],"author":"admin","twitter_card":"summary_large_image","twitter_misc":{"Written by":"admin","Est. reading time":"1 minute"},"schema":{"@context":"https:\/\/schema.org","@graph":[{"@type":"Article","@id":"https:\/\/www.prijedordanas.com\/?p=111642#article","isPartOf":{"@id":"https:\/\/www.prijedordanas.com\/?p=111642"},"author":{"name":"admin","@id":"https:\/\/www.prijedordanas.com\/#\/schema\/person\/4e08ccf29b506ca916ff86d46bb700e6"},"headline":"NESTALOG POLJAKA PRONA\u0160LI U NAPU\u0160TENOJ KU\u0106I U KOZARCU","datePublished":"2018-08-31T23:46:22+00:00","dateModified":"2018-08-31T23:46:22+00:00","mainEntityOfPage":{"@id":"https:\/\/www.prijedordanas.com\/?p=111642"},"wordCount":134,"publisher":{"@id":"https:\/\/www.prijedordanas.com\/#organization"},"articleSection":["Hronika"],"inLanguage":"en-US"},{"@type":"WebPage","@id":"https:\/\/www.prijedordanas.com\/?p=111642","url":"https:\/\/www.prijedordanas.com\/?p=111642","name":"NESTALOG POLJAKA PRONA\u0160LI U NAPU\u0160TENOJ KU\u0106I U KOZARCU - PrijedorDanas.com - Prijedorski gradski portal","isPartOf":{"@id":"https:\/\/www.prijedordanas.com\/#website"},"datePublished":"2018-08-31T23:46:22+00:00","dateModified":"2018-08-31T23:46:22+00:00","breadcrumb":{"@id":"https:\/\/www.prijedordanas.com\/?p=111642#breadcrumb"},"inLanguage":"en-US","potentialAction":[{"@type":"ReadAction","target":["https:\/\/www.prijedordanas.com\/?p=111642"]}]},{"@type":"BreadcrumbList","@id":"https:\/\/www.prijedordanas.com\/?p=111642#breadcrumb","itemListElement":[{"@type":"ListItem","position":1,"name":"Home","item":"https:\/\/www.prijedordanas.com\/"},{"@type":"ListItem","position":2,"name":"NESTALOG POLJAKA PRONA\u0160LI U NAPU\u0160TENOJ KU\u0106I U KOZARCU"}]},{"@type":"WebSite","@id":"https:\/\/www.prijedordanas.com\/#website","url":"https:\/\/www.prijedordanas.com\/","name":"PrijedorDanas.com - Prijedorski gradski portal","description":"Portal o doga\u0111anjima u gradu Prijedoru","publisher":{"@id":"https:\/\/www.prijedordanas.com\/#organization"},"potentialAction":[{"@type":"SearchAction","target":{"@type":"EntryPoint","urlTemplate":"https:\/\/www.prijedordanas.com\/?s={search_term_string}"},"query-input":"required name=search_term_string"}],"inLanguage":"en-US"},{"@type":"Organization","@id":"https:\/\/www.prijedordanas.com\/#organization","name":"PrijedorDanas.com","url":"https:\/\/www.prijedordanas.com\/","logo":{"@type":"ImageObject","inLanguage":"en-US","@id":"https:\/\/www.prijedordanas.com\/#\/schema\/logo\/image\/","url":"http:\/\/www.prijedordanas.com\/wp-content\/uploads\/2021\/12\/logopng.png","contentUrl":"http:\/\/www.prijedordanas.com\/wp-content\/uploads\/2021\/12\/logopng.png","width":1019,"height":776,"caption":"PrijedorDanas.com"},"image":{"@id":"https:\/\/www.prijedordanas.com\/#\/schema\/logo\/image\/"},"sameAs":["https:\/\/www.facebook.com\/PrijedorDanasCom\/"]},{"@type":"Person","@id":"https:\/\/www.prijedordanas.com\/#\/schema\/person\/4e08ccf29b506ca916ff86d46bb700e6","name":"admin","image":{"@type":"ImageObject","inLanguage":"en-US","@id":"https:\/\/www.prijedordanas.com\/#\/schema\/person\/image\/","url":"https:\/\/secure.gravatar.com\/avatar\/1d3fc949d550f0b53a5f0d51e06dfd79?s=96&d=mm&r=g","contentUrl":"https:\/\/secure.gravatar.com\/avatar\/1d3fc949d550f0b53a5f0d51e06dfd79?s=96&d=mm&r=g","caption":"admin"},"url":"https:\/\/www.prijedordanas.com\/?author=1"}]}},"_links":{"self":[{"href":"https:\/\/www.prijedordanas.com\/index.php?rest_route=\/wp\/v2\/posts\/111642"}],"collection":[{"href":"https:\/\/www.prijedordanas.com\/index.php?rest_route=\/wp\/v2\/posts"}],"about":[{"href":"https:\/\/www.prijedordanas.com\/index.php?rest_route=\/wp\/v2\/types\/post"}],"author":[{"embeddable":true,"href":"https:\/\/www.prijedordanas.com\/index.php?rest_route=\/wp\/v2\/users\/1"}],"replies":[{"embeddable":true,"href":"https:\/\/www.prijedordanas.com\/index.php?rest_route=%2Fwp%2Fv2%2Fcomments&post=111642"}],"version-history":[{"count":1,"href":"https:\/\/www.prijedordanas.com\/index.php?rest_route=\/wp\/v2\/posts\/111642\/revisions"}],"predecessor-version":[{"id":111644,"href":"https:\/\/www.prijedordanas.com\/index.php?rest_route=\/wp\/v2\/posts\/111642\/revisions\/111644"}],"wp:attachment":[{"href":"https:\/\/www.prijedordanas.com\/index.php?rest_route=%2Fwp%2Fv2%2Fmedia&parent=111642"}],"wp:term":[{"taxonomy":"category","embeddable":true,"href":"https:\/\/www.prijedordanas.com\/index.php?rest_route=%2Fwp%2Fv2%2Fcategories&post=111642"},{"taxonomy":"post_tag","embeddable":true,"href":"https:\/\/www.prijedordanas.com\/index.php?rest_route=%2Fwp%2Fv2%2Ftags&post=111642"}],"curies":[{"name":"wp","href":"https:\/\/api.w.org\/{rel}","templated":true}]}}