{"id":111572,"date":"2018-08-30T12:15:56","date_gmt":"2018-08-30T10:15:56","guid":{"rendered":"https:\/\/www.prijedordanas.com\/?p=111572"},"modified":"2018-08-30T12:15:56","modified_gmt":"2018-08-30T10:15:56","slug":"pu-prijedor-u-saobracajnoj-nezgodi-poginuo-vozac-traktora","status":"publish","type":"post","link":"https:\/\/www.prijedordanas.com\/?p=111572","title":{"rendered":"PU PRIJEDOR: U SAOBRA\u0106AJNOJ NEZGODI POGINUO VOZA\u010c TRAKTORA"},"content":{"rendered":"<p><a href=\"https:\/\/www.prijedordanas.com\/wp-content\/uploads\/2015\/05\/akcija-traktor.jpg\"><img loading=\"lazy\" decoding=\"async\" src=\"https:\/\/www.prijedordanas.com\/wp-content\/uploads\/2015\/05\/akcija-traktor-300x137.jpg\" alt=\"\" width=\"300\" height=\"137\" class=\"alignleft size-medium wp-image-21846\" srcset=\"https:\/\/www.prijedordanas.com\/wp-content\/uploads\/2015\/05\/akcija-traktor-300x137.jpg 300w, https:\/\/www.prijedordanas.com\/wp-content\/uploads\/2015\/05\/akcija-traktor.jpg 600w\" sizes=\"(max-width: 300px) 100vw, 300px\" \/><\/a>Na regionalnom putu Kozarska Dubica-Mo\u0161tanica-Prijedor, op\u0161tina Kozarska Dubica, dana 29.08.2018. godine, oko 10,50 \u010dasova, dogodila se saobrac\u0301ajna nezgoda u kojoj su u\u010destvovali putni\u010dki automobil marke \u201eFord fusion\u201c, kojim je upravljalo lice M.P. (1995) iz Kozarske Dubice i traktor marke \u201eFiat\u201c, kojim je upravljalo lice N.E. (1940) iz Kozarske Dubice. <\/p>\n<p>U ovoj saobrac\u0301ajnoj nezgodi lake tjelesne povrede zadobio je voza\u010d putni\u010dkog automobila, dok je voza\u010d traktora, uslijed te\u0161ko zadobijenih povreda, vozilom Slu\u017ebe hitne pomoc\u0301i Doma zdravlja Kozarska Dubica preve\u017een u Op\u0161tu bolnicu Gradi\u0161ka, gdje je i preminuo.<\/p>\n<p>Uvi\u0111aj saobrac\u0301ajne nezgode izvr\u0161io je de\u017eurni tu\u017eilac Okru\u017enog javnog tu\u017eila\u0161tva Prijedor, zajedno sa policijskim slu\u017ebenicima Policijske stanice Kozarska Dubica. <\/p>\n<p>Od strane postupajuc\u0301eg tu\u017eioca nalo\u017eena je obdukcija tijela smrtno stradalog lica N.E., koja c\u0301e biti obavljena dana 30.08.2018. godine u Zavodu za sudsku medicinu Republike Srpske Banja Luka.<\/p>\n<p>PU Prijedor<br \/>\nFoto \u2013 ilustracija<\/p>\n","protected":false},"excerpt":{"rendered":"<p>Na regionalnom putu Kozarska Dubica-Mo\u0161tanica-Prijedor, op\u0161tina Kozarska Dubica, dana 29.08.2018. godine, oko 10,50 \u010dasova, dogodila se saobrac\u0301ajna nezgoda u kojoj su u\u010destvovali putni\u010dki automobil marke \u201eFord fusion\u201c, kojim je upravljalo [&hellip;]<\/p>\n","protected":false},"author":1,"featured_media":0,"comment_status":"closed","ping_status":"open","sticky":false,"template":"","format":"standard","meta":{"_monsterinsights_skip_tracking":false,"_monsterinsights_sitenote_active":false,"_monsterinsights_sitenote_note":"","_monsterinsights_sitenote_category":0,"footnotes":""},"categories":[5],"tags":[],"yoast_head":"<!-- This site is optimized with the Yoast SEO plugin v21.6 - https:\/\/yoast.com\/wordpress\/plugins\/seo\/ -->\n<title>PU PRIJEDOR: U SAOBRA\u0106AJNOJ NEZGODI POGINUO VOZA\u010c TRAKTORA - PrijedorDanas.com - Prijedorski gradski portal<\/title>\n<meta name=\"robots\" content=\"index, follow, max-snippet:-1, max-image-preview:large, max-video-preview:-1\" \/>\n<link rel=\"canonical\" href=\"https:\/\/www.prijedordanas.com\/?p=111572\" \/>\n<meta property=\"og:locale\" content=\"en_US\" \/>\n<meta property=\"og:type\" content=\"article\" \/>\n<meta property=\"og:title\" content=\"PU PRIJEDOR: U SAOBRA\u0106AJNOJ NEZGODI POGINUO VOZA\u010c TRAKTORA - PrijedorDanas.com - Prijedorski gradski portal\" \/>\n<meta property=\"og:description\" content=\"Na regionalnom putu Kozarska Dubica-Mo\u0161tanica-Prijedor, op\u0161tina Kozarska Dubica, dana 29.08.2018. godine, oko 10,50 \u010dasova, dogodila se saobrac\u0301ajna nezgoda u kojoj su u\u010destvovali putni\u010dki automobil marke \u201eFord fusion\u201c, kojim je upravljalo [&hellip;]\" \/>\n<meta property=\"og:url\" content=\"https:\/\/www.prijedordanas.com\/?p=111572\" \/>\n<meta property=\"og:site_name\" content=\"PrijedorDanas.com - Prijedorski gradski portal\" \/>\n<meta property=\"article:publisher\" content=\"https:\/\/www.facebook.com\/PrijedorDanasCom\/\" \/>\n<meta property=\"article:published_time\" content=\"2018-08-30T10:15:56+00:00\" \/>\n<meta property=\"og:image\" content=\"https:\/\/www.prijedordanas.com\/wp-content\/uploads\/2015\/05\/akcija-traktor-300x137.jpg\" \/>\n<meta name=\"author\" content=\"admin\" \/>\n<meta name=\"twitter:card\" content=\"summary_large_image\" \/>\n<meta name=\"twitter:label1\" content=\"Written by\" \/>\n\t<meta name=\"twitter:data1\" content=\"admin\" \/>\n\t<meta name=\"twitter:label2\" content=\"Est. reading time\" \/>\n\t<meta name=\"twitter:data2\" content=\"1 minute\" \/>\n<script type=\"application\/ld+json\" class=\"yoast-schema-graph\">{\"@context\":\"https:\/\/schema.org\",\"@graph\":[{\"@type\":\"Article\",\"@id\":\"https:\/\/www.prijedordanas.com\/?p=111572#article\",\"isPartOf\":{\"@id\":\"https:\/\/www.prijedordanas.com\/?p=111572\"},\"author\":{\"name\":\"admin\",\"@id\":\"https:\/\/www.prijedordanas.com\/#\/schema\/person\/4e08ccf29b506ca916ff86d46bb700e6\"},\"headline\":\"PU PRIJEDOR: U SAOBRA\u0106AJNOJ NEZGODI POGINUO VOZA\u010c TRAKTORA\",\"datePublished\":\"2018-08-30T10:15:56+00:00\",\"dateModified\":\"2018-08-30T10:15:56+00:00\",\"mainEntityOfPage\":{\"@id\":\"https:\/\/www.prijedordanas.com\/?p=111572\"},\"wordCount\":170,\"publisher\":{\"@id\":\"https:\/\/www.prijedordanas.com\/#organization\"},\"articleSection\":[\"Hronika\"],\"inLanguage\":\"en-US\"},{\"@type\":\"WebPage\",\"@id\":\"https:\/\/www.prijedordanas.com\/?p=111572\",\"url\":\"https:\/\/www.prijedordanas.com\/?p=111572\",\"name\":\"PU PRIJEDOR: U SAOBRA\u0106AJNOJ NEZGODI POGINUO VOZA\u010c TRAKTORA - PrijedorDanas.com - Prijedorski gradski portal\",\"isPartOf\":{\"@id\":\"https:\/\/www.prijedordanas.com\/#website\"},\"datePublished\":\"2018-08-30T10:15:56+00:00\",\"dateModified\":\"2018-08-30T10:15:56+00:00\",\"breadcrumb\":{\"@id\":\"https:\/\/www.prijedordanas.com\/?p=111572#breadcrumb\"},\"inLanguage\":\"en-US\",\"potentialAction\":[{\"@type\":\"ReadAction\",\"target\":[\"https:\/\/www.prijedordanas.com\/?p=111572\"]}]},{\"@type\":\"BreadcrumbList\",\"@id\":\"https:\/\/www.prijedordanas.com\/?p=111572#breadcrumb\",\"itemListElement\":[{\"@type\":\"ListItem\",\"position\":1,\"name\":\"Home\",\"item\":\"https:\/\/www.prijedordanas.com\/\"},{\"@type\":\"ListItem\",\"position\":2,\"name\":\"PU PRIJEDOR: U SAOBRA\u0106AJNOJ NEZGODI POGINUO VOZA\u010c TRAKTORA\"}]},{\"@type\":\"WebSite\",\"@id\":\"https:\/\/www.prijedordanas.com\/#website\",\"url\":\"https:\/\/www.prijedordanas.com\/\",\"name\":\"PrijedorDanas.com - Prijedorski gradski portal\",\"description\":\"Portal o doga\u0111anjima u gradu Prijedoru\",\"publisher\":{\"@id\":\"https:\/\/www.prijedordanas.com\/#organization\"},\"potentialAction\":[{\"@type\":\"SearchAction\",\"target\":{\"@type\":\"EntryPoint\",\"urlTemplate\":\"https:\/\/www.prijedordanas.com\/?s={search_term_string}\"},\"query-input\":\"required name=search_term_string\"}],\"inLanguage\":\"en-US\"},{\"@type\":\"Organization\",\"@id\":\"https:\/\/www.prijedordanas.com\/#organization\",\"name\":\"PrijedorDanas.com\",\"url\":\"https:\/\/www.prijedordanas.com\/\",\"logo\":{\"@type\":\"ImageObject\",\"inLanguage\":\"en-US\",\"@id\":\"https:\/\/www.prijedordanas.com\/#\/schema\/logo\/image\/\",\"url\":\"http:\/\/www.prijedordanas.com\/wp-content\/uploads\/2021\/12\/logopng.png\",\"contentUrl\":\"http:\/\/www.prijedordanas.com\/wp-content\/uploads\/2021\/12\/logopng.png\",\"width\":1019,\"height\":776,\"caption\":\"PrijedorDanas.com\"},\"image\":{\"@id\":\"https:\/\/www.prijedordanas.com\/#\/schema\/logo\/image\/\"},\"sameAs\":[\"https:\/\/www.facebook.com\/PrijedorDanasCom\/\"]},{\"@type\":\"Person\",\"@id\":\"https:\/\/www.prijedordanas.com\/#\/schema\/person\/4e08ccf29b506ca916ff86d46bb700e6\",\"name\":\"admin\",\"image\":{\"@type\":\"ImageObject\",\"inLanguage\":\"en-US\",\"@id\":\"https:\/\/www.prijedordanas.com\/#\/schema\/person\/image\/\",\"url\":\"https:\/\/secure.gravatar.com\/avatar\/1d3fc949d550f0b53a5f0d51e06dfd79?s=96&d=mm&r=g\",\"contentUrl\":\"https:\/\/secure.gravatar.com\/avatar\/1d3fc949d550f0b53a5f0d51e06dfd79?s=96&d=mm&r=g\",\"caption\":\"admin\"},\"url\":\"https:\/\/www.prijedordanas.com\/?author=1\"}]}<\/script>\n<!-- \/ Yoast SEO plugin. -->","yoast_head_json":{"title":"PU PRIJEDOR: U SAOBRA\u0106AJNOJ NEZGODI POGINUO VOZA\u010c TRAKTORA - PrijedorDanas.com - Prijedorski gradski portal","robots":{"index":"index","follow":"follow","max-snippet":"max-snippet:-1","max-image-preview":"max-image-preview:large","max-video-preview":"max-video-preview:-1"},"canonical":"https:\/\/www.prijedordanas.com\/?p=111572","og_locale":"en_US","og_type":"article","og_title":"PU PRIJEDOR: U SAOBRA\u0106AJNOJ NEZGODI POGINUO VOZA\u010c TRAKTORA - PrijedorDanas.com - Prijedorski gradski portal","og_description":"Na regionalnom putu Kozarska Dubica-Mo\u0161tanica-Prijedor, op\u0161tina Kozarska Dubica, dana 29.08.2018. godine, oko 10,50 \u010dasova, dogodila se saobrac\u0301ajna nezgoda u kojoj su u\u010destvovali putni\u010dki automobil marke \u201eFord fusion\u201c, kojim je upravljalo [&hellip;]","og_url":"https:\/\/www.prijedordanas.com\/?p=111572","og_site_name":"PrijedorDanas.com - Prijedorski gradski portal","article_publisher":"https:\/\/www.facebook.com\/PrijedorDanasCom\/","article_published_time":"2018-08-30T10:15:56+00:00","og_image":[{"url":"https:\/\/www.prijedordanas.com\/wp-content\/uploads\/2015\/05\/akcija-traktor-300x137.jpg"}],"author":"admin","twitter_card":"summary_large_image","twitter_misc":{"Written by":"admin","Est. reading time":"1 minute"},"schema":{"@context":"https:\/\/schema.org","@graph":[{"@type":"Article","@id":"https:\/\/www.prijedordanas.com\/?p=111572#article","isPartOf":{"@id":"https:\/\/www.prijedordanas.com\/?p=111572"},"author":{"name":"admin","@id":"https:\/\/www.prijedordanas.com\/#\/schema\/person\/4e08ccf29b506ca916ff86d46bb700e6"},"headline":"PU PRIJEDOR: U SAOBRA\u0106AJNOJ NEZGODI POGINUO VOZA\u010c TRAKTORA","datePublished":"2018-08-30T10:15:56+00:00","dateModified":"2018-08-30T10:15:56+00:00","mainEntityOfPage":{"@id":"https:\/\/www.prijedordanas.com\/?p=111572"},"wordCount":170,"publisher":{"@id":"https:\/\/www.prijedordanas.com\/#organization"},"articleSection":["Hronika"],"inLanguage":"en-US"},{"@type":"WebPage","@id":"https:\/\/www.prijedordanas.com\/?p=111572","url":"https:\/\/www.prijedordanas.com\/?p=111572","name":"PU PRIJEDOR: U SAOBRA\u0106AJNOJ NEZGODI POGINUO VOZA\u010c TRAKTORA - PrijedorDanas.com - Prijedorski gradski portal","isPartOf":{"@id":"https:\/\/www.prijedordanas.com\/#website"},"datePublished":"2018-08-30T10:15:56+00:00","dateModified":"2018-08-30T10:15:56+00:00","breadcrumb":{"@id":"https:\/\/www.prijedordanas.com\/?p=111572#breadcrumb"},"inLanguage":"en-US","potentialAction":[{"@type":"ReadAction","target":["https:\/\/www.prijedordanas.com\/?p=111572"]}]},{"@type":"BreadcrumbList","@id":"https:\/\/www.prijedordanas.com\/?p=111572#breadcrumb","itemListElement":[{"@type":"ListItem","position":1,"name":"Home","item":"https:\/\/www.prijedordanas.com\/"},{"@type":"ListItem","position":2,"name":"PU PRIJEDOR: U SAOBRA\u0106AJNOJ NEZGODI POGINUO VOZA\u010c TRAKTORA"}]},{"@type":"WebSite","@id":"https:\/\/www.prijedordanas.com\/#website","url":"https:\/\/www.prijedordanas.com\/","name":"PrijedorDanas.com - Prijedorski gradski portal","description":"Portal o doga\u0111anjima u gradu Prijedoru","publisher":{"@id":"https:\/\/www.prijedordanas.com\/#organization"},"potentialAction":[{"@type":"SearchAction","target":{"@type":"EntryPoint","urlTemplate":"https:\/\/www.prijedordanas.com\/?s={search_term_string}"},"query-input":"required name=search_term_string"}],"inLanguage":"en-US"},{"@type":"Organization","@id":"https:\/\/www.prijedordanas.com\/#organization","name":"PrijedorDanas.com","url":"https:\/\/www.prijedordanas.com\/","logo":{"@type":"ImageObject","inLanguage":"en-US","@id":"https:\/\/www.prijedordanas.com\/#\/schema\/logo\/image\/","url":"http:\/\/www.prijedordanas.com\/wp-content\/uploads\/2021\/12\/logopng.png","contentUrl":"http:\/\/www.prijedordanas.com\/wp-content\/uploads\/2021\/12\/logopng.png","width":1019,"height":776,"caption":"PrijedorDanas.com"},"image":{"@id":"https:\/\/www.prijedordanas.com\/#\/schema\/logo\/image\/"},"sameAs":["https:\/\/www.facebook.com\/PrijedorDanasCom\/"]},{"@type":"Person","@id":"https:\/\/www.prijedordanas.com\/#\/schema\/person\/4e08ccf29b506ca916ff86d46bb700e6","name":"admin","image":{"@type":"ImageObject","inLanguage":"en-US","@id":"https:\/\/www.prijedordanas.com\/#\/schema\/person\/image\/","url":"https:\/\/secure.gravatar.com\/avatar\/1d3fc949d550f0b53a5f0d51e06dfd79?s=96&d=mm&r=g","contentUrl":"https:\/\/secure.gravatar.com\/avatar\/1d3fc949d550f0b53a5f0d51e06dfd79?s=96&d=mm&r=g","caption":"admin"},"url":"https:\/\/www.prijedordanas.com\/?author=1"}]}},"_links":{"self":[{"href":"https:\/\/www.prijedordanas.com\/index.php?rest_route=\/wp\/v2\/posts\/111572"}],"collection":[{"href":"https:\/\/www.prijedordanas.com\/index.php?rest_route=\/wp\/v2\/posts"}],"about":[{"href":"https:\/\/www.prijedordanas.com\/index.php?rest_route=\/wp\/v2\/types\/post"}],"author":[{"embeddable":true,"href":"https:\/\/www.prijedordanas.com\/index.php?rest_route=\/wp\/v2\/users\/1"}],"replies":[{"embeddable":true,"href":"https:\/\/www.prijedordanas.com\/index.php?rest_route=%2Fwp%2Fv2%2Fcomments&post=111572"}],"version-history":[{"count":1,"href":"https:\/\/www.prijedordanas.com\/index.php?rest_route=\/wp\/v2\/posts\/111572\/revisions"}],"predecessor-version":[{"id":111573,"href":"https:\/\/www.prijedordanas.com\/index.php?rest_route=\/wp\/v2\/posts\/111572\/revisions\/111573"}],"wp:attachment":[{"href":"https:\/\/www.prijedordanas.com\/index.php?rest_route=%2Fwp%2Fv2%2Fmedia&parent=111572"}],"wp:term":[{"taxonomy":"category","embeddable":true,"href":"https:\/\/www.prijedordanas.com\/index.php?rest_route=%2Fwp%2Fv2%2Fcategories&post=111572"},{"taxonomy":"post_tag","embeddable":true,"href":"https:\/\/www.prijedordanas.com\/index.php?rest_route=%2Fwp%2Fv2%2Ftags&post=111572"}],"curies":[{"name":"wp","href":"https:\/\/api.w.org\/{rel}","templated":true}]}}