{"id":111544,"date":"2018-08-29T19:53:39","date_gmt":"2018-08-29T17:53:39","guid":{"rendered":"https:\/\/www.prijedordanas.com\/?p=111544"},"modified":"2018-08-29T19:53:39","modified_gmt":"2018-08-29T17:53:39","slug":"prijedorska-toplana-dobila-odobrenje-za-kreditno-zaduzenje-video","status":"publish","type":"post","link":"https:\/\/www.prijedordanas.com\/?p=111544","title":{"rendered":"PRIJEDORSKA TOPLANA DOBILA ODOBRENJE ZA KREDITNO ZADU\u017dENJE \u2013 VIDEO"},"content":{"rendered":"<p><a href=\"https:\/\/www.prijedordanas.com\/wp-content\/uploads\/2018\/08\/skupstina-grada-29avgust-1.jpg\"><img loading=\"lazy\" decoding=\"async\" class=\"alignleft size-medium wp-image-111537\" src=\"https:\/\/www.prijedordanas.com\/wp-content\/uploads\/2018\/08\/skupstina-grada-29avgust-1-300x217.jpg\" alt=\"\" width=\"300\" height=\"217\" srcset=\"https:\/\/www.prijedordanas.com\/wp-content\/uploads\/2018\/08\/skupstina-grada-29avgust-1-300x217.jpg 300w, https:\/\/www.prijedordanas.com\/wp-content\/uploads\/2018\/08\/skupstina-grada-29avgust-1-100x72.jpg 100w, https:\/\/www.prijedordanas.com\/wp-content\/uploads\/2018\/08\/skupstina-grada-29avgust-1.jpg 690w\" sizes=\"(max-width: 300px) 100vw, 300px\" \/><\/a>Ve\u0107inom glasova odbornika, na posebnoj sjednici Skup\u0161tine grada Prijedora, usvojena je Odluka o davanju garancije Grada Toplani za kreditno zadu\u017eenje, u visini od ukupno osam miliona maraka na 15 godina, sa grejs periodom od \u0161est godina.<\/p>\n<p>Rije\u010d je o refinansiranju postoje\u0107ih kreditnih obaveza prijedorske Toplane i duga prema dobavlja\u010dima iz prethodnog perioda, kada je ovo preduze\u0107e kao sirovinu koristilo mazut.<\/p>\n<p>Grad \u0107e dati garanciju na kredit od \u010detiri miliona maraka, dok \u0107e preostala \u010detiri miliona, biti obezbije\u0111ena uz zalog opreme i imovine Toplane.<\/p>\n<p>Nakon duge polemike, ova odluka o zadu\u017eenju, dobila je podr\u0161ku ve\u0107ine prijedorskih odbornika.<\/p>\n<p><a href=\"https:\/\/www.prijedordanas.com\/wp-content\/uploads\/2018\/08\/skupstina-grada-29avgust-2.jpg\"><img loading=\"lazy\" decoding=\"async\" class=\"alignleft size-medium wp-image-111538\" src=\"https:\/\/www.prijedordanas.com\/wp-content\/uploads\/2018\/08\/skupstina-grada-29avgust-2-300x217.jpg\" alt=\"\" width=\"300\" height=\"217\" srcset=\"https:\/\/www.prijedordanas.com\/wp-content\/uploads\/2018\/08\/skupstina-grada-29avgust-2-300x217.jpg 300w, https:\/\/www.prijedordanas.com\/wp-content\/uploads\/2018\/08\/skupstina-grada-29avgust-2-100x72.jpg 100w, https:\/\/www.prijedordanas.com\/wp-content\/uploads\/2018\/08\/skupstina-grada-29avgust-2.jpg 690w\" sizes=\"(max-width: 300px) 100vw, 300px\" \/><\/a>Cilj refinansiranja postoje\u0107ih kreditnih obaveza je da novi pogon prijedorske Toplane, koja grad grije na novi energent, biomasu, vrati dugovanja iz prethodnog perioda i postane stabilno i samoodr\u017eivo preduze\u0107e. Za kreditno zadu\u017eenje od osam miliona maraka, garant je Grad, odlu\u010dili su odbornici.<\/p>\n<p>Zoran Kne\u017eevi\u0107, direktor Toplane Prijedor isti\u010de da \u0107e se refinansiranjem na du\u017ei period, smanjivanjem anuiteta prema bankama, taj oslobo\u0111eni novac usmjeriti za nabavku energenta i omogu\u0107iti neometan rad Toplane u narednom periodu.<\/p>\n<p>&#8220;Rije\u010d je ovdje samo o \u010detiri miliona maraka garancije, zna\u010di, refinansira se ukupno osam miliona maraka obaveza. Ostatak se obezbje\u0111uje uz zalog opreme i imovine, kroz hipoteku Toplane&#8221;, isti\u010de Kne\u017eevi\u0107.<\/p>\n<p><a href=\"https:\/\/www.prijedordanas.com\/wp-content\/uploads\/2018\/08\/skupstina-grada-29avgust-3.jpg\"><img loading=\"lazy\" decoding=\"async\" class=\"alignleft size-medium wp-image-111539\" src=\"https:\/\/www.prijedordanas.com\/wp-content\/uploads\/2018\/08\/skupstina-grada-29avgust-3-300x222.jpg\" alt=\"\" width=\"300\" height=\"222\" srcset=\"https:\/\/www.prijedordanas.com\/wp-content\/uploads\/2018\/08\/skupstina-grada-29avgust-3-300x222.jpg 300w, https:\/\/www.prijedordanas.com\/wp-content\/uploads\/2018\/08\/skupstina-grada-29avgust-3-100x74.jpg 100w, https:\/\/www.prijedordanas.com\/wp-content\/uploads\/2018\/08\/skupstina-grada-29avgust-3.jpg 675w\" sizes=\"(max-width: 300px) 100vw, 300px\" \/><\/a>Milenko \u0110akovi\u0107, gradona\u010delnik Prijedora ka\u017ee da Grad vi\u0161e ne\u0107e u\u010destvovati u davanju garancija.<\/p>\n<p>&#8220;Toplana se vi\u0161e ne misli zadu\u017eivati, prelazi se na teku\u0107e poslovanje. \u0408edino grad Prijedor \u0107e ostaviti dio subvencije kojom je subvencionirao rad Toplane do izlaska iz ove situacije&#8221;, istakao je \u0110akovi\u0107.<\/p>\n<p>Prijedorskoj Toplani potro\u0161a\u010di duguju vi\u0161e od sedam miliona maraka. <\/p>\n<p>Veliki broj predmeta \u010deka na sudski epilog. <\/p>\n<p>Nakon kratkog dogovora, tokom tra\u017eene pauze, prijedorski Klub odbornika SNSD-a, odlu\u010dio je da podr\u017ei ovu odluku.<\/p>\n<p><a href=\"https:\/\/www.prijedordanas.com\/wp-content\/uploads\/2018\/08\/skupstina-grada-29avgust-4.jpg\"><img loading=\"lazy\" decoding=\"async\" src=\"https:\/\/www.prijedordanas.com\/wp-content\/uploads\/2018\/08\/skupstina-grada-29avgust-4-300x222.jpg\" alt=\"\" width=\"300\" height=\"222\" class=\"alignleft size-medium wp-image-111540\" srcset=\"https:\/\/www.prijedordanas.com\/wp-content\/uploads\/2018\/08\/skupstina-grada-29avgust-4-300x222.jpg 300w, https:\/\/www.prijedordanas.com\/wp-content\/uploads\/2018\/08\/skupstina-grada-29avgust-4-100x74.jpg 100w, https:\/\/www.prijedordanas.com\/wp-content\/uploads\/2018\/08\/skupstina-grada-29avgust-4.jpg 675w\" sizes=\"(max-width: 300px) 100vw, 300px\" \/><\/a>&#8220;Grad Prijedor treba da ima grijanje. Ako \u017eelimo grad, moramo imati adekvatno grijanje i zbog toga pozivamo i gradona\u010delnika i sada\u0161nji menad\u017ement da ulo\u017ei dodatne napore, da izvr\u0161i dodatne analize i u tehni\u010dkom i u ekonomskom smislu da unaprijedi rad Toplane, a mi smo tu koji treba da damo podr\u0161ku&#8221;, naveo je Dragoslav Kabi\u0107, \u0161ef Kluba odbornika SNSD-a u Skup\u0161tini grada Prijedora.<\/p>\n<p>Klub odbornika SDS-a, nije podr\u017eao ovu odluku. Smatraju da je moglo da se na\u0111e bolje rje\u0161enje od zadu\u017eenja.<\/p>\n<p>&#8220;Oni imaju monopol, Toplana je zna\u010di jedina koja prodaje toplotnu energiju. Nema konkurencije, cijene su visoke. Ima tu dosta pitanja koja nisu meni kao odborniku jasna, ni Klubu odbornika. Evo vidite da se i SNSD dvomuio do zadnjeg momenta&#8221;, rekao je Radenko Stijepi\u0107, \u0161ef Kluba odbornika SDS-a u Skup\u0161tini grada Prijedora.<\/p>\n<p>Iz Toplane poru\u010duju da je za novu sezonu nabavljena dovoljna koli\u010dina mazuta. Prijedorska Toplana na mre\u017ei ima vi\u0161e od pet hiljada korisnika.<\/p>\n<p>RTRS<\/p>\n<div style=\"width: 640px;\" class=\"wp-video\"><!--[if lt IE 9]><script>document.createElement('video');<\/script><![endif]-->\n<video class=\"wp-video-shortcode\" id=\"video-111544-1\" width=\"640\" height=\"360\" preload=\"metadata\" controls=\"controls\"><source type=\"video\/mp4\" src=\"http:\/\/arh3.rtrs.tv\/arhiva\/2018\/08\/29\/tvclip030250.mp4?_=1\" \/><a href=\"http:\/\/arh3.rtrs.tv\/arhiva\/2018\/08\/29\/tvclip030250.mp4\">http:\/\/arh3.rtrs.tv\/arhiva\/2018\/08\/29\/tvclip030250.mp4<\/a><\/video><\/div>\n<p><a href=\"https:\/\/www.prijedordanas.com\/wp-content\/uploads\/2018\/08\/skupstina-grada-29avgust-5.jpg\"><img loading=\"lazy\" decoding=\"async\" src=\"https:\/\/www.prijedordanas.com\/wp-content\/uploads\/2018\/08\/skupstina-grada-29avgust-5-300x199.jpg\" alt=\"\" width=\"300\" height=\"199\" class=\"alignleft size-medium wp-image-111541\" srcset=\"https:\/\/www.prijedordanas.com\/wp-content\/uploads\/2018\/08\/skupstina-grada-29avgust-5-300x199.jpg 300w, https:\/\/www.prijedordanas.com\/wp-content\/uploads\/2018\/08\/skupstina-grada-29avgust-5-100x66.jpg 100w, https:\/\/www.prijedordanas.com\/wp-content\/uploads\/2018\/08\/skupstina-grada-29avgust-5-480x320.jpg 480w, https:\/\/www.prijedordanas.com\/wp-content\/uploads\/2018\/08\/skupstina-grada-29avgust-5.jpg 600w\" sizes=\"(max-width: 300px) 100vw, 300px\" \/><\/a> <a href=\"https:\/\/www.prijedordanas.com\/wp-content\/uploads\/2018\/08\/skupstina-grada-29avgust-6.jpg\"><img loading=\"lazy\" decoding=\"async\" src=\"https:\/\/www.prijedordanas.com\/wp-content\/uploads\/2018\/08\/skupstina-grada-29avgust-6-300x199.jpg\" alt=\"\" width=\"300\" height=\"199\" class=\"alignleft size-medium wp-image-111542\" srcset=\"https:\/\/www.prijedordanas.com\/wp-content\/uploads\/2018\/08\/skupstina-grada-29avgust-6-300x199.jpg 300w, https:\/\/www.prijedordanas.com\/wp-content\/uploads\/2018\/08\/skupstina-grada-29avgust-6-100x66.jpg 100w, https:\/\/www.prijedordanas.com\/wp-content\/uploads\/2018\/08\/skupstina-grada-29avgust-6-480x320.jpg 480w, https:\/\/www.prijedordanas.com\/wp-content\/uploads\/2018\/08\/skupstina-grada-29avgust-6.jpg 600w\" sizes=\"(max-width: 300px) 100vw, 300px\" \/><\/a><\/p>\n","protected":false},"excerpt":{"rendered":"<p>Ve\u0107inom glasova odbornika, na posebnoj sjednici Skup\u0161tine grada Prijedora, usvojena je Odluka o davanju garancije Grada Toplani za kreditno zadu\u017eenje, u visini od ukupno osam miliona maraka na 15 godina, [&hellip;]<\/p>\n","protected":false},"author":1,"featured_media":0,"comment_status":"closed","ping_status":"open","sticky":false,"template":"","format":"standard","meta":{"_monsterinsights_skip_tracking":false,"_monsterinsights_sitenote_active":false,"_monsterinsights_sitenote_note":"","_monsterinsights_sitenote_category":0,"footnotes":""},"categories":[4],"tags":[],"yoast_head":"<!-- This site is optimized with the Yoast SEO plugin v21.6 - https:\/\/yoast.com\/wordpress\/plugins\/seo\/ -->\n<title>PRIJEDORSKA TOPLANA DOBILA ODOBRENJE ZA KREDITNO ZADU\u017dENJE \u2013 VIDEO - PrijedorDanas.com - Prijedorski gradski portal<\/title>\n<meta name=\"robots\" content=\"index, follow, max-snippet:-1, max-image-preview:large, max-video-preview:-1\" \/>\n<link rel=\"canonical\" href=\"https:\/\/www.prijedordanas.com\/?p=111544\" \/>\n<meta property=\"og:locale\" content=\"en_US\" \/>\n<meta property=\"og:type\" content=\"article\" \/>\n<meta property=\"og:title\" content=\"PRIJEDORSKA TOPLANA DOBILA ODOBRENJE ZA KREDITNO ZADU\u017dENJE \u2013 VIDEO - PrijedorDanas.com - Prijedorski gradski portal\" \/>\n<meta property=\"og:description\" content=\"Ve\u0107inom glasova odbornika, na posebnoj sjednici Skup\u0161tine grada Prijedora, usvojena je Odluka o davanju garancije Grada Toplani za kreditno zadu\u017eenje, u visini od ukupno osam miliona maraka na 15 godina, [&hellip;]\" \/>\n<meta property=\"og:url\" content=\"https:\/\/www.prijedordanas.com\/?p=111544\" \/>\n<meta property=\"og:site_name\" content=\"PrijedorDanas.com - Prijedorski gradski portal\" \/>\n<meta property=\"article:publisher\" content=\"https:\/\/www.facebook.com\/PrijedorDanasCom\/\" \/>\n<meta property=\"article:published_time\" content=\"2018-08-29T17:53:39+00:00\" \/>\n<meta property=\"og:image\" content=\"https:\/\/www.prijedordanas.com\/wp-content\/uploads\/2018\/08\/skupstina-grada-29avgust-1-300x217.jpg\" \/>\n<meta name=\"author\" content=\"admin\" \/>\n<meta name=\"twitter:card\" content=\"summary_large_image\" \/>\n<meta name=\"twitter:label1\" content=\"Written by\" \/>\n\t<meta name=\"twitter:data1\" content=\"admin\" \/>\n\t<meta name=\"twitter:label2\" content=\"Est. reading time\" \/>\n\t<meta name=\"twitter:data2\" content=\"2 minutes\" \/>\n<script type=\"application\/ld+json\" class=\"yoast-schema-graph\">{\"@context\":\"https:\/\/schema.org\",\"@graph\":[{\"@type\":\"Article\",\"@id\":\"https:\/\/www.prijedordanas.com\/?p=111544#article\",\"isPartOf\":{\"@id\":\"https:\/\/www.prijedordanas.com\/?p=111544\"},\"author\":{\"name\":\"admin\",\"@id\":\"https:\/\/www.prijedordanas.com\/#\/schema\/person\/4e08ccf29b506ca916ff86d46bb700e6\"},\"headline\":\"PRIJEDORSKA TOPLANA DOBILA ODOBRENJE ZA KREDITNO ZADU\u017dENJE \u2013 VIDEO\",\"datePublished\":\"2018-08-29T17:53:39+00:00\",\"dateModified\":\"2018-08-29T17:53:39+00:00\",\"mainEntityOfPage\":{\"@id\":\"https:\/\/www.prijedordanas.com\/?p=111544\"},\"wordCount\":501,\"publisher\":{\"@id\":\"https:\/\/www.prijedordanas.com\/#organization\"},\"articleSection\":[\"Dru\u0161tvo\"],\"inLanguage\":\"en-US\"},{\"@type\":\"WebPage\",\"@id\":\"https:\/\/www.prijedordanas.com\/?p=111544\",\"url\":\"https:\/\/www.prijedordanas.com\/?p=111544\",\"name\":\"PRIJEDORSKA TOPLANA DOBILA ODOBRENJE ZA KREDITNO ZADU\u017dENJE \u2013 VIDEO - PrijedorDanas.com - Prijedorski gradski portal\",\"isPartOf\":{\"@id\":\"https:\/\/www.prijedordanas.com\/#website\"},\"datePublished\":\"2018-08-29T17:53:39+00:00\",\"dateModified\":\"2018-08-29T17:53:39+00:00\",\"breadcrumb\":{\"@id\":\"https:\/\/www.prijedordanas.com\/?p=111544#breadcrumb\"},\"inLanguage\":\"en-US\",\"potentialAction\":[{\"@type\":\"ReadAction\",\"target\":[\"https:\/\/www.prijedordanas.com\/?p=111544\"]}]},{\"@type\":\"BreadcrumbList\",\"@id\":\"https:\/\/www.prijedordanas.com\/?p=111544#breadcrumb\",\"itemListElement\":[{\"@type\":\"ListItem\",\"position\":1,\"name\":\"Home\",\"item\":\"https:\/\/www.prijedordanas.com\/\"},{\"@type\":\"ListItem\",\"position\":2,\"name\":\"PRIJEDORSKA TOPLANA DOBILA ODOBRENJE ZA KREDITNO ZADU\u017dENJE \u2013 VIDEO\"}]},{\"@type\":\"WebSite\",\"@id\":\"https:\/\/www.prijedordanas.com\/#website\",\"url\":\"https:\/\/www.prijedordanas.com\/\",\"name\":\"PrijedorDanas.com - Prijedorski gradski portal\",\"description\":\"Portal o doga\u0111anjima u gradu Prijedoru\",\"publisher\":{\"@id\":\"https:\/\/www.prijedordanas.com\/#organization\"},\"potentialAction\":[{\"@type\":\"SearchAction\",\"target\":{\"@type\":\"EntryPoint\",\"urlTemplate\":\"https:\/\/www.prijedordanas.com\/?s={search_term_string}\"},\"query-input\":\"required name=search_term_string\"}],\"inLanguage\":\"en-US\"},{\"@type\":\"Organization\",\"@id\":\"https:\/\/www.prijedordanas.com\/#organization\",\"name\":\"PrijedorDanas.com\",\"url\":\"https:\/\/www.prijedordanas.com\/\",\"logo\":{\"@type\":\"ImageObject\",\"inLanguage\":\"en-US\",\"@id\":\"https:\/\/www.prijedordanas.com\/#\/schema\/logo\/image\/\",\"url\":\"http:\/\/www.prijedordanas.com\/wp-content\/uploads\/2021\/12\/logopng.png\",\"contentUrl\":\"http:\/\/www.prijedordanas.com\/wp-content\/uploads\/2021\/12\/logopng.png\",\"width\":1019,\"height\":776,\"caption\":\"PrijedorDanas.com\"},\"image\":{\"@id\":\"https:\/\/www.prijedordanas.com\/#\/schema\/logo\/image\/\"},\"sameAs\":[\"https:\/\/www.facebook.com\/PrijedorDanasCom\/\"]},{\"@type\":\"Person\",\"@id\":\"https:\/\/www.prijedordanas.com\/#\/schema\/person\/4e08ccf29b506ca916ff86d46bb700e6\",\"name\":\"admin\",\"image\":{\"@type\":\"ImageObject\",\"inLanguage\":\"en-US\",\"@id\":\"https:\/\/www.prijedordanas.com\/#\/schema\/person\/image\/\",\"url\":\"https:\/\/secure.gravatar.com\/avatar\/1d3fc949d550f0b53a5f0d51e06dfd79?s=96&d=mm&r=g\",\"contentUrl\":\"https:\/\/secure.gravatar.com\/avatar\/1d3fc949d550f0b53a5f0d51e06dfd79?s=96&d=mm&r=g\",\"caption\":\"admin\"},\"url\":\"https:\/\/www.prijedordanas.com\/?author=1\"}]}<\/script>\n<!-- \/ Yoast SEO plugin. -->","yoast_head_json":{"title":"PRIJEDORSKA TOPLANA DOBILA ODOBRENJE ZA KREDITNO ZADU\u017dENJE \u2013 VIDEO - PrijedorDanas.com - Prijedorski gradski portal","robots":{"index":"index","follow":"follow","max-snippet":"max-snippet:-1","max-image-preview":"max-image-preview:large","max-video-preview":"max-video-preview:-1"},"canonical":"https:\/\/www.prijedordanas.com\/?p=111544","og_locale":"en_US","og_type":"article","og_title":"PRIJEDORSKA TOPLANA DOBILA ODOBRENJE ZA KREDITNO ZADU\u017dENJE \u2013 VIDEO - PrijedorDanas.com - Prijedorski gradski portal","og_description":"Ve\u0107inom glasova odbornika, na posebnoj sjednici Skup\u0161tine grada Prijedora, usvojena je Odluka o davanju garancije Grada Toplani za kreditno zadu\u017eenje, u visini od ukupno osam miliona maraka na 15 godina, [&hellip;]","og_url":"https:\/\/www.prijedordanas.com\/?p=111544","og_site_name":"PrijedorDanas.com - Prijedorski gradski portal","article_publisher":"https:\/\/www.facebook.com\/PrijedorDanasCom\/","article_published_time":"2018-08-29T17:53:39+00:00","og_image":[{"url":"https:\/\/www.prijedordanas.com\/wp-content\/uploads\/2018\/08\/skupstina-grada-29avgust-1-300x217.jpg"}],"author":"admin","twitter_card":"summary_large_image","twitter_misc":{"Written by":"admin","Est. reading time":"2 minutes"},"schema":{"@context":"https:\/\/schema.org","@graph":[{"@type":"Article","@id":"https:\/\/www.prijedordanas.com\/?p=111544#article","isPartOf":{"@id":"https:\/\/www.prijedordanas.com\/?p=111544"},"author":{"name":"admin","@id":"https:\/\/www.prijedordanas.com\/#\/schema\/person\/4e08ccf29b506ca916ff86d46bb700e6"},"headline":"PRIJEDORSKA TOPLANA DOBILA ODOBRENJE ZA KREDITNO ZADU\u017dENJE \u2013 VIDEO","datePublished":"2018-08-29T17:53:39+00:00","dateModified":"2018-08-29T17:53:39+00:00","mainEntityOfPage":{"@id":"https:\/\/www.prijedordanas.com\/?p=111544"},"wordCount":501,"publisher":{"@id":"https:\/\/www.prijedordanas.com\/#organization"},"articleSection":["Dru\u0161tvo"],"inLanguage":"en-US"},{"@type":"WebPage","@id":"https:\/\/www.prijedordanas.com\/?p=111544","url":"https:\/\/www.prijedordanas.com\/?p=111544","name":"PRIJEDORSKA TOPLANA DOBILA ODOBRENJE ZA KREDITNO ZADU\u017dENJE \u2013 VIDEO - PrijedorDanas.com - Prijedorski gradski portal","isPartOf":{"@id":"https:\/\/www.prijedordanas.com\/#website"},"datePublished":"2018-08-29T17:53:39+00:00","dateModified":"2018-08-29T17:53:39+00:00","breadcrumb":{"@id":"https:\/\/www.prijedordanas.com\/?p=111544#breadcrumb"},"inLanguage":"en-US","potentialAction":[{"@type":"ReadAction","target":["https:\/\/www.prijedordanas.com\/?p=111544"]}]},{"@type":"BreadcrumbList","@id":"https:\/\/www.prijedordanas.com\/?p=111544#breadcrumb","itemListElement":[{"@type":"ListItem","position":1,"name":"Home","item":"https:\/\/www.prijedordanas.com\/"},{"@type":"ListItem","position":2,"name":"PRIJEDORSKA TOPLANA DOBILA ODOBRENJE ZA KREDITNO ZADU\u017dENJE \u2013 VIDEO"}]},{"@type":"WebSite","@id":"https:\/\/www.prijedordanas.com\/#website","url":"https:\/\/www.prijedordanas.com\/","name":"PrijedorDanas.com - Prijedorski gradski portal","description":"Portal o doga\u0111anjima u gradu Prijedoru","publisher":{"@id":"https:\/\/www.prijedordanas.com\/#organization"},"potentialAction":[{"@type":"SearchAction","target":{"@type":"EntryPoint","urlTemplate":"https:\/\/www.prijedordanas.com\/?s={search_term_string}"},"query-input":"required name=search_term_string"}],"inLanguage":"en-US"},{"@type":"Organization","@id":"https:\/\/www.prijedordanas.com\/#organization","name":"PrijedorDanas.com","url":"https:\/\/www.prijedordanas.com\/","logo":{"@type":"ImageObject","inLanguage":"en-US","@id":"https:\/\/www.prijedordanas.com\/#\/schema\/logo\/image\/","url":"http:\/\/www.prijedordanas.com\/wp-content\/uploads\/2021\/12\/logopng.png","contentUrl":"http:\/\/www.prijedordanas.com\/wp-content\/uploads\/2021\/12\/logopng.png","width":1019,"height":776,"caption":"PrijedorDanas.com"},"image":{"@id":"https:\/\/www.prijedordanas.com\/#\/schema\/logo\/image\/"},"sameAs":["https:\/\/www.facebook.com\/PrijedorDanasCom\/"]},{"@type":"Person","@id":"https:\/\/www.prijedordanas.com\/#\/schema\/person\/4e08ccf29b506ca916ff86d46bb700e6","name":"admin","image":{"@type":"ImageObject","inLanguage":"en-US","@id":"https:\/\/www.prijedordanas.com\/#\/schema\/person\/image\/","url":"https:\/\/secure.gravatar.com\/avatar\/1d3fc949d550f0b53a5f0d51e06dfd79?s=96&d=mm&r=g","contentUrl":"https:\/\/secure.gravatar.com\/avatar\/1d3fc949d550f0b53a5f0d51e06dfd79?s=96&d=mm&r=g","caption":"admin"},"url":"https:\/\/www.prijedordanas.com\/?author=1"}]}},"_links":{"self":[{"href":"https:\/\/www.prijedordanas.com\/index.php?rest_route=\/wp\/v2\/posts\/111544"}],"collection":[{"href":"https:\/\/www.prijedordanas.com\/index.php?rest_route=\/wp\/v2\/posts"}],"about":[{"href":"https:\/\/www.prijedordanas.com\/index.php?rest_route=\/wp\/v2\/types\/post"}],"author":[{"embeddable":true,"href":"https:\/\/www.prijedordanas.com\/index.php?rest_route=\/wp\/v2\/users\/1"}],"replies":[{"embeddable":true,"href":"https:\/\/www.prijedordanas.com\/index.php?rest_route=%2Fwp%2Fv2%2Fcomments&post=111544"}],"version-history":[{"count":1,"href":"https:\/\/www.prijedordanas.com\/index.php?rest_route=\/wp\/v2\/posts\/111544\/revisions"}],"predecessor-version":[{"id":111546,"href":"https:\/\/www.prijedordanas.com\/index.php?rest_route=\/wp\/v2\/posts\/111544\/revisions\/111546"}],"wp:attachment":[{"href":"https:\/\/www.prijedordanas.com\/index.php?rest_route=%2Fwp%2Fv2%2Fmedia&parent=111544"}],"wp:term":[{"taxonomy":"category","embeddable":true,"href":"https:\/\/www.prijedordanas.com\/index.php?rest_route=%2Fwp%2Fv2%2Fcategories&post=111544"},{"taxonomy":"post_tag","embeddable":true,"href":"https:\/\/www.prijedordanas.com\/index.php?rest_route=%2Fwp%2Fv2%2Ftags&post=111544"}],"curies":[{"name":"wp","href":"https:\/\/api.w.org\/{rel}","templated":true}]}}