{"id":111533,"date":"2018-08-29T17:27:10","date_gmt":"2018-08-29T15:27:10","guid":{"rendered":"https:\/\/www.prijedordanas.com\/?p=111533"},"modified":"2018-08-29T17:27:10","modified_gmt":"2018-08-29T15:27:10","slug":"prijedor-policajac-dejan-zlokapa-pronasao-novcanik-sa-dokumentima-i-3-200-km-i-vratio-ga-vlasniku-foto-video","status":"publish","type":"post","link":"https:\/\/www.prijedordanas.com\/?p=111533","title":{"rendered":"PRIJEDOR: POLICAJAC DEJAN ZLOKAPA PRONA\u0160AO NOV\u010cANIK SA DOKUMENTIMA I 3.200 KM I VRATIO GA VLASNIKU \u2013 FOTO\/VIDEO"},"content":{"rendered":"<p><a href=\"https:\/\/www.prijedordanas.com\/wp-content\/uploads\/2018\/08\/dejan-zlokapa-1.jpg\"><img loading=\"lazy\" decoding=\"async\" class=\"alignleft size-medium wp-image-111529\" src=\"https:\/\/www.prijedordanas.com\/wp-content\/uploads\/2018\/08\/dejan-zlokapa-1-300x222.jpg\" alt=\"\" width=\"300\" height=\"222\" srcset=\"https:\/\/www.prijedordanas.com\/wp-content\/uploads\/2018\/08\/dejan-zlokapa-1-300x222.jpg 300w, https:\/\/www.prijedordanas.com\/wp-content\/uploads\/2018\/08\/dejan-zlokapa-1-100x74.jpg 100w, https:\/\/www.prijedordanas.com\/wp-content\/uploads\/2018\/08\/dejan-zlokapa-1.jpg 675w\" sizes=\"(max-width: 300px) 100vw, 300px\" \/><\/a>Pripadnik Jedinice za podr\u0161ku Policijske uprave Prijedor Dejan Zlokapa, prona\u0161ao je u na\u0161em gradu u utorak nov\u010danik sa dokumentima i novcem, koji su potom uz pomo\u0107 njegovih kolega, vra\u0107eni vlasniku.<\/p>\n<p>-I\u0161ao sam na posao u jutarnjim \u010dasovima. Iz automobila sam primijetio nov\u010danik koji je bio na kolovozu kod raskrsnice ulica Milana Vrhovca i Kozarske. U njegovoj unutra\u0161njosti sam prona\u0161ao li\u010dne dokumente i ve\u0107u koli\u010dinu novca u raznim apoenima. Po\u0161to nikoga nije bilo u blizini, nov\u010danik sam bez razmi\u0161ljanja odnio u Policijsku stanicu Prijedor 2 \u2013 ka\u017ee Zlokapa.<\/p>\n<p>Nakon toga, identifikovan je i vlasnik nov\u010danika kome je isti vra\u0107en.<\/p>\n<p><a href=\"https:\/\/www.prijedordanas.com\/wp-content\/uploads\/2018\/08\/dejan-zlokapa-2.jpg\"><img loading=\"lazy\" decoding=\"async\" src=\"https:\/\/www.prijedordanas.com\/wp-content\/uploads\/2018\/08\/dejan-zlokapa-2-300x222.jpg\" alt=\"\" width=\"300\" height=\"222\" class=\"alignleft size-medium wp-image-111530\" srcset=\"https:\/\/www.prijedordanas.com\/wp-content\/uploads\/2018\/08\/dejan-zlokapa-2-300x222.jpg 300w, https:\/\/www.prijedordanas.com\/wp-content\/uploads\/2018\/08\/dejan-zlokapa-2-100x74.jpg 100w, https:\/\/www.prijedordanas.com\/wp-content\/uploads\/2018\/08\/dejan-zlokapa-2.jpg 675w\" sizes=\"(max-width: 300px) 100vw, 300px\" \/><\/a>-Osje\u0107aj da sam nekome mogao pomo\u0107i je dobar, naro\u010dito jer se radi o \u010dovjeku koji, kao jedini zaposleni, izdr\u017eava svoju porodicu radom na gra\u0111evini \u2013 istakao je ovaj 33-godi\u0161njak.<\/p>\n<p>Dejan Zlokapa dugo godina se bavio ko\u0161arkom, ali je zbog povrede zavr\u0161io karijeru.<\/p>\n<p>Bio je \u010dlan ekipe KK Prijedor koja je u sezoni 2015\/16 osvojila titulu \u0161ampiona Republike Srpske.<\/p>\n<p>Tekst I foto \u2013 Aleksandar Drakuli\u0107 \u2013 <a href=\"https:\/\/www.prijedordanas.com\" target=\"_blank\" rel=\"noopener noreferrer\">www.prijedordanas.com<\/a><\/p>\n<p><iframe loading=\"lazy\" width=\"500\" height=\"281\" src=\"https:\/\/www.youtube.com\/embed\/VZSv-MMKuB0?feature=oembed\" frameborder=\"0\" allow=\"autoplay; encrypted-media\" allowfullscreen><\/iframe><\/p>\n<p><a href=\"https:\/\/www.prijedordanas.com\/wp-content\/uploads\/2018\/08\/dejan-zlokapa-3.jpg\"><img loading=\"lazy\" decoding=\"async\" src=\"https:\/\/www.prijedordanas.com\/wp-content\/uploads\/2018\/08\/dejan-zlokapa-3-231x300.jpg\" alt=\"\" width=\"231\" height=\"300\" class=\"alignleft size-medium wp-image-111531\" srcset=\"https:\/\/www.prijedordanas.com\/wp-content\/uploads\/2018\/08\/dejan-zlokapa-3-231x300.jpg 231w, https:\/\/www.prijedordanas.com\/wp-content\/uploads\/2018\/08\/dejan-zlokapa-3-77x100.jpg 77w, https:\/\/www.prijedordanas.com\/wp-content\/uploads\/2018\/08\/dejan-zlokapa-3.jpg 461w\" sizes=\"(max-width: 231px) 100vw, 231px\" \/><\/a><\/p>\n","protected":false},"excerpt":{"rendered":"<p>Pripadnik Jedinice za podr\u0161ku Policijske uprave Prijedor Dejan Zlokapa, prona\u0161ao je u na\u0161em gradu u utorak nov\u010danik sa dokumentima i novcem, koji su potom uz pomo\u0107 njegovih kolega, vra\u0107eni vlasniku. [&hellip;]<\/p>\n","protected":false},"author":1,"featured_media":0,"comment_status":"closed","ping_status":"open","sticky":false,"template":"","format":"standard","meta":{"_monsterinsights_skip_tracking":false,"_monsterinsights_sitenote_active":false,"_monsterinsights_sitenote_note":"","_monsterinsights_sitenote_category":0,"footnotes":""},"categories":[4],"tags":[],"yoast_head":"<!-- This site is optimized with the Yoast SEO plugin v21.6 - https:\/\/yoast.com\/wordpress\/plugins\/seo\/ -->\n<title>PRIJEDOR: POLICAJAC DEJAN ZLOKAPA PRONA\u0160AO NOV\u010cANIK SA DOKUMENTIMA I 3.200 KM I VRATIO GA VLASNIKU \u2013 FOTO\/VIDEO - PrijedorDanas.com - Prijedorski gradski portal<\/title>\n<meta name=\"robots\" content=\"index, follow, max-snippet:-1, max-image-preview:large, max-video-preview:-1\" \/>\n<link rel=\"canonical\" href=\"https:\/\/www.prijedordanas.com\/?p=111533\" \/>\n<meta property=\"og:locale\" content=\"en_US\" \/>\n<meta property=\"og:type\" content=\"article\" \/>\n<meta property=\"og:title\" content=\"PRIJEDOR: POLICAJAC DEJAN ZLOKAPA PRONA\u0160AO NOV\u010cANIK SA DOKUMENTIMA I 3.200 KM I VRATIO GA VLASNIKU \u2013 FOTO\/VIDEO - PrijedorDanas.com - Prijedorski gradski portal\" \/>\n<meta property=\"og:description\" content=\"Pripadnik Jedinice za podr\u0161ku Policijske uprave Prijedor Dejan Zlokapa, prona\u0161ao je u na\u0161em gradu u utorak nov\u010danik sa dokumentima i novcem, koji su potom uz pomo\u0107 njegovih kolega, vra\u0107eni vlasniku. [&hellip;]\" \/>\n<meta property=\"og:url\" content=\"https:\/\/www.prijedordanas.com\/?p=111533\" \/>\n<meta property=\"og:site_name\" content=\"PrijedorDanas.com - Prijedorski gradski portal\" \/>\n<meta property=\"article:publisher\" content=\"https:\/\/www.facebook.com\/PrijedorDanasCom\/\" \/>\n<meta property=\"article:published_time\" content=\"2018-08-29T15:27:10+00:00\" \/>\n<meta property=\"og:image\" content=\"https:\/\/www.prijedordanas.com\/wp-content\/uploads\/2018\/08\/dejan-zlokapa-1-300x222.jpg\" \/>\n<meta name=\"author\" content=\"admin\" \/>\n<meta name=\"twitter:card\" content=\"summary_large_image\" \/>\n<meta name=\"twitter:label1\" content=\"Written by\" \/>\n\t<meta name=\"twitter:data1\" content=\"admin\" \/>\n\t<meta name=\"twitter:label2\" content=\"Est. reading time\" \/>\n\t<meta name=\"twitter:data2\" content=\"1 minute\" \/>\n<script type=\"application\/ld+json\" class=\"yoast-schema-graph\">{\"@context\":\"https:\/\/schema.org\",\"@graph\":[{\"@type\":\"Article\",\"@id\":\"https:\/\/www.prijedordanas.com\/?p=111533#article\",\"isPartOf\":{\"@id\":\"https:\/\/www.prijedordanas.com\/?p=111533\"},\"author\":{\"name\":\"admin\",\"@id\":\"https:\/\/www.prijedordanas.com\/#\/schema\/person\/4e08ccf29b506ca916ff86d46bb700e6\"},\"headline\":\"PRIJEDOR: POLICAJAC DEJAN ZLOKAPA PRONA\u0160AO NOV\u010cANIK SA DOKUMENTIMA I 3.200 KM I VRATIO GA VLASNIKU \u2013 FOTO\/VIDEO\",\"datePublished\":\"2018-08-29T15:27:10+00:00\",\"dateModified\":\"2018-08-29T15:27:10+00:00\",\"mainEntityOfPage\":{\"@id\":\"https:\/\/www.prijedordanas.com\/?p=111533\"},\"wordCount\":208,\"publisher\":{\"@id\":\"https:\/\/www.prijedordanas.com\/#organization\"},\"articleSection\":[\"Dru\u0161tvo\"],\"inLanguage\":\"en-US\"},{\"@type\":\"WebPage\",\"@id\":\"https:\/\/www.prijedordanas.com\/?p=111533\",\"url\":\"https:\/\/www.prijedordanas.com\/?p=111533\",\"name\":\"PRIJEDOR: POLICAJAC DEJAN ZLOKAPA PRONA\u0160AO NOV\u010cANIK SA DOKUMENTIMA I 3.200 KM I VRATIO GA VLASNIKU \u2013 FOTO\/VIDEO - PrijedorDanas.com - Prijedorski gradski portal\",\"isPartOf\":{\"@id\":\"https:\/\/www.prijedordanas.com\/#website\"},\"datePublished\":\"2018-08-29T15:27:10+00:00\",\"dateModified\":\"2018-08-29T15:27:10+00:00\",\"breadcrumb\":{\"@id\":\"https:\/\/www.prijedordanas.com\/?p=111533#breadcrumb\"},\"inLanguage\":\"en-US\",\"potentialAction\":[{\"@type\":\"ReadAction\",\"target\":[\"https:\/\/www.prijedordanas.com\/?p=111533\"]}]},{\"@type\":\"BreadcrumbList\",\"@id\":\"https:\/\/www.prijedordanas.com\/?p=111533#breadcrumb\",\"itemListElement\":[{\"@type\":\"ListItem\",\"position\":1,\"name\":\"Home\",\"item\":\"https:\/\/www.prijedordanas.com\/\"},{\"@type\":\"ListItem\",\"position\":2,\"name\":\"PRIJEDOR: POLICAJAC DEJAN ZLOKAPA PRONA\u0160AO NOV\u010cANIK SA DOKUMENTIMA I 3.200 KM I VRATIO GA VLASNIKU \u2013 FOTO\/VIDEO\"}]},{\"@type\":\"WebSite\",\"@id\":\"https:\/\/www.prijedordanas.com\/#website\",\"url\":\"https:\/\/www.prijedordanas.com\/\",\"name\":\"PrijedorDanas.com - Prijedorski gradski portal\",\"description\":\"Portal o doga\u0111anjima u gradu Prijedoru\",\"publisher\":{\"@id\":\"https:\/\/www.prijedordanas.com\/#organization\"},\"potentialAction\":[{\"@type\":\"SearchAction\",\"target\":{\"@type\":\"EntryPoint\",\"urlTemplate\":\"https:\/\/www.prijedordanas.com\/?s={search_term_string}\"},\"query-input\":\"required name=search_term_string\"}],\"inLanguage\":\"en-US\"},{\"@type\":\"Organization\",\"@id\":\"https:\/\/www.prijedordanas.com\/#organization\",\"name\":\"PrijedorDanas.com\",\"url\":\"https:\/\/www.prijedordanas.com\/\",\"logo\":{\"@type\":\"ImageObject\",\"inLanguage\":\"en-US\",\"@id\":\"https:\/\/www.prijedordanas.com\/#\/schema\/logo\/image\/\",\"url\":\"http:\/\/www.prijedordanas.com\/wp-content\/uploads\/2021\/12\/logopng.png\",\"contentUrl\":\"http:\/\/www.prijedordanas.com\/wp-content\/uploads\/2021\/12\/logopng.png\",\"width\":1019,\"height\":776,\"caption\":\"PrijedorDanas.com\"},\"image\":{\"@id\":\"https:\/\/www.prijedordanas.com\/#\/schema\/logo\/image\/\"},\"sameAs\":[\"https:\/\/www.facebook.com\/PrijedorDanasCom\/\"]},{\"@type\":\"Person\",\"@id\":\"https:\/\/www.prijedordanas.com\/#\/schema\/person\/4e08ccf29b506ca916ff86d46bb700e6\",\"name\":\"admin\",\"image\":{\"@type\":\"ImageObject\",\"inLanguage\":\"en-US\",\"@id\":\"https:\/\/www.prijedordanas.com\/#\/schema\/person\/image\/\",\"url\":\"https:\/\/secure.gravatar.com\/avatar\/1d3fc949d550f0b53a5f0d51e06dfd79?s=96&d=mm&r=g\",\"contentUrl\":\"https:\/\/secure.gravatar.com\/avatar\/1d3fc949d550f0b53a5f0d51e06dfd79?s=96&d=mm&r=g\",\"caption\":\"admin\"},\"url\":\"https:\/\/www.prijedordanas.com\/?author=1\"}]}<\/script>\n<!-- \/ Yoast SEO plugin. -->","yoast_head_json":{"title":"PRIJEDOR: POLICAJAC DEJAN ZLOKAPA PRONA\u0160AO NOV\u010cANIK SA DOKUMENTIMA I 3.200 KM I VRATIO GA VLASNIKU \u2013 FOTO\/VIDEO - PrijedorDanas.com - Prijedorski gradski portal","robots":{"index":"index","follow":"follow","max-snippet":"max-snippet:-1","max-image-preview":"max-image-preview:large","max-video-preview":"max-video-preview:-1"},"canonical":"https:\/\/www.prijedordanas.com\/?p=111533","og_locale":"en_US","og_type":"article","og_title":"PRIJEDOR: POLICAJAC DEJAN ZLOKAPA PRONA\u0160AO NOV\u010cANIK SA DOKUMENTIMA I 3.200 KM I VRATIO GA VLASNIKU \u2013 FOTO\/VIDEO - PrijedorDanas.com - Prijedorski gradski portal","og_description":"Pripadnik Jedinice za podr\u0161ku Policijske uprave Prijedor Dejan Zlokapa, prona\u0161ao je u na\u0161em gradu u utorak nov\u010danik sa dokumentima i novcem, koji su potom uz pomo\u0107 njegovih kolega, vra\u0107eni vlasniku. [&hellip;]","og_url":"https:\/\/www.prijedordanas.com\/?p=111533","og_site_name":"PrijedorDanas.com - Prijedorski gradski portal","article_publisher":"https:\/\/www.facebook.com\/PrijedorDanasCom\/","article_published_time":"2018-08-29T15:27:10+00:00","og_image":[{"url":"https:\/\/www.prijedordanas.com\/wp-content\/uploads\/2018\/08\/dejan-zlokapa-1-300x222.jpg"}],"author":"admin","twitter_card":"summary_large_image","twitter_misc":{"Written by":"admin","Est. reading time":"1 minute"},"schema":{"@context":"https:\/\/schema.org","@graph":[{"@type":"Article","@id":"https:\/\/www.prijedordanas.com\/?p=111533#article","isPartOf":{"@id":"https:\/\/www.prijedordanas.com\/?p=111533"},"author":{"name":"admin","@id":"https:\/\/www.prijedordanas.com\/#\/schema\/person\/4e08ccf29b506ca916ff86d46bb700e6"},"headline":"PRIJEDOR: POLICAJAC DEJAN ZLOKAPA PRONA\u0160AO NOV\u010cANIK SA DOKUMENTIMA I 3.200 KM I VRATIO GA VLASNIKU \u2013 FOTO\/VIDEO","datePublished":"2018-08-29T15:27:10+00:00","dateModified":"2018-08-29T15:27:10+00:00","mainEntityOfPage":{"@id":"https:\/\/www.prijedordanas.com\/?p=111533"},"wordCount":208,"publisher":{"@id":"https:\/\/www.prijedordanas.com\/#organization"},"articleSection":["Dru\u0161tvo"],"inLanguage":"en-US"},{"@type":"WebPage","@id":"https:\/\/www.prijedordanas.com\/?p=111533","url":"https:\/\/www.prijedordanas.com\/?p=111533","name":"PRIJEDOR: POLICAJAC DEJAN ZLOKAPA PRONA\u0160AO NOV\u010cANIK SA DOKUMENTIMA I 3.200 KM I VRATIO GA VLASNIKU \u2013 FOTO\/VIDEO - PrijedorDanas.com - Prijedorski gradski portal","isPartOf":{"@id":"https:\/\/www.prijedordanas.com\/#website"},"datePublished":"2018-08-29T15:27:10+00:00","dateModified":"2018-08-29T15:27:10+00:00","breadcrumb":{"@id":"https:\/\/www.prijedordanas.com\/?p=111533#breadcrumb"},"inLanguage":"en-US","potentialAction":[{"@type":"ReadAction","target":["https:\/\/www.prijedordanas.com\/?p=111533"]}]},{"@type":"BreadcrumbList","@id":"https:\/\/www.prijedordanas.com\/?p=111533#breadcrumb","itemListElement":[{"@type":"ListItem","position":1,"name":"Home","item":"https:\/\/www.prijedordanas.com\/"},{"@type":"ListItem","position":2,"name":"PRIJEDOR: POLICAJAC DEJAN ZLOKAPA PRONA\u0160AO NOV\u010cANIK SA DOKUMENTIMA I 3.200 KM I VRATIO GA VLASNIKU \u2013 FOTO\/VIDEO"}]},{"@type":"WebSite","@id":"https:\/\/www.prijedordanas.com\/#website","url":"https:\/\/www.prijedordanas.com\/","name":"PrijedorDanas.com - Prijedorski gradski portal","description":"Portal o doga\u0111anjima u gradu Prijedoru","publisher":{"@id":"https:\/\/www.prijedordanas.com\/#organization"},"potentialAction":[{"@type":"SearchAction","target":{"@type":"EntryPoint","urlTemplate":"https:\/\/www.prijedordanas.com\/?s={search_term_string}"},"query-input":"required name=search_term_string"}],"inLanguage":"en-US"},{"@type":"Organization","@id":"https:\/\/www.prijedordanas.com\/#organization","name":"PrijedorDanas.com","url":"https:\/\/www.prijedordanas.com\/","logo":{"@type":"ImageObject","inLanguage":"en-US","@id":"https:\/\/www.prijedordanas.com\/#\/schema\/logo\/image\/","url":"http:\/\/www.prijedordanas.com\/wp-content\/uploads\/2021\/12\/logopng.png","contentUrl":"http:\/\/www.prijedordanas.com\/wp-content\/uploads\/2021\/12\/logopng.png","width":1019,"height":776,"caption":"PrijedorDanas.com"},"image":{"@id":"https:\/\/www.prijedordanas.com\/#\/schema\/logo\/image\/"},"sameAs":["https:\/\/www.facebook.com\/PrijedorDanasCom\/"]},{"@type":"Person","@id":"https:\/\/www.prijedordanas.com\/#\/schema\/person\/4e08ccf29b506ca916ff86d46bb700e6","name":"admin","image":{"@type":"ImageObject","inLanguage":"en-US","@id":"https:\/\/www.prijedordanas.com\/#\/schema\/person\/image\/","url":"https:\/\/secure.gravatar.com\/avatar\/1d3fc949d550f0b53a5f0d51e06dfd79?s=96&d=mm&r=g","contentUrl":"https:\/\/secure.gravatar.com\/avatar\/1d3fc949d550f0b53a5f0d51e06dfd79?s=96&d=mm&r=g","caption":"admin"},"url":"https:\/\/www.prijedordanas.com\/?author=1"}]}},"_links":{"self":[{"href":"https:\/\/www.prijedordanas.com\/index.php?rest_route=\/wp\/v2\/posts\/111533"}],"collection":[{"href":"https:\/\/www.prijedordanas.com\/index.php?rest_route=\/wp\/v2\/posts"}],"about":[{"href":"https:\/\/www.prijedordanas.com\/index.php?rest_route=\/wp\/v2\/types\/post"}],"author":[{"embeddable":true,"href":"https:\/\/www.prijedordanas.com\/index.php?rest_route=\/wp\/v2\/users\/1"}],"replies":[{"embeddable":true,"href":"https:\/\/www.prijedordanas.com\/index.php?rest_route=%2Fwp%2Fv2%2Fcomments&post=111533"}],"version-history":[{"count":1,"href":"https:\/\/www.prijedordanas.com\/index.php?rest_route=\/wp\/v2\/posts\/111533\/revisions"}],"predecessor-version":[{"id":111534,"href":"https:\/\/www.prijedordanas.com\/index.php?rest_route=\/wp\/v2\/posts\/111533\/revisions\/111534"}],"wp:attachment":[{"href":"https:\/\/www.prijedordanas.com\/index.php?rest_route=%2Fwp%2Fv2%2Fmedia&parent=111533"}],"wp:term":[{"taxonomy":"category","embeddable":true,"href":"https:\/\/www.prijedordanas.com\/index.php?rest_route=%2Fwp%2Fv2%2Fcategories&post=111533"},{"taxonomy":"post_tag","embeddable":true,"href":"https:\/\/www.prijedordanas.com\/index.php?rest_route=%2Fwp%2Fv2%2Ftags&post=111533"}],"curies":[{"name":"wp","href":"https:\/\/api.w.org\/{rel}","templated":true}]}}