{"id":111483,"date":"2018-08-28T22:08:58","date_gmt":"2018-08-28T20:08:58","guid":{"rendered":"https:\/\/www.prijedordanas.com\/?p=111483"},"modified":"2018-08-28T22:08:58","modified_gmt":"2018-08-28T20:08:58","slug":"gradonacelnik-dakovic-na-slavi-sela-cikote-foto-video","status":"publish","type":"post","link":"https:\/\/www.prijedordanas.com\/?p=111483","title":{"rendered":"GRADONA\u010cELNIK \u0110AKOVI\u0106 NA SLAVI SELA CIKOTE \u2013 FOTO\/VIDEO"},"content":{"rendered":"<p><a href=\"https:\/\/www.prijedordanas.com\/wp-content\/uploads\/2018\/08\/prijedorgradorg-slava-sela-cikote-1.jpg\"><img loading=\"lazy\" decoding=\"async\" class=\"alignleft size-medium wp-image-111485\" src=\"https:\/\/www.prijedordanas.com\/wp-content\/uploads\/2018\/08\/prijedorgradorg-slava-sela-cikote-1-300x225.jpg\" alt=\"\" width=\"300\" height=\"225\" srcset=\"https:\/\/www.prijedordanas.com\/wp-content\/uploads\/2018\/08\/prijedorgradorg-slava-sela-cikote-1-300x225.jpg 300w, https:\/\/www.prijedordanas.com\/wp-content\/uploads\/2018\/08\/prijedorgradorg-slava-sela-cikote-1-100x75.jpg 100w, https:\/\/www.prijedordanas.com\/wp-content\/uploads\/2018\/08\/prijedorgradorg-slava-sela-cikote-1-640x480.jpg 640w, https:\/\/www.prijedordanas.com\/wp-content\/uploads\/2018\/08\/prijedorgradorg-slava-sela-cikote-1.jpg 667w\" sizes=\"(max-width: 300px) 100vw, 300px\" \/><\/a>Gradona\u010delnik Prijedora Milenko \u0110akovi\u0107 prisustvoao je danas parastosu poginulim i umrlim borcima svih proteklih ratova kao i \u017ertvama fa\u0161isti\u010dkog terora te obilje\u017eavanju slave crkve i sela Cikote kod Prijedora.<\/p>\n<p>&#8220;Na\u0161a kultura sje\u0107anja nala\u017ee da sve ljude koji su zaslu\u017eni za dana\u0161nju slobodu i \u017eivot koji mi u miru \u017eivimo, uvijek pominjemo i sje\u0107amo se da su oni za to dali najvi\u0161e \u0161to su mogli, a to su njihovi \u017eivoti&#8221;, rekao je \u0110akovi\u0107.<\/p>\n<p>Okupljenim mje\u0161tanima se obratio Radovan Zekanovi\u0107, predsjednik mjesne bora\u010dke organizacije Cikote koji je istakao da selo pamti te\u0161ka vremena i stradanja u Drugom svjetskom ratu kada je stradalo 42 civila prevrtanjem kerepa u rijeci Sani.<\/p>\n<p>On je dodao da je u proteklom otad\u017ebinskom ratu stradao samo jedan mje\u0161tanin,ali da je za odbranu ognji\u0161ta krenulo gotovo 90 odsto stanovnika.<\/p>\n<p>Predsjednik Savjeta MZ Cikote Zoran Komosar je istakao da ovo selo datira jo\u0161 iz turskog doba kada se zvalo Lugovi i trenutno ima oko 280 stanovnika.<\/p>\n<p>&#8220;Ovo je bila prilika da se oko slavske trpeze okupimo, dru\u017eimo, ali i da privu\u010demo \u0161to vi\u0161e, pogotovo mladih ljudi, svojoj crkvi i vjeri&#8221;, rekao je Komosar.<\/p>\n<p>Prijedorgrad.org<\/p>\n<p><iframe loading=\"lazy\" width=\"500\" height=\"281\" src=\"https:\/\/www.youtube.com\/embed\/XeceKaqFfE0?feature=oembed\" frameborder=\"0\" allow=\"autoplay; encrypted-media\" allowfullscreen><\/iframe><\/p>\n<p><a href=\"https:\/\/www.prijedordanas.com\/wp-content\/uploads\/2018\/08\/prijedorgradorg-slava-sela-cikote-2.jpg\"><img loading=\"lazy\" decoding=\"async\" src=\"https:\/\/www.prijedordanas.com\/wp-content\/uploads\/2018\/08\/prijedorgradorg-slava-sela-cikote-2-300x225.jpg\" alt=\"\" width=\"300\" height=\"225\" class=\"alignleft size-medium wp-image-111486\" srcset=\"https:\/\/www.prijedordanas.com\/wp-content\/uploads\/2018\/08\/prijedorgradorg-slava-sela-cikote-2-300x225.jpg 300w, https:\/\/www.prijedordanas.com\/wp-content\/uploads\/2018\/08\/prijedorgradorg-slava-sela-cikote-2-100x75.jpg 100w, https:\/\/www.prijedordanas.com\/wp-content\/uploads\/2018\/08\/prijedorgradorg-slava-sela-cikote-2.jpg 600w\" sizes=\"(max-width: 300px) 100vw, 300px\" \/><\/a> <a href=\"https:\/\/www.prijedordanas.com\/wp-content\/uploads\/2018\/08\/prijedorgradorg-slava-sela-cikote-3.jpg\"><img loading=\"lazy\" decoding=\"async\" src=\"https:\/\/www.prijedordanas.com\/wp-content\/uploads\/2018\/08\/prijedorgradorg-slava-sela-cikote-3-300x225.jpg\" alt=\"\" width=\"300\" height=\"225\" class=\"alignleft size-medium wp-image-111487\" srcset=\"https:\/\/www.prijedordanas.com\/wp-content\/uploads\/2018\/08\/prijedorgradorg-slava-sela-cikote-3-300x225.jpg 300w, https:\/\/www.prijedordanas.com\/wp-content\/uploads\/2018\/08\/prijedorgradorg-slava-sela-cikote-3-100x75.jpg 100w, https:\/\/www.prijedordanas.com\/wp-content\/uploads\/2018\/08\/prijedorgradorg-slava-sela-cikote-3.jpg 600w\" sizes=\"(max-width: 300px) 100vw, 300px\" \/><\/a> <a href=\"https:\/\/www.prijedordanas.com\/wp-content\/uploads\/2018\/08\/prijedorgradorg-slava-sela-cikote-4.jpg\"><img loading=\"lazy\" decoding=\"async\" src=\"https:\/\/www.prijedordanas.com\/wp-content\/uploads\/2018\/08\/prijedorgradorg-slava-sela-cikote-4-225x300.jpg\" alt=\"\" width=\"225\" height=\"300\" class=\"alignleft size-medium wp-image-111488\" srcset=\"https:\/\/www.prijedordanas.com\/wp-content\/uploads\/2018\/08\/prijedorgradorg-slava-sela-cikote-4-225x300.jpg 225w, https:\/\/www.prijedordanas.com\/wp-content\/uploads\/2018\/08\/prijedorgradorg-slava-sela-cikote-4-75x100.jpg 75w, https:\/\/www.prijedordanas.com\/wp-content\/uploads\/2018\/08\/prijedorgradorg-slava-sela-cikote-4.jpg 450w\" sizes=\"(max-width: 225px) 100vw, 225px\" \/><\/a> <a href=\"https:\/\/www.prijedordanas.com\/wp-content\/uploads\/2018\/08\/prijedorgradorg-slava-sela-cikote-5.jpg\"><img loading=\"lazy\" decoding=\"async\" src=\"https:\/\/www.prijedordanas.com\/wp-content\/uploads\/2018\/08\/prijedorgradorg-slava-sela-cikote-5-300x225.jpg\" alt=\"\" width=\"300\" height=\"225\" class=\"alignleft size-medium wp-image-111489\" srcset=\"https:\/\/www.prijedordanas.com\/wp-content\/uploads\/2018\/08\/prijedorgradorg-slava-sela-cikote-5-300x225.jpg 300w, https:\/\/www.prijedordanas.com\/wp-content\/uploads\/2018\/08\/prijedorgradorg-slava-sela-cikote-5-100x75.jpg 100w, https:\/\/www.prijedordanas.com\/wp-content\/uploads\/2018\/08\/prijedorgradorg-slava-sela-cikote-5.jpg 600w\" sizes=\"(max-width: 300px) 100vw, 300px\" \/><\/a><\/p>\n","protected":false},"excerpt":{"rendered":"<p>Gradona\u010delnik Prijedora Milenko \u0110akovi\u0107 prisustvoao je danas parastosu poginulim i umrlim borcima svih proteklih ratova kao i \u017ertvama fa\u0161isti\u010dkog terora te obilje\u017eavanju slave crkve i sela Cikote kod Prijedora. &#8220;Na\u0161a [&hellip;]<\/p>\n","protected":false},"author":1,"featured_media":0,"comment_status":"closed","ping_status":"open","sticky":false,"template":"","format":"standard","meta":{"_monsterinsights_skip_tracking":false,"_monsterinsights_sitenote_active":false,"_monsterinsights_sitenote_note":"","_monsterinsights_sitenote_category":0,"footnotes":""},"categories":[8],"tags":[],"yoast_head":"<!-- This site is optimized with the Yoast SEO plugin v21.6 - https:\/\/yoast.com\/wordpress\/plugins\/seo\/ -->\n<title>GRADONA\u010cELNIK \u0110AKOVI\u0106 NA SLAVI SELA CIKOTE \u2013 FOTO\/VIDEO - PrijedorDanas.com - Prijedorski gradski portal<\/title>\n<meta name=\"robots\" content=\"index, follow, max-snippet:-1, max-image-preview:large, max-video-preview:-1\" \/>\n<link rel=\"canonical\" href=\"https:\/\/www.prijedordanas.com\/?p=111483\" \/>\n<meta property=\"og:locale\" content=\"en_US\" \/>\n<meta property=\"og:type\" content=\"article\" \/>\n<meta property=\"og:title\" content=\"GRADONA\u010cELNIK \u0110AKOVI\u0106 NA SLAVI SELA CIKOTE \u2013 FOTO\/VIDEO - PrijedorDanas.com - Prijedorski gradski portal\" \/>\n<meta property=\"og:description\" content=\"Gradona\u010delnik Prijedora Milenko \u0110akovi\u0107 prisustvoao je danas parastosu poginulim i umrlim borcima svih proteklih ratova kao i \u017ertvama fa\u0161isti\u010dkog terora te obilje\u017eavanju slave crkve i sela Cikote kod Prijedora. &#8220;Na\u0161a [&hellip;]\" \/>\n<meta property=\"og:url\" content=\"https:\/\/www.prijedordanas.com\/?p=111483\" \/>\n<meta property=\"og:site_name\" content=\"PrijedorDanas.com - Prijedorski gradski portal\" \/>\n<meta property=\"article:publisher\" content=\"https:\/\/www.facebook.com\/PrijedorDanasCom\/\" \/>\n<meta property=\"article:published_time\" content=\"2018-08-28T20:08:58+00:00\" \/>\n<meta property=\"og:image\" content=\"https:\/\/www.prijedordanas.com\/wp-content\/uploads\/2018\/08\/prijedorgradorg-slava-sela-cikote-1-300x225.jpg\" \/>\n<meta name=\"author\" content=\"admin\" \/>\n<meta name=\"twitter:card\" content=\"summary_large_image\" \/>\n<meta name=\"twitter:label1\" content=\"Written by\" \/>\n\t<meta name=\"twitter:data1\" content=\"admin\" \/>\n\t<meta name=\"twitter:label2\" content=\"Est. reading time\" \/>\n\t<meta name=\"twitter:data2\" content=\"1 minute\" \/>\n<script type=\"application\/ld+json\" class=\"yoast-schema-graph\">{\"@context\":\"https:\/\/schema.org\",\"@graph\":[{\"@type\":\"Article\",\"@id\":\"https:\/\/www.prijedordanas.com\/?p=111483#article\",\"isPartOf\":{\"@id\":\"https:\/\/www.prijedordanas.com\/?p=111483\"},\"author\":{\"name\":\"admin\",\"@id\":\"https:\/\/www.prijedordanas.com\/#\/schema\/person\/4e08ccf29b506ca916ff86d46bb700e6\"},\"headline\":\"GRADONA\u010cELNIK \u0110AKOVI\u0106 NA SLAVI SELA CIKOTE \u2013 FOTO\/VIDEO\",\"datePublished\":\"2018-08-28T20:08:58+00:00\",\"dateModified\":\"2018-08-28T20:08:58+00:00\",\"mainEntityOfPage\":{\"@id\":\"https:\/\/www.prijedordanas.com\/?p=111483\"},\"wordCount\":216,\"publisher\":{\"@id\":\"https:\/\/www.prijedordanas.com\/#organization\"},\"articleSection\":[\"Svakodnevno\"],\"inLanguage\":\"en-US\"},{\"@type\":\"WebPage\",\"@id\":\"https:\/\/www.prijedordanas.com\/?p=111483\",\"url\":\"https:\/\/www.prijedordanas.com\/?p=111483\",\"name\":\"GRADONA\u010cELNIK \u0110AKOVI\u0106 NA SLAVI SELA CIKOTE \u2013 FOTO\/VIDEO - PrijedorDanas.com - Prijedorski gradski portal\",\"isPartOf\":{\"@id\":\"https:\/\/www.prijedordanas.com\/#website\"},\"datePublished\":\"2018-08-28T20:08:58+00:00\",\"dateModified\":\"2018-08-28T20:08:58+00:00\",\"breadcrumb\":{\"@id\":\"https:\/\/www.prijedordanas.com\/?p=111483#breadcrumb\"},\"inLanguage\":\"en-US\",\"potentialAction\":[{\"@type\":\"ReadAction\",\"target\":[\"https:\/\/www.prijedordanas.com\/?p=111483\"]}]},{\"@type\":\"BreadcrumbList\",\"@id\":\"https:\/\/www.prijedordanas.com\/?p=111483#breadcrumb\",\"itemListElement\":[{\"@type\":\"ListItem\",\"position\":1,\"name\":\"Home\",\"item\":\"https:\/\/www.prijedordanas.com\/\"},{\"@type\":\"ListItem\",\"position\":2,\"name\":\"GRADONA\u010cELNIK \u0110AKOVI\u0106 NA SLAVI SELA CIKOTE \u2013 FOTO\/VIDEO\"}]},{\"@type\":\"WebSite\",\"@id\":\"https:\/\/www.prijedordanas.com\/#website\",\"url\":\"https:\/\/www.prijedordanas.com\/\",\"name\":\"PrijedorDanas.com - Prijedorski gradski portal\",\"description\":\"Portal o doga\u0111anjima u gradu Prijedoru\",\"publisher\":{\"@id\":\"https:\/\/www.prijedordanas.com\/#organization\"},\"potentialAction\":[{\"@type\":\"SearchAction\",\"target\":{\"@type\":\"EntryPoint\",\"urlTemplate\":\"https:\/\/www.prijedordanas.com\/?s={search_term_string}\"},\"query-input\":\"required name=search_term_string\"}],\"inLanguage\":\"en-US\"},{\"@type\":\"Organization\",\"@id\":\"https:\/\/www.prijedordanas.com\/#organization\",\"name\":\"PrijedorDanas.com\",\"url\":\"https:\/\/www.prijedordanas.com\/\",\"logo\":{\"@type\":\"ImageObject\",\"inLanguage\":\"en-US\",\"@id\":\"https:\/\/www.prijedordanas.com\/#\/schema\/logo\/image\/\",\"url\":\"http:\/\/www.prijedordanas.com\/wp-content\/uploads\/2021\/12\/logopng.png\",\"contentUrl\":\"http:\/\/www.prijedordanas.com\/wp-content\/uploads\/2021\/12\/logopng.png\",\"width\":1019,\"height\":776,\"caption\":\"PrijedorDanas.com\"},\"image\":{\"@id\":\"https:\/\/www.prijedordanas.com\/#\/schema\/logo\/image\/\"},\"sameAs\":[\"https:\/\/www.facebook.com\/PrijedorDanasCom\/\"]},{\"@type\":\"Person\",\"@id\":\"https:\/\/www.prijedordanas.com\/#\/schema\/person\/4e08ccf29b506ca916ff86d46bb700e6\",\"name\":\"admin\",\"image\":{\"@type\":\"ImageObject\",\"inLanguage\":\"en-US\",\"@id\":\"https:\/\/www.prijedordanas.com\/#\/schema\/person\/image\/\",\"url\":\"https:\/\/secure.gravatar.com\/avatar\/1d3fc949d550f0b53a5f0d51e06dfd79?s=96&d=mm&r=g\",\"contentUrl\":\"https:\/\/secure.gravatar.com\/avatar\/1d3fc949d550f0b53a5f0d51e06dfd79?s=96&d=mm&r=g\",\"caption\":\"admin\"},\"url\":\"https:\/\/www.prijedordanas.com\/?author=1\"}]}<\/script>\n<!-- \/ Yoast SEO plugin. -->","yoast_head_json":{"title":"GRADONA\u010cELNIK \u0110AKOVI\u0106 NA SLAVI SELA CIKOTE \u2013 FOTO\/VIDEO - PrijedorDanas.com - Prijedorski gradski portal","robots":{"index":"index","follow":"follow","max-snippet":"max-snippet:-1","max-image-preview":"max-image-preview:large","max-video-preview":"max-video-preview:-1"},"canonical":"https:\/\/www.prijedordanas.com\/?p=111483","og_locale":"en_US","og_type":"article","og_title":"GRADONA\u010cELNIK \u0110AKOVI\u0106 NA SLAVI SELA CIKOTE \u2013 FOTO\/VIDEO - PrijedorDanas.com - Prijedorski gradski portal","og_description":"Gradona\u010delnik Prijedora Milenko \u0110akovi\u0107 prisustvoao je danas parastosu poginulim i umrlim borcima svih proteklih ratova kao i \u017ertvama fa\u0161isti\u010dkog terora te obilje\u017eavanju slave crkve i sela Cikote kod Prijedora. &#8220;Na\u0161a [&hellip;]","og_url":"https:\/\/www.prijedordanas.com\/?p=111483","og_site_name":"PrijedorDanas.com - Prijedorski gradski portal","article_publisher":"https:\/\/www.facebook.com\/PrijedorDanasCom\/","article_published_time":"2018-08-28T20:08:58+00:00","og_image":[{"url":"https:\/\/www.prijedordanas.com\/wp-content\/uploads\/2018\/08\/prijedorgradorg-slava-sela-cikote-1-300x225.jpg"}],"author":"admin","twitter_card":"summary_large_image","twitter_misc":{"Written by":"admin","Est. reading time":"1 minute"},"schema":{"@context":"https:\/\/schema.org","@graph":[{"@type":"Article","@id":"https:\/\/www.prijedordanas.com\/?p=111483#article","isPartOf":{"@id":"https:\/\/www.prijedordanas.com\/?p=111483"},"author":{"name":"admin","@id":"https:\/\/www.prijedordanas.com\/#\/schema\/person\/4e08ccf29b506ca916ff86d46bb700e6"},"headline":"GRADONA\u010cELNIK \u0110AKOVI\u0106 NA SLAVI SELA CIKOTE \u2013 FOTO\/VIDEO","datePublished":"2018-08-28T20:08:58+00:00","dateModified":"2018-08-28T20:08:58+00:00","mainEntityOfPage":{"@id":"https:\/\/www.prijedordanas.com\/?p=111483"},"wordCount":216,"publisher":{"@id":"https:\/\/www.prijedordanas.com\/#organization"},"articleSection":["Svakodnevno"],"inLanguage":"en-US"},{"@type":"WebPage","@id":"https:\/\/www.prijedordanas.com\/?p=111483","url":"https:\/\/www.prijedordanas.com\/?p=111483","name":"GRADONA\u010cELNIK \u0110AKOVI\u0106 NA SLAVI SELA CIKOTE \u2013 FOTO\/VIDEO - PrijedorDanas.com - Prijedorski gradski portal","isPartOf":{"@id":"https:\/\/www.prijedordanas.com\/#website"},"datePublished":"2018-08-28T20:08:58+00:00","dateModified":"2018-08-28T20:08:58+00:00","breadcrumb":{"@id":"https:\/\/www.prijedordanas.com\/?p=111483#breadcrumb"},"inLanguage":"en-US","potentialAction":[{"@type":"ReadAction","target":["https:\/\/www.prijedordanas.com\/?p=111483"]}]},{"@type":"BreadcrumbList","@id":"https:\/\/www.prijedordanas.com\/?p=111483#breadcrumb","itemListElement":[{"@type":"ListItem","position":1,"name":"Home","item":"https:\/\/www.prijedordanas.com\/"},{"@type":"ListItem","position":2,"name":"GRADONA\u010cELNIK \u0110AKOVI\u0106 NA SLAVI SELA CIKOTE \u2013 FOTO\/VIDEO"}]},{"@type":"WebSite","@id":"https:\/\/www.prijedordanas.com\/#website","url":"https:\/\/www.prijedordanas.com\/","name":"PrijedorDanas.com - Prijedorski gradski portal","description":"Portal o doga\u0111anjima u gradu Prijedoru","publisher":{"@id":"https:\/\/www.prijedordanas.com\/#organization"},"potentialAction":[{"@type":"SearchAction","target":{"@type":"EntryPoint","urlTemplate":"https:\/\/www.prijedordanas.com\/?s={search_term_string}"},"query-input":"required name=search_term_string"}],"inLanguage":"en-US"},{"@type":"Organization","@id":"https:\/\/www.prijedordanas.com\/#organization","name":"PrijedorDanas.com","url":"https:\/\/www.prijedordanas.com\/","logo":{"@type":"ImageObject","inLanguage":"en-US","@id":"https:\/\/www.prijedordanas.com\/#\/schema\/logo\/image\/","url":"http:\/\/www.prijedordanas.com\/wp-content\/uploads\/2021\/12\/logopng.png","contentUrl":"http:\/\/www.prijedordanas.com\/wp-content\/uploads\/2021\/12\/logopng.png","width":1019,"height":776,"caption":"PrijedorDanas.com"},"image":{"@id":"https:\/\/www.prijedordanas.com\/#\/schema\/logo\/image\/"},"sameAs":["https:\/\/www.facebook.com\/PrijedorDanasCom\/"]},{"@type":"Person","@id":"https:\/\/www.prijedordanas.com\/#\/schema\/person\/4e08ccf29b506ca916ff86d46bb700e6","name":"admin","image":{"@type":"ImageObject","inLanguage":"en-US","@id":"https:\/\/www.prijedordanas.com\/#\/schema\/person\/image\/","url":"https:\/\/secure.gravatar.com\/avatar\/1d3fc949d550f0b53a5f0d51e06dfd79?s=96&d=mm&r=g","contentUrl":"https:\/\/secure.gravatar.com\/avatar\/1d3fc949d550f0b53a5f0d51e06dfd79?s=96&d=mm&r=g","caption":"admin"},"url":"https:\/\/www.prijedordanas.com\/?author=1"}]}},"_links":{"self":[{"href":"https:\/\/www.prijedordanas.com\/index.php?rest_route=\/wp\/v2\/posts\/111483"}],"collection":[{"href":"https:\/\/www.prijedordanas.com\/index.php?rest_route=\/wp\/v2\/posts"}],"about":[{"href":"https:\/\/www.prijedordanas.com\/index.php?rest_route=\/wp\/v2\/types\/post"}],"author":[{"embeddable":true,"href":"https:\/\/www.prijedordanas.com\/index.php?rest_route=\/wp\/v2\/users\/1"}],"replies":[{"embeddable":true,"href":"https:\/\/www.prijedordanas.com\/index.php?rest_route=%2Fwp%2Fv2%2Fcomments&post=111483"}],"version-history":[{"count":1,"href":"https:\/\/www.prijedordanas.com\/index.php?rest_route=\/wp\/v2\/posts\/111483\/revisions"}],"predecessor-version":[{"id":111490,"href":"https:\/\/www.prijedordanas.com\/index.php?rest_route=\/wp\/v2\/posts\/111483\/revisions\/111490"}],"wp:attachment":[{"href":"https:\/\/www.prijedordanas.com\/index.php?rest_route=%2Fwp%2Fv2%2Fmedia&parent=111483"}],"wp:term":[{"taxonomy":"category","embeddable":true,"href":"https:\/\/www.prijedordanas.com\/index.php?rest_route=%2Fwp%2Fv2%2Fcategories&post=111483"},{"taxonomy":"post_tag","embeddable":true,"href":"https:\/\/www.prijedordanas.com\/index.php?rest_route=%2Fwp%2Fv2%2Ftags&post=111483"}],"curies":[{"name":"wp","href":"https:\/\/api.w.org\/{rel}","templated":true}]}}