{"id":111434,"date":"2018-08-27T22:24:35","date_gmt":"2018-08-27T20:24:35","guid":{"rendered":"https:\/\/www.prijedordanas.com\/?p=111434"},"modified":"2018-08-27T22:24:35","modified_gmt":"2018-08-27T20:24:35","slug":"zavrsen-13-blanik-kup-pobjednik-marjan-ivanovski-foto-video","status":"publish","type":"post","link":"https:\/\/www.prijedordanas.com\/?p=111434","title":{"rendered":"ZAVR\u0160EN 13. BLANIK KUP: POBJEDNIK MARJAN IVANOVSKI \u2013 FOTO\/VIDEO"},"content":{"rendered":"<p><a href=\"https:\/\/www.prijedordanas.com\/wp-content\/uploads\/2018\/08\/blanik-kup-2018-kraj-1.jpg\"><img loading=\"lazy\" decoding=\"async\" class=\"alignleft size-medium wp-image-111436\" src=\"https:\/\/www.prijedordanas.com\/wp-content\/uploads\/2018\/08\/blanik-kup-2018-kraj-1-300x222.jpg\" alt=\"\" width=\"300\" height=\"222\" srcset=\"https:\/\/www.prijedordanas.com\/wp-content\/uploads\/2018\/08\/blanik-kup-2018-kraj-1-300x222.jpg 300w, https:\/\/www.prijedordanas.com\/wp-content\/uploads\/2018\/08\/blanik-kup-2018-kraj-1-100x74.jpg 100w, https:\/\/www.prijedordanas.com\/wp-content\/uploads\/2018\/08\/blanik-kup-2018-kraj-1.jpg 675w\" sizes=\"(max-width: 300px) 100vw, 300px\" \/><\/a>Protekle subote na aerodromu Urije u Prijedoru odr\u017ean je 13. Blanik kup.<\/p>\n<p>Pobjednik u otvorenoj pojedina\u010dnoj konkurenciji je Marjan Ivanovski iz Aero-kluba \u201cKumanovo\u201d, drugo i tre\u0107e mjesto zauzeli su \u010dlanovi AK \u201cMorava\u201d Kraljevo Sreten Karapand\u017ei\u0107 i Stefan \u0110okovi\u0107.<\/p>\n<p>Njih dvojica kao \u010dlanovi ekipe \u201cMoravci\u201d bili su najbolji u ekipnoj konkurenciji.<\/p>\n<p>Pobjednik u konkurenciji Republike Srpske je Mirko Milakovi\u0107 iz AK \u201cPrijedor\u201d, a najbolja ekipa je \u201cPrijedor 1\u201d koju su \u010dinili Milan Markovi\u0107 i Ljubi\u0161a Aramanda.<\/p>\n<p><a href=\"https:\/\/www.prijedordanas.com\/wp-content\/uploads\/2018\/08\/blanik-kup-2018-kraj-11.jpg\"><img loading=\"lazy\" decoding=\"async\" class=\"alignleft size-medium wp-image-111437\" src=\"https:\/\/www.prijedordanas.com\/wp-content\/uploads\/2018\/08\/blanik-kup-2018-kraj-11-265x300.jpg\" alt=\"\" width=\"265\" height=\"300\" srcset=\"https:\/\/www.prijedordanas.com\/wp-content\/uploads\/2018\/08\/blanik-kup-2018-kraj-11-265x300.jpg 265w, https:\/\/www.prijedordanas.com\/wp-content\/uploads\/2018\/08\/blanik-kup-2018-kraj-11-88x100.jpg 88w, https:\/\/www.prijedordanas.com\/wp-content\/uploads\/2018\/08\/blanik-kup-2018-kraj-11.jpg 529w\" sizes=\"(max-width: 265px) 100vw, 265px\" \/><\/a>Pobjednik u pojedina\u010dnoj konkurenciji Federacija BiH, odnosno BiH je Denis Pro\u0161i\u0107 iz AK \u201cBiha\u0107\u201d, dok je u tandemu sa klupskim kolegom Ibrahimom Topi\u0107em( \u201cBiha\u0107 1\u201d) bio najbolji i u ekipnoj konkurenciji.<\/p>\n<p>Na ovogodi\u0161njem \u201cBlanik kupu\u201d u\u010destvovala su 34 takmi\u010dara iz BiH, Srbije, Slovenije, Hrvatske, Crne Gore Australije, Poljske i Makedonije.<\/p>\n<p>Organizator 13. \u201cBlanik kupa\u201d bili su Aero-klub \u201cPrijedor\u201d i \u201cGlide flight\u201d akademija, a pokrovitelji predsjednik Republike Srpske, Ministarstvo porodice, omladine i sporta, Ministarstvo uprave i lokalne samouprave i grad Prijedor.<\/p>\n<p>Tekst I foto \u2013 Aleksandar Drakuli\u0107 \u2013 <a href=\"https:\/\/www.prijedordanas.com\" target=\"_blank\" rel=\"noopener noreferrer\">www.prijedordanas.com<\/a><\/p>\n<p><iframe loading=\"lazy\" width=\"500\" height=\"281\" src=\"https:\/\/www.youtube.com\/embed\/9GFVOptMB7s?feature=oembed\" frameborder=\"0\" allow=\"autoplay; encrypted-media\" allowfullscreen><\/iframe><\/p>\n<p><a href=\"https:\/\/www.prijedordanas.com\/wp-content\/uploads\/2018\/08\/blanik-kup-2018-kraj-2.jpg\"><img loading=\"lazy\" decoding=\"async\" class=\"alignleft size-medium wp-image-111438\" src=\"https:\/\/www.prijedordanas.com\/wp-content\/uploads\/2018\/08\/blanik-kup-2018-kraj-2-300x222.jpg\" alt=\"\" width=\"300\" height=\"222\" srcset=\"https:\/\/www.prijedordanas.com\/wp-content\/uploads\/2018\/08\/blanik-kup-2018-kraj-2-300x222.jpg 300w, https:\/\/www.prijedordanas.com\/wp-content\/uploads\/2018\/08\/blanik-kup-2018-kraj-2-100x74.jpg 100w, https:\/\/www.prijedordanas.com\/wp-content\/uploads\/2018\/08\/blanik-kup-2018-kraj-2.jpg 675w\" sizes=\"(max-width: 300px) 100vw, 300px\" \/><\/a> <a href=\"https:\/\/www.prijedordanas.com\/wp-content\/uploads\/2018\/08\/blanik-kup-2018-kraj-3.jpg\"><img loading=\"lazy\" decoding=\"async\" class=\"alignleft size-medium wp-image-111439\" src=\"https:\/\/www.prijedordanas.com\/wp-content\/uploads\/2018\/08\/blanik-kup-2018-kraj-3-300x222.jpg\" alt=\"\" width=\"300\" height=\"222\" srcset=\"https:\/\/www.prijedordanas.com\/wp-content\/uploads\/2018\/08\/blanik-kup-2018-kraj-3-300x222.jpg 300w, https:\/\/www.prijedordanas.com\/wp-content\/uploads\/2018\/08\/blanik-kup-2018-kraj-3-100x74.jpg 100w, https:\/\/www.prijedordanas.com\/wp-content\/uploads\/2018\/08\/blanik-kup-2018-kraj-3.jpg 675w\" sizes=\"(max-width: 300px) 100vw, 300px\" \/><\/a> <a href=\"https:\/\/www.prijedordanas.com\/wp-content\/uploads\/2018\/08\/blanik-kup-2018-kraj-4.jpg\"><img loading=\"lazy\" decoding=\"async\" class=\"alignleft size-medium wp-image-111441\" src=\"https:\/\/www.prijedordanas.com\/wp-content\/uploads\/2018\/08\/blanik-kup-2018-kraj-4-300x222.jpg\" alt=\"\" width=\"300\" height=\"222\" srcset=\"https:\/\/www.prijedordanas.com\/wp-content\/uploads\/2018\/08\/blanik-kup-2018-kraj-4-300x222.jpg 300w, https:\/\/www.prijedordanas.com\/wp-content\/uploads\/2018\/08\/blanik-kup-2018-kraj-4-100x74.jpg 100w, https:\/\/www.prijedordanas.com\/wp-content\/uploads\/2018\/08\/blanik-kup-2018-kraj-4.jpg 675w\" sizes=\"(max-width: 300px) 100vw, 300px\" \/><\/a> <a href=\"https:\/\/www.prijedordanas.com\/wp-content\/uploads\/2018\/08\/blanik-kup-2018-kraj-5.jpg\"><img loading=\"lazy\" decoding=\"async\" class=\"alignleft size-medium wp-image-111442\" src=\"https:\/\/www.prijedordanas.com\/wp-content\/uploads\/2018\/08\/blanik-kup-2018-kraj-5-300x222.jpg\" alt=\"\" width=\"300\" height=\"222\" srcset=\"https:\/\/www.prijedordanas.com\/wp-content\/uploads\/2018\/08\/blanik-kup-2018-kraj-5-300x222.jpg 300w, https:\/\/www.prijedordanas.com\/wp-content\/uploads\/2018\/08\/blanik-kup-2018-kraj-5-100x74.jpg 100w, https:\/\/www.prijedordanas.com\/wp-content\/uploads\/2018\/08\/blanik-kup-2018-kraj-5.jpg 675w\" sizes=\"(max-width: 300px) 100vw, 300px\" \/><\/a> <a href=\"https:\/\/www.prijedordanas.com\/wp-content\/uploads\/2018\/08\/blanik-kup-2018-kraj-6.jpg\"><img loading=\"lazy\" decoding=\"async\" class=\"alignleft size-medium wp-image-111443\" src=\"https:\/\/www.prijedordanas.com\/wp-content\/uploads\/2018\/08\/blanik-kup-2018-kraj-6-300x199.jpg\" alt=\"\" width=\"300\" height=\"199\" srcset=\"https:\/\/www.prijedordanas.com\/wp-content\/uploads\/2018\/08\/blanik-kup-2018-kraj-6-300x199.jpg 300w, https:\/\/www.prijedordanas.com\/wp-content\/uploads\/2018\/08\/blanik-kup-2018-kraj-6-100x66.jpg 100w, https:\/\/www.prijedordanas.com\/wp-content\/uploads\/2018\/08\/blanik-kup-2018-kraj-6-480x320.jpg 480w, https:\/\/www.prijedordanas.com\/wp-content\/uploads\/2018\/08\/blanik-kup-2018-kraj-6.jpg 600w\" sizes=\"(max-width: 300px) 100vw, 300px\" \/><\/a> <a href=\"https:\/\/www.prijedordanas.com\/wp-content\/uploads\/2018\/08\/blanik-kup-2018-kraj-7.jpg\"><img loading=\"lazy\" decoding=\"async\" class=\"alignleft size-medium wp-image-111444\" src=\"https:\/\/www.prijedordanas.com\/wp-content\/uploads\/2018\/08\/blanik-kup-2018-kraj-7-300x199.jpg\" alt=\"\" width=\"300\" height=\"199\" srcset=\"https:\/\/www.prijedordanas.com\/wp-content\/uploads\/2018\/08\/blanik-kup-2018-kraj-7-300x199.jpg 300w, https:\/\/www.prijedordanas.com\/wp-content\/uploads\/2018\/08\/blanik-kup-2018-kraj-7-100x66.jpg 100w, https:\/\/www.prijedordanas.com\/wp-content\/uploads\/2018\/08\/blanik-kup-2018-kraj-7-480x320.jpg 480w, https:\/\/www.prijedordanas.com\/wp-content\/uploads\/2018\/08\/blanik-kup-2018-kraj-7.jpg 600w\" sizes=\"(max-width: 300px) 100vw, 300px\" \/><\/a> <a href=\"https:\/\/www.prijedordanas.com\/wp-content\/uploads\/2018\/08\/blanik-kup-2018-kraj-8.jpg\"><img loading=\"lazy\" decoding=\"async\" class=\"alignleft size-medium wp-image-111445\" src=\"https:\/\/www.prijedordanas.com\/wp-content\/uploads\/2018\/08\/blanik-kup-2018-kraj-8-300x199.jpg\" alt=\"\" width=\"300\" height=\"199\" srcset=\"https:\/\/www.prijedordanas.com\/wp-content\/uploads\/2018\/08\/blanik-kup-2018-kraj-8-300x199.jpg 300w, https:\/\/www.prijedordanas.com\/wp-content\/uploads\/2018\/08\/blanik-kup-2018-kraj-8-100x66.jpg 100w, https:\/\/www.prijedordanas.com\/wp-content\/uploads\/2018\/08\/blanik-kup-2018-kraj-8-480x320.jpg 480w, https:\/\/www.prijedordanas.com\/wp-content\/uploads\/2018\/08\/blanik-kup-2018-kraj-8.jpg 600w\" sizes=\"(max-width: 300px) 100vw, 300px\" \/><\/a> <a href=\"https:\/\/www.prijedordanas.com\/wp-content\/uploads\/2018\/08\/blanik-kup-2018-kraj-9.jpg\"><img loading=\"lazy\" decoding=\"async\" class=\"alignleft size-medium wp-image-111446\" src=\"https:\/\/www.prijedordanas.com\/wp-content\/uploads\/2018\/08\/blanik-kup-2018-kraj-9-300x199.jpg\" alt=\"\" width=\"300\" height=\"199\" srcset=\"https:\/\/www.prijedordanas.com\/wp-content\/uploads\/2018\/08\/blanik-kup-2018-kraj-9-300x199.jpg 300w, https:\/\/www.prijedordanas.com\/wp-content\/uploads\/2018\/08\/blanik-kup-2018-kraj-9-100x66.jpg 100w, https:\/\/www.prijedordanas.com\/wp-content\/uploads\/2018\/08\/blanik-kup-2018-kraj-9-480x320.jpg 480w, https:\/\/www.prijedordanas.com\/wp-content\/uploads\/2018\/08\/blanik-kup-2018-kraj-9.jpg 600w\" sizes=\"(max-width: 300px) 100vw, 300px\" \/><\/a> <a href=\"https:\/\/www.prijedordanas.com\/wp-content\/uploads\/2018\/08\/blanik-kup-2018-kraj-10.jpg\"><img loading=\"lazy\" decoding=\"async\" class=\"alignleft size-medium wp-image-111447\" src=\"https:\/\/www.prijedordanas.com\/wp-content\/uploads\/2018\/08\/blanik-kup-2018-kraj-10-300x199.jpg\" alt=\"\" width=\"300\" height=\"199\" srcset=\"https:\/\/www.prijedordanas.com\/wp-content\/uploads\/2018\/08\/blanik-kup-2018-kraj-10-300x199.jpg 300w, https:\/\/www.prijedordanas.com\/wp-content\/uploads\/2018\/08\/blanik-kup-2018-kraj-10-100x66.jpg 100w, https:\/\/www.prijedordanas.com\/wp-content\/uploads\/2018\/08\/blanik-kup-2018-kraj-10-480x320.jpg 480w, https:\/\/www.prijedordanas.com\/wp-content\/uploads\/2018\/08\/blanik-kup-2018-kraj-10.jpg 600w\" sizes=\"(max-width: 300px) 100vw, 300px\" \/><\/a><\/p>\n","protected":false},"excerpt":{"rendered":"<p>Protekle subote na aerodromu Urije u Prijedoru odr\u017ean je 13. Blanik kup. Pobjednik u otvorenoj pojedina\u010dnoj konkurenciji je Marjan Ivanovski iz Aero-kluba \u201cKumanovo\u201d, drugo i tre\u0107e mjesto zauzeli su \u010dlanovi [&hellip;]<\/p>\n","protected":false},"author":1,"featured_media":0,"comment_status":"closed","ping_status":"open","sticky":false,"template":"","format":"standard","meta":{"_monsterinsights_skip_tracking":false,"_monsterinsights_sitenote_active":false,"_monsterinsights_sitenote_note":"","_monsterinsights_sitenote_category":0,"footnotes":""},"categories":[7],"tags":[],"yoast_head":"<!-- This site is optimized with the Yoast SEO plugin v21.6 - https:\/\/yoast.com\/wordpress\/plugins\/seo\/ -->\n<title>ZAVR\u0160EN 13. BLANIK KUP: POBJEDNIK MARJAN IVANOVSKI \u2013 FOTO\/VIDEO - PrijedorDanas.com - Prijedorski gradski portal<\/title>\n<meta name=\"robots\" content=\"index, follow, max-snippet:-1, max-image-preview:large, max-video-preview:-1\" \/>\n<link rel=\"canonical\" href=\"https:\/\/www.prijedordanas.com\/?p=111434\" \/>\n<meta property=\"og:locale\" content=\"en_US\" \/>\n<meta property=\"og:type\" content=\"article\" \/>\n<meta property=\"og:title\" content=\"ZAVR\u0160EN 13. BLANIK KUP: POBJEDNIK MARJAN IVANOVSKI \u2013 FOTO\/VIDEO - PrijedorDanas.com - Prijedorski gradski portal\" \/>\n<meta property=\"og:description\" content=\"Protekle subote na aerodromu Urije u Prijedoru odr\u017ean je 13. Blanik kup. Pobjednik u otvorenoj pojedina\u010dnoj konkurenciji je Marjan Ivanovski iz Aero-kluba \u201cKumanovo\u201d, drugo i tre\u0107e mjesto zauzeli su \u010dlanovi [&hellip;]\" \/>\n<meta property=\"og:url\" content=\"https:\/\/www.prijedordanas.com\/?p=111434\" \/>\n<meta property=\"og:site_name\" content=\"PrijedorDanas.com - Prijedorski gradski portal\" \/>\n<meta property=\"article:publisher\" content=\"https:\/\/www.facebook.com\/PrijedorDanasCom\/\" \/>\n<meta property=\"article:published_time\" content=\"2018-08-27T20:24:35+00:00\" \/>\n<meta property=\"og:image\" content=\"https:\/\/www.prijedordanas.com\/wp-content\/uploads\/2018\/08\/blanik-kup-2018-kraj-1-300x222.jpg\" \/>\n<meta name=\"author\" content=\"admin\" \/>\n<meta name=\"twitter:card\" content=\"summary_large_image\" \/>\n<meta name=\"twitter:label1\" content=\"Written by\" \/>\n\t<meta name=\"twitter:data1\" content=\"admin\" \/>\n\t<meta name=\"twitter:label2\" content=\"Est. reading time\" \/>\n\t<meta name=\"twitter:data2\" content=\"1 minute\" \/>\n<script type=\"application\/ld+json\" class=\"yoast-schema-graph\">{\"@context\":\"https:\/\/schema.org\",\"@graph\":[{\"@type\":\"Article\",\"@id\":\"https:\/\/www.prijedordanas.com\/?p=111434#article\",\"isPartOf\":{\"@id\":\"https:\/\/www.prijedordanas.com\/?p=111434\"},\"author\":{\"name\":\"admin\",\"@id\":\"https:\/\/www.prijedordanas.com\/#\/schema\/person\/4e08ccf29b506ca916ff86d46bb700e6\"},\"headline\":\"ZAVR\u0160EN 13. BLANIK KUP: POBJEDNIK MARJAN IVANOVSKI \u2013 FOTO\/VIDEO\",\"datePublished\":\"2018-08-27T20:24:35+00:00\",\"dateModified\":\"2018-08-27T20:24:35+00:00\",\"mainEntityOfPage\":{\"@id\":\"https:\/\/www.prijedordanas.com\/?p=111434\"},\"wordCount\":183,\"publisher\":{\"@id\":\"https:\/\/www.prijedordanas.com\/#organization\"},\"articleSection\":[\"Sport\"],\"inLanguage\":\"en-US\"},{\"@type\":\"WebPage\",\"@id\":\"https:\/\/www.prijedordanas.com\/?p=111434\",\"url\":\"https:\/\/www.prijedordanas.com\/?p=111434\",\"name\":\"ZAVR\u0160EN 13. BLANIK KUP: POBJEDNIK MARJAN IVANOVSKI \u2013 FOTO\/VIDEO - PrijedorDanas.com - Prijedorski gradski portal\",\"isPartOf\":{\"@id\":\"https:\/\/www.prijedordanas.com\/#website\"},\"datePublished\":\"2018-08-27T20:24:35+00:00\",\"dateModified\":\"2018-08-27T20:24:35+00:00\",\"breadcrumb\":{\"@id\":\"https:\/\/www.prijedordanas.com\/?p=111434#breadcrumb\"},\"inLanguage\":\"en-US\",\"potentialAction\":[{\"@type\":\"ReadAction\",\"target\":[\"https:\/\/www.prijedordanas.com\/?p=111434\"]}]},{\"@type\":\"BreadcrumbList\",\"@id\":\"https:\/\/www.prijedordanas.com\/?p=111434#breadcrumb\",\"itemListElement\":[{\"@type\":\"ListItem\",\"position\":1,\"name\":\"Home\",\"item\":\"https:\/\/www.prijedordanas.com\/\"},{\"@type\":\"ListItem\",\"position\":2,\"name\":\"ZAVR\u0160EN 13. BLANIK KUP: POBJEDNIK MARJAN IVANOVSKI \u2013 FOTO\/VIDEO\"}]},{\"@type\":\"WebSite\",\"@id\":\"https:\/\/www.prijedordanas.com\/#website\",\"url\":\"https:\/\/www.prijedordanas.com\/\",\"name\":\"PrijedorDanas.com - Prijedorski gradski portal\",\"description\":\"Portal o doga\u0111anjima u gradu Prijedoru\",\"publisher\":{\"@id\":\"https:\/\/www.prijedordanas.com\/#organization\"},\"potentialAction\":[{\"@type\":\"SearchAction\",\"target\":{\"@type\":\"EntryPoint\",\"urlTemplate\":\"https:\/\/www.prijedordanas.com\/?s={search_term_string}\"},\"query-input\":\"required name=search_term_string\"}],\"inLanguage\":\"en-US\"},{\"@type\":\"Organization\",\"@id\":\"https:\/\/www.prijedordanas.com\/#organization\",\"name\":\"PrijedorDanas.com\",\"url\":\"https:\/\/www.prijedordanas.com\/\",\"logo\":{\"@type\":\"ImageObject\",\"inLanguage\":\"en-US\",\"@id\":\"https:\/\/www.prijedordanas.com\/#\/schema\/logo\/image\/\",\"url\":\"http:\/\/www.prijedordanas.com\/wp-content\/uploads\/2021\/12\/logopng.png\",\"contentUrl\":\"http:\/\/www.prijedordanas.com\/wp-content\/uploads\/2021\/12\/logopng.png\",\"width\":1019,\"height\":776,\"caption\":\"PrijedorDanas.com\"},\"image\":{\"@id\":\"https:\/\/www.prijedordanas.com\/#\/schema\/logo\/image\/\"},\"sameAs\":[\"https:\/\/www.facebook.com\/PrijedorDanasCom\/\"]},{\"@type\":\"Person\",\"@id\":\"https:\/\/www.prijedordanas.com\/#\/schema\/person\/4e08ccf29b506ca916ff86d46bb700e6\",\"name\":\"admin\",\"image\":{\"@type\":\"ImageObject\",\"inLanguage\":\"en-US\",\"@id\":\"https:\/\/www.prijedordanas.com\/#\/schema\/person\/image\/\",\"url\":\"https:\/\/secure.gravatar.com\/avatar\/1d3fc949d550f0b53a5f0d51e06dfd79?s=96&d=mm&r=g\",\"contentUrl\":\"https:\/\/secure.gravatar.com\/avatar\/1d3fc949d550f0b53a5f0d51e06dfd79?s=96&d=mm&r=g\",\"caption\":\"admin\"},\"url\":\"https:\/\/www.prijedordanas.com\/?author=1\"}]}<\/script>\n<!-- \/ Yoast SEO plugin. -->","yoast_head_json":{"title":"ZAVR\u0160EN 13. BLANIK KUP: POBJEDNIK MARJAN IVANOVSKI \u2013 FOTO\/VIDEO - PrijedorDanas.com - Prijedorski gradski portal","robots":{"index":"index","follow":"follow","max-snippet":"max-snippet:-1","max-image-preview":"max-image-preview:large","max-video-preview":"max-video-preview:-1"},"canonical":"https:\/\/www.prijedordanas.com\/?p=111434","og_locale":"en_US","og_type":"article","og_title":"ZAVR\u0160EN 13. BLANIK KUP: POBJEDNIK MARJAN IVANOVSKI \u2013 FOTO\/VIDEO - PrijedorDanas.com - Prijedorski gradski portal","og_description":"Protekle subote na aerodromu Urije u Prijedoru odr\u017ean je 13. Blanik kup. Pobjednik u otvorenoj pojedina\u010dnoj konkurenciji je Marjan Ivanovski iz Aero-kluba \u201cKumanovo\u201d, drugo i tre\u0107e mjesto zauzeli su \u010dlanovi [&hellip;]","og_url":"https:\/\/www.prijedordanas.com\/?p=111434","og_site_name":"PrijedorDanas.com - Prijedorski gradski portal","article_publisher":"https:\/\/www.facebook.com\/PrijedorDanasCom\/","article_published_time":"2018-08-27T20:24:35+00:00","og_image":[{"url":"https:\/\/www.prijedordanas.com\/wp-content\/uploads\/2018\/08\/blanik-kup-2018-kraj-1-300x222.jpg"}],"author":"admin","twitter_card":"summary_large_image","twitter_misc":{"Written by":"admin","Est. reading time":"1 minute"},"schema":{"@context":"https:\/\/schema.org","@graph":[{"@type":"Article","@id":"https:\/\/www.prijedordanas.com\/?p=111434#article","isPartOf":{"@id":"https:\/\/www.prijedordanas.com\/?p=111434"},"author":{"name":"admin","@id":"https:\/\/www.prijedordanas.com\/#\/schema\/person\/4e08ccf29b506ca916ff86d46bb700e6"},"headline":"ZAVR\u0160EN 13. BLANIK KUP: POBJEDNIK MARJAN IVANOVSKI \u2013 FOTO\/VIDEO","datePublished":"2018-08-27T20:24:35+00:00","dateModified":"2018-08-27T20:24:35+00:00","mainEntityOfPage":{"@id":"https:\/\/www.prijedordanas.com\/?p=111434"},"wordCount":183,"publisher":{"@id":"https:\/\/www.prijedordanas.com\/#organization"},"articleSection":["Sport"],"inLanguage":"en-US"},{"@type":"WebPage","@id":"https:\/\/www.prijedordanas.com\/?p=111434","url":"https:\/\/www.prijedordanas.com\/?p=111434","name":"ZAVR\u0160EN 13. BLANIK KUP: POBJEDNIK MARJAN IVANOVSKI \u2013 FOTO\/VIDEO - PrijedorDanas.com - Prijedorski gradski portal","isPartOf":{"@id":"https:\/\/www.prijedordanas.com\/#website"},"datePublished":"2018-08-27T20:24:35+00:00","dateModified":"2018-08-27T20:24:35+00:00","breadcrumb":{"@id":"https:\/\/www.prijedordanas.com\/?p=111434#breadcrumb"},"inLanguage":"en-US","potentialAction":[{"@type":"ReadAction","target":["https:\/\/www.prijedordanas.com\/?p=111434"]}]},{"@type":"BreadcrumbList","@id":"https:\/\/www.prijedordanas.com\/?p=111434#breadcrumb","itemListElement":[{"@type":"ListItem","position":1,"name":"Home","item":"https:\/\/www.prijedordanas.com\/"},{"@type":"ListItem","position":2,"name":"ZAVR\u0160EN 13. BLANIK KUP: POBJEDNIK MARJAN IVANOVSKI \u2013 FOTO\/VIDEO"}]},{"@type":"WebSite","@id":"https:\/\/www.prijedordanas.com\/#website","url":"https:\/\/www.prijedordanas.com\/","name":"PrijedorDanas.com - Prijedorski gradski portal","description":"Portal o doga\u0111anjima u gradu Prijedoru","publisher":{"@id":"https:\/\/www.prijedordanas.com\/#organization"},"potentialAction":[{"@type":"SearchAction","target":{"@type":"EntryPoint","urlTemplate":"https:\/\/www.prijedordanas.com\/?s={search_term_string}"},"query-input":"required name=search_term_string"}],"inLanguage":"en-US"},{"@type":"Organization","@id":"https:\/\/www.prijedordanas.com\/#organization","name":"PrijedorDanas.com","url":"https:\/\/www.prijedordanas.com\/","logo":{"@type":"ImageObject","inLanguage":"en-US","@id":"https:\/\/www.prijedordanas.com\/#\/schema\/logo\/image\/","url":"http:\/\/www.prijedordanas.com\/wp-content\/uploads\/2021\/12\/logopng.png","contentUrl":"http:\/\/www.prijedordanas.com\/wp-content\/uploads\/2021\/12\/logopng.png","width":1019,"height":776,"caption":"PrijedorDanas.com"},"image":{"@id":"https:\/\/www.prijedordanas.com\/#\/schema\/logo\/image\/"},"sameAs":["https:\/\/www.facebook.com\/PrijedorDanasCom\/"]},{"@type":"Person","@id":"https:\/\/www.prijedordanas.com\/#\/schema\/person\/4e08ccf29b506ca916ff86d46bb700e6","name":"admin","image":{"@type":"ImageObject","inLanguage":"en-US","@id":"https:\/\/www.prijedordanas.com\/#\/schema\/person\/image\/","url":"https:\/\/secure.gravatar.com\/avatar\/1d3fc949d550f0b53a5f0d51e06dfd79?s=96&d=mm&r=g","contentUrl":"https:\/\/secure.gravatar.com\/avatar\/1d3fc949d550f0b53a5f0d51e06dfd79?s=96&d=mm&r=g","caption":"admin"},"url":"https:\/\/www.prijedordanas.com\/?author=1"}]}},"_links":{"self":[{"href":"https:\/\/www.prijedordanas.com\/index.php?rest_route=\/wp\/v2\/posts\/111434"}],"collection":[{"href":"https:\/\/www.prijedordanas.com\/index.php?rest_route=\/wp\/v2\/posts"}],"about":[{"href":"https:\/\/www.prijedordanas.com\/index.php?rest_route=\/wp\/v2\/types\/post"}],"author":[{"embeddable":true,"href":"https:\/\/www.prijedordanas.com\/index.php?rest_route=\/wp\/v2\/users\/1"}],"replies":[{"embeddable":true,"href":"https:\/\/www.prijedordanas.com\/index.php?rest_route=%2Fwp%2Fv2%2Fcomments&post=111434"}],"version-history":[{"count":1,"href":"https:\/\/www.prijedordanas.com\/index.php?rest_route=\/wp\/v2\/posts\/111434\/revisions"}],"predecessor-version":[{"id":111448,"href":"https:\/\/www.prijedordanas.com\/index.php?rest_route=\/wp\/v2\/posts\/111434\/revisions\/111448"}],"wp:attachment":[{"href":"https:\/\/www.prijedordanas.com\/index.php?rest_route=%2Fwp%2Fv2%2Fmedia&parent=111434"}],"wp:term":[{"taxonomy":"category","embeddable":true,"href":"https:\/\/www.prijedordanas.com\/index.php?rest_route=%2Fwp%2Fv2%2Fcategories&post=111434"},{"taxonomy":"post_tag","embeddable":true,"href":"https:\/\/www.prijedordanas.com\/index.php?rest_route=%2Fwp%2Fv2%2Ftags&post=111434"}],"curies":[{"name":"wp","href":"https:\/\/api.w.org\/{rel}","templated":true}]}}