{"id":111083,"date":"2018-08-22T11:01:36","date_gmt":"2018-08-22T09:01:36","guid":{"rendered":"https:\/\/www.prijedordanas.com\/?p=111083"},"modified":"2018-08-22T11:01:36","modified_gmt":"2018-08-22T09:01:36","slug":"evropske-kvote-gase-radna-mjesta-u-bih-steta-za-poslovnu-odrzivost-arcelormittal-prijedora","status":"publish","type":"post","link":"https:\/\/www.prijedordanas.com\/?p=111083","title":{"rendered":"EVROPSKE KVOTE GASE RADNA MJESTA U BIH: \u0160TETA ZA POSLOVNU ODR\u017dIVOST ARCELORMITTAL PRIJEDORA"},"content":{"rendered":"<p><a href=\"https:\/\/www.prijedordanas.com\/wp-content\/uploads\/2018\/08\/nezavisne-radna-mjesta.jpg\"><img loading=\"lazy\" decoding=\"async\" src=\"https:\/\/www.prijedordanas.com\/wp-content\/uploads\/2018\/08\/nezavisne-radna-mjesta-300x217.jpg\" alt=\"\" width=\"300\" height=\"217\" class=\"alignleft size-medium wp-image-111084\" srcset=\"https:\/\/www.prijedordanas.com\/wp-content\/uploads\/2018\/08\/nezavisne-radna-mjesta-300x217.jpg 300w, https:\/\/www.prijedordanas.com\/wp-content\/uploads\/2018\/08\/nezavisne-radna-mjesta-100x72.jpg 100w, https:\/\/www.prijedordanas.com\/wp-content\/uploads\/2018\/08\/nezavisne-radna-mjesta.jpg 690w\" sizes=\"(max-width: 300px) 100vw, 300px\" \/><\/a>Uvo\u0111enje kvota od strane EU na \u010delik i aluminijum zna\u010dajno \u0107e uzdrmati BiH, a ve\u0107 sada je izvjesno da bi, ukoliko te mjere ostanu na snazi, hiljade radnika mogle ostati bez posla.<\/p>\n<p>Ovih dana zvani\u010dnici BiH poku\u0161a\u0107e u Evropskoj uniji da izdejstvuju izuzimanje BiH iz tih kvota, ali dobro upu\u0107eni u cijeli proces ka\u017eu da je to malo vjerovatno, iako je evropska odluka suprotna Sporazumu o stabilizaciji i pridru\u017eivanju.<\/p>\n<p>&#8220;Moje mi\u0161ljenje je da ne\u0107emo biti izuzeti. Su\u0161tina je u tome da u igri velikih stradaju mali i to je cijela pri\u010da. Sukob Amerike i Evrope zbog \u010delika i aluminijuma prelio se na nas i mi \u0107emo ispa\u0161tati&#8221;, rekao je Nemanja Vasi\u0107, predsjednik Spoljnotrgovinske komore BiH.<\/p>\n<p>Ina\u010de, najve\u0107i proizvo\u0111a\u010d \u010delika u BiH je kompanija &#8220;ArcelorMittal&#8221;, a svoje proizvode trenutno najvi\u0161e izvozi u Rumuniju, Bugarsku, Ma\u0111arsku, Austriju, Sloveniju i Hrvatsku. Iz ove kompanije ve\u0107 su najavili, ukoliko kvote budu va\u017eile i za BiH, da \u0107e izgubiti preko 30 odsto prodaje gotovih proizvoda od \u010delika.<\/p>\n<p>&#8220;Ovo je jedan od najgorih oblika globalne kvote, gdje se uvoz u EU iz BiH smatra jednakim kao za bilo koju drugu dr\u017eavu u svijetu. S obzirom na to da smo mi mala jedinica, globalna kvota se vrlo brzo mo\u017ee popuniti i to mo\u017ee ozbiljno na\u0161tetiti poslovnoj odr\u017eivosti &#8216;ArcelorMittala&#8217; Zenica i &#8216;ArcelorMittala&#8217; Prijedor&#8221;, rekli su u ovoj kompaniji.<\/p>\n<p>Me\u0111utim, upravo ova kompanija mogla bi biti razlog zbog kojeg nam Evropa vrlo vjerovatno &#8220;ne\u0107e progledati kroz prste&#8221; i to iz razloga \u0161to se radi o multinacionalnoj kompaniji koja \u010delikom trguje u cijelom svijetu.<\/p>\n<p>Zbog uvo\u0111enja kvota na \u010delik i aluminijum, krajem pro\u0161le sedmice odr\u017ean je i sastanak u Ministarstvu spoljne trgovine i ekonomskih odnosa BiH, odakle je zatra\u017eeno da se \u0161to hitnije reaguje. Prema odre\u0111enim procjenama, zbog uvo\u0111enja kvota od EU u ovom sektoru u BiH moglo bi biti ugro\u017eeno oko 10.000 radnih mjesta.<\/p>\n<p>&#8220;Imaju\u0107i u vidu da su najavljene mjere problemati\u010dne i sa stanovi\u0161ta Sporazuma o stabilizaciji i pridru\u017eivanju, a kojim su se i EU i BiH obavezale da po\u0161tuju pravila slobodnog tr\u017ei\u0161ta, o stavovima BiH bi\u0107e obavije\u0161teni Evropska komisija i nadle\u017eni Direktorat trgovine EU&#8221;, rekao je nedavno Mirko \u0160arovi\u0107, ministar spoljne trgovine i ekonomskih odnosa.<\/p>\n<p>Iz ovog ministarstva najavljeno je da \u0107e \u0160arovi\u0107 u narednim danima obaviti konsultacije sa nadle\u017enim institucijama zemalja regiona, koje \u0107e se, tako\u0111e, na\u0107i na udaru najavljenih mjera, a sve sa ciljem da se prona\u0111e najbolje rje\u0161enje za privredu.    <\/p>\n<p>Podsje\u0107anja radi, pro\u0161log mjeseca Donald Tramp, predsjednik SAD, objavio je da \u0107e od 1. juna uvesti carine od 25 odsto na uvoz \u010delika i 10 odsto na aluminijum iz EU kako bi za\u0161titio doma\u0107e proizvo\u0111a\u010de. Nakon toga Brisel je uzvratio recipro\u010dnim mjerama, a pokrenut je i spor pred Svjetskom trgovinskom organizacijom.<\/p>\n<p>Nezavisne novine<\/p>\n","protected":false},"excerpt":{"rendered":"<p>Uvo\u0111enje kvota od strane EU na \u010delik i aluminijum zna\u010dajno \u0107e uzdrmati BiH, a ve\u0107 sada je izvjesno da bi, ukoliko te mjere ostanu na snazi, hiljade radnika mogle ostati [&hellip;]<\/p>\n","protected":false},"author":1,"featured_media":0,"comment_status":"closed","ping_status":"open","sticky":false,"template":"","format":"standard","meta":{"_monsterinsights_skip_tracking":false,"_monsterinsights_sitenote_active":false,"_monsterinsights_sitenote_note":"","_monsterinsights_sitenote_category":0,"footnotes":""},"categories":[8],"tags":[],"yoast_head":"<!-- This site is optimized with the Yoast SEO plugin v21.6 - https:\/\/yoast.com\/wordpress\/plugins\/seo\/ -->\n<title>EVROPSKE KVOTE GASE RADNA MJESTA U BIH: \u0160TETA ZA POSLOVNU ODR\u017dIVOST ARCELORMITTAL PRIJEDORA - PrijedorDanas.com - Prijedorski gradski portal<\/title>\n<meta name=\"robots\" content=\"index, follow, max-snippet:-1, max-image-preview:large, max-video-preview:-1\" \/>\n<link rel=\"canonical\" href=\"https:\/\/www.prijedordanas.com\/?p=111083\" \/>\n<meta property=\"og:locale\" content=\"en_US\" \/>\n<meta property=\"og:type\" content=\"article\" \/>\n<meta property=\"og:title\" content=\"EVROPSKE KVOTE GASE RADNA MJESTA U BIH: \u0160TETA ZA POSLOVNU ODR\u017dIVOST ARCELORMITTAL PRIJEDORA - PrijedorDanas.com - Prijedorski gradski portal\" \/>\n<meta property=\"og:description\" content=\"Uvo\u0111enje kvota od strane EU na \u010delik i aluminijum zna\u010dajno \u0107e uzdrmati BiH, a ve\u0107 sada je izvjesno da bi, ukoliko te mjere ostanu na snazi, hiljade radnika mogle ostati [&hellip;]\" \/>\n<meta property=\"og:url\" content=\"https:\/\/www.prijedordanas.com\/?p=111083\" \/>\n<meta property=\"og:site_name\" content=\"PrijedorDanas.com - Prijedorski gradski portal\" \/>\n<meta property=\"article:publisher\" content=\"https:\/\/www.facebook.com\/PrijedorDanasCom\/\" \/>\n<meta property=\"article:published_time\" content=\"2018-08-22T09:01:36+00:00\" \/>\n<meta property=\"og:image\" content=\"https:\/\/www.prijedordanas.com\/wp-content\/uploads\/2018\/08\/nezavisne-radna-mjesta-300x217.jpg\" \/>\n<meta name=\"author\" content=\"admin\" \/>\n<meta name=\"twitter:card\" content=\"summary_large_image\" \/>\n<meta name=\"twitter:label1\" content=\"Written by\" \/>\n\t<meta name=\"twitter:data1\" content=\"admin\" \/>\n\t<meta name=\"twitter:label2\" content=\"Est. reading time\" \/>\n\t<meta name=\"twitter:data2\" content=\"2 minutes\" \/>\n<script type=\"application\/ld+json\" class=\"yoast-schema-graph\">{\"@context\":\"https:\/\/schema.org\",\"@graph\":[{\"@type\":\"Article\",\"@id\":\"https:\/\/www.prijedordanas.com\/?p=111083#article\",\"isPartOf\":{\"@id\":\"https:\/\/www.prijedordanas.com\/?p=111083\"},\"author\":{\"name\":\"admin\",\"@id\":\"https:\/\/www.prijedordanas.com\/#\/schema\/person\/4e08ccf29b506ca916ff86d46bb700e6\"},\"headline\":\"EVROPSKE KVOTE GASE RADNA MJESTA U BIH: \u0160TETA ZA POSLOVNU ODR\u017dIVOST ARCELORMITTAL PRIJEDORA\",\"datePublished\":\"2018-08-22T09:01:36+00:00\",\"dateModified\":\"2018-08-22T09:01:36+00:00\",\"mainEntityOfPage\":{\"@id\":\"https:\/\/www.prijedordanas.com\/?p=111083\"},\"wordCount\":513,\"publisher\":{\"@id\":\"https:\/\/www.prijedordanas.com\/#organization\"},\"articleSection\":[\"Svakodnevno\"],\"inLanguage\":\"en-US\"},{\"@type\":\"WebPage\",\"@id\":\"https:\/\/www.prijedordanas.com\/?p=111083\",\"url\":\"https:\/\/www.prijedordanas.com\/?p=111083\",\"name\":\"EVROPSKE KVOTE GASE RADNA MJESTA U BIH: \u0160TETA ZA POSLOVNU ODR\u017dIVOST ARCELORMITTAL PRIJEDORA - PrijedorDanas.com - Prijedorski gradski portal\",\"isPartOf\":{\"@id\":\"https:\/\/www.prijedordanas.com\/#website\"},\"datePublished\":\"2018-08-22T09:01:36+00:00\",\"dateModified\":\"2018-08-22T09:01:36+00:00\",\"breadcrumb\":{\"@id\":\"https:\/\/www.prijedordanas.com\/?p=111083#breadcrumb\"},\"inLanguage\":\"en-US\",\"potentialAction\":[{\"@type\":\"ReadAction\",\"target\":[\"https:\/\/www.prijedordanas.com\/?p=111083\"]}]},{\"@type\":\"BreadcrumbList\",\"@id\":\"https:\/\/www.prijedordanas.com\/?p=111083#breadcrumb\",\"itemListElement\":[{\"@type\":\"ListItem\",\"position\":1,\"name\":\"Home\",\"item\":\"https:\/\/www.prijedordanas.com\/\"},{\"@type\":\"ListItem\",\"position\":2,\"name\":\"EVROPSKE KVOTE GASE RADNA MJESTA U BIH: \u0160TETA ZA POSLOVNU ODR\u017dIVOST ARCELORMITTAL PRIJEDORA\"}]},{\"@type\":\"WebSite\",\"@id\":\"https:\/\/www.prijedordanas.com\/#website\",\"url\":\"https:\/\/www.prijedordanas.com\/\",\"name\":\"PrijedorDanas.com - Prijedorski gradski portal\",\"description\":\"Portal o doga\u0111anjima u gradu Prijedoru\",\"publisher\":{\"@id\":\"https:\/\/www.prijedordanas.com\/#organization\"},\"potentialAction\":[{\"@type\":\"SearchAction\",\"target\":{\"@type\":\"EntryPoint\",\"urlTemplate\":\"https:\/\/www.prijedordanas.com\/?s={search_term_string}\"},\"query-input\":\"required name=search_term_string\"}],\"inLanguage\":\"en-US\"},{\"@type\":\"Organization\",\"@id\":\"https:\/\/www.prijedordanas.com\/#organization\",\"name\":\"PrijedorDanas.com\",\"url\":\"https:\/\/www.prijedordanas.com\/\",\"logo\":{\"@type\":\"ImageObject\",\"inLanguage\":\"en-US\",\"@id\":\"https:\/\/www.prijedordanas.com\/#\/schema\/logo\/image\/\",\"url\":\"http:\/\/www.prijedordanas.com\/wp-content\/uploads\/2021\/12\/logopng.png\",\"contentUrl\":\"http:\/\/www.prijedordanas.com\/wp-content\/uploads\/2021\/12\/logopng.png\",\"width\":1019,\"height\":776,\"caption\":\"PrijedorDanas.com\"},\"image\":{\"@id\":\"https:\/\/www.prijedordanas.com\/#\/schema\/logo\/image\/\"},\"sameAs\":[\"https:\/\/www.facebook.com\/PrijedorDanasCom\/\"]},{\"@type\":\"Person\",\"@id\":\"https:\/\/www.prijedordanas.com\/#\/schema\/person\/4e08ccf29b506ca916ff86d46bb700e6\",\"name\":\"admin\",\"image\":{\"@type\":\"ImageObject\",\"inLanguage\":\"en-US\",\"@id\":\"https:\/\/www.prijedordanas.com\/#\/schema\/person\/image\/\",\"url\":\"https:\/\/secure.gravatar.com\/avatar\/1d3fc949d550f0b53a5f0d51e06dfd79?s=96&d=mm&r=g\",\"contentUrl\":\"https:\/\/secure.gravatar.com\/avatar\/1d3fc949d550f0b53a5f0d51e06dfd79?s=96&d=mm&r=g\",\"caption\":\"admin\"},\"url\":\"https:\/\/www.prijedordanas.com\/?author=1\"}]}<\/script>\n<!-- \/ Yoast SEO plugin. -->","yoast_head_json":{"title":"EVROPSKE KVOTE GASE RADNA MJESTA U BIH: \u0160TETA ZA POSLOVNU ODR\u017dIVOST ARCELORMITTAL PRIJEDORA - PrijedorDanas.com - Prijedorski gradski portal","robots":{"index":"index","follow":"follow","max-snippet":"max-snippet:-1","max-image-preview":"max-image-preview:large","max-video-preview":"max-video-preview:-1"},"canonical":"https:\/\/www.prijedordanas.com\/?p=111083","og_locale":"en_US","og_type":"article","og_title":"EVROPSKE KVOTE GASE RADNA MJESTA U BIH: \u0160TETA ZA POSLOVNU ODR\u017dIVOST ARCELORMITTAL PRIJEDORA - PrijedorDanas.com - Prijedorski gradski portal","og_description":"Uvo\u0111enje kvota od strane EU na \u010delik i aluminijum zna\u010dajno \u0107e uzdrmati BiH, a ve\u0107 sada je izvjesno da bi, ukoliko te mjere ostanu na snazi, hiljade radnika mogle ostati [&hellip;]","og_url":"https:\/\/www.prijedordanas.com\/?p=111083","og_site_name":"PrijedorDanas.com - Prijedorski gradski portal","article_publisher":"https:\/\/www.facebook.com\/PrijedorDanasCom\/","article_published_time":"2018-08-22T09:01:36+00:00","og_image":[{"url":"https:\/\/www.prijedordanas.com\/wp-content\/uploads\/2018\/08\/nezavisne-radna-mjesta-300x217.jpg"}],"author":"admin","twitter_card":"summary_large_image","twitter_misc":{"Written by":"admin","Est. reading time":"2 minutes"},"schema":{"@context":"https:\/\/schema.org","@graph":[{"@type":"Article","@id":"https:\/\/www.prijedordanas.com\/?p=111083#article","isPartOf":{"@id":"https:\/\/www.prijedordanas.com\/?p=111083"},"author":{"name":"admin","@id":"https:\/\/www.prijedordanas.com\/#\/schema\/person\/4e08ccf29b506ca916ff86d46bb700e6"},"headline":"EVROPSKE KVOTE GASE RADNA MJESTA U BIH: \u0160TETA ZA POSLOVNU ODR\u017dIVOST ARCELORMITTAL PRIJEDORA","datePublished":"2018-08-22T09:01:36+00:00","dateModified":"2018-08-22T09:01:36+00:00","mainEntityOfPage":{"@id":"https:\/\/www.prijedordanas.com\/?p=111083"},"wordCount":513,"publisher":{"@id":"https:\/\/www.prijedordanas.com\/#organization"},"articleSection":["Svakodnevno"],"inLanguage":"en-US"},{"@type":"WebPage","@id":"https:\/\/www.prijedordanas.com\/?p=111083","url":"https:\/\/www.prijedordanas.com\/?p=111083","name":"EVROPSKE KVOTE GASE RADNA MJESTA U BIH: \u0160TETA ZA POSLOVNU ODR\u017dIVOST ARCELORMITTAL PRIJEDORA - PrijedorDanas.com - Prijedorski gradski portal","isPartOf":{"@id":"https:\/\/www.prijedordanas.com\/#website"},"datePublished":"2018-08-22T09:01:36+00:00","dateModified":"2018-08-22T09:01:36+00:00","breadcrumb":{"@id":"https:\/\/www.prijedordanas.com\/?p=111083#breadcrumb"},"inLanguage":"en-US","potentialAction":[{"@type":"ReadAction","target":["https:\/\/www.prijedordanas.com\/?p=111083"]}]},{"@type":"BreadcrumbList","@id":"https:\/\/www.prijedordanas.com\/?p=111083#breadcrumb","itemListElement":[{"@type":"ListItem","position":1,"name":"Home","item":"https:\/\/www.prijedordanas.com\/"},{"@type":"ListItem","position":2,"name":"EVROPSKE KVOTE GASE RADNA MJESTA U BIH: \u0160TETA ZA POSLOVNU ODR\u017dIVOST ARCELORMITTAL PRIJEDORA"}]},{"@type":"WebSite","@id":"https:\/\/www.prijedordanas.com\/#website","url":"https:\/\/www.prijedordanas.com\/","name":"PrijedorDanas.com - Prijedorski gradski portal","description":"Portal o doga\u0111anjima u gradu Prijedoru","publisher":{"@id":"https:\/\/www.prijedordanas.com\/#organization"},"potentialAction":[{"@type":"SearchAction","target":{"@type":"EntryPoint","urlTemplate":"https:\/\/www.prijedordanas.com\/?s={search_term_string}"},"query-input":"required name=search_term_string"}],"inLanguage":"en-US"},{"@type":"Organization","@id":"https:\/\/www.prijedordanas.com\/#organization","name":"PrijedorDanas.com","url":"https:\/\/www.prijedordanas.com\/","logo":{"@type":"ImageObject","inLanguage":"en-US","@id":"https:\/\/www.prijedordanas.com\/#\/schema\/logo\/image\/","url":"http:\/\/www.prijedordanas.com\/wp-content\/uploads\/2021\/12\/logopng.png","contentUrl":"http:\/\/www.prijedordanas.com\/wp-content\/uploads\/2021\/12\/logopng.png","width":1019,"height":776,"caption":"PrijedorDanas.com"},"image":{"@id":"https:\/\/www.prijedordanas.com\/#\/schema\/logo\/image\/"},"sameAs":["https:\/\/www.facebook.com\/PrijedorDanasCom\/"]},{"@type":"Person","@id":"https:\/\/www.prijedordanas.com\/#\/schema\/person\/4e08ccf29b506ca916ff86d46bb700e6","name":"admin","image":{"@type":"ImageObject","inLanguage":"en-US","@id":"https:\/\/www.prijedordanas.com\/#\/schema\/person\/image\/","url":"https:\/\/secure.gravatar.com\/avatar\/1d3fc949d550f0b53a5f0d51e06dfd79?s=96&d=mm&r=g","contentUrl":"https:\/\/secure.gravatar.com\/avatar\/1d3fc949d550f0b53a5f0d51e06dfd79?s=96&d=mm&r=g","caption":"admin"},"url":"https:\/\/www.prijedordanas.com\/?author=1"}]}},"_links":{"self":[{"href":"https:\/\/www.prijedordanas.com\/index.php?rest_route=\/wp\/v2\/posts\/111083"}],"collection":[{"href":"https:\/\/www.prijedordanas.com\/index.php?rest_route=\/wp\/v2\/posts"}],"about":[{"href":"https:\/\/www.prijedordanas.com\/index.php?rest_route=\/wp\/v2\/types\/post"}],"author":[{"embeddable":true,"href":"https:\/\/www.prijedordanas.com\/index.php?rest_route=\/wp\/v2\/users\/1"}],"replies":[{"embeddable":true,"href":"https:\/\/www.prijedordanas.com\/index.php?rest_route=%2Fwp%2Fv2%2Fcomments&post=111083"}],"version-history":[{"count":1,"href":"https:\/\/www.prijedordanas.com\/index.php?rest_route=\/wp\/v2\/posts\/111083\/revisions"}],"predecessor-version":[{"id":111085,"href":"https:\/\/www.prijedordanas.com\/index.php?rest_route=\/wp\/v2\/posts\/111083\/revisions\/111085"}],"wp:attachment":[{"href":"https:\/\/www.prijedordanas.com\/index.php?rest_route=%2Fwp%2Fv2%2Fmedia&parent=111083"}],"wp:term":[{"taxonomy":"category","embeddable":true,"href":"https:\/\/www.prijedordanas.com\/index.php?rest_route=%2Fwp%2Fv2%2Fcategories&post=111083"},{"taxonomy":"post_tag","embeddable":true,"href":"https:\/\/www.prijedordanas.com\/index.php?rest_route=%2Fwp%2Fv2%2Ftags&post=111083"}],"curies":[{"name":"wp","href":"https:\/\/api.w.org\/{rel}","templated":true}]}}