{"id":110176,"date":"2018-08-04T09:46:56","date_gmt":"2018-08-04T07:46:56","guid":{"rendered":"https:\/\/www.prijedordanas.com\/?p=110176"},"modified":"2018-08-04T09:46:56","modified_gmt":"2018-08-04T07:46:56","slug":"odrzana-10-gastro-prezentacija-vece-domace-kuhinje-foto","status":"publish","type":"post","link":"https:\/\/www.prijedordanas.com\/?p=110176","title":{"rendered":"ODR\u017dANA 10. GASTRO PREZENTACIJA \u201cVE\u010cE DOMA\u0106E KUHINJE\u201d &#8211; FOTO"},"content":{"rendered":"<p><a href=\"https:\/\/www.prijedordanas.com\/wp-content\/uploads\/2018\/08\/vece-domace-kuhinje-2018-1.jpg\"><img loading=\"lazy\" decoding=\"async\" class=\"alignleft size-medium wp-image-110177\" src=\"https:\/\/www.prijedordanas.com\/wp-content\/uploads\/2018\/08\/vece-domace-kuhinje-2018-1-300x222.jpg\" alt=\"\" width=\"300\" height=\"222\" srcset=\"https:\/\/www.prijedordanas.com\/wp-content\/uploads\/2018\/08\/vece-domace-kuhinje-2018-1-300x222.jpg 300w, https:\/\/www.prijedordanas.com\/wp-content\/uploads\/2018\/08\/vece-domace-kuhinje-2018-1-100x74.jpg 100w, https:\/\/www.prijedordanas.com\/wp-content\/uploads\/2018\/08\/vece-domace-kuhinje-2018-1.jpg 675w\" sizes=\"(max-width: 300px) 100vw, 300px\" \/><\/a>Na malom gradskom trgu u Prijedoru u petak je odr\u017eana jubilarna, 10. Gastro prezentacija \u201cVe\u010de doma\u0107e kuhinje\u201d.<\/p>\n<p>Na manifestaciji koju je organizovala Turisti\u010dka organizacija grada Prijedora, u\u010destvovali su Udru\u017eenje roditelja djece sa posebnim potrebama \u201cNeven\u201d, Udru\u017eenje \u017eena Donja Puharska, Kolo srpskih sestara, Udru\u017eenje Ukrajinaca \u201cKozak\u201d i Udru\u017eenje Slovenaca \u201cLipa\u201d.<\/p>\n<p>Svi oni su se predstavili tradicionalnim jelima naroda Potkozarja.<\/p>\n<p>Prisutni su mogli probati razne vrste pita, burek, kvrgu\u0161u, sarmu, kiflice, cicvaru, u\u0161tipke, satara\u0161, baklava, hurma\u0161ice, doma\u0107e kola\u010de, ali i piroge, kijevsku tortu, slovena\u010dke kobasice i druga slatka i slana jela.<\/p>\n<p><a href=\"https:\/\/www.prijedordanas.com\/wp-content\/uploads\/2018\/08\/vece-domace-kuhinje-2018-2.jpg\"><img loading=\"lazy\" decoding=\"async\" src=\"https:\/\/www.prijedordanas.com\/wp-content\/uploads\/2018\/08\/vece-domace-kuhinje-2018-2-300x222.jpg\" alt=\"\" width=\"300\" height=\"222\" class=\"alignleft size-medium wp-image-110178\" srcset=\"https:\/\/www.prijedordanas.com\/wp-content\/uploads\/2018\/08\/vece-domace-kuhinje-2018-2-300x222.jpg 300w, https:\/\/www.prijedordanas.com\/wp-content\/uploads\/2018\/08\/vece-domace-kuhinje-2018-2-100x74.jpg 100w, https:\/\/www.prijedordanas.com\/wp-content\/uploads\/2018\/08\/vece-domace-kuhinje-2018-2.jpg 675w\" sizes=\"(max-width: 300px) 100vw, 300px\" \/><\/a>U kulturno-umjetni\u010dkom dijelu programa u\u010destvovali tambura\u0161i KUD-a \u201cMilan Egi\u0107\u201d iz Brezi\u010dana te ansambl \u201cCanto mi\u201d iz Francuske koji predvodi Prijedor\u010danka Sanela Bali\u0107.<\/p>\n<p>Oni su se predstavili pjesmama iz svoje zemlje ali i onima na na\u0161em jeziku poput \u201cTri djevojke\u201d, \u201cKad ja po\u0111o\u0161 na Bemba\u0161u\u201d i \u201cMoj dilbere\u201d.<\/p>\n<p>\u201cVe\u010de doma\u0107e kuhinje\u201d dio je Kulturnog ljeta \u201cPrijedor 2018\u201d.<\/p>\n<p>Tekst I foto &#8211; Aleksandar Drakuli\u0107 \u2013 <a href=\"https:\/\/www.prijedordanas.com\" target=\"_blank\" rel=\"noopener noreferrer\">www.prijedordanas.com<\/a><\/p>\n<p><a href=\"https:\/\/www.prijedordanas.com\/wp-content\/uploads\/2018\/08\/vece-domace-kuhinje-2018-3.jpg\"><img loading=\"lazy\" decoding=\"async\" src=\"https:\/\/www.prijedordanas.com\/wp-content\/uploads\/2018\/08\/vece-domace-kuhinje-2018-3-300x199.jpg\" alt=\"\" width=\"300\" height=\"199\" class=\"alignleft size-medium wp-image-110179\" srcset=\"https:\/\/www.prijedordanas.com\/wp-content\/uploads\/2018\/08\/vece-domace-kuhinje-2018-3-300x199.jpg 300w, https:\/\/www.prijedordanas.com\/wp-content\/uploads\/2018\/08\/vece-domace-kuhinje-2018-3-100x66.jpg 100w, https:\/\/www.prijedordanas.com\/wp-content\/uploads\/2018\/08\/vece-domace-kuhinje-2018-3-480x320.jpg 480w, https:\/\/www.prijedordanas.com\/wp-content\/uploads\/2018\/08\/vece-domace-kuhinje-2018-3.jpg 600w\" sizes=\"(max-width: 300px) 100vw, 300px\" \/><\/a> <a href=\"https:\/\/www.prijedordanas.com\/wp-content\/uploads\/2018\/08\/vece-domace-kuhinje-2018-4.jpg\"><img loading=\"lazy\" decoding=\"async\" src=\"https:\/\/www.prijedordanas.com\/wp-content\/uploads\/2018\/08\/vece-domace-kuhinje-2018-4-300x199.jpg\" alt=\"\" width=\"300\" height=\"199\" class=\"alignleft size-medium wp-image-110180\" srcset=\"https:\/\/www.prijedordanas.com\/wp-content\/uploads\/2018\/08\/vece-domace-kuhinje-2018-4-300x199.jpg 300w, https:\/\/www.prijedordanas.com\/wp-content\/uploads\/2018\/08\/vece-domace-kuhinje-2018-4-100x66.jpg 100w, https:\/\/www.prijedordanas.com\/wp-content\/uploads\/2018\/08\/vece-domace-kuhinje-2018-4-480x320.jpg 480w, https:\/\/www.prijedordanas.com\/wp-content\/uploads\/2018\/08\/vece-domace-kuhinje-2018-4.jpg 600w\" sizes=\"(max-width: 300px) 100vw, 300px\" \/><\/a> <a href=\"https:\/\/www.prijedordanas.com\/wp-content\/uploads\/2018\/08\/vece-domace-kuhinje-2018-5.jpg\"><img loading=\"lazy\" decoding=\"async\" src=\"https:\/\/www.prijedordanas.com\/wp-content\/uploads\/2018\/08\/vece-domace-kuhinje-2018-5-300x244.jpg\" alt=\"\" width=\"300\" height=\"244\" class=\"alignleft size-medium wp-image-110181\" srcset=\"https:\/\/www.prijedordanas.com\/wp-content\/uploads\/2018\/08\/vece-domace-kuhinje-2018-5-300x244.jpg 300w, https:\/\/www.prijedordanas.com\/wp-content\/uploads\/2018\/08\/vece-domace-kuhinje-2018-5-100x81.jpg 100w, https:\/\/www.prijedordanas.com\/wp-content\/uploads\/2018\/08\/vece-domace-kuhinje-2018-5.jpg 600w\" sizes=\"(max-width: 300px) 100vw, 300px\" \/><\/a> <a href=\"https:\/\/www.prijedordanas.com\/wp-content\/uploads\/2018\/08\/vece-domace-kuhinje-2018-6.jpg\"><img loading=\"lazy\" decoding=\"async\" src=\"https:\/\/www.prijedordanas.com\/wp-content\/uploads\/2018\/08\/vece-domace-kuhinje-2018-6-300x244.jpg\" alt=\"\" width=\"300\" height=\"244\" class=\"alignleft size-medium wp-image-110182\" srcset=\"https:\/\/www.prijedordanas.com\/wp-content\/uploads\/2018\/08\/vece-domace-kuhinje-2018-6-300x244.jpg 300w, https:\/\/www.prijedordanas.com\/wp-content\/uploads\/2018\/08\/vece-domace-kuhinje-2018-6-100x81.jpg 100w, https:\/\/www.prijedordanas.com\/wp-content\/uploads\/2018\/08\/vece-domace-kuhinje-2018-6.jpg 600w\" sizes=\"(max-width: 300px) 100vw, 300px\" \/><\/a> <a href=\"https:\/\/www.prijedordanas.com\/wp-content\/uploads\/2018\/08\/vece-domace-kuhinje-2018-7.jpg\"><img loading=\"lazy\" decoding=\"async\" src=\"https:\/\/www.prijedordanas.com\/wp-content\/uploads\/2018\/08\/vece-domace-kuhinje-2018-7-300x199.jpg\" alt=\"\" width=\"300\" height=\"199\" class=\"alignleft size-medium wp-image-110183\" srcset=\"https:\/\/www.prijedordanas.com\/wp-content\/uploads\/2018\/08\/vece-domace-kuhinje-2018-7-300x199.jpg 300w, https:\/\/www.prijedordanas.com\/wp-content\/uploads\/2018\/08\/vece-domace-kuhinje-2018-7-100x66.jpg 100w, https:\/\/www.prijedordanas.com\/wp-content\/uploads\/2018\/08\/vece-domace-kuhinje-2018-7-480x320.jpg 480w, https:\/\/www.prijedordanas.com\/wp-content\/uploads\/2018\/08\/vece-domace-kuhinje-2018-7.jpg 600w\" sizes=\"(max-width: 300px) 100vw, 300px\" \/><\/a> <a href=\"https:\/\/www.prijedordanas.com\/wp-content\/uploads\/2018\/08\/vece-domace-kuhinje-2018-8.jpg\"><img loading=\"lazy\" decoding=\"async\" src=\"https:\/\/www.prijedordanas.com\/wp-content\/uploads\/2018\/08\/vece-domace-kuhinje-2018-8-300x199.jpg\" alt=\"\" width=\"300\" height=\"199\" class=\"alignleft size-medium wp-image-110184\" srcset=\"https:\/\/www.prijedordanas.com\/wp-content\/uploads\/2018\/08\/vece-domace-kuhinje-2018-8-300x199.jpg 300w, https:\/\/www.prijedordanas.com\/wp-content\/uploads\/2018\/08\/vece-domace-kuhinje-2018-8-100x66.jpg 100w, https:\/\/www.prijedordanas.com\/wp-content\/uploads\/2018\/08\/vece-domace-kuhinje-2018-8-480x320.jpg 480w, https:\/\/www.prijedordanas.com\/wp-content\/uploads\/2018\/08\/vece-domace-kuhinje-2018-8.jpg 600w\" sizes=\"(max-width: 300px) 100vw, 300px\" \/><\/a> <a href=\"https:\/\/www.prijedordanas.com\/wp-content\/uploads\/2018\/08\/vece-domace-kuhinje-2018-9.jpg\"><img loading=\"lazy\" decoding=\"async\" src=\"https:\/\/www.prijedordanas.com\/wp-content\/uploads\/2018\/08\/vece-domace-kuhinje-2018-9-300x199.jpg\" alt=\"\" width=\"300\" height=\"199\" class=\"alignleft size-medium wp-image-110185\" srcset=\"https:\/\/www.prijedordanas.com\/wp-content\/uploads\/2018\/08\/vece-domace-kuhinje-2018-9-300x199.jpg 300w, https:\/\/www.prijedordanas.com\/wp-content\/uploads\/2018\/08\/vece-domace-kuhinje-2018-9-100x66.jpg 100w, https:\/\/www.prijedordanas.com\/wp-content\/uploads\/2018\/08\/vece-domace-kuhinje-2018-9-480x320.jpg 480w, https:\/\/www.prijedordanas.com\/wp-content\/uploads\/2018\/08\/vece-domace-kuhinje-2018-9.jpg 600w\" sizes=\"(max-width: 300px) 100vw, 300px\" \/><\/a> <a href=\"https:\/\/www.prijedordanas.com\/wp-content\/uploads\/2018\/08\/vece-domace-kuhinje-2018-10.jpg\"><img loading=\"lazy\" decoding=\"async\" src=\"https:\/\/www.prijedordanas.com\/wp-content\/uploads\/2018\/08\/vece-domace-kuhinje-2018-10-300x199.jpg\" alt=\"\" width=\"300\" height=\"199\" class=\"alignleft size-medium wp-image-110186\" srcset=\"https:\/\/www.prijedordanas.com\/wp-content\/uploads\/2018\/08\/vece-domace-kuhinje-2018-10-300x199.jpg 300w, https:\/\/www.prijedordanas.com\/wp-content\/uploads\/2018\/08\/vece-domace-kuhinje-2018-10-100x66.jpg 100w, https:\/\/www.prijedordanas.com\/wp-content\/uploads\/2018\/08\/vece-domace-kuhinje-2018-10-480x320.jpg 480w, https:\/\/www.prijedordanas.com\/wp-content\/uploads\/2018\/08\/vece-domace-kuhinje-2018-10.jpg 600w\" sizes=\"(max-width: 300px) 100vw, 300px\" \/><\/a> <a href=\"https:\/\/www.prijedordanas.com\/wp-content\/uploads\/2018\/08\/vece-domace-kuhinje-2018-11.jpg\"><img loading=\"lazy\" decoding=\"async\" src=\"https:\/\/www.prijedordanas.com\/wp-content\/uploads\/2018\/08\/vece-domace-kuhinje-2018-11-300x199.jpg\" alt=\"\" width=\"300\" height=\"199\" class=\"alignleft size-medium wp-image-110187\" srcset=\"https:\/\/www.prijedordanas.com\/wp-content\/uploads\/2018\/08\/vece-domace-kuhinje-2018-11-300x199.jpg 300w, https:\/\/www.prijedordanas.com\/wp-content\/uploads\/2018\/08\/vece-domace-kuhinje-2018-11-100x66.jpg 100w, https:\/\/www.prijedordanas.com\/wp-content\/uploads\/2018\/08\/vece-domace-kuhinje-2018-11-480x320.jpg 480w, https:\/\/www.prijedordanas.com\/wp-content\/uploads\/2018\/08\/vece-domace-kuhinje-2018-11.jpg 600w\" sizes=\"(max-width: 300px) 100vw, 300px\" \/><\/a> <a href=\"https:\/\/www.prijedordanas.com\/wp-content\/uploads\/2018\/08\/vece-domace-kuhinje-2018-12.jpg\"><img loading=\"lazy\" decoding=\"async\" src=\"https:\/\/www.prijedordanas.com\/wp-content\/uploads\/2018\/08\/vece-domace-kuhinje-2018-12-300x199.jpg\" alt=\"\" width=\"300\" height=\"199\" class=\"alignleft size-medium wp-image-110188\" srcset=\"https:\/\/www.prijedordanas.com\/wp-content\/uploads\/2018\/08\/vece-domace-kuhinje-2018-12-300x199.jpg 300w, https:\/\/www.prijedordanas.com\/wp-content\/uploads\/2018\/08\/vece-domace-kuhinje-2018-12-100x66.jpg 100w, https:\/\/www.prijedordanas.com\/wp-content\/uploads\/2018\/08\/vece-domace-kuhinje-2018-12-480x320.jpg 480w, https:\/\/www.prijedordanas.com\/wp-content\/uploads\/2018\/08\/vece-domace-kuhinje-2018-12.jpg 600w\" sizes=\"(max-width: 300px) 100vw, 300px\" \/><\/a><\/p>\n","protected":false},"excerpt":{"rendered":"<p>Na malom gradskom trgu u Prijedoru u petak je odr\u017eana jubilarna, 10. Gastro prezentacija \u201cVe\u010de doma\u0107e kuhinje\u201d. Na manifestaciji koju je organizovala Turisti\u010dka organizacija grada Prijedora, u\u010destvovali su Udru\u017eenje roditelja [&hellip;]<\/p>\n","protected":false},"author":1,"featured_media":0,"comment_status":"closed","ping_status":"open","sticky":false,"template":"","format":"standard","meta":{"_monsterinsights_skip_tracking":false,"_monsterinsights_sitenote_active":false,"_monsterinsights_sitenote_note":"","_monsterinsights_sitenote_category":0,"footnotes":""},"categories":[4,7515],"tags":[],"yoast_head":"<!-- This site is optimized with the Yoast SEO plugin v21.6 - https:\/\/yoast.com\/wordpress\/plugins\/seo\/ -->\n<title>ODR\u017dANA 10. GASTRO PREZENTACIJA \u201cVE\u010cE DOMA\u0106E KUHINJE\u201d - FOTO - PrijedorDanas.com - Prijedorski gradski portal<\/title>\n<meta name=\"robots\" content=\"index, follow, max-snippet:-1, max-image-preview:large, max-video-preview:-1\" \/>\n<link rel=\"canonical\" href=\"https:\/\/www.prijedordanas.com\/?p=110176\" \/>\n<meta property=\"og:locale\" content=\"en_US\" \/>\n<meta property=\"og:type\" content=\"article\" \/>\n<meta property=\"og:title\" content=\"ODR\u017dANA 10. GASTRO PREZENTACIJA \u201cVE\u010cE DOMA\u0106E KUHINJE\u201d - FOTO - PrijedorDanas.com - Prijedorski gradski portal\" \/>\n<meta property=\"og:description\" content=\"Na malom gradskom trgu u Prijedoru u petak je odr\u017eana jubilarna, 10. Gastro prezentacija \u201cVe\u010de doma\u0107e kuhinje\u201d. Na manifestaciji koju je organizovala Turisti\u010dka organizacija grada Prijedora, u\u010destvovali su Udru\u017eenje roditelja [&hellip;]\" \/>\n<meta property=\"og:url\" content=\"https:\/\/www.prijedordanas.com\/?p=110176\" \/>\n<meta property=\"og:site_name\" content=\"PrijedorDanas.com - Prijedorski gradski portal\" \/>\n<meta property=\"article:publisher\" content=\"https:\/\/www.facebook.com\/PrijedorDanasCom\/\" \/>\n<meta property=\"article:published_time\" content=\"2018-08-04T07:46:56+00:00\" \/>\n<meta property=\"og:image\" content=\"https:\/\/www.prijedordanas.com\/wp-content\/uploads\/2018\/08\/vece-domace-kuhinje-2018-1-300x222.jpg\" \/>\n<meta name=\"author\" content=\"admin\" \/>\n<meta name=\"twitter:card\" content=\"summary_large_image\" \/>\n<meta name=\"twitter:label1\" content=\"Written by\" \/>\n\t<meta name=\"twitter:data1\" content=\"admin\" \/>\n\t<meta name=\"twitter:label2\" content=\"Est. reading time\" \/>\n\t<meta name=\"twitter:data2\" content=\"1 minute\" \/>\n<script type=\"application\/ld+json\" class=\"yoast-schema-graph\">{\"@context\":\"https:\/\/schema.org\",\"@graph\":[{\"@type\":\"Article\",\"@id\":\"https:\/\/www.prijedordanas.com\/?p=110176#article\",\"isPartOf\":{\"@id\":\"https:\/\/www.prijedordanas.com\/?p=110176\"},\"author\":{\"name\":\"admin\",\"@id\":\"https:\/\/www.prijedordanas.com\/#\/schema\/person\/4e08ccf29b506ca916ff86d46bb700e6\"},\"headline\":\"ODR\u017dANA 10. GASTRO PREZENTACIJA \u201cVE\u010cE DOMA\u0106E KUHINJE\u201d &#8211; FOTO\",\"datePublished\":\"2018-08-04T07:46:56+00:00\",\"dateModified\":\"2018-08-04T07:46:56+00:00\",\"mainEntityOfPage\":{\"@id\":\"https:\/\/www.prijedordanas.com\/?p=110176\"},\"wordCount\":188,\"publisher\":{\"@id\":\"https:\/\/www.prijedordanas.com\/#organization\"},\"articleSection\":[\"Dru\u0161tvo\",\"Foto dana\"],\"inLanguage\":\"en-US\"},{\"@type\":\"WebPage\",\"@id\":\"https:\/\/www.prijedordanas.com\/?p=110176\",\"url\":\"https:\/\/www.prijedordanas.com\/?p=110176\",\"name\":\"ODR\u017dANA 10. GASTRO PREZENTACIJA \u201cVE\u010cE DOMA\u0106E KUHINJE\u201d - FOTO - PrijedorDanas.com - Prijedorski gradski portal\",\"isPartOf\":{\"@id\":\"https:\/\/www.prijedordanas.com\/#website\"},\"datePublished\":\"2018-08-04T07:46:56+00:00\",\"dateModified\":\"2018-08-04T07:46:56+00:00\",\"breadcrumb\":{\"@id\":\"https:\/\/www.prijedordanas.com\/?p=110176#breadcrumb\"},\"inLanguage\":\"en-US\",\"potentialAction\":[{\"@type\":\"ReadAction\",\"target\":[\"https:\/\/www.prijedordanas.com\/?p=110176\"]}]},{\"@type\":\"BreadcrumbList\",\"@id\":\"https:\/\/www.prijedordanas.com\/?p=110176#breadcrumb\",\"itemListElement\":[{\"@type\":\"ListItem\",\"position\":1,\"name\":\"Home\",\"item\":\"https:\/\/www.prijedordanas.com\/\"},{\"@type\":\"ListItem\",\"position\":2,\"name\":\"ODR\u017dANA 10. GASTRO PREZENTACIJA \u201cVE\u010cE DOMA\u0106E KUHINJE\u201d &#8211; FOTO\"}]},{\"@type\":\"WebSite\",\"@id\":\"https:\/\/www.prijedordanas.com\/#website\",\"url\":\"https:\/\/www.prijedordanas.com\/\",\"name\":\"PrijedorDanas.com - Prijedorski gradski portal\",\"description\":\"Portal o doga\u0111anjima u gradu Prijedoru\",\"publisher\":{\"@id\":\"https:\/\/www.prijedordanas.com\/#organization\"},\"potentialAction\":[{\"@type\":\"SearchAction\",\"target\":{\"@type\":\"EntryPoint\",\"urlTemplate\":\"https:\/\/www.prijedordanas.com\/?s={search_term_string}\"},\"query-input\":\"required name=search_term_string\"}],\"inLanguage\":\"en-US\"},{\"@type\":\"Organization\",\"@id\":\"https:\/\/www.prijedordanas.com\/#organization\",\"name\":\"PrijedorDanas.com\",\"url\":\"https:\/\/www.prijedordanas.com\/\",\"logo\":{\"@type\":\"ImageObject\",\"inLanguage\":\"en-US\",\"@id\":\"https:\/\/www.prijedordanas.com\/#\/schema\/logo\/image\/\",\"url\":\"http:\/\/www.prijedordanas.com\/wp-content\/uploads\/2021\/12\/logopng.png\",\"contentUrl\":\"http:\/\/www.prijedordanas.com\/wp-content\/uploads\/2021\/12\/logopng.png\",\"width\":1019,\"height\":776,\"caption\":\"PrijedorDanas.com\"},\"image\":{\"@id\":\"https:\/\/www.prijedordanas.com\/#\/schema\/logo\/image\/\"},\"sameAs\":[\"https:\/\/www.facebook.com\/PrijedorDanasCom\/\"]},{\"@type\":\"Person\",\"@id\":\"https:\/\/www.prijedordanas.com\/#\/schema\/person\/4e08ccf29b506ca916ff86d46bb700e6\",\"name\":\"admin\",\"image\":{\"@type\":\"ImageObject\",\"inLanguage\":\"en-US\",\"@id\":\"https:\/\/www.prijedordanas.com\/#\/schema\/person\/image\/\",\"url\":\"https:\/\/secure.gravatar.com\/avatar\/1d3fc949d550f0b53a5f0d51e06dfd79?s=96&d=mm&r=g\",\"contentUrl\":\"https:\/\/secure.gravatar.com\/avatar\/1d3fc949d550f0b53a5f0d51e06dfd79?s=96&d=mm&r=g\",\"caption\":\"admin\"},\"url\":\"https:\/\/www.prijedordanas.com\/?author=1\"}]}<\/script>\n<!-- \/ Yoast SEO plugin. -->","yoast_head_json":{"title":"ODR\u017dANA 10. GASTRO PREZENTACIJA \u201cVE\u010cE DOMA\u0106E KUHINJE\u201d - FOTO - PrijedorDanas.com - Prijedorski gradski portal","robots":{"index":"index","follow":"follow","max-snippet":"max-snippet:-1","max-image-preview":"max-image-preview:large","max-video-preview":"max-video-preview:-1"},"canonical":"https:\/\/www.prijedordanas.com\/?p=110176","og_locale":"en_US","og_type":"article","og_title":"ODR\u017dANA 10. GASTRO PREZENTACIJA \u201cVE\u010cE DOMA\u0106E KUHINJE\u201d - FOTO - PrijedorDanas.com - Prijedorski gradski portal","og_description":"Na malom gradskom trgu u Prijedoru u petak je odr\u017eana jubilarna, 10. Gastro prezentacija \u201cVe\u010de doma\u0107e kuhinje\u201d. Na manifestaciji koju je organizovala Turisti\u010dka organizacija grada Prijedora, u\u010destvovali su Udru\u017eenje roditelja [&hellip;]","og_url":"https:\/\/www.prijedordanas.com\/?p=110176","og_site_name":"PrijedorDanas.com - Prijedorski gradski portal","article_publisher":"https:\/\/www.facebook.com\/PrijedorDanasCom\/","article_published_time":"2018-08-04T07:46:56+00:00","og_image":[{"url":"https:\/\/www.prijedordanas.com\/wp-content\/uploads\/2018\/08\/vece-domace-kuhinje-2018-1-300x222.jpg"}],"author":"admin","twitter_card":"summary_large_image","twitter_misc":{"Written by":"admin","Est. reading time":"1 minute"},"schema":{"@context":"https:\/\/schema.org","@graph":[{"@type":"Article","@id":"https:\/\/www.prijedordanas.com\/?p=110176#article","isPartOf":{"@id":"https:\/\/www.prijedordanas.com\/?p=110176"},"author":{"name":"admin","@id":"https:\/\/www.prijedordanas.com\/#\/schema\/person\/4e08ccf29b506ca916ff86d46bb700e6"},"headline":"ODR\u017dANA 10. GASTRO PREZENTACIJA \u201cVE\u010cE DOMA\u0106E KUHINJE\u201d &#8211; FOTO","datePublished":"2018-08-04T07:46:56+00:00","dateModified":"2018-08-04T07:46:56+00:00","mainEntityOfPage":{"@id":"https:\/\/www.prijedordanas.com\/?p=110176"},"wordCount":188,"publisher":{"@id":"https:\/\/www.prijedordanas.com\/#organization"},"articleSection":["Dru\u0161tvo","Foto dana"],"inLanguage":"en-US"},{"@type":"WebPage","@id":"https:\/\/www.prijedordanas.com\/?p=110176","url":"https:\/\/www.prijedordanas.com\/?p=110176","name":"ODR\u017dANA 10. GASTRO PREZENTACIJA \u201cVE\u010cE DOMA\u0106E KUHINJE\u201d - FOTO - PrijedorDanas.com - Prijedorski gradski portal","isPartOf":{"@id":"https:\/\/www.prijedordanas.com\/#website"},"datePublished":"2018-08-04T07:46:56+00:00","dateModified":"2018-08-04T07:46:56+00:00","breadcrumb":{"@id":"https:\/\/www.prijedordanas.com\/?p=110176#breadcrumb"},"inLanguage":"en-US","potentialAction":[{"@type":"ReadAction","target":["https:\/\/www.prijedordanas.com\/?p=110176"]}]},{"@type":"BreadcrumbList","@id":"https:\/\/www.prijedordanas.com\/?p=110176#breadcrumb","itemListElement":[{"@type":"ListItem","position":1,"name":"Home","item":"https:\/\/www.prijedordanas.com\/"},{"@type":"ListItem","position":2,"name":"ODR\u017dANA 10. GASTRO PREZENTACIJA \u201cVE\u010cE DOMA\u0106E KUHINJE\u201d &#8211; FOTO"}]},{"@type":"WebSite","@id":"https:\/\/www.prijedordanas.com\/#website","url":"https:\/\/www.prijedordanas.com\/","name":"PrijedorDanas.com - Prijedorski gradski portal","description":"Portal o doga\u0111anjima u gradu Prijedoru","publisher":{"@id":"https:\/\/www.prijedordanas.com\/#organization"},"potentialAction":[{"@type":"SearchAction","target":{"@type":"EntryPoint","urlTemplate":"https:\/\/www.prijedordanas.com\/?s={search_term_string}"},"query-input":"required name=search_term_string"}],"inLanguage":"en-US"},{"@type":"Organization","@id":"https:\/\/www.prijedordanas.com\/#organization","name":"PrijedorDanas.com","url":"https:\/\/www.prijedordanas.com\/","logo":{"@type":"ImageObject","inLanguage":"en-US","@id":"https:\/\/www.prijedordanas.com\/#\/schema\/logo\/image\/","url":"http:\/\/www.prijedordanas.com\/wp-content\/uploads\/2021\/12\/logopng.png","contentUrl":"http:\/\/www.prijedordanas.com\/wp-content\/uploads\/2021\/12\/logopng.png","width":1019,"height":776,"caption":"PrijedorDanas.com"},"image":{"@id":"https:\/\/www.prijedordanas.com\/#\/schema\/logo\/image\/"},"sameAs":["https:\/\/www.facebook.com\/PrijedorDanasCom\/"]},{"@type":"Person","@id":"https:\/\/www.prijedordanas.com\/#\/schema\/person\/4e08ccf29b506ca916ff86d46bb700e6","name":"admin","image":{"@type":"ImageObject","inLanguage":"en-US","@id":"https:\/\/www.prijedordanas.com\/#\/schema\/person\/image\/","url":"https:\/\/secure.gravatar.com\/avatar\/1d3fc949d550f0b53a5f0d51e06dfd79?s=96&d=mm&r=g","contentUrl":"https:\/\/secure.gravatar.com\/avatar\/1d3fc949d550f0b53a5f0d51e06dfd79?s=96&d=mm&r=g","caption":"admin"},"url":"https:\/\/www.prijedordanas.com\/?author=1"}]}},"_links":{"self":[{"href":"https:\/\/www.prijedordanas.com\/index.php?rest_route=\/wp\/v2\/posts\/110176"}],"collection":[{"href":"https:\/\/www.prijedordanas.com\/index.php?rest_route=\/wp\/v2\/posts"}],"about":[{"href":"https:\/\/www.prijedordanas.com\/index.php?rest_route=\/wp\/v2\/types\/post"}],"author":[{"embeddable":true,"href":"https:\/\/www.prijedordanas.com\/index.php?rest_route=\/wp\/v2\/users\/1"}],"replies":[{"embeddable":true,"href":"https:\/\/www.prijedordanas.com\/index.php?rest_route=%2Fwp%2Fv2%2Fcomments&post=110176"}],"version-history":[{"count":1,"href":"https:\/\/www.prijedordanas.com\/index.php?rest_route=\/wp\/v2\/posts\/110176\/revisions"}],"predecessor-version":[{"id":110189,"href":"https:\/\/www.prijedordanas.com\/index.php?rest_route=\/wp\/v2\/posts\/110176\/revisions\/110189"}],"wp:attachment":[{"href":"https:\/\/www.prijedordanas.com\/index.php?rest_route=%2Fwp%2Fv2%2Fmedia&parent=110176"}],"wp:term":[{"taxonomy":"category","embeddable":true,"href":"https:\/\/www.prijedordanas.com\/index.php?rest_route=%2Fwp%2Fv2%2Fcategories&post=110176"},{"taxonomy":"post_tag","embeddable":true,"href":"https:\/\/www.prijedordanas.com\/index.php?rest_route=%2Fwp%2Fv2%2Ftags&post=110176"}],"curies":[{"name":"wp","href":"https:\/\/api.w.org\/{rel}","templated":true}]}}